{"id":49292,"date":"2014-10-09T00:00:00","date_gmt":"2014-10-08T22:00:00","guid":{"rendered":"https:\/\/www.gossip.it\/senza-categoria\/gianni-sperti-selfie-mania-su-facebook\/"},"modified":"2014-10-09T00:00:00","modified_gmt":"2014-10-08T22:00:00","slug":"gianni-sperti-selfie-mania-su-facebook","status":"publish","type":"post","link":"https:\/\/www.gossip.it\/news\/gianni-sperti-selfie-mania-su-facebook\/","title":{"rendered":"Gianni Sperti, selfie-mania su Facebook"},"content":{"rendered":"<p><em>\"<strong>Forse non vi ringrazio abbastanza di tutto l'affetto che mi dimostrate! Grazie!\"<\/strong><\/em>, scrive <a href=\"http:\/\/www.gossip.it\/vip\/gianni-sperti\/\">Gianni Sperti<\/a> su <a href=\"http:\/\/www.gossip.it\/vip\/facebook\/\">Facebook<\/a> e pubblica un <a href=\"http:\/\/www.gossip.it\/vip\/selfie\/\">selfie<\/a> con occhiali da sole a specchio. L'affetto dei fan \u00e8 sempre tanto, in questi ultimi giorni poi ancor di pi\u00f9: in molti hanno preso le sue difese dopo le <a href=\"http:\/\/www.gossip.it\/news\/paola_barale_sogno_il_matrimonio_news.html?ID=1412248266\">dichiarazioni<\/a> dell'ex moglie<a href=\"http:\/\/www.gossip.it\/vip\/-paola barale\/\">Paola Barale<\/a>. La <a href=\"http:\/\/www.gossip.it\/vip\/showgirl,\/\">showgirl<\/a>,\u00a0infatti, intervistata da <em>Grazia<\/em>, ha detto che le sembra come se non fossero mai stati sposati. L'opinionista di <strong>\"Uomini e Donne\"<\/strong> ha risposto sul <a href=\"http:\/\/www.gossip.it\/vip\/social\/\">social<\/a> con un post, <a href=\"http:\/\/www.gossip.it\/news\/gianni_sperti_risponde_a_paola_barale_news.html?ID=1412675125\">una frase di Oscar Wilde<\/a>, sottolineando di non aver nessun rimpianto, lui quell'unione non la rinnega. <em>\"Tu piaci alle persone e in particolare a me per la tua semplicit\u00e0 e per l'umilt\u00e0 che hai. Un abbraccio e un n bacio a Tina<\/em> (<a href=\"http:\/\/www.gossip.it\/vip\/cipollari\/\">Cipollari<\/a> ndr) <em>meravigliosa\"<\/em>, gli scrive una fan sotto alla foto.<\/p>\n<figure class=\"caption\"><img decoding=\"async\" alt=\"\" width=\"620\" height=\"620\" src=\"http:\/\/files.gossip.it\/immagini_news\/2014\/10\/1412858003_1-3.jpg\" \/><figcaption>Gianni Sperti pubblica un selfie sul social e ringrazia i follower per tutto l'affetto che gli dimostrano<\/figcaption><\/figure>\n<p>Felice di condividere con i <a href=\"http:\/\/www.gossip.it\/vip\/follower\/\">follower<\/a> gli attimi della sua quotidianit\u00e0, <strong>Gianni<\/strong> pubblica anche uno scatto realizzato appena uscito dalle braccia di <strong>Morfeto<\/strong>: <em>\"Buongiorno a tutti<\/em> - scrive - <em>cominciare con un selfie con la faccia assonnata \u00e8 un buon inizio\"<\/em>. Un'ammiratrice lo trova addirittura pi\u00f9 attraente cos\u00ec, appena sveglio,con lo sguardo ancora non molto lucido, ma pronto ad affrontare una nuova giornata piena di impegni. Sperti, infatti, oltre a lavorare in tv, dopo aver conseguito la maturit\u00e0 lo scorso luglio, si \u00e8 iscritto all<strong>'Universit\u00e0<\/strong>. A pi\u00f9 di 40 anni ha deciso di tornare a studiare.\u00a0<\/p>\n<figure class=\"caption\"><img decoding=\"async\" alt=\"\" width=\"620\" height=\"620\" src=\"http:\/\/files.gossip.it\/immagini_news\/2014\/10\/1412858081_2-1.jpg\" \/><figcaption>Gianni Sperti appena sveglio, saluta cos\u00ec i follower, mostrandosi con la faccia insonnolita<\/figcaption><\/figure>\n<p>\u00a0<\/p>\n","protected":false},"excerpt":{"rendered":"<p>\"Forse non vi ringrazio abbastanza di tutto l'affetto che mi dimostrate! Grazie!\", scrive Gianni Sperti su Facebook e pubblica un selfie con occhiali da sole a specchio. L'affetto dei fan \u00e8 sempre tanto, in questi ultimi giorni poi ancor di pi\u00f9: in molti hanno preso le sue difese dopo le dichiarazioni dell'ex mogliePaola Barale. La [&hellip;]<\/p>\n","protected":false},"author":1,"featured_media":105338,"comment_status":"closed","ping_status":"closed","sticky":false,"template":"","format":"standard","meta":{"footnotes":""},"categories":[54],"tags":[2504,4790,1950,2216,6274,8631,1923,2115],"vip":[858,1451],"class_list":["post-49292","post","type-post","status-publish","format-standard","has-post-thumbnail","hentry","category-news","tag-ballerino","tag-facebook","tag-matrimonio","tag-nozze","tag-opinionista","tag-selfie","tag-social","tag-uomini-e-donne","vip-gianni_sperti","vip-paola_barale"],"yoast_head":"<title>Gianni Sperti, selfie-mania su Facebook - Gossip.it | News sul Gossip e VIP<\/title>\n<meta name=\"description\" content=\"&quot;Forse non vi ringrazio abbastanza di tutto l&#039;affetto che mi dimostrate! Grazie!&quot;, scrive Gianni Sperti su Facebook e pubblica un selfie con occhiali da\" \/>\n<meta name=\"robots\" content=\"index, follow, max-snippet:-1, max-image-preview:large, max-video-preview:-1\" \/>\n<link rel=\"canonical\" href=\"https:\/\/www.gossip.it\/news\/gianni-sperti-selfie-mania-su-facebook\/\" \/>\n<meta property=\"og:locale\" content=\"it_IT\" \/>\n<meta property=\"og:type\" content=\"article\" \/>\n<meta property=\"og:title\" content=\"Gianni Sperti, selfie-mania su Facebook - Gossip.it | News sul Gossip e VIP\" \/>\n<meta property=\"og:description\" content=\"&quot;Forse non vi ringrazio abbastanza di tutto l&#039;affetto che mi dimostrate! Grazie!&quot;, scrive Gianni Sperti su Facebook e pubblica un selfie con occhiali da\" \/>\n<meta property=\"og:url\" content=\"https:\/\/www.gossip.it\/news\/gianni-sperti-selfie-mania-su-facebook\/\" \/>\n<meta property=\"og:site_name\" content=\"Gossip.it | News sul Gossip e VIP\" \/>\n<meta property=\"article:publisher\" content=\"https:\/\/www.facebook.com\/GossipIT\" \/>\n<meta property=\"article:published_time\" content=\"2014-10-08T22:00:00+00:00\" \/>\n<meta property=\"og:image\" content=\"http:\/\/files.gossip.it\/immagini_news\/2014\/10\/1412858003_1-3.jpg\" \/>\n<meta name=\"author\" content=\"La Redazione\" \/>\n<meta name=\"twitter:card\" content=\"summary_large_image\" \/>\n<meta name=\"twitter:image\" content=\"http:\/\/files.gossip.it\/immagini_news\/2014\/10\/1412858003_1-3.jpg\" \/>\n<meta name=\"twitter:creator\" content=\"@gossinews_it\" \/>\n<meta name=\"twitter:site\" content=\"@gossinews_it\" \/>\n<meta name=\"twitter:label1\" content=\"Scritto da\" \/>\n\t<meta name=\"twitter:data1\" content=\"Francesca Romana Domenici\" \/>\n\t<meta name=\"twitter:label2\" content=\"Tempo di lettura stimato\" \/>\n\t<meta name=\"twitter:data2\" content=\"1 minuto\" \/>","yoast_head_json":{"title":"Gianni Sperti, selfie-mania su Facebook - Gossip.it | News sul Gossip e VIP","description":"\"Forse non vi ringrazio abbastanza di tutto l'affetto che mi dimostrate! Grazie!\", scrive Gianni Sperti su Facebook e pubblica un selfie con occhiali da","robots":{"index":"index","follow":"follow","max-snippet":"max-snippet:-1","max-image-preview":"max-image-preview:large","max-video-preview":"max-video-preview:-1"},"canonical":"https:\/\/www.gossip.it\/news\/gianni-sperti-selfie-mania-su-facebook\/","og_locale":"it_IT","og_type":"article","og_title":"Gianni Sperti, selfie-mania su Facebook - Gossip.it | News sul Gossip e VIP","og_description":"\"Forse non vi ringrazio abbastanza di tutto l'affetto che mi dimostrate! Grazie!\", scrive Gianni Sperti su Facebook e pubblica un selfie con occhiali da","og_url":"https:\/\/www.gossip.it\/news\/gianni-sperti-selfie-mania-su-facebook\/","og_site_name":"Gossip.it | News sul Gossip e VIP","article_publisher":"https:\/\/www.facebook.com\/GossipIT","article_published_time":"2014-10-08T22:00:00+00:00","og_image":[{"url":"http:\/\/files.gossip.it\/immagini_news\/2014\/10\/1412858003_1-3.jpg"}],"author":"La Redazione","twitter_card":"summary_large_image","twitter_image":"http:\/\/files.gossip.it\/immagini_news\/2014\/10\/1412858003_1-3.jpg","twitter_creator":"@gossinews_it","twitter_site":"@gossinews_it","twitter_misc":{"Scritto da":"Francesca Romana Domenici","Tempo di lettura stimato":"1 minuto"},"schema":{"@context":"https:\/\/schema.org","@graph":[{"@type":"Article","@id":"https:\/\/www.gossip.it\/news\/gianni-sperti-selfie-mania-su-facebook\/#article","isPartOf":{"@id":"https:\/\/www.gossip.it\/news\/gianni-sperti-selfie-mania-su-facebook\/"},"author":{"name":"La Redazione","@id":"https:\/\/www.gossip.it\/#\/schema\/person\/488896f75158bff1cc83c6c39d141110"},"headline":"Gianni Sperti, selfie-mania su Facebook","datePublished":"2014-10-08T22:00:00+00:00","dateModified":"2014-10-08T22:00:00+00:00","mainEntityOfPage":{"@id":"https:\/\/www.gossip.it\/news\/gianni-sperti-selfie-mania-su-facebook\/"},"wordCount":273,"publisher":{"@id":"https:\/\/www.gossip.it\/#organization"},"image":{"@id":"https:\/\/www.gossip.it\/news\/gianni-sperti-selfie-mania-su-facebook\/#primaryimage"},"thumbnailUrl":"http:\/\/files.gossip.it\/immagini_news\/2014\/10\/1412858003_1-3.jpg","keywords":["ballerino","facebook","matrimonio","nozze","opinionista","selfie","social","uomini e donne"],"articleSection":["News"],"inLanguage":"it-IT"},{"@type":"WebPage","@id":"https:\/\/www.gossip.it\/news\/gianni-sperti-selfie-mania-su-facebook\/","url":"https:\/\/www.gossip.it\/news\/gianni-sperti-selfie-mania-su-facebook\/","name":"Gianni Sperti, selfie-mania su Facebook - Gossip.it | News sul Gossip e VIP","isPartOf":{"@id":"https:\/\/www.gossip.it\/#website"},"primaryImageOfPage":{"@id":"https:\/\/www.gossip.it\/news\/gianni-sperti-selfie-mania-su-facebook\/#primaryimage"},"image":{"@id":"https:\/\/www.gossip.it\/news\/gianni-sperti-selfie-mania-su-facebook\/#primaryimage"},"thumbnailUrl":"http:\/\/files.gossip.it\/immagini_news\/2014\/10\/1412858003_1-3.jpg","datePublished":"2014-10-08T22:00:00+00:00","dateModified":"2014-10-08T22:00:00+00:00","description":"\"Forse non vi ringrazio abbastanza di tutto l'affetto che mi dimostrate! Grazie!\", scrive Gianni Sperti su Facebook e pubblica un selfie con occhiali da","breadcrumb":{"@id":"https:\/\/www.gossip.it\/news\/gianni-sperti-selfie-mania-su-facebook\/#breadcrumb"},"inLanguage":"it-IT","potentialAction":[{"@type":"ReadAction","target":["https:\/\/www.gossip.it\/news\/gianni-sperti-selfie-mania-su-facebook\/"]}]},{"@type":"ImageObject","inLanguage":"it-IT","@id":"https:\/\/www.gossip.it\/news\/gianni-sperti-selfie-mania-su-facebook\/#primaryimage","url":"http:\/\/files.gossip.it\/immagini_news\/2014\/10\/1412858003_1-3.jpg","contentUrl":"http:\/\/files.gossip.it\/immagini_news\/2014\/10\/1412858003_1-3.jpg"},{"@type":"BreadcrumbList","@id":"https:\/\/www.gossip.it\/news\/gianni-sperti-selfie-mania-su-facebook\/#breadcrumb","itemListElement":[{"@type":"ListItem","position":1,"name":"Home","item":"https:\/\/www.gossip.it\/"},{"@type":"ListItem","position":2,"name":"Gianni Sperti, selfie-mania su Facebook"}]},{"@type":"WebSite","@id":"https:\/\/www.gossip.it\/#website","url":"https:\/\/www.gossip.it\/","name":"Gossip and VIP News","description":"Quotidiano di cronaca rosa, costume e societ\u00e0","publisher":{"@id":"https:\/\/www.gossip.it\/#organization"},"alternateName":"Gossip and VIP News","potentialAction":[{"@type":"SearchAction","target":{"@type":"EntryPoint","urlTemplate":"https:\/\/www.gossip.it\/?s={search_term_string}"},"query-input":{"@type":"PropertyValueSpecification","valueRequired":true,"valueName":"search_term_string"}}],"inLanguage":"it-IT"},{"@type":"Organization","@id":"https:\/\/www.gossip.it\/#organization","name":"Gossip and VIP News","alternateName":"Gossip News","url":"https:\/\/www.gossip.it\/","logo":{"@type":"ImageObject","inLanguage":"it-IT","@id":"https:\/\/www.gossip.it\/#\/schema\/logo\/image\/","url":"https:\/\/www.gossip.it\/wp-content\/uploads\/2022\/04\/cropped-corna-alta-tiny.png","contentUrl":"https:\/\/www.gossip.it\/wp-content\/uploads\/2022\/04\/cropped-corna-alta-tiny.png","width":512,"height":512,"caption":"Gossip and VIP News"},"image":{"@id":"https:\/\/www.gossip.it\/#\/schema\/logo\/image\/"},"sameAs":["https:\/\/www.facebook.com\/GossipIT","https:\/\/x.com\/gossinews_it","https:\/\/instagram.com\/gossip_it"]},{"@type":"Person","@id":"https:\/\/www.gossip.it\/#\/schema\/person\/488896f75158bff1cc83c6c39d141110","name":"La Redazione","image":{"@type":"ImageObject","inLanguage":"it-IT","@id":"https:\/\/www.gossip.it\/#\/schema\/person\/image\/","url":"https:\/\/secure.gravatar.com\/avatar\/5a5f5c6fa3e6700e4249abdad0263a1e94e927d9e0499b1cb09c1cd29c044d80?s=96&d=mm&r=g","contentUrl":"https:\/\/secure.gravatar.com\/avatar\/5a5f5c6fa3e6700e4249abdad0263a1e94e927d9e0499b1cb09c1cd29c044d80?s=96&d=mm&r=g","caption":"La Redazione"},"sameAs":["https:\/\/www.gossip.it"]}]}},"amp_enabled":true,"_links":{"self":[{"href":"https:\/\/www.gossip.it\/api\/wp\/v2\/posts\/49292","targetHints":{"allow":["GET"]}}],"collection":[{"href":"https:\/\/www.gossip.it\/api\/wp\/v2\/posts"}],"about":[{"href":"https:\/\/www.gossip.it\/api\/wp\/v2\/types\/post"}],"author":[{"embeddable":true,"href":"https:\/\/www.gossip.it\/api\/wp\/v2\/users\/1"}],"replies":[{"embeddable":true,"href":"https:\/\/www.gossip.it\/api\/wp\/v2\/comments?post=49292"}],"version-history":[{"count":0,"href":"https:\/\/www.gossip.it\/api\/wp\/v2\/posts\/49292\/revisions"}],"wp:featuredmedia":[{"embeddable":true,"href":"https:\/\/www.gossip.it\/api\/wp\/v2\/media\/105338"}],"wp:attachment":[{"href":"https:\/\/www.gossip.it\/api\/wp\/v2\/media?parent=49292"}],"wp:term":[{"taxonomy":"category","embeddable":true,"href":"https:\/\/www.gossip.it\/api\/wp\/v2\/categories?post=49292"},{"taxonomy":"post_tag","embeddable":true,"href":"https:\/\/www.gossip.it\/api\/wp\/v2\/tags?post=49292"},{"taxonomy":"vip","embeddable":true,"href":"https:\/\/www.gossip.it\/api\/wp\/v2\/vip?post=49292"}],"curies":[{"name":"wp","href":"https:\/\/api.w.org\/{rel}","templated":true}]}}