{"id":49299,"date":"2014-10-10T00:00:00","date_gmt":"2014-10-09T22:00:00","guid":{"rendered":"https:\/\/www.gossip.it\/senza-categoria\/eva-mendes-e-ryan-gosling-svelato-il-nome-della-bimba\/"},"modified":"2014-10-10T00:00:00","modified_gmt":"2014-10-09T22:00:00","slug":"eva-mendes-e-ryan-gosling-svelato-il-nome-della-bimba","status":"publish","type":"post","link":"https:\/\/www.gossip.it\/news\/eva-mendes-e-ryan-gosling-svelato-il-nome-della-bimba\/","title":{"rendered":"Eva Mendes e Ryan Gosling, svelato il nome della bimba"},"content":{"rendered":"<p>Poco meno di un mese fa, il 12 settembre, <a href=\"http:\/\/www.gossip.it\/vip\/ryan-gosling\/\">Ryan Gosling<\/a> ed <a href=\"http:\/\/www.gossip.it\/vip\/eva-mendes\/\">Eva Mendes<\/a> hanno dato il benvenuto a <strong>Los Angeles<\/strong> alla loro prima figlia. Riservatissimi, i due attori non hanno fatto trapelare indiscrezioni riguardo all'erede. Finalmente, per\u00f2, ne \u00e8 stato svelato il nome. A darne notizia il sito <em>TMZ<\/em> che ha anche pubblicato il certificato di nascita: la bambina si chiama <strong>Esmeralda Amada<\/strong>, come si legge chiaramente sul documento. <strong>Amada Juarez<\/strong> \u00e8 il personaggio interpretato dalla stessa Mendez nel film <strong>\"I padroni della notte\"<\/strong>, ma significa anche \"amata\", quindi potrebbe avere un doppio valore simbolico.<\/p>\n<figure class=\"caption\"><img decoding=\"async\" alt=\"\" width=\"620\" height=\"620\" src=\"http:\/\/files.gossip.it\/immagini_news\/2014\/10\/1412931843_gosling_nf2.jpg\" \/><figcaption>Ryan Gosling ed Eva Mendes, svelato il nome della figlia: la piccola si chiama Esmeralnda Amada<\/figcaption><\/figure>\n<p><em>\"<strong>Eva \u00e8 al settimo cielo per essere diventata mamma, per lei e Ryan \u00e8 un momento davvero speciale<\/strong>\"<\/em>, ha dichiarato una fonte vicina alla coppia al magazine <em>People<\/em>. I due neo-genitori sono molto gelosi della loro\u00a0<a href=\"http:\/\/www.gossip.it\/vip\/privacy\/\">privacy<\/a>, insieme dal 2011, hanno tenuto segreta la <a href=\"http:\/\/www.gossip.it\/vip\/gravidanza\/\">gravidanza<\/a> per ben 6 mesi. La Mendes inizialmente ha negato di essere incinta, quando il suo rifiuto di passare attraverso il body scanner in aeroporto ha dato vita ai rumors sulla dolce attesa. In quell'occasione si \u00e8 giustificata affermando che trovava la cosa dannosa per la salute. Quando il pancione \u00e8 cominciato a crescere, non si \u00e8 fatta pi\u00f9 vedere in pubblico. Lo scorso febbraio sembrava addirittura che con Ryan la storia fosse giunta al capolinea. Invece ora le due star di <strong>Hollywood<\/strong> sono una mamma e un pap\u00e0 felicissimi, la piccola Esmeralda Amada \u00e8 sicuramente una bimba amata e coccolata.<\/p>\n<figure class=\"caption\"><img decoding=\"async\" alt=\"\" width=\"620\" height=\"803\" src=\"http:\/\/files.gossip.it\/immagini_news\/2014\/10\/1412931970_mende.jpg\" \/><figcaption>\u00a0Il certificato di nascita di Esmeralda Amada Gosling reso pubblico dal sito TMZ<\/figcaption><\/figure>\n<p>\u00a0<\/p>\n","protected":false},"excerpt":{"rendered":"<p>Poco meno di un mese fa, il 12 settembre, Ryan Gosling ed Eva Mendes hanno dato il benvenuto a Los Angeles alla loro prima figlia. Riservatissimi, i due attori non hanno fatto trapelare indiscrezioni riguardo all'erede. Finalmente, per\u00f2, ne \u00e8 stato svelato il nome. A darne notizia il sito TMZ che ha anche pubblicato il [&hellip;]<\/p>\n","protected":false},"author":1,"featured_media":105345,"comment_status":"closed","ping_status":"closed","sticky":false,"template":"","format":"standard","meta":{"footnotes":""},"categories":[54],"tags":[2555,50869,50868,2728,2100,24491],"vip":[702],"class_list":["post-49299","post","type-post","status-publish","format-standard","has-post-thumbnail","hentry","category-news","tag-attori","tag-certificato-di-nascita","tag-esmeralda-amada","tag-hollywood","tag-nome","tag-ryan-gosling","vip-eva_mendes"],"yoast_head":"<title>Eva Mendes e Ryan Gosling, svelato il nome della bimba - Gossip.it | News sul Gossip e VIP<\/title>\n<meta name=\"description\" content=\"Poco meno di un mese fa, il 12 settembre, Ryan Gosling ed Eva Mendes hanno dato il benvenuto a Los Angeles alla loro prima figlia. Riservatissimi, i due\" \/>\n<meta name=\"robots\" content=\"index, follow, max-snippet:-1, max-image-preview:large, max-video-preview:-1\" \/>\n<link rel=\"canonical\" href=\"https:\/\/www.gossip.it\/news\/eva-mendes-e-ryan-gosling-svelato-il-nome-della-bimba\/\" \/>\n<meta property=\"og:locale\" content=\"it_IT\" \/>\n<meta property=\"og:type\" content=\"article\" \/>\n<meta property=\"og:title\" content=\"Eva Mendes e Ryan Gosling, svelato il nome della bimba - Gossip.it | News sul Gossip e VIP\" \/>\n<meta property=\"og:description\" content=\"Poco meno di un mese fa, il 12 settembre, Ryan Gosling ed Eva Mendes hanno dato il benvenuto a Los Angeles alla loro prima figlia. Riservatissimi, i due\" \/>\n<meta property=\"og:url\" content=\"https:\/\/www.gossip.it\/news\/eva-mendes-e-ryan-gosling-svelato-il-nome-della-bimba\/\" \/>\n<meta property=\"og:site_name\" content=\"Gossip.it | News sul Gossip e VIP\" \/>\n<meta property=\"article:publisher\" content=\"https:\/\/www.facebook.com\/GossipIT\" \/>\n<meta property=\"article:published_time\" content=\"2014-10-09T22:00:00+00:00\" \/>\n<meta property=\"og:image\" content=\"http:\/\/files.gossip.it\/immagini_news\/2014\/10\/1412931843_gosling_nf2.jpg\" \/>\n<meta name=\"author\" content=\"La Redazione\" \/>\n<meta name=\"twitter:card\" content=\"summary_large_image\" \/>\n<meta name=\"twitter:image\" content=\"http:\/\/files.gossip.it\/immagini_news\/2014\/10\/1412931843_gosling_nf2.jpg\" \/>\n<meta name=\"twitter:creator\" content=\"@gossinews_it\" \/>\n<meta name=\"twitter:site\" content=\"@gossinews_it\" \/>\n<meta name=\"twitter:label1\" content=\"Scritto da\" \/>\n\t<meta name=\"twitter:data1\" content=\"Francesca Romana Domenici\" \/>\n\t<meta name=\"twitter:label2\" content=\"Tempo di lettura stimato\" \/>\n\t<meta name=\"twitter:data2\" content=\"1 minuto\" \/>","yoast_head_json":{"title":"Eva Mendes e Ryan Gosling, svelato il nome della bimba - Gossip.it | News sul Gossip e VIP","description":"Poco meno di un mese fa, il 12 settembre, Ryan Gosling ed Eva Mendes hanno dato il benvenuto a Los Angeles alla loro prima figlia. Riservatissimi, i due","robots":{"index":"index","follow":"follow","max-snippet":"max-snippet:-1","max-image-preview":"max-image-preview:large","max-video-preview":"max-video-preview:-1"},"canonical":"https:\/\/www.gossip.it\/news\/eva-mendes-e-ryan-gosling-svelato-il-nome-della-bimba\/","og_locale":"it_IT","og_type":"article","og_title":"Eva Mendes e Ryan Gosling, svelato il nome della bimba - Gossip.it | News sul Gossip e VIP","og_description":"Poco meno di un mese fa, il 12 settembre, Ryan Gosling ed Eva Mendes hanno dato il benvenuto a Los Angeles alla loro prima figlia. Riservatissimi, i due","og_url":"https:\/\/www.gossip.it\/news\/eva-mendes-e-ryan-gosling-svelato-il-nome-della-bimba\/","og_site_name":"Gossip.it | News sul Gossip e VIP","article_publisher":"https:\/\/www.facebook.com\/GossipIT","article_published_time":"2014-10-09T22:00:00+00:00","og_image":[{"url":"http:\/\/files.gossip.it\/immagini_news\/2014\/10\/1412931843_gosling_nf2.jpg"}],"author":"La Redazione","twitter_card":"summary_large_image","twitter_image":"http:\/\/files.gossip.it\/immagini_news\/2014\/10\/1412931843_gosling_nf2.jpg","twitter_creator":"@gossinews_it","twitter_site":"@gossinews_it","twitter_misc":{"Scritto da":"Francesca Romana Domenici","Tempo di lettura stimato":"1 minuto"},"schema":{"@context":"https:\/\/schema.org","@graph":[{"@type":"Article","@id":"https:\/\/www.gossip.it\/news\/eva-mendes-e-ryan-gosling-svelato-il-nome-della-bimba\/#article","isPartOf":{"@id":"https:\/\/www.gossip.it\/news\/eva-mendes-e-ryan-gosling-svelato-il-nome-della-bimba\/"},"author":{"name":"La Redazione","@id":"https:\/\/www.gossip.it\/#\/schema\/person\/488896f75158bff1cc83c6c39d141110"},"headline":"Eva Mendes e Ryan Gosling, svelato il nome della bimba","datePublished":"2014-10-09T22:00:00+00:00","dateModified":"2014-10-09T22:00:00+00:00","mainEntityOfPage":{"@id":"https:\/\/www.gossip.it\/news\/eva-mendes-e-ryan-gosling-svelato-il-nome-della-bimba\/"},"wordCount":271,"publisher":{"@id":"https:\/\/www.gossip.it\/#organization"},"image":{"@id":"https:\/\/www.gossip.it\/news\/eva-mendes-e-ryan-gosling-svelato-il-nome-della-bimba\/#primaryimage"},"thumbnailUrl":"http:\/\/files.gossip.it\/immagini_news\/2014\/10\/1412931843_gosling_nf2.jpg","keywords":["attori","certificato di nascita","esmeralda amada","hollywood","nome","ryan gosling"],"articleSection":["News"],"inLanguage":"it-IT"},{"@type":"WebPage","@id":"https:\/\/www.gossip.it\/news\/eva-mendes-e-ryan-gosling-svelato-il-nome-della-bimba\/","url":"https:\/\/www.gossip.it\/news\/eva-mendes-e-ryan-gosling-svelato-il-nome-della-bimba\/","name":"Eva Mendes e Ryan Gosling, svelato il nome della bimba - Gossip.it | News sul Gossip e VIP","isPartOf":{"@id":"https:\/\/www.gossip.it\/#website"},"primaryImageOfPage":{"@id":"https:\/\/www.gossip.it\/news\/eva-mendes-e-ryan-gosling-svelato-il-nome-della-bimba\/#primaryimage"},"image":{"@id":"https:\/\/www.gossip.it\/news\/eva-mendes-e-ryan-gosling-svelato-il-nome-della-bimba\/#primaryimage"},"thumbnailUrl":"http:\/\/files.gossip.it\/immagini_news\/2014\/10\/1412931843_gosling_nf2.jpg","datePublished":"2014-10-09T22:00:00+00:00","dateModified":"2014-10-09T22:00:00+00:00","description":"Poco meno di un mese fa, il 12 settembre, Ryan Gosling ed Eva Mendes hanno dato il benvenuto a Los Angeles alla loro prima figlia. Riservatissimi, i due","breadcrumb":{"@id":"https:\/\/www.gossip.it\/news\/eva-mendes-e-ryan-gosling-svelato-il-nome-della-bimba\/#breadcrumb"},"inLanguage":"it-IT","potentialAction":[{"@type":"ReadAction","target":["https:\/\/www.gossip.it\/news\/eva-mendes-e-ryan-gosling-svelato-il-nome-della-bimba\/"]}]},{"@type":"ImageObject","inLanguage":"it-IT","@id":"https:\/\/www.gossip.it\/news\/eva-mendes-e-ryan-gosling-svelato-il-nome-della-bimba\/#primaryimage","url":"http:\/\/files.gossip.it\/immagini_news\/2014\/10\/1412931843_gosling_nf2.jpg","contentUrl":"http:\/\/files.gossip.it\/immagini_news\/2014\/10\/1412931843_gosling_nf2.jpg"},{"@type":"BreadcrumbList","@id":"https:\/\/www.gossip.it\/news\/eva-mendes-e-ryan-gosling-svelato-il-nome-della-bimba\/#breadcrumb","itemListElement":[{"@type":"ListItem","position":1,"name":"Home","item":"https:\/\/www.gossip.it\/"},{"@type":"ListItem","position":2,"name":"Eva Mendes e Ryan Gosling, svelato il nome della bimba"}]},{"@type":"WebSite","@id":"https:\/\/www.gossip.it\/#website","url":"https:\/\/www.gossip.it\/","name":"Gossip and VIP News","description":"Quotidiano di cronaca rosa, costume e societ\u00e0","publisher":{"@id":"https:\/\/www.gossip.it\/#organization"},"alternateName":"Gossip and VIP News","potentialAction":[{"@type":"SearchAction","target":{"@type":"EntryPoint","urlTemplate":"https:\/\/www.gossip.it\/?s={search_term_string}"},"query-input":{"@type":"PropertyValueSpecification","valueRequired":true,"valueName":"search_term_string"}}],"inLanguage":"it-IT"},{"@type":"Organization","@id":"https:\/\/www.gossip.it\/#organization","name":"Gossip and VIP News","alternateName":"Gossip News","url":"https:\/\/www.gossip.it\/","logo":{"@type":"ImageObject","inLanguage":"it-IT","@id":"https:\/\/www.gossip.it\/#\/schema\/logo\/image\/","url":"https:\/\/www.gossip.it\/wp-content\/uploads\/2022\/04\/cropped-corna-alta-tiny.png","contentUrl":"https:\/\/www.gossip.it\/wp-content\/uploads\/2022\/04\/cropped-corna-alta-tiny.png","width":512,"height":512,"caption":"Gossip and VIP News"},"image":{"@id":"https:\/\/www.gossip.it\/#\/schema\/logo\/image\/"},"sameAs":["https:\/\/www.facebook.com\/GossipIT","https:\/\/x.com\/gossinews_it","https:\/\/instagram.com\/gossip_it"]},{"@type":"Person","@id":"https:\/\/www.gossip.it\/#\/schema\/person\/488896f75158bff1cc83c6c39d141110","name":"La Redazione","image":{"@type":"ImageObject","inLanguage":"it-IT","@id":"https:\/\/www.gossip.it\/#\/schema\/person\/image\/","url":"https:\/\/secure.gravatar.com\/avatar\/5a5f5c6fa3e6700e4249abdad0263a1e94e927d9e0499b1cb09c1cd29c044d80?s=96&d=mm&r=g","contentUrl":"https:\/\/secure.gravatar.com\/avatar\/5a5f5c6fa3e6700e4249abdad0263a1e94e927d9e0499b1cb09c1cd29c044d80?s=96&d=mm&r=g","caption":"La Redazione"},"sameAs":["https:\/\/www.gossip.it"]}]}},"amp_enabled":true,"_links":{"self":[{"href":"https:\/\/www.gossip.it\/api\/wp\/v2\/posts\/49299","targetHints":{"allow":["GET"]}}],"collection":[{"href":"https:\/\/www.gossip.it\/api\/wp\/v2\/posts"}],"about":[{"href":"https:\/\/www.gossip.it\/api\/wp\/v2\/types\/post"}],"author":[{"embeddable":true,"href":"https:\/\/www.gossip.it\/api\/wp\/v2\/users\/1"}],"replies":[{"embeddable":true,"href":"https:\/\/www.gossip.it\/api\/wp\/v2\/comments?post=49299"}],"version-history":[{"count":0,"href":"https:\/\/www.gossip.it\/api\/wp\/v2\/posts\/49299\/revisions"}],"wp:featuredmedia":[{"embeddable":true,"href":"https:\/\/www.gossip.it\/api\/wp\/v2\/media\/105345"}],"wp:attachment":[{"href":"https:\/\/www.gossip.it\/api\/wp\/v2\/media?parent=49299"}],"wp:term":[{"taxonomy":"category","embeddable":true,"href":"https:\/\/www.gossip.it\/api\/wp\/v2\/categories?post=49299"},{"taxonomy":"post_tag","embeddable":true,"href":"https:\/\/www.gossip.it\/api\/wp\/v2\/tags?post=49299"},{"taxonomy":"vip","embeddable":true,"href":"https:\/\/www.gossip.it\/api\/wp\/v2\/vip?post=49299"}],"curies":[{"name":"wp","href":"https:\/\/api.w.org\/{rel}","templated":true}]}}