{"id":49355,"date":"2014-10-15T00:00:00","date_gmt":"2014-10-14T22:00:00","guid":{"rendered":"https:\/\/www.gossip.it\/senza-categoria\/nicoletta-romanoff-ora-c-federico\/"},"modified":"2014-10-15T00:00:00","modified_gmt":"2014-10-14T22:00:00","slug":"nicoletta-romanoff-ora-c-federico","status":"publish","type":"post","link":"https:\/\/www.gossip.it\/news\/nicoletta-romanoff-ora-c-federico\/","title":{"rendered":"Nicoletta Romanoff, ora c'\u00e8 Federico"},"content":{"rendered":"<p>Non hanno pubblicizzato l'<a href=\"http:\/\/www.gossip.it\/vip\/addio\/\">addio<\/a>, sembrerebbe definitivo, della loro lunga relazione. <a href=\"http:\/\/www.gossip.it\/vip\/nicoletta-romanoff\/\">Nicoletta Romanoff<\/a> e <a href=\"http:\/\/www.gossip.it\/vip\/giorgio-pasotti\/\">Giorgio Pasotti<\/a> sono rimasti in silenzio e hanno proseguito su strade diverse la loro esistenza. Certo, sono entrambi legati da una figlia, <b>Maria<\/b>, 4 anni e mezzo, per lei sicuramente continueranno sempre a vedersi. La crisi in cui sono caduti, per\u00f2, pare proprio irreversibile, al punto che l'<a href=\"http:\/\/www.gossip.it\/vip\/attore\/\">attore<\/a> 41enne vive ormai, come ha spifferato <em>Diva e Donna<\/em>, in un'altra casa nella Capitale.<br \/>\nNicoletta sul <a href=\"http:\/\/www.gossip.it\/vip\/social\/\">social<\/a> non ha detto una parola, ha continuato a mandare online scatti in cui sorride e probabilmente la voglia di divertirsi le \u00e8 tornata anche grazie a <b>Federico<\/b>. La 35enne \u00e8 con lui che \u00e8 stata pizzicata dal settimanale in strada a Roma. L'uomo, aitante e muscoloso, \u00e8 <b>l'allenatore di una squadra giovanile di rugby<\/b>.<\/p>\n<p>Quella che sembrerebbe a tutti gli effetti una nuova coppia \u00e8 stata paparazzata in un parcheggio, dove i due si sono incontrati. Nicoletta, appena ha visto Federico, lo ha salutato calorosamente. Non \u00e8 la prima volta che la Romanoff lo incontra, pare proprio che il feeling sia ormai scoppiato e impossibile da frenare. Gi\u00e0 mamma di <b>Francesco<\/b>, 15 anni, e <b>Gabriele<\/b>, 14, avuti dall'ex marito <a href=\"http:\/\/www.gossip.it\/vip\/federico-scardamaglia\/\">Federico Scardamaglia<\/a>, dopo nove anni d'amore con Giorgo, ha probabilmente deciso di dire basta. Gi\u00e0 una volta con Pasotti era arrivato il crack, nel 2008, poi l'anno seguente la <a href=\"http:\/\/www.gossip.it\/vip\/reunion\/\">reunion<\/a> e nel 2010 la nasciata della loro figlia. Ma adesso la faccenda parrebbe molto pi\u00f9 seria...<\/p>\n","protected":false},"excerpt":{"rendered":"<p>Non hanno pubblicizzato l'addio, sembrerebbe definitivo, della loro lunga relazione. Nicoletta Romanoff e Giorgio Pasotti sono rimasti in silenzio e hanno proseguito su strade diverse la loro esistenza. Certo, sono entrambi legati da una figlia, Maria, 4 anni e mezzo, per lei sicuramente continueranno sempre a vedersi. La crisi in cui sono caduti, per\u00f2, pare [&hellip;]<\/p>\n","protected":false},"author":1,"featured_media":105401,"comment_status":"closed","ping_status":"closed","sticky":false,"template":"","format":"standard","meta":{"footnotes":""},"categories":[54],"tags":[11284,2137,1983,6738,5136,5763,6370,5281,3680,4144],"vip":[877,1425],"class_list":["post-49355","post","type-post","status-publish","format-standard","has-post-thumbnail","hentry","category-news","tag-addii","tag-attore","tag-attrice","tag-crack","tag-diva-e-donna","tag-federico","tag-maria","tag-paparazzate","tag-rottura","tag-separazione","vip-giorgio_pasotti","vip-nicoletta_romanoff"],"yoast_head":"<title>Nicoletta Romanoff, ora c&#039;\u00e8 Federico - Gossip.it | News sul Gossip e VIP<\/title>\n<meta name=\"description\" content=\"Non hanno pubblicizzato l&#039;addio, sembrerebbe definitivo, della loro lunga relazione. Nicoletta Romanoff e Giorgio Pasotti sono rimasti in silenzio e hanno\" \/>\n<meta name=\"robots\" content=\"index, follow, max-snippet:-1, max-image-preview:large, max-video-preview:-1\" \/>\n<link rel=\"canonical\" href=\"https:\/\/www.gossip.it\/news\/nicoletta-romanoff-ora-c-federico\/\" \/>\n<meta property=\"og:locale\" content=\"it_IT\" \/>\n<meta property=\"og:type\" content=\"article\" \/>\n<meta property=\"og:title\" content=\"Nicoletta Romanoff, ora c&#039;\u00e8 Federico - Gossip.it | News sul Gossip e VIP\" \/>\n<meta property=\"og:description\" content=\"Non hanno pubblicizzato l&#039;addio, sembrerebbe definitivo, della loro lunga relazione. Nicoletta Romanoff e Giorgio Pasotti sono rimasti in silenzio e hanno\" \/>\n<meta property=\"og:url\" content=\"https:\/\/www.gossip.it\/news\/nicoletta-romanoff-ora-c-federico\/\" \/>\n<meta property=\"og:site_name\" content=\"Gossip.it | News sul Gossip e VIP\" \/>\n<meta property=\"article:publisher\" content=\"https:\/\/www.facebook.com\/GossipIT\" \/>\n<meta property=\"article:published_time\" content=\"2014-10-14T22:00:00+00:00\" \/>\n<meta property=\"og:image\" content=\"http:\/\/www.gossip.it\/images5\/1413374472_.jpg\" \/>\n<meta name=\"author\" content=\"La Redazione\" \/>\n<meta name=\"twitter:card\" content=\"summary_large_image\" \/>\n<meta name=\"twitter:image\" content=\"http:\/\/www.gossip.it\/images5\/1413374472_.jpg\" \/>\n<meta name=\"twitter:creator\" content=\"@gossinews_it\" \/>\n<meta name=\"twitter:site\" content=\"@gossinews_it\" \/>\n<meta name=\"twitter:label1\" content=\"Scritto da\" \/>\n\t<meta name=\"twitter:data1\" content=\"Annamaria Capozzi\" \/>\n\t<meta name=\"twitter:label2\" content=\"Tempo di lettura stimato\" \/>\n\t<meta name=\"twitter:data2\" content=\"1 minuto\" \/>","yoast_head_json":{"title":"Nicoletta Romanoff, ora c'\u00e8 Federico - Gossip.it | News sul Gossip e VIP","description":"Non hanno pubblicizzato l'addio, sembrerebbe definitivo, della loro lunga relazione. Nicoletta Romanoff e Giorgio Pasotti sono rimasti in silenzio e hanno","robots":{"index":"index","follow":"follow","max-snippet":"max-snippet:-1","max-image-preview":"max-image-preview:large","max-video-preview":"max-video-preview:-1"},"canonical":"https:\/\/www.gossip.it\/news\/nicoletta-romanoff-ora-c-federico\/","og_locale":"it_IT","og_type":"article","og_title":"Nicoletta Romanoff, ora c'\u00e8 Federico - Gossip.it | News sul Gossip e VIP","og_description":"Non hanno pubblicizzato l'addio, sembrerebbe definitivo, della loro lunga relazione. Nicoletta Romanoff e Giorgio Pasotti sono rimasti in silenzio e hanno","og_url":"https:\/\/www.gossip.it\/news\/nicoletta-romanoff-ora-c-federico\/","og_site_name":"Gossip.it | News sul Gossip e VIP","article_publisher":"https:\/\/www.facebook.com\/GossipIT","article_published_time":"2014-10-14T22:00:00+00:00","og_image":[{"url":"http:\/\/www.gossip.it\/images5\/1413374472_.jpg"}],"author":"La Redazione","twitter_card":"summary_large_image","twitter_image":"http:\/\/www.gossip.it\/images5\/1413374472_.jpg","twitter_creator":"@gossinews_it","twitter_site":"@gossinews_it","twitter_misc":{"Scritto da":"Annamaria Capozzi","Tempo di lettura stimato":"1 minuto"},"schema":{"@context":"https:\/\/schema.org","@graph":[{"@type":"Article","@id":"https:\/\/www.gossip.it\/news\/nicoletta-romanoff-ora-c-federico\/#article","isPartOf":{"@id":"https:\/\/www.gossip.it\/news\/nicoletta-romanoff-ora-c-federico\/"},"author":{"name":"La Redazione","@id":"https:\/\/www.gossip.it\/#\/schema\/person\/488896f75158bff1cc83c6c39d141110"},"headline":"Nicoletta Romanoff, ora c'\u00e8 Federico","datePublished":"2014-10-14T22:00:00+00:00","dateModified":"2014-10-14T22:00:00+00:00","mainEntityOfPage":{"@id":"https:\/\/www.gossip.it\/news\/nicoletta-romanoff-ora-c-federico\/"},"wordCount":245,"publisher":{"@id":"https:\/\/www.gossip.it\/#organization"},"image":{"@id":"https:\/\/www.gossip.it\/news\/nicoletta-romanoff-ora-c-federico\/#primaryimage"},"thumbnailUrl":"http:\/\/www.gossip.it\/images5\/1413374472_.jpg","keywords":["addii","attore","attrice","crack","diva e donna","federico","Maria","paparazzate","rottura","separazione"],"articleSection":["News"],"inLanguage":"it-IT"},{"@type":"WebPage","@id":"https:\/\/www.gossip.it\/news\/nicoletta-romanoff-ora-c-federico\/","url":"https:\/\/www.gossip.it\/news\/nicoletta-romanoff-ora-c-federico\/","name":"Nicoletta Romanoff, ora c'\u00e8 Federico - Gossip.it | News sul Gossip e VIP","isPartOf":{"@id":"https:\/\/www.gossip.it\/#website"},"primaryImageOfPage":{"@id":"https:\/\/www.gossip.it\/news\/nicoletta-romanoff-ora-c-federico\/#primaryimage"},"image":{"@id":"https:\/\/www.gossip.it\/news\/nicoletta-romanoff-ora-c-federico\/#primaryimage"},"thumbnailUrl":"http:\/\/www.gossip.it\/images5\/1413374472_.jpg","datePublished":"2014-10-14T22:00:00+00:00","dateModified":"2014-10-14T22:00:00+00:00","description":"Non hanno pubblicizzato l'addio, sembrerebbe definitivo, della loro lunga relazione. Nicoletta Romanoff e Giorgio Pasotti sono rimasti in silenzio e hanno","breadcrumb":{"@id":"https:\/\/www.gossip.it\/news\/nicoletta-romanoff-ora-c-federico\/#breadcrumb"},"inLanguage":"it-IT","potentialAction":[{"@type":"ReadAction","target":["https:\/\/www.gossip.it\/news\/nicoletta-romanoff-ora-c-federico\/"]}]},{"@type":"ImageObject","inLanguage":"it-IT","@id":"https:\/\/www.gossip.it\/news\/nicoletta-romanoff-ora-c-federico\/#primaryimage","url":"http:\/\/www.gossip.it\/images5\/1413374472_.jpg","contentUrl":"http:\/\/www.gossip.it\/images5\/1413374472_.jpg"},{"@type":"BreadcrumbList","@id":"https:\/\/www.gossip.it\/news\/nicoletta-romanoff-ora-c-federico\/#breadcrumb","itemListElement":[{"@type":"ListItem","position":1,"name":"Home","item":"https:\/\/www.gossip.it\/"},{"@type":"ListItem","position":2,"name":"Nicoletta Romanoff, ora c'\u00e8 Federico"}]},{"@type":"WebSite","@id":"https:\/\/www.gossip.it\/#website","url":"https:\/\/www.gossip.it\/","name":"Gossip and VIP News","description":"Quotidiano di cronaca rosa, costume e societ\u00e0","publisher":{"@id":"https:\/\/www.gossip.it\/#organization"},"alternateName":"Gossip and VIP News","potentialAction":[{"@type":"SearchAction","target":{"@type":"EntryPoint","urlTemplate":"https:\/\/www.gossip.it\/?s={search_term_string}"},"query-input":{"@type":"PropertyValueSpecification","valueRequired":true,"valueName":"search_term_string"}}],"inLanguage":"it-IT"},{"@type":"Organization","@id":"https:\/\/www.gossip.it\/#organization","name":"Gossip and VIP News","alternateName":"Gossip News","url":"https:\/\/www.gossip.it\/","logo":{"@type":"ImageObject","inLanguage":"it-IT","@id":"https:\/\/www.gossip.it\/#\/schema\/logo\/image\/","url":"https:\/\/www.gossip.it\/wp-content\/uploads\/2022\/04\/cropped-corna-alta-tiny.png","contentUrl":"https:\/\/www.gossip.it\/wp-content\/uploads\/2022\/04\/cropped-corna-alta-tiny.png","width":512,"height":512,"caption":"Gossip and VIP News"},"image":{"@id":"https:\/\/www.gossip.it\/#\/schema\/logo\/image\/"},"sameAs":["https:\/\/www.facebook.com\/GossipIT","https:\/\/x.com\/gossinews_it","https:\/\/instagram.com\/gossip_it"]},{"@type":"Person","@id":"https:\/\/www.gossip.it\/#\/schema\/person\/488896f75158bff1cc83c6c39d141110","name":"La Redazione","image":{"@type":"ImageObject","inLanguage":"it-IT","@id":"https:\/\/www.gossip.it\/#\/schema\/person\/image\/","url":"https:\/\/secure.gravatar.com\/avatar\/5a5f5c6fa3e6700e4249abdad0263a1e94e927d9e0499b1cb09c1cd29c044d80?s=96&d=mm&r=g","contentUrl":"https:\/\/secure.gravatar.com\/avatar\/5a5f5c6fa3e6700e4249abdad0263a1e94e927d9e0499b1cb09c1cd29c044d80?s=96&d=mm&r=g","caption":"La Redazione"},"sameAs":["https:\/\/www.gossip.it"]}]}},"amp_enabled":true,"_links":{"self":[{"href":"https:\/\/www.gossip.it\/api\/wp\/v2\/posts\/49355","targetHints":{"allow":["GET"]}}],"collection":[{"href":"https:\/\/www.gossip.it\/api\/wp\/v2\/posts"}],"about":[{"href":"https:\/\/www.gossip.it\/api\/wp\/v2\/types\/post"}],"author":[{"embeddable":true,"href":"https:\/\/www.gossip.it\/api\/wp\/v2\/users\/1"}],"replies":[{"embeddable":true,"href":"https:\/\/www.gossip.it\/api\/wp\/v2\/comments?post=49355"}],"version-history":[{"count":0,"href":"https:\/\/www.gossip.it\/api\/wp\/v2\/posts\/49355\/revisions"}],"wp:featuredmedia":[{"embeddable":true,"href":"https:\/\/www.gossip.it\/api\/wp\/v2\/media\/105401"}],"wp:attachment":[{"href":"https:\/\/www.gossip.it\/api\/wp\/v2\/media?parent=49355"}],"wp:term":[{"taxonomy":"category","embeddable":true,"href":"https:\/\/www.gossip.it\/api\/wp\/v2\/categories?post=49355"},{"taxonomy":"post_tag","embeddable":true,"href":"https:\/\/www.gossip.it\/api\/wp\/v2\/tags?post=49355"},{"taxonomy":"vip","embeddable":true,"href":"https:\/\/www.gossip.it\/api\/wp\/v2\/vip?post=49355"}],"curies":[{"name":"wp","href":"https:\/\/api.w.org\/{rel}","templated":true}]}}