{"id":49369,"date":"2014-10-16T00:00:00","date_gmt":"2014-10-15T22:00:00","guid":{"rendered":"https:\/\/www.gossip.it\/senza-categoria\/mara-venier-s-ho-litigato-con-simona-ventura\/"},"modified":"2014-10-16T00:00:00","modified_gmt":"2014-10-15T22:00:00","slug":"mara-venier-s-ho-litigato-con-simona-ventura","status":"publish","type":"post","link":"https:\/\/www.gossip.it\/news\/mara-venier-s-ho-litigato-con-simona-ventura\/","title":{"rendered":"Mara Venier: 'S\u00ec, ho litigato con Simona Ventura'"},"content":{"rendered":"<p>Dopo settimane di gossip sulla possibile bufera tra <a href=\"http:\/\/www.gossip.it\/vip\/mara-venier\/\">Mara Venier<\/a> e <a href=\"http:\/\/www.gossip.it\/vip\/simona-ventura\/\">Simona Ventura<\/a>, ora arriva la conferma per bocca della stessa ex conduttrice di <strong>\"Domenica in\"<\/strong>. La 63enne a <em>Novella 2000<\/em> ha confessato: <strong><em>\"S\u00ec, tra me e Simona c\u2019\u00e8 stata una discussione, lo confermo. Smettetela per\u00f2, voi giornalisti, di scrivere che sono la suocera della Ventura. Io sono la moglie di Nicola Carraro e nient\u2019altro. Non attribuitemi parentele che non ho\"<\/em><\/strong>.<\/p>\n<figure class=\"caption\"><img decoding=\"async\" alt=\"\" width=\"620\" height=\"463\" src=\"http:\/\/files.gossip.it\/immagini_news\/2014\/10\/1413457767_1ven.jpg\" \/><figcaption>Sembrerebbe arrivata agli sgoccioli la lunga amicizia tra Mara Venier e Simona Ventura<\/figcaption><\/figure>\n<figure class=\"caption\"><img decoding=\"async\" alt=\"\" width=\"620\" height=\"721\" src=\"http:\/\/files.gossip.it\/immagini_news\/2014\/10\/1413457812_2ven.jpg\" \/><figcaption>La conduttrice 63enne ha ammesso: 'Abbiamo discusso. E non chiamatemi sua suocera, solo la moglie di Nicola e nient'altro'<\/figcaption><\/figure>\n<p>Mara ha deciso di essere schietta e sincera, come sempre. A gettare acqua sul fuoco, sembrerebbe, ci starebbero provando il marito della Venier, <a href=\"http:\/\/www.gossip.it\/vip\/nicola-carraro\/\">Nicola Carraro<\/a>, e <strong>Ger\u00f2<\/strong>, suo figlio, compagno ormai da tempo proprio di <a href=\"http:\/\/www.gossip.it\/vip\/supersimo\/\">SuperSimo<\/a>, anche se al momento la riappacificazione non arriva.<\/p>\n<figure class=\"caption\"><img decoding=\"async\" alt=\"\" width=\"620\" height=\"350\" src=\"http:\/\/files.gossip.it\/immagini_news\/2014\/10\/1413457866_3ven.jpg\" \/><figcaption>Non \u00e8 chiaro il motivo dello screzio, ma Nicola Carraro e suo figlio Ger\u00f2, compagno di SuperSimo, starebbero facendo di tutto per farle riappacificare<\/figcaption><\/figure>\n<p>Non sono chiari i motivi della lite, come invece sono apparsi chiarissimi quelli che hanno coinvolto qualche tempo fa proprio <a href=\"http:\/\/www.gossip.it\/vip\/nicola-carraro\/\">Nicola Carraro<\/a> e <a href=\"http:\/\/www.gossip.it\/vip\/lucio-presta\/\">Lucio Presta<\/a>. I due su <em>Twitter<\/em> avevano mostrato una certa freddezza a causa delle loro donne. A Mara non era piaciuto essere stata <em>'fatta fuori'<\/em> dal contenitore Rai proprio da <a href=\"http:\/\/www.gossip.it\/vip\/paola-perego\/\">Paola Perego<\/a>. E Carraro lo aveva fatto chiaramente capire con cinguettii velenosi e pure ritwittando un follower che, riferendosi alla moglie, scriveva: <em>\"Lo ha detto chiaramente a Verissimo, non \u00e8 stata una SUA scelta ma in questo momento meglio cos\u00ec\"<\/em>.<\/p>\n<figure class=\"caption\"><img decoding=\"async\" alt=\"\" width=\"620\" height=\"857\" src=\"http:\/\/files.gossip.it\/immagini_news\/2014\/10\/1413457933_4ven.jpg\" \/><figcaption>E' un periodo difficile per la coppia, anche Carraro ha avuto a che ridire con Lucio Presta su Twitter...<\/figcaption><\/figure>\n<p>Pungente, il manager non era rimasto a guardare e aveva replicato: <strong><em>\"L'amicizia \u00e8 il vino della vita. (Cit.) A volte a qualcuno d\u00e0 alla testa\"<\/em><\/strong>.<br \/>Storie di ordinarie <em>'intimit\u00e0'<\/em> che sfumano... Gli animi sono surriscaldati. Eppure \u00e8 un periodo non facile per <a href=\"http:\/\/www.gossip.it\/vip\/mara-venier\/\">Mara Venier<\/a>, che proprio a <strong>\"Verissimo\"<\/strong>, ha raccontato il suo dramma.\u00a0<\/p>\n<figure class=\"caption\"><img decoding=\"async\" alt=\"\" width=\"620\" height=\"846\" src=\"http:\/\/files.gossip.it\/immagini_news\/2014\/10\/1413457992_5ven.jpg\" \/><figcaption>Rimane in silenzio al momento la Ventura, come pure Ger\u00f2, convolto da vicino nelle faccende di famiglia<\/figcaption><\/figure>\n<p><em>\"<strong>Mia mamma \u00e8 malata di Alzheimer e in questo momento ha bisogno di me<\/strong><\/em> - ha rivelato \u00a0- <em><strong>E' tutto molto difficile per lei che \u00e8 malata e per noi figli che abbiamo una mamma che non ci riconosce pi\u00f9. Cerco di starle il pi\u00f9 possibile accanto, per cui mi divido tra Roma e Mestre, dove vive<\/strong>. Devo essere forte e accettare tutto ci\u00f2 che verr\u00e0 con grande dolore e forse, proprio per questo, fare un programma tv quest'anno non sarebbe c'entrato molto con la mia vita di oggi\"<\/em>.<\/p>\n<figure class=\"caption\"><img decoding=\"async\" alt=\"\" width=\"620\" height=\"709\" src=\"http:\/\/files.gossip.it\/immagini_news\/2014\/10\/1413458090_6ven.jpg\" \/><figcaption>Nicola e il manager tv si sono scontrati per colpa di Paola Perego, che ha 'scippato' 'Domenica in' proprio alla Venier<\/figcaption><\/figure>\n<p><strong>\"<em>Non \u00e8 stata una mia scelta<\/em><\/strong> - ha poi aggiunto Venier - <strong><em>Non siamo noi a decidere cosa fare o non fare. Dipendiamo da direttori generali e di rete che decidono quali programmi mandare in onda e con quali conduttori. Hanno fatto altre scelte, ma io non me la prendo. <\/em><\/strong><em>Posso non avere un programma in onda ma \u00e8 l'affetto del pubblico quello che conta di pi\u00f9\"<\/em>.<\/p>\n<p>\u00a0<\/p>\n","protected":false},"excerpt":{"rendered":"<p>Dopo settimane di gossip sulla possibile bufera tra Mara Venier e Simona Ventura, ora arriva la conferma per bocca della stessa ex conduttrice di \"Domenica in\". La 63enne a Novella 2000 ha confessato: \"S\u00ec, tra me e Simona c\u2019\u00e8 stata una discussione, lo confermo. Smettetela per\u00f2, voi giornalisti, di scrivere che sono la suocera della [&hellip;]<\/p>\n","protected":false},"author":1,"featured_media":105415,"comment_status":"closed","ping_status":"closed","sticky":false,"template":"","format":"standard","meta":{"footnotes":""},"categories":[54],"tags":[2102,4135,9419,7730,50905,9351,1923,7346],"vip":[1195,1698],"class_list":["post-49369","post","type-post","status-publish","format-standard","has-post-thumbnail","hentry","category-news","tag-dichiarazioni","tag-domenica-in","tag-gero-carraro","tag-lite","tag-lucio-presta-paola-perego","tag-nicola-carraro","tag-social","tag-twitter","vip-mara_venier","vip-simona_ventura"],"yoast_head":"<title>Mara Venier: &#039;S\u00ec, ho litigato con Simona Ventura&#039; - Gossip.it | News sul Gossip e VIP<\/title>\n<meta name=\"description\" content=\"Dopo settimane di gossip sulla possibile bufera tra Mara Venier e Simona Ventura, ora arriva la conferma per bocca della stessa ex conduttrice di\" \/>\n<meta name=\"robots\" content=\"index, follow, max-snippet:-1, max-image-preview:large, max-video-preview:-1\" \/>\n<link rel=\"canonical\" href=\"https:\/\/www.gossip.it\/news\/mara-venier-s-ho-litigato-con-simona-ventura\/\" \/>\n<meta property=\"og:locale\" content=\"it_IT\" \/>\n<meta property=\"og:type\" content=\"article\" \/>\n<meta property=\"og:title\" content=\"Mara Venier: &#039;S\u00ec, ho litigato con Simona Ventura&#039; - Gossip.it | News sul Gossip e VIP\" \/>\n<meta property=\"og:description\" content=\"Dopo settimane di gossip sulla possibile bufera tra Mara Venier e Simona Ventura, ora arriva la conferma per bocca della stessa ex conduttrice di\" \/>\n<meta property=\"og:url\" content=\"https:\/\/www.gossip.it\/news\/mara-venier-s-ho-litigato-con-simona-ventura\/\" \/>\n<meta property=\"og:site_name\" content=\"Gossip.it | News sul Gossip e VIP\" \/>\n<meta property=\"article:publisher\" content=\"https:\/\/www.facebook.com\/GossipIT\" \/>\n<meta property=\"article:published_time\" content=\"2014-10-15T22:00:00+00:00\" \/>\n<meta property=\"og:image\" content=\"http:\/\/files.gossip.it\/immagini_news\/2014\/10\/1413457767_1ven.jpg\" \/>\n<meta name=\"author\" content=\"La Redazione\" \/>\n<meta name=\"twitter:card\" content=\"summary_large_image\" \/>\n<meta name=\"twitter:image\" content=\"http:\/\/files.gossip.it\/immagini_news\/2014\/10\/1413457767_1ven.jpg\" \/>\n<meta name=\"twitter:creator\" content=\"@gossinews_it\" \/>\n<meta name=\"twitter:site\" content=\"@gossinews_it\" \/>\n<meta name=\"twitter:label1\" content=\"Scritto da\" \/>\n\t<meta name=\"twitter:data1\" content=\"La Redazione\" \/>\n\t<meta name=\"twitter:label2\" content=\"Tempo di lettura stimato\" \/>\n\t<meta name=\"twitter:data2\" content=\"3 minuti\" \/>","yoast_head_json":{"title":"Mara Venier: 'S\u00ec, ho litigato con Simona Ventura' - Gossip.it | News sul Gossip e VIP","description":"Dopo settimane di gossip sulla possibile bufera tra Mara Venier e Simona Ventura, ora arriva la conferma per bocca della stessa ex conduttrice di","robots":{"index":"index","follow":"follow","max-snippet":"max-snippet:-1","max-image-preview":"max-image-preview:large","max-video-preview":"max-video-preview:-1"},"canonical":"https:\/\/www.gossip.it\/news\/mara-venier-s-ho-litigato-con-simona-ventura\/","og_locale":"it_IT","og_type":"article","og_title":"Mara Venier: 'S\u00ec, ho litigato con Simona Ventura' - Gossip.it | News sul Gossip e VIP","og_description":"Dopo settimane di gossip sulla possibile bufera tra Mara Venier e Simona Ventura, ora arriva la conferma per bocca della stessa ex conduttrice di","og_url":"https:\/\/www.gossip.it\/news\/mara-venier-s-ho-litigato-con-simona-ventura\/","og_site_name":"Gossip.it | News sul Gossip e VIP","article_publisher":"https:\/\/www.facebook.com\/GossipIT","article_published_time":"2014-10-15T22:00:00+00:00","og_image":[{"url":"http:\/\/files.gossip.it\/immagini_news\/2014\/10\/1413457767_1ven.jpg"}],"author":"La Redazione","twitter_card":"summary_large_image","twitter_image":"http:\/\/files.gossip.it\/immagini_news\/2014\/10\/1413457767_1ven.jpg","twitter_creator":"@gossinews_it","twitter_site":"@gossinews_it","twitter_misc":{"Scritto da":"La Redazione","Tempo di lettura stimato":"3 minuti"},"schema":{"@context":"https:\/\/schema.org","@graph":[{"@type":"Article","@id":"https:\/\/www.gossip.it\/news\/mara-venier-s-ho-litigato-con-simona-ventura\/#article","isPartOf":{"@id":"https:\/\/www.gossip.it\/news\/mara-venier-s-ho-litigato-con-simona-ventura\/"},"author":{"name":"La Redazione","@id":"https:\/\/www.gossip.it\/#\/schema\/person\/488896f75158bff1cc83c6c39d141110"},"headline":"Mara Venier: 'S\u00ec, ho litigato con Simona Ventura'","datePublished":"2014-10-15T22:00:00+00:00","dateModified":"2014-10-15T22:00:00+00:00","mainEntityOfPage":{"@id":"https:\/\/www.gossip.it\/news\/mara-venier-s-ho-litigato-con-simona-ventura\/"},"wordCount":535,"publisher":{"@id":"https:\/\/www.gossip.it\/#organization"},"image":{"@id":"https:\/\/www.gossip.it\/news\/mara-venier-s-ho-litigato-con-simona-ventura\/#primaryimage"},"thumbnailUrl":"http:\/\/files.gossip.it\/immagini_news\/2014\/10\/1413457767_1ven.jpg","keywords":["dichiarazioni","domenica in","ger\u00f2 carraro","lite","lucio presta paola perego","nicola carraro","social","twitter"],"articleSection":["News"],"inLanguage":"it-IT"},{"@type":"WebPage","@id":"https:\/\/www.gossip.it\/news\/mara-venier-s-ho-litigato-con-simona-ventura\/","url":"https:\/\/www.gossip.it\/news\/mara-venier-s-ho-litigato-con-simona-ventura\/","name":"Mara Venier: 'S\u00ec, ho litigato con Simona Ventura' - Gossip.it | News sul Gossip e VIP","isPartOf":{"@id":"https:\/\/www.gossip.it\/#website"},"primaryImageOfPage":{"@id":"https:\/\/www.gossip.it\/news\/mara-venier-s-ho-litigato-con-simona-ventura\/#primaryimage"},"image":{"@id":"https:\/\/www.gossip.it\/news\/mara-venier-s-ho-litigato-con-simona-ventura\/#primaryimage"},"thumbnailUrl":"http:\/\/files.gossip.it\/immagini_news\/2014\/10\/1413457767_1ven.jpg","datePublished":"2014-10-15T22:00:00+00:00","dateModified":"2014-10-15T22:00:00+00:00","description":"Dopo settimane di gossip sulla possibile bufera tra Mara Venier e Simona Ventura, ora arriva la conferma per bocca della stessa ex conduttrice di","breadcrumb":{"@id":"https:\/\/www.gossip.it\/news\/mara-venier-s-ho-litigato-con-simona-ventura\/#breadcrumb"},"inLanguage":"it-IT","potentialAction":[{"@type":"ReadAction","target":["https:\/\/www.gossip.it\/news\/mara-venier-s-ho-litigato-con-simona-ventura\/"]}]},{"@type":"ImageObject","inLanguage":"it-IT","@id":"https:\/\/www.gossip.it\/news\/mara-venier-s-ho-litigato-con-simona-ventura\/#primaryimage","url":"http:\/\/files.gossip.it\/immagini_news\/2014\/10\/1413457767_1ven.jpg","contentUrl":"http:\/\/files.gossip.it\/immagini_news\/2014\/10\/1413457767_1ven.jpg"},{"@type":"BreadcrumbList","@id":"https:\/\/www.gossip.it\/news\/mara-venier-s-ho-litigato-con-simona-ventura\/#breadcrumb","itemListElement":[{"@type":"ListItem","position":1,"name":"Home","item":"https:\/\/www.gossip.it\/"},{"@type":"ListItem","position":2,"name":"Mara Venier: 'S\u00ec, ho litigato con Simona Ventura'"}]},{"@type":"WebSite","@id":"https:\/\/www.gossip.it\/#website","url":"https:\/\/www.gossip.it\/","name":"Gossip and VIP News","description":"Quotidiano di cronaca rosa, costume e societ\u00e0","publisher":{"@id":"https:\/\/www.gossip.it\/#organization"},"alternateName":"Gossip and VIP News","potentialAction":[{"@type":"SearchAction","target":{"@type":"EntryPoint","urlTemplate":"https:\/\/www.gossip.it\/?s={search_term_string}"},"query-input":{"@type":"PropertyValueSpecification","valueRequired":true,"valueName":"search_term_string"}}],"inLanguage":"it-IT"},{"@type":"Organization","@id":"https:\/\/www.gossip.it\/#organization","name":"Gossip and VIP News","alternateName":"Gossip News","url":"https:\/\/www.gossip.it\/","logo":{"@type":"ImageObject","inLanguage":"it-IT","@id":"https:\/\/www.gossip.it\/#\/schema\/logo\/image\/","url":"https:\/\/www.gossip.it\/wp-content\/uploads\/2022\/04\/cropped-corna-alta-tiny.png","contentUrl":"https:\/\/www.gossip.it\/wp-content\/uploads\/2022\/04\/cropped-corna-alta-tiny.png","width":512,"height":512,"caption":"Gossip and VIP News"},"image":{"@id":"https:\/\/www.gossip.it\/#\/schema\/logo\/image\/"},"sameAs":["https:\/\/www.facebook.com\/GossipIT","https:\/\/x.com\/gossinews_it","https:\/\/instagram.com\/gossip_it"]},{"@type":"Person","@id":"https:\/\/www.gossip.it\/#\/schema\/person\/488896f75158bff1cc83c6c39d141110","name":"La Redazione","image":{"@type":"ImageObject","inLanguage":"it-IT","@id":"https:\/\/www.gossip.it\/#\/schema\/person\/image\/","url":"https:\/\/secure.gravatar.com\/avatar\/5a5f5c6fa3e6700e4249abdad0263a1e94e927d9e0499b1cb09c1cd29c044d80?s=96&d=mm&r=g","contentUrl":"https:\/\/secure.gravatar.com\/avatar\/5a5f5c6fa3e6700e4249abdad0263a1e94e927d9e0499b1cb09c1cd29c044d80?s=96&d=mm&r=g","caption":"La Redazione"},"sameAs":["https:\/\/www.gossip.it"]}]}},"amp_enabled":true,"_links":{"self":[{"href":"https:\/\/www.gossip.it\/api\/wp\/v2\/posts\/49369","targetHints":{"allow":["GET"]}}],"collection":[{"href":"https:\/\/www.gossip.it\/api\/wp\/v2\/posts"}],"about":[{"href":"https:\/\/www.gossip.it\/api\/wp\/v2\/types\/post"}],"author":[{"embeddable":true,"href":"https:\/\/www.gossip.it\/api\/wp\/v2\/users\/1"}],"replies":[{"embeddable":true,"href":"https:\/\/www.gossip.it\/api\/wp\/v2\/comments?post=49369"}],"version-history":[{"count":0,"href":"https:\/\/www.gossip.it\/api\/wp\/v2\/posts\/49369\/revisions"}],"wp:featuredmedia":[{"embeddable":true,"href":"https:\/\/www.gossip.it\/api\/wp\/v2\/media\/105415"}],"wp:attachment":[{"href":"https:\/\/www.gossip.it\/api\/wp\/v2\/media?parent=49369"}],"wp:term":[{"taxonomy":"category","embeddable":true,"href":"https:\/\/www.gossip.it\/api\/wp\/v2\/categories?post=49369"},{"taxonomy":"post_tag","embeddable":true,"href":"https:\/\/www.gossip.it\/api\/wp\/v2\/tags?post=49369"},{"taxonomy":"vip","embeddable":true,"href":"https:\/\/www.gossip.it\/api\/wp\/v2\/vip?post=49369"}],"curies":[{"name":"wp","href":"https:\/\/api.w.org\/{rel}","templated":true}]}}