{"id":49470,"date":"2014-10-24T00:00:00","date_gmt":"2014-10-23T22:00:00","guid":{"rendered":"https:\/\/www.gossip.it\/senza-categoria\/elisabetta-gregoraci-con-marzia-a-montecarlo\/"},"modified":"2014-10-24T00:00:00","modified_gmt":"2014-10-23T22:00:00","slug":"elisabetta-gregoraci-con-marzia-a-montecarlo","status":"publish","type":"post","link":"https:\/\/www.gossip.it\/news\/elisabetta-gregoraci-con-marzia-a-montecarlo\/","title":{"rendered":"Elisabetta Gregoraci, con Marzia a Montecarlo"},"content":{"rendered":"<p><a style=\"line-height: 1.6em;\" href=\"http:\/\/www.gossip.it\/vip\/elisabetta-gregoraci\/\">Elisabetta Gregoraci<\/a><span style=\"line-height: 1.6em;\">, finito il suo impegno settimanale con <strong>\"Made in Sud\"<\/strong> a<strong> Napoli<\/strong>, ora pu\u00f2 dedicarsi alle persone che ama di pi\u00f9 al mondo. Oltre al piccolo <\/span><a style=\"line-height: 1.6em;\" href=\"http:\/\/www.gossip.it\/vip\/nathan-falco\/\">Nathan Falco<\/a><span style=\"line-height: 1.6em;\">, \u00e8 circondata in questi giorni da persone a lei molto care: l'hanno raggiunta la sorella minore <strong>Marzia<\/strong> con il nipotino <strong>Gabriel<\/strong>. Tutti insieme sono andati a cena, in un ristorante lussuoso. Le portate per\u00f2 nulla avevano a che vedere con le pietanze elaborate servite solitamente in posti del genere, meglio una bella pizza, pi\u00f9 gradita anche al palato dei piccini. E infatti la <\/span><a style=\"line-height: 1.6em;\" href=\"http:\/\/www.gossip.it\/vip\/showgirl-\/\">showgirl <\/a><span style=\"line-height: 1.6em;\">calabrese accanto all'immagine pubblicata sul suo profilo <\/span><a style=\"line-height: 1.6em;\" href=\"http:\/\/www.gossip.it\/vip\/instagram\/\">Instagram<\/a><span style=\"line-height: 1.6em;\"> ha scritto: <strong>\"W la pizza... W la family\"<\/strong>.<\/span><\/p>\n<figure class=\"caption\"><img decoding=\"async\" alt=\"\" width=\"620\" height=\"620\" src=\"http:\/\/files.gossip.it\/immagini_news\/2014\/10\/1414151440_gregoraci_fn.jpg\" \/><figcaption>Elisabetta Gregoraci insieme al figlio Nathan, alla sorella Marzia e la nipotino Gabriel a Twiga per una pizza di famiglia<\/figcaption><\/figure>\n<figure class=\"caption\"><img decoding=\"async\" alt=\"\" width=\"620\" height=\"620\" src=\"http:\/\/files.gossip.it\/immagini_news\/2014\/10\/1414151504_grego_nf03.jpg\" \/><figcaption>Nathan Falco insieme al cugino Gabriel sotto la scritta del Twiga di Montecarlo<\/figcaption><\/figure>\n<p><span style=\"line-height: 1.6em;\">Elisabetta nel tempo libero ama stare insieme al figlio, con lui passa giornate divertenti, fra coccole e tanti giochi. Nathan, per\u00f2, in questi giorni, pu\u00f2 anche contare sulla compagnia della zia e del cuginetto. Le sorelle <strong>Gregoraci<\/strong> hanno un rapporto davvero speciale che si \u00e8 cimentato ancora di pi\u00f9 dopo la prematura scomparsa della loro mamma a causa di un tumore. La <em>family<\/em> per loro \u00e8 davvero tutto e appena possono la riuniscono per dei momenti in allegria. E dagli scatti che condivide la signora <\/span><a href=\"http:\/\/www.gossip.it\/vip\/briatore\/\">Briatore<\/a><span style=\"line-height: 1.6em;\"> con i <\/span><a href=\"http:\/\/www.gossip.it\/vip\/follower\/\">follower<\/a><span style=\"line-height: 1.6em;\"> la gioia \u00e8 davvero tangibile, come quello in cui se ne sta sullo scivolo spinta dal simpaticissimo <strong>Gabriel<\/strong>.<\/span><\/p>\n<figure class=\"caption\"><img decoding=\"async\" alt=\"\" width=\"620\" height=\"620\" src=\"http:\/\/files.gossip.it\/immagini_news\/2014\/10\/1414151676_gregoraci_nf01.jpg\" \/><figcaption>Elisabetta Gregoraci sullo scivolo insieme al nipotino Gabriel, figlio di sua sorella Marzia<\/figcaption><\/figure>\n<figure class=\"caption\"><img decoding=\"async\" alt=\"\" width=\"620\" height=\"620\" src=\"http:\/\/files.gossip.it\/immagini_news\/2014\/10\/1414151738_gregoraci_nf2.jpg\" \/><figcaption>Elisabetta Gregoraci, durante il tempo libero, si gode anche un po' di sole sul balcone della sua casa di Montecarlo<\/figcaption><\/figure>\n<figure class=\"caption\"><img decoding=\"async\" alt=\"\" width=\"620\" height=\"620\" src=\"http:\/\/files.gossip.it\/immagini_news\/2014\/10\/1414151844_1414067555_grego_nf.jpg\" \/><figcaption>Elisabetta Gregoraci con la sorella Marzi e i loro figlioletti, Nathan e Gabriel a Montecarlo<\/figcaption><\/figure>\n<figure class=\"caption\"><img decoding=\"async\" alt=\"\" width=\"620\" height=\"620\" src=\"http:\/\/files.gossip.it\/immagini_news\/2014\/10\/1414151921_grego_nf0.jpg\" \/><figcaption>Elisabetta Gregoraci mentre gioca con il suo adorato Nathan Falco<\/figcaption><\/figure>\n<p>\u00a0<\/p>\n","protected":false},"excerpt":{"rendered":"<p>Elisabetta Gregoraci, finito il suo impegno settimanale con \"Made in Sud\" a Napoli, ora pu\u00f2 dedicarsi alle persone che ama di pi\u00f9 al mondo. Oltre al piccolo Nathan Falco, \u00e8 circondata in questi giorni da persone a lei molto care: l'hanno raggiunta la sorella minore Marzia con il nipotino Gabriel. Tutti insieme sono andati a [&hellip;]<\/p>\n","protected":false},"author":1,"featured_media":105516,"comment_status":"closed","ping_status":"closed","sticky":false,"template":"","format":"standard","meta":{"footnotes":""},"categories":[54],"tags":[9294,2121,2957,9270,9293,6685,1923],"vip":[651,762],"class_list":["post-49470","post","type-post","status-publish","format-standard","has-post-thumbnail","hentry","category-news","tag-gabriel","tag-instagram","tag-libro","tag-made-in-sud","tag-marzia-gregoraci","tag-nathan-falco","tag-social","vip-elisabetta_gregoraci","vip-flavio_briatore"],"yoast_head":"<title>Elisabetta Gregoraci, con Marzia a Montecarlo - Gossip.it | News sul Gossip e VIP<\/title>\n<meta name=\"description\" content=\"Elisabetta Gregoraci, finito il suo impegno settimanale con &quot;Made in Sud&quot; a Napoli, ora pu\u00f2 dedicarsi alle persone che ama di pi\u00f9 al mondo. Oltre al\" \/>\n<meta name=\"robots\" content=\"index, follow, max-snippet:-1, max-image-preview:large, max-video-preview:-1\" \/>\n<link rel=\"canonical\" href=\"https:\/\/www.gossip.it\/news\/elisabetta-gregoraci-con-marzia-a-montecarlo\/\" \/>\n<meta property=\"og:locale\" content=\"it_IT\" \/>\n<meta property=\"og:type\" content=\"article\" \/>\n<meta property=\"og:title\" content=\"Elisabetta Gregoraci, con Marzia a Montecarlo - Gossip.it | News sul Gossip e VIP\" \/>\n<meta property=\"og:description\" content=\"Elisabetta Gregoraci, finito il suo impegno settimanale con &quot;Made in Sud&quot; a Napoli, ora pu\u00f2 dedicarsi alle persone che ama di pi\u00f9 al mondo. Oltre al\" \/>\n<meta property=\"og:url\" content=\"https:\/\/www.gossip.it\/news\/elisabetta-gregoraci-con-marzia-a-montecarlo\/\" \/>\n<meta property=\"og:site_name\" content=\"Gossip.it | News sul Gossip e VIP\" \/>\n<meta property=\"article:publisher\" content=\"https:\/\/www.facebook.com\/GossipIT\" \/>\n<meta property=\"article:published_time\" content=\"2014-10-23T22:00:00+00:00\" \/>\n<meta property=\"og:image\" content=\"http:\/\/files.gossip.it\/immagini_news\/2014\/10\/1414151440_gregoraci_fn.jpg\" \/>\n<meta name=\"author\" content=\"La Redazione\" \/>\n<meta name=\"twitter:card\" content=\"summary_large_image\" \/>\n<meta name=\"twitter:image\" content=\"http:\/\/files.gossip.it\/immagini_news\/2014\/10\/1414151440_gregoraci_fn.jpg\" \/>\n<meta name=\"twitter:creator\" content=\"@gossinews_it\" \/>\n<meta name=\"twitter:site\" content=\"@gossinews_it\" \/>\n<meta name=\"twitter:label1\" content=\"Scritto da\" \/>\n\t<meta name=\"twitter:data1\" content=\"Francesca Romana Domenici\" \/>\n\t<meta name=\"twitter:label2\" content=\"Tempo di lettura stimato\" \/>\n\t<meta name=\"twitter:data2\" content=\"1 minuto\" \/>","yoast_head_json":{"title":"Elisabetta Gregoraci, con Marzia a Montecarlo - Gossip.it | News sul Gossip e VIP","description":"Elisabetta Gregoraci, finito il suo impegno settimanale con \"Made in Sud\" a Napoli, ora pu\u00f2 dedicarsi alle persone che ama di pi\u00f9 al mondo. Oltre al","robots":{"index":"index","follow":"follow","max-snippet":"max-snippet:-1","max-image-preview":"max-image-preview:large","max-video-preview":"max-video-preview:-1"},"canonical":"https:\/\/www.gossip.it\/news\/elisabetta-gregoraci-con-marzia-a-montecarlo\/","og_locale":"it_IT","og_type":"article","og_title":"Elisabetta Gregoraci, con Marzia a Montecarlo - Gossip.it | News sul Gossip e VIP","og_description":"Elisabetta Gregoraci, finito il suo impegno settimanale con \"Made in Sud\" a Napoli, ora pu\u00f2 dedicarsi alle persone che ama di pi\u00f9 al mondo. Oltre al","og_url":"https:\/\/www.gossip.it\/news\/elisabetta-gregoraci-con-marzia-a-montecarlo\/","og_site_name":"Gossip.it | News sul Gossip e VIP","article_publisher":"https:\/\/www.facebook.com\/GossipIT","article_published_time":"2014-10-23T22:00:00+00:00","og_image":[{"url":"http:\/\/files.gossip.it\/immagini_news\/2014\/10\/1414151440_gregoraci_fn.jpg"}],"author":"La Redazione","twitter_card":"summary_large_image","twitter_image":"http:\/\/files.gossip.it\/immagini_news\/2014\/10\/1414151440_gregoraci_fn.jpg","twitter_creator":"@gossinews_it","twitter_site":"@gossinews_it","twitter_misc":{"Scritto da":"Francesca Romana Domenici","Tempo di lettura stimato":"1 minuto"},"schema":{"@context":"https:\/\/schema.org","@graph":[{"@type":"Article","@id":"https:\/\/www.gossip.it\/news\/elisabetta-gregoraci-con-marzia-a-montecarlo\/#article","isPartOf":{"@id":"https:\/\/www.gossip.it\/news\/elisabetta-gregoraci-con-marzia-a-montecarlo\/"},"author":{"name":"La Redazione","@id":"https:\/\/www.gossip.it\/#\/schema\/person\/488896f75158bff1cc83c6c39d141110"},"headline":"Elisabetta Gregoraci, con Marzia a Montecarlo","datePublished":"2014-10-23T22:00:00+00:00","dateModified":"2014-10-23T22:00:00+00:00","mainEntityOfPage":{"@id":"https:\/\/www.gossip.it\/news\/elisabetta-gregoraci-con-marzia-a-montecarlo\/"},"wordCount":311,"publisher":{"@id":"https:\/\/www.gossip.it\/#organization"},"image":{"@id":"https:\/\/www.gossip.it\/news\/elisabetta-gregoraci-con-marzia-a-montecarlo\/#primaryimage"},"thumbnailUrl":"http:\/\/files.gossip.it\/immagini_news\/2014\/10\/1414151440_gregoraci_fn.jpg","keywords":["gabriel","instagram","libro","made in sud","marzia gregoraci","nathan falco","social"],"articleSection":["News"],"inLanguage":"it-IT"},{"@type":"WebPage","@id":"https:\/\/www.gossip.it\/news\/elisabetta-gregoraci-con-marzia-a-montecarlo\/","url":"https:\/\/www.gossip.it\/news\/elisabetta-gregoraci-con-marzia-a-montecarlo\/","name":"Elisabetta Gregoraci, con Marzia a Montecarlo - Gossip.it | News sul Gossip e VIP","isPartOf":{"@id":"https:\/\/www.gossip.it\/#website"},"primaryImageOfPage":{"@id":"https:\/\/www.gossip.it\/news\/elisabetta-gregoraci-con-marzia-a-montecarlo\/#primaryimage"},"image":{"@id":"https:\/\/www.gossip.it\/news\/elisabetta-gregoraci-con-marzia-a-montecarlo\/#primaryimage"},"thumbnailUrl":"http:\/\/files.gossip.it\/immagini_news\/2014\/10\/1414151440_gregoraci_fn.jpg","datePublished":"2014-10-23T22:00:00+00:00","dateModified":"2014-10-23T22:00:00+00:00","description":"Elisabetta Gregoraci, finito il suo impegno settimanale con \"Made in Sud\" a Napoli, ora pu\u00f2 dedicarsi alle persone che ama di pi\u00f9 al mondo. Oltre al","breadcrumb":{"@id":"https:\/\/www.gossip.it\/news\/elisabetta-gregoraci-con-marzia-a-montecarlo\/#breadcrumb"},"inLanguage":"it-IT","potentialAction":[{"@type":"ReadAction","target":["https:\/\/www.gossip.it\/news\/elisabetta-gregoraci-con-marzia-a-montecarlo\/"]}]},{"@type":"ImageObject","inLanguage":"it-IT","@id":"https:\/\/www.gossip.it\/news\/elisabetta-gregoraci-con-marzia-a-montecarlo\/#primaryimage","url":"http:\/\/files.gossip.it\/immagini_news\/2014\/10\/1414151440_gregoraci_fn.jpg","contentUrl":"http:\/\/files.gossip.it\/immagini_news\/2014\/10\/1414151440_gregoraci_fn.jpg"},{"@type":"BreadcrumbList","@id":"https:\/\/www.gossip.it\/news\/elisabetta-gregoraci-con-marzia-a-montecarlo\/#breadcrumb","itemListElement":[{"@type":"ListItem","position":1,"name":"Home","item":"https:\/\/www.gossip.it\/"},{"@type":"ListItem","position":2,"name":"Elisabetta Gregoraci, con Marzia a Montecarlo"}]},{"@type":"WebSite","@id":"https:\/\/www.gossip.it\/#website","url":"https:\/\/www.gossip.it\/","name":"Gossip and VIP News","description":"Quotidiano di cronaca rosa, costume e societ\u00e0","publisher":{"@id":"https:\/\/www.gossip.it\/#organization"},"alternateName":"Gossip and VIP News","potentialAction":[{"@type":"SearchAction","target":{"@type":"EntryPoint","urlTemplate":"https:\/\/www.gossip.it\/?s={search_term_string}"},"query-input":{"@type":"PropertyValueSpecification","valueRequired":true,"valueName":"search_term_string"}}],"inLanguage":"it-IT"},{"@type":"Organization","@id":"https:\/\/www.gossip.it\/#organization","name":"Gossip and VIP News","alternateName":"Gossip News","url":"https:\/\/www.gossip.it\/","logo":{"@type":"ImageObject","inLanguage":"it-IT","@id":"https:\/\/www.gossip.it\/#\/schema\/logo\/image\/","url":"https:\/\/www.gossip.it\/wp-content\/uploads\/2022\/04\/cropped-corna-alta-tiny.png","contentUrl":"https:\/\/www.gossip.it\/wp-content\/uploads\/2022\/04\/cropped-corna-alta-tiny.png","width":512,"height":512,"caption":"Gossip and VIP News"},"image":{"@id":"https:\/\/www.gossip.it\/#\/schema\/logo\/image\/"},"sameAs":["https:\/\/www.facebook.com\/GossipIT","https:\/\/x.com\/gossinews_it","https:\/\/instagram.com\/gossip_it"]},{"@type":"Person","@id":"https:\/\/www.gossip.it\/#\/schema\/person\/488896f75158bff1cc83c6c39d141110","name":"La Redazione","image":{"@type":"ImageObject","inLanguage":"it-IT","@id":"https:\/\/www.gossip.it\/#\/schema\/person\/image\/","url":"https:\/\/secure.gravatar.com\/avatar\/5a5f5c6fa3e6700e4249abdad0263a1e94e927d9e0499b1cb09c1cd29c044d80?s=96&d=mm&r=g","contentUrl":"https:\/\/secure.gravatar.com\/avatar\/5a5f5c6fa3e6700e4249abdad0263a1e94e927d9e0499b1cb09c1cd29c044d80?s=96&d=mm&r=g","caption":"La Redazione"},"sameAs":["https:\/\/www.gossip.it"]}]}},"amp_enabled":true,"_links":{"self":[{"href":"https:\/\/www.gossip.it\/api\/wp\/v2\/posts\/49470","targetHints":{"allow":["GET"]}}],"collection":[{"href":"https:\/\/www.gossip.it\/api\/wp\/v2\/posts"}],"about":[{"href":"https:\/\/www.gossip.it\/api\/wp\/v2\/types\/post"}],"author":[{"embeddable":true,"href":"https:\/\/www.gossip.it\/api\/wp\/v2\/users\/1"}],"replies":[{"embeddable":true,"href":"https:\/\/www.gossip.it\/api\/wp\/v2\/comments?post=49470"}],"version-history":[{"count":0,"href":"https:\/\/www.gossip.it\/api\/wp\/v2\/posts\/49470\/revisions"}],"wp:featuredmedia":[{"embeddable":true,"href":"https:\/\/www.gossip.it\/api\/wp\/v2\/media\/105516"}],"wp:attachment":[{"href":"https:\/\/www.gossip.it\/api\/wp\/v2\/media?parent=49470"}],"wp:term":[{"taxonomy":"category","embeddable":true,"href":"https:\/\/www.gossip.it\/api\/wp\/v2\/categories?post=49470"},{"taxonomy":"post_tag","embeddable":true,"href":"https:\/\/www.gossip.it\/api\/wp\/v2\/tags?post=49470"},{"taxonomy":"vip","embeddable":true,"href":"https:\/\/www.gossip.it\/api\/wp\/v2\/vip?post=49470"}],"curies":[{"name":"wp","href":"https:\/\/api.w.org\/{rel}","templated":true}]}}