{"id":49583,"date":"2014-11-04T00:00:00","date_gmt":"2014-11-03T23:00:00","guid":{"rendered":"https:\/\/www.gossip.it\/senza-categoria\/francesco-sole-serata-in-famiglia-per-tu-s-que-vales\/"},"modified":"2014-11-04T00:00:00","modified_gmt":"2014-11-03T23:00:00","slug":"francesco-sole-serata-in-famiglia-per-tu-s-que-vales","status":"publish","type":"post","link":"https:\/\/www.gossip.it\/news\/francesco-sole-serata-in-famiglia-per-tu-s-que-vales\/","title":{"rendered":"Francesco Sole, serata in famiglia per 'Tu S\u00ec Que Vales'"},"content":{"rendered":"<p>Uno scatto in cui <a href=\"http:\/\/www.gossip.it\/vip\/francesco-sole\/\">Francesco Sole<\/a> sorride in poltrona. Sul divano di casa sono sedute sua sorella e la cara mamma, dietro c'\u00e8 pure il pap\u00e0 della famosa web star.<\/p>\n<figure class=\"caption\"><img decoding=\"async\" alt=\"\" width=\"620\" height=\"620\" src=\"http:\/\/files.gossip.it\/immagini_news\/2014\/11\/1415103005_francesco-sole-1-bis.jpg\" \/><figcaption>Francesco Sole rivede 'Tu S\u00ec Que Vales' in tv con la mamma, il pap\u00e0, che sono divorziati, e la sorella<\/figcaption><\/figure>\n<p><strong>Francesco Sole<\/strong>, all'anagrafe <em>Gabriele Dotti<\/em>, 22 anni, \u00e8 il nuovo volto della <a href=\"http:\/\/www.gossip.it\/vip\/tv\/\">tv<\/a>. Conduce il sabato con <a href=\"http:\/\/www.gossip.it\/vip\/belen-rodriguez\/\">Belen Rodriguez<\/a> \"<strong>Tu S\u00ec Que Vales<\/strong>\". Le puntate sono registrate, normale per lo youtuber volersi rivedere e non da solo. A commento dello scatto che ha postato sul suo profilo<em> Instagram<\/em>, <strong>Francesco Sole<\/strong> scrive: <em>\"I miei genitori sono divorziati da molti anni, io non vivo sotto lo stesso tetto di mia sorella da tempo, ma stasera ci siamo riuniti per guardare \u00a0'<strong>Tu S\u00ec Que Vales<\/strong>' !!!\"<\/em>.<\/p>\n<figure class=\"caption\"><img decoding=\"async\" alt=\"\" width=\"620\" height=\"620\" src=\"http:\/\/files.gossip.it\/immagini_news\/2014\/11\/1415103059_francesco-sole-2-bis.jpg\" \/><figcaption>La web star ora \u00e8 al timone del talent show di Canale 5 e ha la possibilit\u00e0 di conoscere tantissimi famosi come Paolo Bonolis<\/figcaption><\/figure>\n<p><em>\"Loro si emozionano guardandomi al fianco di <\/em><a href=\"http:\/\/www.gossip.it\/vip\/belen-rodriguez\/\">Belen Rodriguez<\/a><em> in <\/em><a href=\"http:\/\/www.gossip.it\/vip\/tv\/\">tv<\/a><em> e io mi emoziono guardando loro seduti sullo stesso divano. Stasera sento la mia famiglia<\/em> - continua <strong>Francesco Sole<\/strong> - <em>E sinceramente \u00e8 un emozione che non ha prezzo. Grazie, GRAZIE. GRAZIE. P.S. Come sempre se state guardando lo show, come ogni Sabato, mi piacerebbe davvero tanto sapere cosa ne pensate! (Magari ditemelo anche nei commenti, sia per quanto riguarda me e <\/em><a href=\"http:\/\/www.gossip.it\/vip\/belen\/\">Belen<\/a><em>, che per quanto riguarda i giudici e i concorrenti..) #instagram #instasole #francescosole #francescosolecrew\"<\/em>.<\/p>\n<figure class=\"caption\"><img decoding=\"async\" alt=\"\" width=\"620\" height=\"620\" src=\"http:\/\/files.gossip.it\/immagini_news\/2014\/11\/1415103116_francesco-sole-3-bis.jpg\" \/><figcaption>A soli 22 anni diventare conduttore al fianco di Belen Rodriguez lo ha catapultato al centro dei riflettori<\/figcaption><\/figure>\n<p>Web star amatissima, Francesco dalla rete \u00e8 passato al piccolo schermo e ora si diverte a farsi selfie con i personaggi famosi che lo circondano. E' nato a Modena, la mamma \u00e8 dentista, il pa\u00e0 critico d'arte. Ha trovato la popolarit\u00e0 mandando online video divertenti che in Rete hanno fatto un boom di visualizzazioni. Lo hanno notato <a href=\"http:\/\/www.gossip.it\/vip\/francesco-facchinetti\/\">Francesco Facchinetti<\/a> e il socio <em>Eugenio Scotto<\/em> e lo hanno <em>'scritturato'<\/em>. Ora, oltre all'impegno con \"<strong>Tu S\u00ec Que Vales<\/strong>\", ha in mente di scrivere un romanzo, c'\u00e8 sempre YouTube, e sta sceneggiando un <a href=\"http:\/\/www.gossip.it\/vip\/film\/\">film<\/a> che diriger\u00e0 con la supervisione di <a href=\"http:\/\/www.gossip.it\/vip\/fausto-brizzi\/\">Fausto Brizzi<\/a>.<em> \"Critiche? S\u00ec, ci sono, prima e ora che sono in televisione. Non me la prendo, sto provando, non ho tanta esperienza in <\/em><a href=\"http:\/\/www.gossip.it\/vip\/tv\/\">tv<\/a><em>. Per\u00f2 mi diverto molto!\"<\/em>, ha detto recentemente a <em>Tv Sorrisi e Canzoni<\/em>.<br \/>Soprattutto per lui la gioia di trascorrere un sabato sera con i suoi cari, come se il divorzio dei genitori non fosse mai esistito.<\/p>\n<p>\u00a0<\/p>\n<p>\u00a0<\/p>\n","protected":false},"excerpt":{"rendered":"<p>Uno scatto in cui Francesco Sole sorride in poltrona. Sul divano di casa sono sedute sua sorella e la cara mamma, dietro c'\u00e8 pure il pap\u00e0 della famosa web star. Francesco Sole rivede 'Tu S\u00ec Que Vales' in tv con la mamma, il pap\u00e0, che sono divorziati, e la sorella Francesco Sole, all'anagrafe Gabriele Dotti, [&hellip;]<\/p>\n","protected":false},"author":1,"featured_media":105629,"comment_status":"closed","ping_status":"closed","sticky":false,"template":"","format":"standard","meta":{"footnotes":""},"categories":[54],"tags":[2098,1908,8849,2121,2291,1923,3595,2281,51012,2097,9824,9042],"vip":[396],"class_list":["post-49583","post","type-post","status-publish","format-standard","has-post-thumbnail","hentry","category-news","tag-canale-5","tag-famiglia","tag-francesco-sole","tag-instagram","tag-mediaset","tag-social","tag-talent-show","tag-televisione","tag-tu-si-quel-vales","tag-tv","tag-web-star","tag-youtuber","vip-belen_rodriguez"],"yoast_head":"<title>Francesco Sole, serata in famiglia per &#039;Tu S\u00ec Que Vales&#039; - Gossip.it | News sul Gossip e VIP<\/title>\n<meta name=\"description\" content=\"Uno scatto in cui Francesco Sole sorride in poltrona. Sul divano di casa sono sedute sua sorella e la cara mamma, dietro c&#039;\u00e8 pure il pap\u00e0 della famosa web\" \/>\n<meta name=\"robots\" content=\"index, follow, max-snippet:-1, max-image-preview:large, max-video-preview:-1\" \/>\n<link rel=\"canonical\" href=\"https:\/\/www.gossip.it\/news\/francesco-sole-serata-in-famiglia-per-tu-s-que-vales\/\" \/>\n<meta property=\"og:locale\" content=\"it_IT\" \/>\n<meta property=\"og:type\" content=\"article\" \/>\n<meta property=\"og:title\" content=\"Francesco Sole, serata in famiglia per &#039;Tu S\u00ec Que Vales&#039; - Gossip.it | News sul Gossip e VIP\" \/>\n<meta property=\"og:description\" content=\"Uno scatto in cui Francesco Sole sorride in poltrona. Sul divano di casa sono sedute sua sorella e la cara mamma, dietro c&#039;\u00e8 pure il pap\u00e0 della famosa web\" \/>\n<meta property=\"og:url\" content=\"https:\/\/www.gossip.it\/news\/francesco-sole-serata-in-famiglia-per-tu-s-que-vales\/\" \/>\n<meta property=\"og:site_name\" content=\"Gossip.it | News sul Gossip e VIP\" \/>\n<meta property=\"article:publisher\" content=\"https:\/\/www.facebook.com\/GossipIT\" \/>\n<meta property=\"article:published_time\" content=\"2014-11-03T23:00:00+00:00\" \/>\n<meta property=\"og:image\" content=\"http:\/\/files.gossip.it\/immagini_news\/2014\/11\/1415103005_francesco-sole-1-bis.jpg\" \/>\n<meta name=\"author\" content=\"La Redazione\" \/>\n<meta name=\"twitter:card\" content=\"summary_large_image\" \/>\n<meta name=\"twitter:image\" content=\"http:\/\/files.gossip.it\/immagini_news\/2014\/11\/1415103005_francesco-sole-1-bis.jpg\" \/>\n<meta name=\"twitter:creator\" content=\"@gossinews_it\" \/>\n<meta name=\"twitter:site\" content=\"@gossinews_it\" \/>\n<meta name=\"twitter:label1\" content=\"Scritto da\" \/>\n\t<meta name=\"twitter:data1\" content=\"La Redazione\" \/>\n\t<meta name=\"twitter:label2\" content=\"Tempo di lettura stimato\" \/>\n\t<meta name=\"twitter:data2\" content=\"2 minuti\" \/>","yoast_head_json":{"title":"Francesco Sole, serata in famiglia per 'Tu S\u00ec Que Vales' - Gossip.it | News sul Gossip e VIP","description":"Uno scatto in cui Francesco Sole sorride in poltrona. Sul divano di casa sono sedute sua sorella e la cara mamma, dietro c'\u00e8 pure il pap\u00e0 della famosa web","robots":{"index":"index","follow":"follow","max-snippet":"max-snippet:-1","max-image-preview":"max-image-preview:large","max-video-preview":"max-video-preview:-1"},"canonical":"https:\/\/www.gossip.it\/news\/francesco-sole-serata-in-famiglia-per-tu-s-que-vales\/","og_locale":"it_IT","og_type":"article","og_title":"Francesco Sole, serata in famiglia per 'Tu S\u00ec Que Vales' - Gossip.it | News sul Gossip e VIP","og_description":"Uno scatto in cui Francesco Sole sorride in poltrona. Sul divano di casa sono sedute sua sorella e la cara mamma, dietro c'\u00e8 pure il pap\u00e0 della famosa web","og_url":"https:\/\/www.gossip.it\/news\/francesco-sole-serata-in-famiglia-per-tu-s-que-vales\/","og_site_name":"Gossip.it | News sul Gossip e VIP","article_publisher":"https:\/\/www.facebook.com\/GossipIT","article_published_time":"2014-11-03T23:00:00+00:00","og_image":[{"url":"http:\/\/files.gossip.it\/immagini_news\/2014\/11\/1415103005_francesco-sole-1-bis.jpg"}],"author":"La Redazione","twitter_card":"summary_large_image","twitter_image":"http:\/\/files.gossip.it\/immagini_news\/2014\/11\/1415103005_francesco-sole-1-bis.jpg","twitter_creator":"@gossinews_it","twitter_site":"@gossinews_it","twitter_misc":{"Scritto da":"La Redazione","Tempo di lettura stimato":"2 minuti"},"schema":{"@context":"https:\/\/schema.org","@graph":[{"@type":"Article","@id":"https:\/\/www.gossip.it\/news\/francesco-sole-serata-in-famiglia-per-tu-s-que-vales\/#article","isPartOf":{"@id":"https:\/\/www.gossip.it\/news\/francesco-sole-serata-in-famiglia-per-tu-s-que-vales\/"},"author":{"name":"La Redazione","@id":"https:\/\/www.gossip.it\/#\/schema\/person\/488896f75158bff1cc83c6c39d141110"},"headline":"Francesco Sole, serata in famiglia per 'Tu S\u00ec Que Vales'","datePublished":"2014-11-03T23:00:00+00:00","dateModified":"2014-11-03T23:00:00+00:00","mainEntityOfPage":{"@id":"https:\/\/www.gossip.it\/news\/francesco-sole-serata-in-famiglia-per-tu-s-que-vales\/"},"wordCount":425,"publisher":{"@id":"https:\/\/www.gossip.it\/#organization"},"image":{"@id":"https:\/\/www.gossip.it\/news\/francesco-sole-serata-in-famiglia-per-tu-s-que-vales\/#primaryimage"},"thumbnailUrl":"http:\/\/files.gossip.it\/immagini_news\/2014\/11\/1415103005_francesco-sole-1-bis.jpg","keywords":["canale 5","famiglia","francesco sole","instagram","mediaset","social","talent show","televisione","tu s\u00ec quel vales","tv","web star","youtuber"],"articleSection":["News"],"inLanguage":"it-IT"},{"@type":"WebPage","@id":"https:\/\/www.gossip.it\/news\/francesco-sole-serata-in-famiglia-per-tu-s-que-vales\/","url":"https:\/\/www.gossip.it\/news\/francesco-sole-serata-in-famiglia-per-tu-s-que-vales\/","name":"Francesco Sole, serata in famiglia per 'Tu S\u00ec Que Vales' - Gossip.it | News sul Gossip e VIP","isPartOf":{"@id":"https:\/\/www.gossip.it\/#website"},"primaryImageOfPage":{"@id":"https:\/\/www.gossip.it\/news\/francesco-sole-serata-in-famiglia-per-tu-s-que-vales\/#primaryimage"},"image":{"@id":"https:\/\/www.gossip.it\/news\/francesco-sole-serata-in-famiglia-per-tu-s-que-vales\/#primaryimage"},"thumbnailUrl":"http:\/\/files.gossip.it\/immagini_news\/2014\/11\/1415103005_francesco-sole-1-bis.jpg","datePublished":"2014-11-03T23:00:00+00:00","dateModified":"2014-11-03T23:00:00+00:00","description":"Uno scatto in cui Francesco Sole sorride in poltrona. Sul divano di casa sono sedute sua sorella e la cara mamma, dietro c'\u00e8 pure il pap\u00e0 della famosa web","breadcrumb":{"@id":"https:\/\/www.gossip.it\/news\/francesco-sole-serata-in-famiglia-per-tu-s-que-vales\/#breadcrumb"},"inLanguage":"it-IT","potentialAction":[{"@type":"ReadAction","target":["https:\/\/www.gossip.it\/news\/francesco-sole-serata-in-famiglia-per-tu-s-que-vales\/"]}]},{"@type":"ImageObject","inLanguage":"it-IT","@id":"https:\/\/www.gossip.it\/news\/francesco-sole-serata-in-famiglia-per-tu-s-que-vales\/#primaryimage","url":"http:\/\/files.gossip.it\/immagini_news\/2014\/11\/1415103005_francesco-sole-1-bis.jpg","contentUrl":"http:\/\/files.gossip.it\/immagini_news\/2014\/11\/1415103005_francesco-sole-1-bis.jpg"},{"@type":"BreadcrumbList","@id":"https:\/\/www.gossip.it\/news\/francesco-sole-serata-in-famiglia-per-tu-s-que-vales\/#breadcrumb","itemListElement":[{"@type":"ListItem","position":1,"name":"Home","item":"https:\/\/www.gossip.it\/"},{"@type":"ListItem","position":2,"name":"Francesco Sole, serata in famiglia per 'Tu S\u00ec Que Vales'"}]},{"@type":"WebSite","@id":"https:\/\/www.gossip.it\/#website","url":"https:\/\/www.gossip.it\/","name":"Gossip and VIP News","description":"Quotidiano di cronaca rosa, costume e societ\u00e0","publisher":{"@id":"https:\/\/www.gossip.it\/#organization"},"alternateName":"Gossip and VIP News","potentialAction":[{"@type":"SearchAction","target":{"@type":"EntryPoint","urlTemplate":"https:\/\/www.gossip.it\/?s={search_term_string}"},"query-input":{"@type":"PropertyValueSpecification","valueRequired":true,"valueName":"search_term_string"}}],"inLanguage":"it-IT"},{"@type":"Organization","@id":"https:\/\/www.gossip.it\/#organization","name":"Gossip and VIP News","alternateName":"Gossip News","url":"https:\/\/www.gossip.it\/","logo":{"@type":"ImageObject","inLanguage":"it-IT","@id":"https:\/\/www.gossip.it\/#\/schema\/logo\/image\/","url":"https:\/\/www.gossip.it\/wp-content\/uploads\/2022\/04\/cropped-corna-alta-tiny.png","contentUrl":"https:\/\/www.gossip.it\/wp-content\/uploads\/2022\/04\/cropped-corna-alta-tiny.png","width":512,"height":512,"caption":"Gossip and VIP News"},"image":{"@id":"https:\/\/www.gossip.it\/#\/schema\/logo\/image\/"},"sameAs":["https:\/\/www.facebook.com\/GossipIT","https:\/\/x.com\/gossinews_it","https:\/\/instagram.com\/gossip_it"]},{"@type":"Person","@id":"https:\/\/www.gossip.it\/#\/schema\/person\/488896f75158bff1cc83c6c39d141110","name":"La Redazione","image":{"@type":"ImageObject","inLanguage":"it-IT","@id":"https:\/\/www.gossip.it\/#\/schema\/person\/image\/","url":"https:\/\/secure.gravatar.com\/avatar\/5a5f5c6fa3e6700e4249abdad0263a1e94e927d9e0499b1cb09c1cd29c044d80?s=96&d=mm&r=g","contentUrl":"https:\/\/secure.gravatar.com\/avatar\/5a5f5c6fa3e6700e4249abdad0263a1e94e927d9e0499b1cb09c1cd29c044d80?s=96&d=mm&r=g","caption":"La Redazione"},"sameAs":["https:\/\/www.gossip.it"]}]}},"amp_enabled":true,"_links":{"self":[{"href":"https:\/\/www.gossip.it\/api\/wp\/v2\/posts\/49583","targetHints":{"allow":["GET"]}}],"collection":[{"href":"https:\/\/www.gossip.it\/api\/wp\/v2\/posts"}],"about":[{"href":"https:\/\/www.gossip.it\/api\/wp\/v2\/types\/post"}],"author":[{"embeddable":true,"href":"https:\/\/www.gossip.it\/api\/wp\/v2\/users\/1"}],"replies":[{"embeddable":true,"href":"https:\/\/www.gossip.it\/api\/wp\/v2\/comments?post=49583"}],"version-history":[{"count":0,"href":"https:\/\/www.gossip.it\/api\/wp\/v2\/posts\/49583\/revisions"}],"wp:featuredmedia":[{"embeddable":true,"href":"https:\/\/www.gossip.it\/api\/wp\/v2\/media\/105629"}],"wp:attachment":[{"href":"https:\/\/www.gossip.it\/api\/wp\/v2\/media?parent=49583"}],"wp:term":[{"taxonomy":"category","embeddable":true,"href":"https:\/\/www.gossip.it\/api\/wp\/v2\/categories?post=49583"},{"taxonomy":"post_tag","embeddable":true,"href":"https:\/\/www.gossip.it\/api\/wp\/v2\/tags?post=49583"},{"taxonomy":"vip","embeddable":true,"href":"https:\/\/www.gossip.it\/api\/wp\/v2\/vip?post=49583"}],"curies":[{"name":"wp","href":"https:\/\/api.w.org\/{rel}","templated":true}]}}