{"id":49595,"date":"2014-11-05T00:00:00","date_gmt":"2014-11-04T23:00:00","guid":{"rendered":"https:\/\/www.gossip.it\/senza-categoria\/rodolfo-lagan-ho-la-sclerosi-multipla\/"},"modified":"2014-11-05T00:00:00","modified_gmt":"2014-11-04T23:00:00","slug":"rodolfo-lagan-ho-la-sclerosi-multipla","status":"publish","type":"post","link":"https:\/\/www.gossip.it\/news\/rodolfo-lagan-ho-la-sclerosi-multipla\/","title":{"rendered":"Rodolfo Lagan\u00e0: 'Ho la sclerosi multipla'"},"content":{"rendered":"<p><a href=\"http:\/\/www.gossip.it\/vip\/rodolfo-lagan\u00e0\/\">Rodolfo Lagan\u00e0<\/a>, 57 anni, affetto da <strong>sclerosi multipla<\/strong>, la <strong>malattia<\/strong> gli \u00e8 stata diagnosticata quattro anni fa, solo ora per\u00f2 l'<strong>attore<\/strong>\u00a0 ha affrontato l'argomento:<em> \"Non avrei mai pensato che facendo il comico un giorno avrei aperto un convegno medico. \u00c8 la prima volta che parlo di <strong>sclerosi multipla<\/strong>. Per quattro anni l'ho tenuta nascosta, quasi vergognandomi. E chiedendomi: 'Smetto di fare l'<strong>attore<\/strong>?'. Da 4 anni mi rispondo: 'Non ci penso per niente',\u00a0<\/em>ha detto mentre si trovava marted\u00ec 4 novembre nella sede della Regione Lazio in occasione del convegno \"Sclerosi Multipla: Stare bene \u00e8 un diritto, realizzarlo \u00e8 un dovere\", organizzato in collaborazione con l'Universit\u00e0 degli Studi di Roma Tor Vergata, con l'Associazione Animo, con l'Associazione Italiana Sclerosi Multipla (Aism) e con il Policlinico Universitario Tor Vergata. <strong>Rodolfo Lagan\u00e0<\/strong> ha cos\u00ec dato il suo contributo con l'obiettivo di sensibilizzare i cittadini e le istituzioni su questa grave malattia del sistema nervoso che colpisce per lo pi\u00f9 giovani e donne.<\/p>\n<figure class=\"caption\"><img decoding=\"async\" alt=\"\" src=\"http:\/\/files.gossip.it\/immagini_news\/2014\/11\/1415180677_lagana_fn1.jpg\" \/><figcaption>Rodolfo Lagan\u00e0 ha parlato per la prima volta della sua malattia, quattro anni fa ha scoperto di essere affetto da sclerosi multipla (Foto: M. LaTorre\/Kikapress.com (c) Gossip.it)<\/figcaption><\/figure>\n<p><em>\"L'ho scoperta dopo un lungo percorso<\/em> - ha dichiarato <strong>Rodolfo Lagan\u00e0 <\/strong>raccontando come \u00e8 arrivata la diagnosi di <strong>sclerosi multipla<\/strong> quattro anni fa -<em> il primo sintomo \u00e8 stato un dolore alla gamba; la gamba non si rimetteva a posto, abbiamo fatto degli approfondimenti, una risonanza, ed \u00e8 emerso questo principio di sclerosi; da l\u00ec \u00e8 nata tutta una trafila\".<\/em> Ha anche rivelato di non essere riuscito fin da subito ad affrontare il problema: <em>\"I primi due anni sono trascorsi tra il sospetto e la diagnosi <\/em>- ha raccontato - <em>Gli altri li ho passati a scappare. Ecco, oggi sono qui per dire a tutti quelli che hanno la sclerosi multipla di non chiudersi. Io l'ho fatto, e sono peggiorato anche clinicamente\"<\/em>. <em>\"Non sapete poi quanto \u00e8 complicato trovare le scuse quando la gente ti vede zoppicare. 'Che c'hai?', ti chiedono. E tu inventi: 'Mi sono stirato il muscolo giocando a calcetto'. Poi la stessa persona ti rincontra. 'Ma che ancora zoppichi?' E tu: 'No, \u00e8 che adesso m'\u00e8 venuta una discopatia'. E quello: 'Ma non era il muscolo?'. Una volta uno mi ha disarmato: 'Quanti problemi che hai, pensa io ho la sclerosi ma mica ne ho cos\u00ec tanti'\"<\/em>, ha aggiunto Rodolfo, sottolineando di aver capito che con questa <strong>malattia<\/strong> ci si pu\u00f2 convivere e che parlarne e condividerla pu\u00f2 solo che giovare, chiudersi, ha ribadito, dal punto di vista clinico peggiora le cose.<\/p>\n<figure class=\"caption\"><img decoding=\"async\" alt=\"\" width=\"620\" height=\"900\" src=\"http:\/\/files.gossip.it\/immagini_news\/2014\/11\/1415180792_lagana_fn2.jpg\" \/><figcaption>Rodolfo Lagan\u00e0 ha trovato il coraggio di affronatare questo argomento in pubblico e ha invitato tutte le persone malate di sclerosi multipla a non chiudersi, ma a condividere con gli altri la loro malattia\u00a0(Foto: M. LaTorre\/Kikapress.com (c) Gossip.it)<\/figcaption><\/figure>\n<p>Lagan\u00e0 ha anche parlato della sua carriera nel mondo dello spettacolo, sottolineando come, nonostante la <strong>malattia<\/strong>, voglia mantenere fede ai suoi impegni professionali: <em>\"Ho scelto di fare il comico<\/em> - ha affermato - <em>una professione che amo soprattutto perch\u00e9 mi porta a diretto contatto con la gente, dandomi la possibilit\u00e0 di regalare un sorriso e dar loro messaggi di solidariet\u00e0\"<\/em>. <em>\"Nella mia vita professionale non voglio che cambi qualcosa<\/em> - ha aggiunto - <em>continuer\u00f2 a fare l'<strong>attore<\/strong> con tutte le mie forze e cercher\u00f2 di superare gli ostacoli che si presenteranno quando si creer\u00e0 il problema. Magari su certi lavori potr\u00f2 dire 'non lo so se sono in grado di farlo' ma io penso di poter fare tutto e comunque vado avanti, in quella che \u00e8 la mia vita e il mio mestiere\".<\/em><\/p>\n<p>\u00a0<\/p>\n<p>\u00a0<\/p>\n","protected":false},"excerpt":{"rendered":"<p>Rodolfo Lagan\u00e0, 57 anni, affetto da sclerosi multipla, la malattia gli \u00e8 stata diagnosticata quattro anni fa, solo ora per\u00f2 l'attore\u00a0 ha affrontato l'argomento: \"Non avrei mai pensato che facendo il comico un giorno avrei aperto un convegno medico. \u00c8 la prima volta che parlo di sclerosi multipla. Per quattro anni l'ho tenuta nascosta, quasi [&hellip;]<\/p>\n","protected":false},"author":1,"featured_media":105641,"comment_status":"closed","ping_status":"closed","sticky":false,"template":"","format":"standard","meta":{"footnotes":""},"categories":[54],"tags":[23537,2137,27978,49079,51015,2119,11677],"vip":[1603],"class_list":["post-49595","post","type-post","status-publish","format-standard","has-post-thumbnail","hentry","category-news","tag-aism","tag-attore","tag-attore-comico","tag-convegno","tag-dichiarazioni-roma","tag-malattia","tag-sclerosi-multipla","vip-rodolfo_lagana"],"yoast_head":"<title>Rodolfo Lagan\u00e0: &#039;Ho la sclerosi multipla&#039; - Gossip.it | News sul Gossip e VIP<\/title>\n<meta name=\"description\" content=\"Rodolfo Lagan\u00e0, 57 anni, affetto da sclerosi multipla, la malattia gli \u00e8 stata diagnosticata quattro anni fa, solo ora per\u00f2 l&#039;attore\u00a0 ha affrontato\" \/>\n<meta name=\"robots\" content=\"index, follow, max-snippet:-1, max-image-preview:large, max-video-preview:-1\" \/>\n<link rel=\"canonical\" href=\"https:\/\/www.gossip.it\/news\/rodolfo-lagan-ho-la-sclerosi-multipla\/\" \/>\n<meta property=\"og:locale\" content=\"it_IT\" \/>\n<meta property=\"og:type\" content=\"article\" \/>\n<meta property=\"og:title\" content=\"Rodolfo Lagan\u00e0: &#039;Ho la sclerosi multipla&#039; - Gossip.it | News sul Gossip e VIP\" \/>\n<meta property=\"og:description\" content=\"Rodolfo Lagan\u00e0, 57 anni, affetto da sclerosi multipla, la malattia gli \u00e8 stata diagnosticata quattro anni fa, solo ora per\u00f2 l&#039;attore\u00a0 ha affrontato\" \/>\n<meta property=\"og:url\" content=\"https:\/\/www.gossip.it\/news\/rodolfo-lagan-ho-la-sclerosi-multipla\/\" \/>\n<meta property=\"og:site_name\" content=\"Gossip.it | News sul Gossip e VIP\" \/>\n<meta property=\"article:publisher\" content=\"https:\/\/www.facebook.com\/GossipIT\" \/>\n<meta property=\"article:published_time\" content=\"2014-11-04T23:00:00+00:00\" \/>\n<meta property=\"og:image\" content=\"http:\/\/files.gossip.it\/immagini_news\/2014\/11\/1415180677_lagana_fn1.jpg\" \/>\n<meta name=\"author\" content=\"La Redazione\" \/>\n<meta name=\"twitter:card\" content=\"summary_large_image\" \/>\n<meta name=\"twitter:image\" content=\"http:\/\/files.gossip.it\/immagini_news\/2014\/11\/1415180677_lagana_fn1.jpg\" \/>\n<meta name=\"twitter:creator\" content=\"@gossinews_it\" \/>\n<meta name=\"twitter:site\" content=\"@gossinews_it\" \/>\n<meta name=\"twitter:label1\" content=\"Scritto da\" \/>\n\t<meta name=\"twitter:data1\" content=\"La Redazione\" \/>\n\t<meta name=\"twitter:label2\" content=\"Tempo di lettura stimato\" \/>\n\t<meta name=\"twitter:data2\" content=\"3 minuti\" \/>","yoast_head_json":{"title":"Rodolfo Lagan\u00e0: 'Ho la sclerosi multipla' - Gossip.it | News sul Gossip e VIP","description":"Rodolfo Lagan\u00e0, 57 anni, affetto da sclerosi multipla, la malattia gli \u00e8 stata diagnosticata quattro anni fa, solo ora per\u00f2 l'attore\u00a0 ha affrontato","robots":{"index":"index","follow":"follow","max-snippet":"max-snippet:-1","max-image-preview":"max-image-preview:large","max-video-preview":"max-video-preview:-1"},"canonical":"https:\/\/www.gossip.it\/news\/rodolfo-lagan-ho-la-sclerosi-multipla\/","og_locale":"it_IT","og_type":"article","og_title":"Rodolfo Lagan\u00e0: 'Ho la sclerosi multipla' - Gossip.it | News sul Gossip e VIP","og_description":"Rodolfo Lagan\u00e0, 57 anni, affetto da sclerosi multipla, la malattia gli \u00e8 stata diagnosticata quattro anni fa, solo ora per\u00f2 l'attore\u00a0 ha affrontato","og_url":"https:\/\/www.gossip.it\/news\/rodolfo-lagan-ho-la-sclerosi-multipla\/","og_site_name":"Gossip.it | News sul Gossip e VIP","article_publisher":"https:\/\/www.facebook.com\/GossipIT","article_published_time":"2014-11-04T23:00:00+00:00","og_image":[{"url":"http:\/\/files.gossip.it\/immagini_news\/2014\/11\/1415180677_lagana_fn1.jpg"}],"author":"La Redazione","twitter_card":"summary_large_image","twitter_image":"http:\/\/files.gossip.it\/immagini_news\/2014\/11\/1415180677_lagana_fn1.jpg","twitter_creator":"@gossinews_it","twitter_site":"@gossinews_it","twitter_misc":{"Scritto da":"La Redazione","Tempo di lettura stimato":"3 minuti"},"schema":{"@context":"https:\/\/schema.org","@graph":[{"@type":"Article","@id":"https:\/\/www.gossip.it\/news\/rodolfo-lagan-ho-la-sclerosi-multipla\/#article","isPartOf":{"@id":"https:\/\/www.gossip.it\/news\/rodolfo-lagan-ho-la-sclerosi-multipla\/"},"author":{"name":"La Redazione","@id":"https:\/\/www.gossip.it\/#\/schema\/person\/488896f75158bff1cc83c6c39d141110"},"headline":"Rodolfo Lagan\u00e0: 'Ho la sclerosi multipla'","datePublished":"2014-11-04T23:00:00+00:00","dateModified":"2014-11-04T23:00:00+00:00","mainEntityOfPage":{"@id":"https:\/\/www.gossip.it\/news\/rodolfo-lagan-ho-la-sclerosi-multipla\/"},"wordCount":603,"publisher":{"@id":"https:\/\/www.gossip.it\/#organization"},"image":{"@id":"https:\/\/www.gossip.it\/news\/rodolfo-lagan-ho-la-sclerosi-multipla\/#primaryimage"},"thumbnailUrl":"http:\/\/files.gossip.it\/immagini_news\/2014\/11\/1415180677_lagana_fn1.jpg","keywords":["aism","attore","attore comico","convegno","dichiarazioni roma","malattia","sclerosi multipla"],"articleSection":["News"],"inLanguage":"it-IT"},{"@type":"WebPage","@id":"https:\/\/www.gossip.it\/news\/rodolfo-lagan-ho-la-sclerosi-multipla\/","url":"https:\/\/www.gossip.it\/news\/rodolfo-lagan-ho-la-sclerosi-multipla\/","name":"Rodolfo Lagan\u00e0: 'Ho la sclerosi multipla' - Gossip.it | News sul Gossip e VIP","isPartOf":{"@id":"https:\/\/www.gossip.it\/#website"},"primaryImageOfPage":{"@id":"https:\/\/www.gossip.it\/news\/rodolfo-lagan-ho-la-sclerosi-multipla\/#primaryimage"},"image":{"@id":"https:\/\/www.gossip.it\/news\/rodolfo-lagan-ho-la-sclerosi-multipla\/#primaryimage"},"thumbnailUrl":"http:\/\/files.gossip.it\/immagini_news\/2014\/11\/1415180677_lagana_fn1.jpg","datePublished":"2014-11-04T23:00:00+00:00","dateModified":"2014-11-04T23:00:00+00:00","description":"Rodolfo Lagan\u00e0, 57 anni, affetto da sclerosi multipla, la malattia gli \u00e8 stata diagnosticata quattro anni fa, solo ora per\u00f2 l'attore\u00a0 ha affrontato","breadcrumb":{"@id":"https:\/\/www.gossip.it\/news\/rodolfo-lagan-ho-la-sclerosi-multipla\/#breadcrumb"},"inLanguage":"it-IT","potentialAction":[{"@type":"ReadAction","target":["https:\/\/www.gossip.it\/news\/rodolfo-lagan-ho-la-sclerosi-multipla\/"]}]},{"@type":"ImageObject","inLanguage":"it-IT","@id":"https:\/\/www.gossip.it\/news\/rodolfo-lagan-ho-la-sclerosi-multipla\/#primaryimage","url":"http:\/\/files.gossip.it\/immagini_news\/2014\/11\/1415180677_lagana_fn1.jpg","contentUrl":"http:\/\/files.gossip.it\/immagini_news\/2014\/11\/1415180677_lagana_fn1.jpg"},{"@type":"BreadcrumbList","@id":"https:\/\/www.gossip.it\/news\/rodolfo-lagan-ho-la-sclerosi-multipla\/#breadcrumb","itemListElement":[{"@type":"ListItem","position":1,"name":"Home","item":"https:\/\/www.gossip.it\/"},{"@type":"ListItem","position":2,"name":"Rodolfo Lagan\u00e0: 'Ho la sclerosi multipla'"}]},{"@type":"WebSite","@id":"https:\/\/www.gossip.it\/#website","url":"https:\/\/www.gossip.it\/","name":"Gossip and VIP News","description":"Quotidiano di cronaca rosa, costume e societ\u00e0","publisher":{"@id":"https:\/\/www.gossip.it\/#organization"},"alternateName":"Gossip and VIP News","potentialAction":[{"@type":"SearchAction","target":{"@type":"EntryPoint","urlTemplate":"https:\/\/www.gossip.it\/?s={search_term_string}"},"query-input":{"@type":"PropertyValueSpecification","valueRequired":true,"valueName":"search_term_string"}}],"inLanguage":"it-IT"},{"@type":"Organization","@id":"https:\/\/www.gossip.it\/#organization","name":"Gossip and VIP News","alternateName":"Gossip News","url":"https:\/\/www.gossip.it\/","logo":{"@type":"ImageObject","inLanguage":"it-IT","@id":"https:\/\/www.gossip.it\/#\/schema\/logo\/image\/","url":"https:\/\/www.gossip.it\/wp-content\/uploads\/2022\/04\/cropped-corna-alta-tiny.png","contentUrl":"https:\/\/www.gossip.it\/wp-content\/uploads\/2022\/04\/cropped-corna-alta-tiny.png","width":512,"height":512,"caption":"Gossip and VIP News"},"image":{"@id":"https:\/\/www.gossip.it\/#\/schema\/logo\/image\/"},"sameAs":["https:\/\/www.facebook.com\/GossipIT","https:\/\/x.com\/gossinews_it","https:\/\/instagram.com\/gossip_it"]},{"@type":"Person","@id":"https:\/\/www.gossip.it\/#\/schema\/person\/488896f75158bff1cc83c6c39d141110","name":"La Redazione","image":{"@type":"ImageObject","inLanguage":"it-IT","@id":"https:\/\/www.gossip.it\/#\/schema\/person\/image\/","url":"https:\/\/secure.gravatar.com\/avatar\/5a5f5c6fa3e6700e4249abdad0263a1e94e927d9e0499b1cb09c1cd29c044d80?s=96&d=mm&r=g","contentUrl":"https:\/\/secure.gravatar.com\/avatar\/5a5f5c6fa3e6700e4249abdad0263a1e94e927d9e0499b1cb09c1cd29c044d80?s=96&d=mm&r=g","caption":"La Redazione"},"sameAs":["https:\/\/www.gossip.it"]}]}},"amp_enabled":true,"_links":{"self":[{"href":"https:\/\/www.gossip.it\/api\/wp\/v2\/posts\/49595","targetHints":{"allow":["GET"]}}],"collection":[{"href":"https:\/\/www.gossip.it\/api\/wp\/v2\/posts"}],"about":[{"href":"https:\/\/www.gossip.it\/api\/wp\/v2\/types\/post"}],"author":[{"embeddable":true,"href":"https:\/\/www.gossip.it\/api\/wp\/v2\/users\/1"}],"replies":[{"embeddable":true,"href":"https:\/\/www.gossip.it\/api\/wp\/v2\/comments?post=49595"}],"version-history":[{"count":0,"href":"https:\/\/www.gossip.it\/api\/wp\/v2\/posts\/49595\/revisions"}],"wp:featuredmedia":[{"embeddable":true,"href":"https:\/\/www.gossip.it\/api\/wp\/v2\/media\/105641"}],"wp:attachment":[{"href":"https:\/\/www.gossip.it\/api\/wp\/v2\/media?parent=49595"}],"wp:term":[{"taxonomy":"category","embeddable":true,"href":"https:\/\/www.gossip.it\/api\/wp\/v2\/categories?post=49595"},{"taxonomy":"post_tag","embeddable":true,"href":"https:\/\/www.gossip.it\/api\/wp\/v2\/tags?post=49595"},{"taxonomy":"vip","embeddable":true,"href":"https:\/\/www.gossip.it\/api\/wp\/v2\/vip?post=49595"}],"curies":[{"name":"wp","href":"https:\/\/api.w.org\/{rel}","templated":true}]}}