{"id":49625,"date":"2014-11-06T00:00:00","date_gmt":"2014-11-05T23:00:00","guid":{"rendered":"https:\/\/www.gossip.it\/senza-categoria\/francesca-pascale-alfonso-signorini-gelato-marianna-madia\/"},"modified":"2014-11-06T00:00:00","modified_gmt":"2014-11-05T23:00:00","slug":"francesca-pascale-alfonso-signorini-gelato-marianna-madia","status":"publish","type":"post","link":"https:\/\/www.gossip.it\/news\/francesca-pascale-alfonso-signorini-gelato-marianna-madia\/","title":{"rendered":"Francesca Pascale: 'Foto Madia? Il titolo non lo condivido'"},"content":{"rendered":"<p>C'eravamo tanto amati? Forse... <a href=\"http:\/\/www.gossip.it\/vip\/francesca-pascale\/\">Francesca Pascale<\/a> \u00e8 scesa in campo per dire la sua sul servizio pubblicato da <em>Chi<\/em> con protagonista il ministro del governo <a href=\"http:\/\/www.gossip.it\/vip\/renzi\/\">Renzi<\/a> <a href=\"http:\/\/www.gossip.it\/vip\/marianna-madia\/\">Marianna Madia<\/a> che mangia, in estasi, un cono <strong>gelato<\/strong>. Non sono state tante le foto a creare una vera e propria bufera, n\u00e9 tanto meno un <strong>gelato<\/strong>, ma il titolo allusivo del servizio in questione: <em>\"La Madia ci sa fare con il <strong>gelato<\/strong>\"<\/em>. <a href=\"http:\/\/www.gossip.it\/vip\/alfonso-signorini\/\">Alfonso Signorini<\/a>, direttore del settimanale, ha ricevuto un mare di critiche ed \u00e8 stato ammonito con un provvedimento disciplinare da parte dell'Ordine dei Giornalisti della Lombardia.<br \/><strong>Francesca Pascale<\/strong>, fidanzata di <a href=\"http:\/\/www.gossip.it\/vip\/silvio-berlusconi\/\">Silvio Berlusconi<\/a>, intervistata da <em>La Repubblica<\/em>, ha spiegato: <em>\"E' chiaro che la foto del <strong>gelato<\/strong>, in s\u00e9, \u00e8 innocente. Al limite pu\u00f2 prestarsi a una risata da caserma. Ma certo, quel titolo, quella costruzione pu\u00f2 apparire sgradevole. Offensiva, o solo brutta. Lo riconosco. E cho offende le donne, offende anche me\"<\/em>.<\/p>\n<figure class=\"caption\"><img decoding=\"async\" alt=\"\" width=\"620\" height=\"478\" src=\"http:\/\/files.gossip.it\/immagini_news\/2014\/11\/1415287410_1pa.jpg\" \/><figcaption>Francesca Pascale ha detto la sua sul titolo dato al servizio pubblicato da Chi in cui Marianna Madia mangia il cono gelato: 'Offende anche me'<\/figcaption><\/figure>\n<p><em>\"Vogliamo ricordare per quanti anni sono stata etichettata come la signorina del Calippo?. Quando io e l'ex ministro <\/em><a href=\"http:\/\/www.gossip.it\/vip\/mara-carfagna\/\">Mara Carfagna<\/a><em> siamo state oggetto di attacchi vergognosi, il giornalismo non si scandalizzava, i vertici istituzionali non intervenivano, nessuno si inteneriva come avviene ora con <strong>Marianna Madia<\/strong>\"<\/em>, ha poi comunque precisato. E al <em>'suo'<\/em> amico <strong>Alfonso Signorini<\/strong> ha sottolineato: <em>\"Fa tante cose intelligenti. Quell'attacco allusivo non lo condivido. Se offende una donna, quella pagina, offende anche me. Ora sono stata chiara?\"<\/em>.<\/p>\n<figure class=\"caption\"><img decoding=\"async\" alt=\"\" width=\"620\" height=\"429\" src=\"http:\/\/files.gossip.it\/immagini_news\/2014\/11\/1415287521_2pa.jpg\" \/><figcaption>Alfonso Signorini, contattato da Belpietro, ha risposto: 'Si indigni pure. Io mi faccio una grassa risata'<\/figcaption><\/figure>\n<p>Dal canto suo, <strong>Alfonso Signorini<\/strong>, contattato stamani durante <em>\"La Telefonata di Belpietro\"<\/em>, ha dichiarato in merito alle dichiarazioni di <strong>Francesca Pascale <\/strong>riferite al servizio su<strong> Marianna Madia<\/strong>: <em>\"La Pascale \u00e8 liberissima di non condividere. Ma dovrebbe avere una linea un po' pi\u00f9 ferma, ieri mi mandava messaggi in cui mi dice che mi adora, oggi vedo questa intervista su Repubblica, ma si indigni pure... io mi faccio una grassa risata!\"<\/em>. Finita qui?<\/p>\n<p>\u00a0<\/p>\n","protected":false},"excerpt":{"rendered":"<p>C'eravamo tanto amati? Forse... Francesca Pascale \u00e8 scesa in campo per dire la sua sul servizio pubblicato da Chi con protagonista il ministro del governo Renzi Marianna Madia che mangia, in estasi, un cono gelato. Non sono state tante le foto a creare una vera e propria bufera, n\u00e9 tanto meno un gelato, ma il [&hellip;]<\/p>\n","protected":false},"author":1,"featured_media":105671,"comment_status":"closed","ping_status":"closed","sticky":false,"template":"","format":"standard","meta":{"footnotes":""},"categories":[54],"tags":[2104,2102,8207,7939,48299,6296,6907,6458],"vip":[286],"class_list":["post-49625","post","type-post","status-publish","format-standard","has-post-thumbnail","hentry","category-news","tag-chi","tag-dichiarazioni","tag-francesca-pascale","tag-gelato","tag-marianna-madia","tag-ministro","tag-scandali","tag-silvio-berlusconi","vip-alfonso_signorini"],"yoast_head":"<title>Francesca Pascale: &#039;Foto Madia? Il titolo non lo condivido&#039; - Gossip.it | News sul Gossip e VIP<\/title>\n<meta name=\"description\" content=\"C&#039;eravamo tanto amati? Forse... Francesca Pascale \u00e8 scesa in campo per dire la sua sul servizio pubblicato da Chi con protagonista il ministro del governo\" \/>\n<meta name=\"robots\" content=\"index, follow, max-snippet:-1, max-image-preview:large, max-video-preview:-1\" \/>\n<link rel=\"canonical\" href=\"https:\/\/www.gossip.it\/news\/francesca-pascale-alfonso-signorini-gelato-marianna-madia\/\" \/>\n<meta property=\"og:locale\" content=\"it_IT\" \/>\n<meta property=\"og:type\" content=\"article\" \/>\n<meta property=\"og:title\" content=\"Francesca Pascale: &#039;Foto Madia? Il titolo non lo condivido&#039; - Gossip.it | News sul Gossip e VIP\" \/>\n<meta property=\"og:description\" content=\"C&#039;eravamo tanto amati? Forse... Francesca Pascale \u00e8 scesa in campo per dire la sua sul servizio pubblicato da Chi con protagonista il ministro del governo\" \/>\n<meta property=\"og:url\" content=\"https:\/\/www.gossip.it\/news\/francesca-pascale-alfonso-signorini-gelato-marianna-madia\/\" \/>\n<meta property=\"og:site_name\" content=\"Gossip.it | News sul Gossip e VIP\" \/>\n<meta property=\"article:publisher\" content=\"https:\/\/www.facebook.com\/GossipIT\" \/>\n<meta property=\"article:published_time\" content=\"2014-11-05T23:00:00+00:00\" \/>\n<meta property=\"og:image\" content=\"http:\/\/files.gossip.it\/immagini_news\/2014\/11\/1415287410_1pa.jpg\" \/>\n<meta name=\"author\" content=\"La Redazione\" \/>\n<meta name=\"twitter:card\" content=\"summary_large_image\" \/>\n<meta name=\"twitter:image\" content=\"http:\/\/files.gossip.it\/immagini_news\/2014\/11\/1415287410_1pa.jpg\" \/>\n<meta name=\"twitter:creator\" content=\"@gossinews_it\" \/>\n<meta name=\"twitter:site\" content=\"@gossinews_it\" \/>\n<meta name=\"twitter:label1\" content=\"Scritto da\" \/>\n\t<meta name=\"twitter:data1\" content=\"Annamaria Capozzi\" \/>\n\t<meta name=\"twitter:label2\" content=\"Tempo di lettura stimato\" \/>\n\t<meta name=\"twitter:data2\" content=\"2 minuti\" \/>","yoast_head_json":{"title":"Francesca Pascale: 'Foto Madia? Il titolo non lo condivido' - Gossip.it | News sul Gossip e VIP","description":"C'eravamo tanto amati? Forse... Francesca Pascale \u00e8 scesa in campo per dire la sua sul servizio pubblicato da Chi con protagonista il ministro del governo","robots":{"index":"index","follow":"follow","max-snippet":"max-snippet:-1","max-image-preview":"max-image-preview:large","max-video-preview":"max-video-preview:-1"},"canonical":"https:\/\/www.gossip.it\/news\/francesca-pascale-alfonso-signorini-gelato-marianna-madia\/","og_locale":"it_IT","og_type":"article","og_title":"Francesca Pascale: 'Foto Madia? Il titolo non lo condivido' - Gossip.it | News sul Gossip e VIP","og_description":"C'eravamo tanto amati? Forse... Francesca Pascale \u00e8 scesa in campo per dire la sua sul servizio pubblicato da Chi con protagonista il ministro del governo","og_url":"https:\/\/www.gossip.it\/news\/francesca-pascale-alfonso-signorini-gelato-marianna-madia\/","og_site_name":"Gossip.it | News sul Gossip e VIP","article_publisher":"https:\/\/www.facebook.com\/GossipIT","article_published_time":"2014-11-05T23:00:00+00:00","og_image":[{"url":"http:\/\/files.gossip.it\/immagini_news\/2014\/11\/1415287410_1pa.jpg"}],"author":"La Redazione","twitter_card":"summary_large_image","twitter_image":"http:\/\/files.gossip.it\/immagini_news\/2014\/11\/1415287410_1pa.jpg","twitter_creator":"@gossinews_it","twitter_site":"@gossinews_it","twitter_misc":{"Scritto da":"Annamaria Capozzi","Tempo di lettura stimato":"2 minuti"},"schema":{"@context":"https:\/\/schema.org","@graph":[{"@type":"Article","@id":"https:\/\/www.gossip.it\/news\/francesca-pascale-alfonso-signorini-gelato-marianna-madia\/#article","isPartOf":{"@id":"https:\/\/www.gossip.it\/news\/francesca-pascale-alfonso-signorini-gelato-marianna-madia\/"},"author":{"name":"La Redazione","@id":"https:\/\/www.gossip.it\/#\/schema\/person\/488896f75158bff1cc83c6c39d141110"},"headline":"Francesca Pascale: 'Foto Madia? Il titolo non lo condivido'","datePublished":"2014-11-05T23:00:00+00:00","dateModified":"2014-11-05T23:00:00+00:00","mainEntityOfPage":{"@id":"https:\/\/www.gossip.it\/news\/francesca-pascale-alfonso-signorini-gelato-marianna-madia\/"},"wordCount":351,"publisher":{"@id":"https:\/\/www.gossip.it\/#organization"},"image":{"@id":"https:\/\/www.gossip.it\/news\/francesca-pascale-alfonso-signorini-gelato-marianna-madia\/#primaryimage"},"thumbnailUrl":"http:\/\/files.gossip.it\/immagini_news\/2014\/11\/1415287410_1pa.jpg","keywords":["chi","dichiarazioni","francesca pascale","gelato","marianna madia","ministro","scandali","silvio berlusconi"],"articleSection":["News"],"inLanguage":"it-IT"},{"@type":"WebPage","@id":"https:\/\/www.gossip.it\/news\/francesca-pascale-alfonso-signorini-gelato-marianna-madia\/","url":"https:\/\/www.gossip.it\/news\/francesca-pascale-alfonso-signorini-gelato-marianna-madia\/","name":"Francesca Pascale: 'Foto Madia? Il titolo non lo condivido' - Gossip.it | News sul Gossip e VIP","isPartOf":{"@id":"https:\/\/www.gossip.it\/#website"},"primaryImageOfPage":{"@id":"https:\/\/www.gossip.it\/news\/francesca-pascale-alfonso-signorini-gelato-marianna-madia\/#primaryimage"},"image":{"@id":"https:\/\/www.gossip.it\/news\/francesca-pascale-alfonso-signorini-gelato-marianna-madia\/#primaryimage"},"thumbnailUrl":"http:\/\/files.gossip.it\/immagini_news\/2014\/11\/1415287410_1pa.jpg","datePublished":"2014-11-05T23:00:00+00:00","dateModified":"2014-11-05T23:00:00+00:00","description":"C'eravamo tanto amati? Forse... Francesca Pascale \u00e8 scesa in campo per dire la sua sul servizio pubblicato da Chi con protagonista il ministro del governo","breadcrumb":{"@id":"https:\/\/www.gossip.it\/news\/francesca-pascale-alfonso-signorini-gelato-marianna-madia\/#breadcrumb"},"inLanguage":"it-IT","potentialAction":[{"@type":"ReadAction","target":["https:\/\/www.gossip.it\/news\/francesca-pascale-alfonso-signorini-gelato-marianna-madia\/"]}]},{"@type":"ImageObject","inLanguage":"it-IT","@id":"https:\/\/www.gossip.it\/news\/francesca-pascale-alfonso-signorini-gelato-marianna-madia\/#primaryimage","url":"http:\/\/files.gossip.it\/immagini_news\/2014\/11\/1415287410_1pa.jpg","contentUrl":"http:\/\/files.gossip.it\/immagini_news\/2014\/11\/1415287410_1pa.jpg"},{"@type":"BreadcrumbList","@id":"https:\/\/www.gossip.it\/news\/francesca-pascale-alfonso-signorini-gelato-marianna-madia\/#breadcrumb","itemListElement":[{"@type":"ListItem","position":1,"name":"Home","item":"https:\/\/www.gossip.it\/"},{"@type":"ListItem","position":2,"name":"Francesca Pascale: 'Foto Madia? Il titolo non lo condivido'"}]},{"@type":"WebSite","@id":"https:\/\/www.gossip.it\/#website","url":"https:\/\/www.gossip.it\/","name":"Gossip and VIP News","description":"Quotidiano di cronaca rosa, costume e societ\u00e0","publisher":{"@id":"https:\/\/www.gossip.it\/#organization"},"alternateName":"Gossip and VIP News","potentialAction":[{"@type":"SearchAction","target":{"@type":"EntryPoint","urlTemplate":"https:\/\/www.gossip.it\/?s={search_term_string}"},"query-input":{"@type":"PropertyValueSpecification","valueRequired":true,"valueName":"search_term_string"}}],"inLanguage":"it-IT"},{"@type":"Organization","@id":"https:\/\/www.gossip.it\/#organization","name":"Gossip and VIP News","alternateName":"Gossip News","url":"https:\/\/www.gossip.it\/","logo":{"@type":"ImageObject","inLanguage":"it-IT","@id":"https:\/\/www.gossip.it\/#\/schema\/logo\/image\/","url":"https:\/\/www.gossip.it\/wp-content\/uploads\/2022\/04\/cropped-corna-alta-tiny.png","contentUrl":"https:\/\/www.gossip.it\/wp-content\/uploads\/2022\/04\/cropped-corna-alta-tiny.png","width":512,"height":512,"caption":"Gossip and VIP News"},"image":{"@id":"https:\/\/www.gossip.it\/#\/schema\/logo\/image\/"},"sameAs":["https:\/\/www.facebook.com\/GossipIT","https:\/\/x.com\/gossinews_it","https:\/\/instagram.com\/gossip_it"]},{"@type":"Person","@id":"https:\/\/www.gossip.it\/#\/schema\/person\/488896f75158bff1cc83c6c39d141110","name":"La Redazione","image":{"@type":"ImageObject","inLanguage":"it-IT","@id":"https:\/\/www.gossip.it\/#\/schema\/person\/image\/","url":"https:\/\/secure.gravatar.com\/avatar\/5a5f5c6fa3e6700e4249abdad0263a1e94e927d9e0499b1cb09c1cd29c044d80?s=96&d=mm&r=g","contentUrl":"https:\/\/secure.gravatar.com\/avatar\/5a5f5c6fa3e6700e4249abdad0263a1e94e927d9e0499b1cb09c1cd29c044d80?s=96&d=mm&r=g","caption":"La Redazione"},"sameAs":["https:\/\/www.gossip.it"]}]}},"amp_enabled":true,"_links":{"self":[{"href":"https:\/\/www.gossip.it\/api\/wp\/v2\/posts\/49625","targetHints":{"allow":["GET"]}}],"collection":[{"href":"https:\/\/www.gossip.it\/api\/wp\/v2\/posts"}],"about":[{"href":"https:\/\/www.gossip.it\/api\/wp\/v2\/types\/post"}],"author":[{"embeddable":true,"href":"https:\/\/www.gossip.it\/api\/wp\/v2\/users\/1"}],"replies":[{"embeddable":true,"href":"https:\/\/www.gossip.it\/api\/wp\/v2\/comments?post=49625"}],"version-history":[{"count":0,"href":"https:\/\/www.gossip.it\/api\/wp\/v2\/posts\/49625\/revisions"}],"wp:featuredmedia":[{"embeddable":true,"href":"https:\/\/www.gossip.it\/api\/wp\/v2\/media\/105671"}],"wp:attachment":[{"href":"https:\/\/www.gossip.it\/api\/wp\/v2\/media?parent=49625"}],"wp:term":[{"taxonomy":"category","embeddable":true,"href":"https:\/\/www.gossip.it\/api\/wp\/v2\/categories?post=49625"},{"taxonomy":"post_tag","embeddable":true,"href":"https:\/\/www.gossip.it\/api\/wp\/v2\/tags?post=49625"},{"taxonomy":"vip","embeddable":true,"href":"https:\/\/www.gossip.it\/api\/wp\/v2\/vip?post=49625"}],"curies":[{"name":"wp","href":"https:\/\/api.w.org\/{rel}","templated":true}]}}