{"id":49642,"date":"2014-11-07T00:00:00","date_gmt":"2014-11-06T23:00:00","guid":{"rendered":"https:\/\/www.gossip.it\/senza-categoria\/antonio-razzi-senatore-reality-l-isola-dei-famosi\/"},"modified":"2014-11-07T00:00:00","modified_gmt":"2014-11-06T23:00:00","slug":"antonio-razzi-senatore-reality-l-isola-dei-famosi","status":"publish","type":"post","link":"https:\/\/www.gossip.it\/news\/antonio-razzi-senatore-reality-l-isola-dei-famosi\/","title":{"rendered":"Antonio Razzi contattato per 'L'Isola dei Famosi'"},"content":{"rendered":"<p>Sensazionale, ma vero. Il <strong>senatore<\/strong> <strong>Antonio Razzi<\/strong> \u00e8 stato contattato dalla produzione Mediaset per partecipare da naufrago a <em>\"<\/em><a href=\"http:\/\/www.gossip.it\/vip\/l'isola-dei famosi\/\">L'Isola dei Famosi<\/a><span style=\"line-height: 1.6em;\"><em>\"<\/em>. Sta ancora decidendo se dire di s\u00ec al <\/span><a href=\"http:\/\/www.gossip.it\/vip\/reality\/\">reality<\/a><span style=\"line-height: 1.6em;\"> show\u00a0ed entrare a far parte del cast, nei prossimi giorni scioglier\u00e0 la riserva.<\/span><\/p>\n<figure class=\"caption\"><img decoding=\"async\" alt=\"\" width=\"620\" height=\"319\" src=\"http:\/\/files.gossip.it\/immagini_news\/2014\/11\/1415373783_1ra.jpg\" \/><figcaption>Il senatore Antonio Razzi \u00e8 stato contattato per entrare a far parte del cast de 'L'Isola dei Famosi'<\/figcaption><\/figure>\n<p><strong>Antonio Razzi<\/strong> lo ha svelato nell'intervista rilasciata a <a href=\"http:\/\/www.gossip.it\/vip\/david-parenzo\/\">David Parenzo<\/a> per <em>LIVEon4<\/em>, di cui <em>Il Corriere della Sera<\/em> in esclusiva ha pubblicato un estratto. Interrogato dal giornalista, il politico ha ammesso si essere stato chiamato per essere tra i protagonisti dello show <em>\"<\/em><strong>L'Isola dei Famosi<\/strong><em>\"<\/em>, che dovrebbe andare in onda a gennaio 2015, condotto da <a href=\"http:\/\/www.gossip.it\/vip\/alessia-marcuzzi\/\">Alessia Marcuzzi<\/a> e <a href=\"http:\/\/www.gossip.it\/vip\/alfonso-signorini\/\">Alfonso Signorini<\/a>, con opinionista fissa in studio <a href=\"http:\/\/www.gossip.it\/vip\/mara-venier\/\">Mara Venier<\/a>, almeno stando agli utlimi rumors.<br \/><em>\"Nei prossimi giorni scioglier\u00f2 la riserva, devo vedere, perch\u00e9 non posso stare tutti quelle settimane l\u00ec\"<\/em>, ha spiegato <strong>Antonio Razzi<\/strong>. Quando <a href=\"http:\/\/www.gossip.it\/vip\/david-parenzo\/\">David Parenzo<\/a> ha sottolineato che, per essere nel <strong>reality<\/strong>, forse dovrebbe dimettersi da <strong>senatore<\/strong>, Razzi ha detto: <em>'No, come faccio? L\u00ec \u00e8 una paga sicura, vai l\u00e0 che non pigli niente... Aoh, cc\u00e0 nisciuno \u00e8 fesso. Io dico la verit\u00e0: chi lo farebbe?\"<\/em>.<\/p>\n<figure class=\"caption\"><img decoding=\"async\" alt=\"\" width=\"620\" height=\"350\" src=\"http:\/\/files.gossip.it\/immagini_news\/2014\/11\/1415373833_2ra.jpg\" \/><figcaption>Se dicesse di s\u00ec farebbe andare in brodo di giuggiole Maurizio Crozza, che ha fatto dell'imitazione del politico un suo mitico cavallo di battaglia<\/figcaption><\/figure>\n<p>Sicuramente, se dovesse decidere di entrare a far parte del <strong>reality<\/strong>, a far festa sarebbe sarebbe <a href=\"http:\/\/www.gossip.it\/vip\/maurizio-crozza\/\">Maurizio Crozza<\/a>, che nel suo <em>'Paese delle Meraviglie' <\/em>ha fatto dell'imitazione del <strong>senatore<\/strong> un suo personalissimo e assolutamente esilarante cavallo di battaglia. E' stato proprio il comico a rendere popolarissimo il mitico Antonio, facendolo diventare per tutti l'uomo del<em> 'fatte li cazzi tua'<\/em>. E c'\u00e8 gi\u00e0 chi pregusta le sue future gag proprio pensando a quel che direbbe e farebbe Razzi su <em>\"<\/em><strong>L'Isola dei Famosi<\/strong><em>\"<\/em> insieme agli altri vip. Stando alle indiscrezioni non sarebbe l'unico politico preso in considerazione. Ci sarebbe pure l\u2019ex parlamentare <a href=\"http:\/\/www.gossip.it\/vip\/italo-bocchino\/\">Italo Bocchino<\/a> e <a href=\"http:\/\/www.gossip.it\/vip\/irene-pivetti\/\">Irene Pivetti<\/a>, oltre ai volti dello <a href=\"http:\/\/www.gossip.it\/vip\/showbiz\/\">showbiz<\/a>, come <a href=\"http:\/\/www.gossip.it\/vip\/cecilia-rodriguez\/\">Cecilia Rodriguez<\/a> e <a href=\"http:\/\/www.gossip.it\/vip\/cristina-chiabotto\/\">Cristina Chiabotto<\/a>, ex <a href=\"http:\/\/www.gossip.it\/vip\/miss-italia\/\">Miss Italia<\/a> 2004. A breve si sapr\u00e0 chi partir\u00e0.<\/p>\n<p>\u00a0<\/p>\n","protected":false},"excerpt":{"rendered":"<p>Sensazionale, ma vero. Il senatore Antonio Razzi \u00e8 stato contattato dalla produzione Mediaset per partecipare da naufrago a \"L'Isola dei Famosi\". Sta ancora decidendo se dire di s\u00ec al reality show\u00a0ed entrare a far parte del cast, nei prossimi giorni scioglier\u00e0 la riserva. Il senatore Antonio Razzi \u00e8 stato contattato per entrare a far parte [&hellip;]<\/p>\n","protected":false},"author":1,"featured_media":105688,"comment_status":"closed","ping_status":"closed","sticky":false,"template":"","format":"standard","meta":{"footnotes":""},"categories":[54],"tags":[51035,2098,50773,2102,2103,2095,3084,6459,1934,2128,18813,2097],"vip":[],"class_list":["post-49642","post","type-post","status-publish","format-standard","has-post-thumbnail","hentry","category-news","tag-antonio-razzi","tag-canale-5","tag-david-parenzo","tag-dichiarazioni","tag-intervista","tag-isola-dei-famosi","tag-lisola-dei-famosi","tag-politico","tag-reality","tag-reality-show","tag-senatore","tag-tv"],"yoast_head":"<title>Antonio Razzi contattato per &#039;L&#039;Isola dei Famosi&#039; - Gossip.it | News sul Gossip e VIP<\/title>\n<meta name=\"description\" content=\"Sensazionale, ma vero. Il senatore Antonio Razzi \u00e8 stato contattato dalla produzione Mediaset per partecipare da naufrago a &quot;L&#039;Isola dei Famosi&quot;. Sta\" \/>\n<meta name=\"robots\" content=\"index, follow, max-snippet:-1, max-image-preview:large, max-video-preview:-1\" \/>\n<link rel=\"canonical\" href=\"https:\/\/www.gossip.it\/news\/antonio-razzi-senatore-reality-l-isola-dei-famosi\/\" \/>\n<meta property=\"og:locale\" content=\"it_IT\" \/>\n<meta property=\"og:type\" content=\"article\" \/>\n<meta property=\"og:title\" content=\"Antonio Razzi contattato per &#039;L&#039;Isola dei Famosi&#039; - Gossip.it | News sul Gossip e VIP\" \/>\n<meta property=\"og:description\" content=\"Sensazionale, ma vero. Il senatore Antonio Razzi \u00e8 stato contattato dalla produzione Mediaset per partecipare da naufrago a &quot;L&#039;Isola dei Famosi&quot;. Sta\" \/>\n<meta property=\"og:url\" content=\"https:\/\/www.gossip.it\/news\/antonio-razzi-senatore-reality-l-isola-dei-famosi\/\" \/>\n<meta property=\"og:site_name\" content=\"Gossip.it | News sul Gossip e VIP\" \/>\n<meta property=\"article:publisher\" content=\"https:\/\/www.facebook.com\/GossipIT\" \/>\n<meta property=\"article:published_time\" content=\"2014-11-06T23:00:00+00:00\" \/>\n<meta property=\"og:image\" content=\"http:\/\/files.gossip.it\/immagini_news\/2014\/11\/1415373783_1ra.jpg\" \/>\n<meta name=\"author\" content=\"La Redazione\" \/>\n<meta name=\"twitter:card\" content=\"summary_large_image\" \/>\n<meta name=\"twitter:image\" content=\"http:\/\/files.gossip.it\/immagini_news\/2014\/11\/1415373783_1ra.jpg\" \/>\n<meta name=\"twitter:creator\" content=\"@gossinews_it\" \/>\n<meta name=\"twitter:site\" content=\"@gossinews_it\" \/>\n<meta name=\"twitter:label1\" content=\"Scritto da\" \/>\n\t<meta name=\"twitter:data1\" content=\"Annamaria Capozzi\" \/>\n\t<meta name=\"twitter:label2\" content=\"Tempo di lettura stimato\" \/>\n\t<meta name=\"twitter:data2\" content=\"2 minuti\" \/>","yoast_head_json":{"title":"Antonio Razzi contattato per 'L'Isola dei Famosi' - Gossip.it | News sul Gossip e VIP","description":"Sensazionale, ma vero. Il senatore Antonio Razzi \u00e8 stato contattato dalla produzione Mediaset per partecipare da naufrago a \"L'Isola dei Famosi\". Sta","robots":{"index":"index","follow":"follow","max-snippet":"max-snippet:-1","max-image-preview":"max-image-preview:large","max-video-preview":"max-video-preview:-1"},"canonical":"https:\/\/www.gossip.it\/news\/antonio-razzi-senatore-reality-l-isola-dei-famosi\/","og_locale":"it_IT","og_type":"article","og_title":"Antonio Razzi contattato per 'L'Isola dei Famosi' - Gossip.it | News sul Gossip e VIP","og_description":"Sensazionale, ma vero. Il senatore Antonio Razzi \u00e8 stato contattato dalla produzione Mediaset per partecipare da naufrago a \"L'Isola dei Famosi\". Sta","og_url":"https:\/\/www.gossip.it\/news\/antonio-razzi-senatore-reality-l-isola-dei-famosi\/","og_site_name":"Gossip.it | News sul Gossip e VIP","article_publisher":"https:\/\/www.facebook.com\/GossipIT","article_published_time":"2014-11-06T23:00:00+00:00","og_image":[{"url":"http:\/\/files.gossip.it\/immagini_news\/2014\/11\/1415373783_1ra.jpg"}],"author":"La Redazione","twitter_card":"summary_large_image","twitter_image":"http:\/\/files.gossip.it\/immagini_news\/2014\/11\/1415373783_1ra.jpg","twitter_creator":"@gossinews_it","twitter_site":"@gossinews_it","twitter_misc":{"Scritto da":"Annamaria Capozzi","Tempo di lettura stimato":"2 minuti"},"schema":{"@context":"https:\/\/schema.org","@graph":[{"@type":"Article","@id":"https:\/\/www.gossip.it\/news\/antonio-razzi-senatore-reality-l-isola-dei-famosi\/#article","isPartOf":{"@id":"https:\/\/www.gossip.it\/news\/antonio-razzi-senatore-reality-l-isola-dei-famosi\/"},"author":{"name":"La Redazione","@id":"https:\/\/www.gossip.it\/#\/schema\/person\/488896f75158bff1cc83c6c39d141110"},"headline":"Antonio Razzi contattato per 'L'Isola dei Famosi'","datePublished":"2014-11-06T23:00:00+00:00","dateModified":"2014-11-06T23:00:00+00:00","mainEntityOfPage":{"@id":"https:\/\/www.gossip.it\/news\/antonio-razzi-senatore-reality-l-isola-dei-famosi\/"},"wordCount":360,"publisher":{"@id":"https:\/\/www.gossip.it\/#organization"},"image":{"@id":"https:\/\/www.gossip.it\/news\/antonio-razzi-senatore-reality-l-isola-dei-famosi\/#primaryimage"},"thumbnailUrl":"http:\/\/files.gossip.it\/immagini_news\/2014\/11\/1415373783_1ra.jpg","keywords":["antonio razzi","canale 5","david parenzo","dichiarazioni","intervista","isola dei famosi","l'isola dei famosi","politico","reality","reality show","senatore","tv"],"articleSection":["News"],"inLanguage":"it-IT"},{"@type":"WebPage","@id":"https:\/\/www.gossip.it\/news\/antonio-razzi-senatore-reality-l-isola-dei-famosi\/","url":"https:\/\/www.gossip.it\/news\/antonio-razzi-senatore-reality-l-isola-dei-famosi\/","name":"Antonio Razzi contattato per 'L'Isola dei Famosi' - Gossip.it | News sul Gossip e VIP","isPartOf":{"@id":"https:\/\/www.gossip.it\/#website"},"primaryImageOfPage":{"@id":"https:\/\/www.gossip.it\/news\/antonio-razzi-senatore-reality-l-isola-dei-famosi\/#primaryimage"},"image":{"@id":"https:\/\/www.gossip.it\/news\/antonio-razzi-senatore-reality-l-isola-dei-famosi\/#primaryimage"},"thumbnailUrl":"http:\/\/files.gossip.it\/immagini_news\/2014\/11\/1415373783_1ra.jpg","datePublished":"2014-11-06T23:00:00+00:00","dateModified":"2014-11-06T23:00:00+00:00","description":"Sensazionale, ma vero. Il senatore Antonio Razzi \u00e8 stato contattato dalla produzione Mediaset per partecipare da naufrago a \"L'Isola dei Famosi\". Sta","breadcrumb":{"@id":"https:\/\/www.gossip.it\/news\/antonio-razzi-senatore-reality-l-isola-dei-famosi\/#breadcrumb"},"inLanguage":"it-IT","potentialAction":[{"@type":"ReadAction","target":["https:\/\/www.gossip.it\/news\/antonio-razzi-senatore-reality-l-isola-dei-famosi\/"]}]},{"@type":"ImageObject","inLanguage":"it-IT","@id":"https:\/\/www.gossip.it\/news\/antonio-razzi-senatore-reality-l-isola-dei-famosi\/#primaryimage","url":"http:\/\/files.gossip.it\/immagini_news\/2014\/11\/1415373783_1ra.jpg","contentUrl":"http:\/\/files.gossip.it\/immagini_news\/2014\/11\/1415373783_1ra.jpg"},{"@type":"BreadcrumbList","@id":"https:\/\/www.gossip.it\/news\/antonio-razzi-senatore-reality-l-isola-dei-famosi\/#breadcrumb","itemListElement":[{"@type":"ListItem","position":1,"name":"Home","item":"https:\/\/www.gossip.it\/"},{"@type":"ListItem","position":2,"name":"Antonio Razzi contattato per 'L'Isola dei Famosi'"}]},{"@type":"WebSite","@id":"https:\/\/www.gossip.it\/#website","url":"https:\/\/www.gossip.it\/","name":"Gossip and VIP News","description":"Quotidiano di cronaca rosa, costume e societ\u00e0","publisher":{"@id":"https:\/\/www.gossip.it\/#organization"},"alternateName":"Gossip and VIP News","potentialAction":[{"@type":"SearchAction","target":{"@type":"EntryPoint","urlTemplate":"https:\/\/www.gossip.it\/?s={search_term_string}"},"query-input":{"@type":"PropertyValueSpecification","valueRequired":true,"valueName":"search_term_string"}}],"inLanguage":"it-IT"},{"@type":"Organization","@id":"https:\/\/www.gossip.it\/#organization","name":"Gossip and VIP News","alternateName":"Gossip News","url":"https:\/\/www.gossip.it\/","logo":{"@type":"ImageObject","inLanguage":"it-IT","@id":"https:\/\/www.gossip.it\/#\/schema\/logo\/image\/","url":"https:\/\/www.gossip.it\/wp-content\/uploads\/2022\/04\/cropped-corna-alta-tiny.png","contentUrl":"https:\/\/www.gossip.it\/wp-content\/uploads\/2022\/04\/cropped-corna-alta-tiny.png","width":512,"height":512,"caption":"Gossip and VIP News"},"image":{"@id":"https:\/\/www.gossip.it\/#\/schema\/logo\/image\/"},"sameAs":["https:\/\/www.facebook.com\/GossipIT","https:\/\/x.com\/gossinews_it","https:\/\/instagram.com\/gossip_it"]},{"@type":"Person","@id":"https:\/\/www.gossip.it\/#\/schema\/person\/488896f75158bff1cc83c6c39d141110","name":"La Redazione","image":{"@type":"ImageObject","inLanguage":"it-IT","@id":"https:\/\/www.gossip.it\/#\/schema\/person\/image\/","url":"https:\/\/secure.gravatar.com\/avatar\/5a5f5c6fa3e6700e4249abdad0263a1e94e927d9e0499b1cb09c1cd29c044d80?s=96&d=mm&r=g","contentUrl":"https:\/\/secure.gravatar.com\/avatar\/5a5f5c6fa3e6700e4249abdad0263a1e94e927d9e0499b1cb09c1cd29c044d80?s=96&d=mm&r=g","caption":"La Redazione"},"sameAs":["https:\/\/www.gossip.it"]}]}},"amp_enabled":true,"_links":{"self":[{"href":"https:\/\/www.gossip.it\/api\/wp\/v2\/posts\/49642","targetHints":{"allow":["GET"]}}],"collection":[{"href":"https:\/\/www.gossip.it\/api\/wp\/v2\/posts"}],"about":[{"href":"https:\/\/www.gossip.it\/api\/wp\/v2\/types\/post"}],"author":[{"embeddable":true,"href":"https:\/\/www.gossip.it\/api\/wp\/v2\/users\/1"}],"replies":[{"embeddable":true,"href":"https:\/\/www.gossip.it\/api\/wp\/v2\/comments?post=49642"}],"version-history":[{"count":0,"href":"https:\/\/www.gossip.it\/api\/wp\/v2\/posts\/49642\/revisions"}],"wp:featuredmedia":[{"embeddable":true,"href":"https:\/\/www.gossip.it\/api\/wp\/v2\/media\/105688"}],"wp:attachment":[{"href":"https:\/\/www.gossip.it\/api\/wp\/v2\/media?parent=49642"}],"wp:term":[{"taxonomy":"category","embeddable":true,"href":"https:\/\/www.gossip.it\/api\/wp\/v2\/categories?post=49642"},{"taxonomy":"post_tag","embeddable":true,"href":"https:\/\/www.gossip.it\/api\/wp\/v2\/tags?post=49642"},{"taxonomy":"vip","embeddable":true,"href":"https:\/\/www.gossip.it\/api\/wp\/v2\/vip?post=49642"}],"curies":[{"name":"wp","href":"https:\/\/api.w.org\/{rel}","templated":true}]}}