{"id":49660,"date":"2014-11-10T00:00:00","date_gmt":"2014-11-09T23:00:00","guid":{"rendered":"https:\/\/www.gossip.it\/senza-categoria\/federica-pellegrini-natale\/"},"modified":"2014-11-10T00:00:00","modified_gmt":"2014-11-09T23:00:00","slug":"federica-pellegrini-natale","status":"publish","type":"post","link":"https:\/\/www.gossip.it\/news\/federica-pellegrini-natale\/","title":{"rendered":"Federica Pellegrini, pronta per il Natale"},"content":{"rendered":"<p>A <strong>Natale<\/strong> manca ancora un bel po', <a href=\"http:\/\/www.gossip.it\/vip\/federica-pellegrini\/\">Federica Pellegrini<\/a> per\u00f2 non vuole farsi trovare impreparata e gi\u00e0 pensa agli addobbi, non solo per l'albero, ma anche per se stessa: su Instagram la campionessa di nuoto ha pubblicato uno scatto che la ritrae davanti a delle bellissime palline decorate, da appendere sull'abete, mentre lei, sorridente, indossa un paio di ali d'angelo. <em>\"I'm ready for Christmas\"<\/em>, cinguetta divertita ai numerosi follower che la seguono sul social. Un fan, riferendosi alle ali, a <strong>Federica Pellegrini<\/strong>, accanto all'immagine, scrive: <em>\"...Non ti servono... per volare come gi\u00e0 sai fare... in acqua!!!!!!\"<\/em>. <em>\"Sempre bella\"<\/em>, commenta un altro ammiratore. Mentre l'amica <a href=\"http:\/\/www.gossip.it\/vip\/martina-colombari\/\">Martina Colombari<\/a> applaude con le emoji al grido di <em>\"Top, Top, Top\"<\/em>.<\/p>\n<figure class=\"caption\"><img decoding=\"async\" alt=\"\" src=\"http:\/\/files.gossip.it\/immagini_news\/2014\/11\/1415630773_pellegrinifn.jpg\" \/><figcaption>Federica Pellegrini, pronta per il Natale con palline decorate e ali d'angelo sulla schiena<\/figcaption><\/figure>\n<p><strong>Federica Pellegrini<\/strong> \u00e8 in pieno clima invernale, il suo pensiero \u00e8 gi\u00e0 rivolto al 25 dicembre. E sar\u00e0, anche quello del 2014, un <strong>Natale<\/strong> d'amore, al fianco del suo fidanzato e collega di vasca <a href=\"http:\/\/www.gossip.it\/vip\/filippo-magnini\/\">Filippo Magnini<\/a>. In un'altra foto social, sempre postata sul suo profilo, ecco Fede sorridente in un selfie di coppia accanto all'amato: <em>\"Prima cioccolata con panna della stagione... golosone\"<\/em>, cinguetta allegra. Ma il suo Filippo sapr\u00e0 come smaltire a forza di bracciate in acqua le calorie della gustosa bevanda, un peccato di gola di certo se lo pu\u00f2 concedere, ed \u00e8 ancora pi\u00f9 dolce sorseggiato vicino all'amata fidanzata.<\/p>\n<figure class=\"caption\"><img decoding=\"async\" alt=\"\" width=\"620\" height=\"620\" src=\"http:\/\/files.gossip.it\/immagini_news\/2014\/11\/1415630921_pellegrinifn1.jpg\" \/><figcaption>Federica Pellegrini, prima cioccolata della stagione con l'amato Filippo Magnini<\/figcaption><\/figure>\n<p><span style=\"line-height: 1.6em;\">Nonostante gli alti e bassi del passato, Federica Pellegrini e Filippo Magnini sembrano aver ritrovato nella loro relazione un ottimo equilibrio. Non solo sono tornati insieme e si amano pi\u00f9 che mai ma pensano anche al futuro, a metter su famiglia, ad avere dei figli, il primo dopo le prossime Olimpiadi. Intanto per <\/span><strong style=\"line-height: 1.6em;\">Natale<\/strong><span style=\"line-height: 1.6em;\"> la palline e le ali d'angelo sono assicurate, ora non resta che pensare ai regali da scambiarsi sotto l'albero.<\/span><\/p>\n","protected":false},"excerpt":{"rendered":"<p>A Natale manca ancora un bel po', Federica Pellegrini per\u00f2 non vuole farsi trovare impreparata e gi\u00e0 pensa agli addobbi, non solo per l'albero, ma anche per se stessa: su Instagram la campionessa di nuoto ha pubblicato uno scatto che la ritrae davanti a delle bellissime palline decorate, da appendere sull'abete, mentre lei, sorridente, indossa [&hellip;]<\/p>\n","protected":false},"author":1,"featured_media":105706,"comment_status":"closed","ping_status":"closed","sticky":false,"template":"","format":"standard","meta":{"footnotes":""},"categories":[54],"tags":[2897,22076,2387,3856,2683,12054,43628,2465,1923],"vip":[732],"class_list":["post-49660","post","type-post","status-publish","format-standard","has-post-thumbnail","hentry","category-news","tag-albero","tag-ali","tag-amore","tag-angelo","tag-campioni","tag-decorazioni","tag-filippo-mangimi","tag-natale","tag-social","vip-federica_pellegrini"],"yoast_head":"<title>Federica Pellegrini, pronta per il Natale - Gossip.it | News sul Gossip e VIP<\/title>\n<meta name=\"description\" content=\"A Natale manca ancora un bel po&#039;, Federica Pellegrini per\u00f2 non vuole farsi trovare impreparata e gi\u00e0 pensa agli addobbi, non solo per l&#039;albero, ma anche\" \/>\n<meta name=\"robots\" content=\"index, follow, max-snippet:-1, max-image-preview:large, max-video-preview:-1\" \/>\n<link rel=\"canonical\" href=\"https:\/\/www.gossip.it\/news\/federica-pellegrini-natale\/\" \/>\n<meta property=\"og:locale\" content=\"it_IT\" \/>\n<meta property=\"og:type\" content=\"article\" \/>\n<meta property=\"og:title\" content=\"Federica Pellegrini, pronta per il Natale - Gossip.it | News sul Gossip e VIP\" \/>\n<meta property=\"og:description\" content=\"A Natale manca ancora un bel po&#039;, Federica Pellegrini per\u00f2 non vuole farsi trovare impreparata e gi\u00e0 pensa agli addobbi, non solo per l&#039;albero, ma anche\" \/>\n<meta property=\"og:url\" content=\"https:\/\/www.gossip.it\/news\/federica-pellegrini-natale\/\" \/>\n<meta property=\"og:site_name\" content=\"Gossip.it | News sul Gossip e VIP\" \/>\n<meta property=\"article:publisher\" content=\"https:\/\/www.facebook.com\/GossipIT\" \/>\n<meta property=\"article:published_time\" content=\"2014-11-09T23:00:00+00:00\" \/>\n<meta property=\"og:image\" content=\"http:\/\/files.gossip.it\/immagini_news\/2014\/11\/1415630773_pellegrinifn.jpg\" \/>\n<meta name=\"author\" content=\"La Redazione\" \/>\n<meta name=\"twitter:card\" content=\"summary_large_image\" \/>\n<meta name=\"twitter:image\" content=\"http:\/\/files.gossip.it\/immagini_news\/2014\/11\/1415630773_pellegrinifn.jpg\" \/>\n<meta name=\"twitter:creator\" content=\"@gossinews_it\" \/>\n<meta name=\"twitter:site\" content=\"@gossinews_it\" \/>\n<meta name=\"twitter:label1\" content=\"Scritto da\" \/>\n\t<meta name=\"twitter:data1\" content=\"Francesca Romana Domenici\" \/>\n\t<meta name=\"twitter:label2\" content=\"Tempo di lettura stimato\" \/>\n\t<meta name=\"twitter:data2\" content=\"2 minuti\" \/>","yoast_head_json":{"title":"Federica Pellegrini, pronta per il Natale - Gossip.it | News sul Gossip e VIP","description":"A Natale manca ancora un bel po', Federica Pellegrini per\u00f2 non vuole farsi trovare impreparata e gi\u00e0 pensa agli addobbi, non solo per l'albero, ma anche","robots":{"index":"index","follow":"follow","max-snippet":"max-snippet:-1","max-image-preview":"max-image-preview:large","max-video-preview":"max-video-preview:-1"},"canonical":"https:\/\/www.gossip.it\/news\/federica-pellegrini-natale\/","og_locale":"it_IT","og_type":"article","og_title":"Federica Pellegrini, pronta per il Natale - Gossip.it | News sul Gossip e VIP","og_description":"A Natale manca ancora un bel po', Federica Pellegrini per\u00f2 non vuole farsi trovare impreparata e gi\u00e0 pensa agli addobbi, non solo per l'albero, ma anche","og_url":"https:\/\/www.gossip.it\/news\/federica-pellegrini-natale\/","og_site_name":"Gossip.it | News sul Gossip e VIP","article_publisher":"https:\/\/www.facebook.com\/GossipIT","article_published_time":"2014-11-09T23:00:00+00:00","og_image":[{"url":"http:\/\/files.gossip.it\/immagini_news\/2014\/11\/1415630773_pellegrinifn.jpg"}],"author":"La Redazione","twitter_card":"summary_large_image","twitter_image":"http:\/\/files.gossip.it\/immagini_news\/2014\/11\/1415630773_pellegrinifn.jpg","twitter_creator":"@gossinews_it","twitter_site":"@gossinews_it","twitter_misc":{"Scritto da":"Francesca Romana Domenici","Tempo di lettura stimato":"2 minuti"},"schema":{"@context":"https:\/\/schema.org","@graph":[{"@type":"Article","@id":"https:\/\/www.gossip.it\/news\/federica-pellegrini-natale\/#article","isPartOf":{"@id":"https:\/\/www.gossip.it\/news\/federica-pellegrini-natale\/"},"author":{"name":"La Redazione","@id":"https:\/\/www.gossip.it\/#\/schema\/person\/488896f75158bff1cc83c6c39d141110"},"headline":"Federica Pellegrini, pronta per il Natale","datePublished":"2014-11-09T23:00:00+00:00","dateModified":"2014-11-09T23:00:00+00:00","mainEntityOfPage":{"@id":"https:\/\/www.gossip.it\/news\/federica-pellegrini-natale\/"},"wordCount":329,"publisher":{"@id":"https:\/\/www.gossip.it\/#organization"},"image":{"@id":"https:\/\/www.gossip.it\/news\/federica-pellegrini-natale\/#primaryimage"},"thumbnailUrl":"http:\/\/files.gossip.it\/immagini_news\/2014\/11\/1415630773_pellegrinifn.jpg","keywords":["albero","ali","amore","angelo","campioni","decorazioni","filippo mangimi","natale","social"],"articleSection":["News"],"inLanguage":"it-IT"},{"@type":"WebPage","@id":"https:\/\/www.gossip.it\/news\/federica-pellegrini-natale\/","url":"https:\/\/www.gossip.it\/news\/federica-pellegrini-natale\/","name":"Federica Pellegrini, pronta per il Natale - Gossip.it | News sul Gossip e VIP","isPartOf":{"@id":"https:\/\/www.gossip.it\/#website"},"primaryImageOfPage":{"@id":"https:\/\/www.gossip.it\/news\/federica-pellegrini-natale\/#primaryimage"},"image":{"@id":"https:\/\/www.gossip.it\/news\/federica-pellegrini-natale\/#primaryimage"},"thumbnailUrl":"http:\/\/files.gossip.it\/immagini_news\/2014\/11\/1415630773_pellegrinifn.jpg","datePublished":"2014-11-09T23:00:00+00:00","dateModified":"2014-11-09T23:00:00+00:00","description":"A Natale manca ancora un bel po', Federica Pellegrini per\u00f2 non vuole farsi trovare impreparata e gi\u00e0 pensa agli addobbi, non solo per l'albero, ma anche","breadcrumb":{"@id":"https:\/\/www.gossip.it\/news\/federica-pellegrini-natale\/#breadcrumb"},"inLanguage":"it-IT","potentialAction":[{"@type":"ReadAction","target":["https:\/\/www.gossip.it\/news\/federica-pellegrini-natale\/"]}]},{"@type":"ImageObject","inLanguage":"it-IT","@id":"https:\/\/www.gossip.it\/news\/federica-pellegrini-natale\/#primaryimage","url":"http:\/\/files.gossip.it\/immagini_news\/2014\/11\/1415630773_pellegrinifn.jpg","contentUrl":"http:\/\/files.gossip.it\/immagini_news\/2014\/11\/1415630773_pellegrinifn.jpg"},{"@type":"BreadcrumbList","@id":"https:\/\/www.gossip.it\/news\/federica-pellegrini-natale\/#breadcrumb","itemListElement":[{"@type":"ListItem","position":1,"name":"Home","item":"https:\/\/www.gossip.it\/"},{"@type":"ListItem","position":2,"name":"Federica Pellegrini, pronta per il Natale"}]},{"@type":"WebSite","@id":"https:\/\/www.gossip.it\/#website","url":"https:\/\/www.gossip.it\/","name":"Gossip and VIP News","description":"Quotidiano di cronaca rosa, costume e societ\u00e0","publisher":{"@id":"https:\/\/www.gossip.it\/#organization"},"alternateName":"Gossip and VIP News","potentialAction":[{"@type":"SearchAction","target":{"@type":"EntryPoint","urlTemplate":"https:\/\/www.gossip.it\/?s={search_term_string}"},"query-input":{"@type":"PropertyValueSpecification","valueRequired":true,"valueName":"search_term_string"}}],"inLanguage":"it-IT"},{"@type":"Organization","@id":"https:\/\/www.gossip.it\/#organization","name":"Gossip and VIP News","alternateName":"Gossip News","url":"https:\/\/www.gossip.it\/","logo":{"@type":"ImageObject","inLanguage":"it-IT","@id":"https:\/\/www.gossip.it\/#\/schema\/logo\/image\/","url":"https:\/\/www.gossip.it\/wp-content\/uploads\/2022\/04\/cropped-corna-alta-tiny.png","contentUrl":"https:\/\/www.gossip.it\/wp-content\/uploads\/2022\/04\/cropped-corna-alta-tiny.png","width":512,"height":512,"caption":"Gossip and VIP News"},"image":{"@id":"https:\/\/www.gossip.it\/#\/schema\/logo\/image\/"},"sameAs":["https:\/\/www.facebook.com\/GossipIT","https:\/\/x.com\/gossinews_it","https:\/\/instagram.com\/gossip_it"]},{"@type":"Person","@id":"https:\/\/www.gossip.it\/#\/schema\/person\/488896f75158bff1cc83c6c39d141110","name":"La Redazione","image":{"@type":"ImageObject","inLanguage":"it-IT","@id":"https:\/\/www.gossip.it\/#\/schema\/person\/image\/","url":"https:\/\/secure.gravatar.com\/avatar\/5a5f5c6fa3e6700e4249abdad0263a1e94e927d9e0499b1cb09c1cd29c044d80?s=96&d=mm&r=g","contentUrl":"https:\/\/secure.gravatar.com\/avatar\/5a5f5c6fa3e6700e4249abdad0263a1e94e927d9e0499b1cb09c1cd29c044d80?s=96&d=mm&r=g","caption":"La Redazione"},"sameAs":["https:\/\/www.gossip.it"]}]}},"amp_enabled":true,"_links":{"self":[{"href":"https:\/\/www.gossip.it\/api\/wp\/v2\/posts\/49660","targetHints":{"allow":["GET"]}}],"collection":[{"href":"https:\/\/www.gossip.it\/api\/wp\/v2\/posts"}],"about":[{"href":"https:\/\/www.gossip.it\/api\/wp\/v2\/types\/post"}],"author":[{"embeddable":true,"href":"https:\/\/www.gossip.it\/api\/wp\/v2\/users\/1"}],"replies":[{"embeddable":true,"href":"https:\/\/www.gossip.it\/api\/wp\/v2\/comments?post=49660"}],"version-history":[{"count":0,"href":"https:\/\/www.gossip.it\/api\/wp\/v2\/posts\/49660\/revisions"}],"wp:featuredmedia":[{"embeddable":true,"href":"https:\/\/www.gossip.it\/api\/wp\/v2\/media\/105706"}],"wp:attachment":[{"href":"https:\/\/www.gossip.it\/api\/wp\/v2\/media?parent=49660"}],"wp:term":[{"taxonomy":"category","embeddable":true,"href":"https:\/\/www.gossip.it\/api\/wp\/v2\/categories?post=49660"},{"taxonomy":"post_tag","embeddable":true,"href":"https:\/\/www.gossip.it\/api\/wp\/v2\/tags?post=49660"},{"taxonomy":"vip","embeddable":true,"href":"https:\/\/www.gossip.it\/api\/wp\/v2\/vip?post=49660"}],"curies":[{"name":"wp","href":"https:\/\/api.w.org\/{rel}","templated":true}]}}