{"id":49672,"date":"2014-11-11T00:00:00","date_gmt":"2014-11-10T23:00:00","guid":{"rendered":"https:\/\/www.gossip.it\/senza-categoria\/alexandre-pato-fiorella-mattheis\/"},"modified":"2014-11-11T00:00:00","modified_gmt":"2014-11-10T23:00:00","slug":"alexandre-pato-fiorella-mattheis","status":"publish","type":"post","link":"https:\/\/www.gossip.it\/news\/alexandre-pato-fiorella-mattheis\/","title":{"rendered":"Alexandre Pato, ora c'\u00e8 Fiorella Mattheis"},"content":{"rendered":"<p>Il legame con <a href=\"http:\/\/www.gossip.it\/vip\/barbara-berlusconi\/\">Barbara Berlusconi<\/a> \u00e8 stato lungo e intenso. Dopo l'<a href=\"http:\/\/www.gossip.it\/vip\/addio\/\">addio<\/a>, per <a href=\"http:\/\/www.gossip.it\/vip\/alexandre-pato\/\">Alexandre Pato<\/a>, tornato in patria, non c'\u00e8 pi\u00f9 stata pace in amore. L'ex <a href=\"http:\/\/www.gossip.it\/vip\/calciatore\/\">calciatore<\/a> del <em>Milan<\/em> \u00e8 stato legato per quasi un anno a \u00a0<a href=\"http:\/\/www.gossip.it\/vip\/sophia-mattar\/\">Sophia Mattar<\/a>, detta <a href=\"http:\/\/www.gossip.it\/vip\/pingo\/\">Pingo<\/a>. A luglio scorso <strong>Alexandre Pato<\/strong> \u00e8 tornato single, ma per poco. Da circa un mese al suo fianco c'\u00e8 la bellissima e bionda, proprio come la figlia dell'ex premier <em>Silvio<\/em>, <strong>Fiorella Mattheis<\/strong>.<\/p>\n<figure class=\"caption\"><img decoding=\"async\" alt=\"\" width=\"620\" height=\"625\" src=\"http:\/\/files.gossip.it\/immagini_news\/2014\/11\/1415713057_1pa.jpg\" \/><figcaption>Alexandre Pato si fa un selfie al GP di Interlagos con la fidanzata Fiorella Mattheis e il patron della F1 Bernie Ecclestone<\/figcaption><\/figure>\n<p>Il giocatore \u00e8 arrivato al suo fianco al Gran Premio di Interlagos in Brasile domenica scorsa, 9 novembre. <strong>Alexandre Pato<\/strong> ha posato mano nella mano con <strong>Fiorella Mattheis<\/strong> per i tanti fotografi presenti. Poi ha voluto postare sul suo profilo su <em>Instagram<\/em> uno scatto in cui \u00e8 immortalato in primo piano con la 26enne e con il patron della Formula Uno <a href=\"http:\/\/www.gossip.it\/vip\/bernie-ecclestone\/\">Bernie Ecclestone<\/a>.<\/p>\n<figure class=\"caption\"><img decoding=\"async\" alt=\"\" width=\"620\" height=\"614\" src=\"http:\/\/files.gossip.it\/immagini_news\/2014\/11\/1415713106_2pa.jpg\" \/><figcaption>La bionda 26enne \u00e8 figlia del pilota Andreas Mattheis e nel rign \u00e8 veramente a suo agio<\/figcaption><\/figure>\n<p>Tra i due la sintonia \u00e8 massima. <strong>Fiorella Mattheis<\/strong>\u00a0\u00e8 una <a href=\"http:\/\/www.gossip.it\/vip\/showgirl\/\">showgirl<\/a>, <a href=\"http:\/\/www.gossip.it\/vip\/attrice\/\">attrice<\/a> e <a href=\"http:\/\/www.gossip.it\/vip\/modella\/\">modella<\/a> verdeoro, nata a Petr\u00f3polis, Rio de Janeiro, il 10 febbraio 1988. Corpo da favola e viso tutto da guardare, la bionda lo scorso agosto ha detto <a href=\"http:\/\/www.gossip.it\/vip\/addio\/\">addio<\/a> al marito, l'ex judoca e presentatore <em>Fl\u00e0vio Canto<\/em>, dopo poco pi\u00f9 di un anno di <a href=\"http:\/\/www.gossip.it\/vip\/matrimonio\/\">matrimonio<\/a>. Ultimanete intervistata, la Mattheis non ha voluto rispondere ai giornalisti che le chiedevano notizie sulla relazione appena iniziata con il <a href=\"http:\/\/www.gossip.it\/vip\/papero\/\">Papero<\/a>, ma ormai sembra davvero evidente il loro legame.<\/p>\n<figure class=\"caption\"><img decoding=\"async\" alt=\"\" width=\"620\" height=\"608\" src=\"http:\/\/files.gossip.it\/immagini_news\/2014\/11\/1415713148_3pa.jpg\" \/><figcaption>Attrice, modella, showgirl, Fiorella da circa un mese \u00e8 inseparabile dal Papero, ex di Barbara Berlusconi<\/figcaption><\/figure>\n<p>Tutto \u00e8 iniziato quando i due sono stati papaprazzati in un ristorante nel centro di San Paolo, i rumors sono diventati insistenti. Figlia di un pilota, <em>Andreas Mattheis<\/em>, nel ring \u00e8 apparsa perfettamente a suo agio. <a href=\"http:\/\/www.gossip.it\/vip\/pato\/\">Pato<\/a>, che ora gioca nel <em>Corinthians<\/em>, \u00e8 pure lui reduce da un <a href=\"http:\/\/www.gossip.it\/vip\/matrimonio\/\">matrimonio<\/a>: tra il 2009 e il 2010 \u00e8 stato sposato con l'<a href=\"http:\/\/www.gossip.it\/vip\/attrice\/\">attrice<\/a> brasiliana <a href=\"http:\/\/www.gossip.it\/vip\/sthefany-brito\/\">Sthefany Brito<\/a>, ma il legame \u00e8 durato meno di un anno. Ora, finalmente, trover\u00e0 la stabilit\u00e0 sentimentale che da sempre cerca? Solo il tempo potr\u00e0 rivelarlo.<\/p>\n<p>\u00a0<\/p>\n","protected":false},"excerpt":{"rendered":"<p>Il legame con Barbara Berlusconi \u00e8 stato lungo e intenso. Dopo l'addio, per Alexandre Pato, tornato in patria, non c'\u00e8 pi\u00f9 stata pace in amore. L'ex calciatore del Milan \u00e8 stato legato per quasi un anno a \u00a0Sophia Mattar, detta Pingo. A luglio scorso Alexandre Pato \u00e8 tornato single, ma per poco. Da circa un [&hellip;]<\/p>\n","protected":false},"author":1,"featured_media":105718,"comment_status":"closed","ping_status":"closed","sticky":false,"template":"","format":"standard","meta":{"footnotes":""},"categories":[54],"tags":[31099,1983,22456,2218,2180,51048,2140,37368,2121,3075,1997,28340,46273,1967,1923,44955],"vip":[],"class_list":["post-49672","post","type-post","status-publish","format-standard","has-post-thumbnail","hentry","category-news","tag-alexandre-pato","tag-attrice","tag-barbara-berlusconi","tag-calciatore","tag-fidanzata","tag-fiorella-mattheis","tag-flirt","tag-in-love","tag-instagram","tag-liaison","tag-modella","tag-pato","tag-pingo-mattar","tag-showgirl","tag-social","tag-sophia-mattar"],"yoast_head":"<title>Alexandre Pato, ora c&#039;\u00e8 Fiorella Mattheis - Gossip.it | News sul Gossip e VIP<\/title>\n<meta name=\"description\" content=\"Il legame con Barbara Berlusconi \u00e8 stato lungo e intenso. Dopo l&#039;addio, per Alexandre Pato, tornato in patria, non c&#039;\u00e8 pi\u00f9 stata pace in amore. L&#039;ex\" \/>\n<meta name=\"robots\" content=\"index, follow, max-snippet:-1, max-image-preview:large, max-video-preview:-1\" \/>\n<link rel=\"canonical\" href=\"https:\/\/www.gossip.it\/news\/alexandre-pato-fiorella-mattheis\/\" \/>\n<meta property=\"og:locale\" content=\"it_IT\" \/>\n<meta property=\"og:type\" content=\"article\" \/>\n<meta property=\"og:title\" content=\"Alexandre Pato, ora c&#039;\u00e8 Fiorella Mattheis - Gossip.it | News sul Gossip e VIP\" \/>\n<meta property=\"og:description\" content=\"Il legame con Barbara Berlusconi \u00e8 stato lungo e intenso. Dopo l&#039;addio, per Alexandre Pato, tornato in patria, non c&#039;\u00e8 pi\u00f9 stata pace in amore. L&#039;ex\" \/>\n<meta property=\"og:url\" content=\"https:\/\/www.gossip.it\/news\/alexandre-pato-fiorella-mattheis\/\" \/>\n<meta property=\"og:site_name\" content=\"Gossip.it | News sul Gossip e VIP\" \/>\n<meta property=\"article:publisher\" content=\"https:\/\/www.facebook.com\/GossipIT\" \/>\n<meta property=\"article:published_time\" content=\"2014-11-10T23:00:00+00:00\" \/>\n<meta property=\"og:image\" content=\"http:\/\/files.gossip.it\/immagini_news\/2014\/11\/1415713057_1pa.jpg\" \/>\n<meta name=\"author\" content=\"La Redazione\" \/>\n<meta name=\"twitter:card\" content=\"summary_large_image\" \/>\n<meta name=\"twitter:image\" content=\"http:\/\/files.gossip.it\/immagini_news\/2014\/11\/1415713057_1pa.jpg\" \/>\n<meta name=\"twitter:creator\" content=\"@gossinews_it\" \/>\n<meta name=\"twitter:site\" content=\"@gossinews_it\" \/>\n<meta name=\"twitter:label1\" content=\"Scritto da\" \/>\n\t<meta name=\"twitter:data1\" content=\"Annamaria Capozzi\" \/>\n\t<meta name=\"twitter:label2\" content=\"Tempo di lettura stimato\" \/>\n\t<meta name=\"twitter:data2\" content=\"2 minuti\" \/>","yoast_head_json":{"title":"Alexandre Pato, ora c'\u00e8 Fiorella Mattheis - Gossip.it | News sul Gossip e VIP","description":"Il legame con Barbara Berlusconi \u00e8 stato lungo e intenso. Dopo l'addio, per Alexandre Pato, tornato in patria, non c'\u00e8 pi\u00f9 stata pace in amore. L'ex","robots":{"index":"index","follow":"follow","max-snippet":"max-snippet:-1","max-image-preview":"max-image-preview:large","max-video-preview":"max-video-preview:-1"},"canonical":"https:\/\/www.gossip.it\/news\/alexandre-pato-fiorella-mattheis\/","og_locale":"it_IT","og_type":"article","og_title":"Alexandre Pato, ora c'\u00e8 Fiorella Mattheis - Gossip.it | News sul Gossip e VIP","og_description":"Il legame con Barbara Berlusconi \u00e8 stato lungo e intenso. Dopo l'addio, per Alexandre Pato, tornato in patria, non c'\u00e8 pi\u00f9 stata pace in amore. L'ex","og_url":"https:\/\/www.gossip.it\/news\/alexandre-pato-fiorella-mattheis\/","og_site_name":"Gossip.it | News sul Gossip e VIP","article_publisher":"https:\/\/www.facebook.com\/GossipIT","article_published_time":"2014-11-10T23:00:00+00:00","og_image":[{"url":"http:\/\/files.gossip.it\/immagini_news\/2014\/11\/1415713057_1pa.jpg"}],"author":"La Redazione","twitter_card":"summary_large_image","twitter_image":"http:\/\/files.gossip.it\/immagini_news\/2014\/11\/1415713057_1pa.jpg","twitter_creator":"@gossinews_it","twitter_site":"@gossinews_it","twitter_misc":{"Scritto da":"Annamaria Capozzi","Tempo di lettura stimato":"2 minuti"},"schema":{"@context":"https:\/\/schema.org","@graph":[{"@type":"Article","@id":"https:\/\/www.gossip.it\/news\/alexandre-pato-fiorella-mattheis\/#article","isPartOf":{"@id":"https:\/\/www.gossip.it\/news\/alexandre-pato-fiorella-mattheis\/"},"author":{"name":"La Redazione","@id":"https:\/\/www.gossip.it\/#\/schema\/person\/488896f75158bff1cc83c6c39d141110"},"headline":"Alexandre Pato, ora c'\u00e8 Fiorella Mattheis","datePublished":"2014-11-10T23:00:00+00:00","dateModified":"2014-11-10T23:00:00+00:00","mainEntityOfPage":{"@id":"https:\/\/www.gossip.it\/news\/alexandre-pato-fiorella-mattheis\/"},"wordCount":358,"publisher":{"@id":"https:\/\/www.gossip.it\/#organization"},"image":{"@id":"https:\/\/www.gossip.it\/news\/alexandre-pato-fiorella-mattheis\/#primaryimage"},"thumbnailUrl":"http:\/\/files.gossip.it\/immagini_news\/2014\/11\/1415713057_1pa.jpg","keywords":["alexandre pato","attrice","barbara berlusconi","calciatore","fidanzata","fiorella mattheis","flirt","in love","instagram","liaison","modella","pato","pingo mattar","showgirl","social","sophia mattar"],"articleSection":["News"],"inLanguage":"it-IT"},{"@type":"WebPage","@id":"https:\/\/www.gossip.it\/news\/alexandre-pato-fiorella-mattheis\/","url":"https:\/\/www.gossip.it\/news\/alexandre-pato-fiorella-mattheis\/","name":"Alexandre Pato, ora c'\u00e8 Fiorella Mattheis - Gossip.it | News sul Gossip e VIP","isPartOf":{"@id":"https:\/\/www.gossip.it\/#website"},"primaryImageOfPage":{"@id":"https:\/\/www.gossip.it\/news\/alexandre-pato-fiorella-mattheis\/#primaryimage"},"image":{"@id":"https:\/\/www.gossip.it\/news\/alexandre-pato-fiorella-mattheis\/#primaryimage"},"thumbnailUrl":"http:\/\/files.gossip.it\/immagini_news\/2014\/11\/1415713057_1pa.jpg","datePublished":"2014-11-10T23:00:00+00:00","dateModified":"2014-11-10T23:00:00+00:00","description":"Il legame con Barbara Berlusconi \u00e8 stato lungo e intenso. Dopo l'addio, per Alexandre Pato, tornato in patria, non c'\u00e8 pi\u00f9 stata pace in amore. L'ex","breadcrumb":{"@id":"https:\/\/www.gossip.it\/news\/alexandre-pato-fiorella-mattheis\/#breadcrumb"},"inLanguage":"it-IT","potentialAction":[{"@type":"ReadAction","target":["https:\/\/www.gossip.it\/news\/alexandre-pato-fiorella-mattheis\/"]}]},{"@type":"ImageObject","inLanguage":"it-IT","@id":"https:\/\/www.gossip.it\/news\/alexandre-pato-fiorella-mattheis\/#primaryimage","url":"http:\/\/files.gossip.it\/immagini_news\/2014\/11\/1415713057_1pa.jpg","contentUrl":"http:\/\/files.gossip.it\/immagini_news\/2014\/11\/1415713057_1pa.jpg"},{"@type":"BreadcrumbList","@id":"https:\/\/www.gossip.it\/news\/alexandre-pato-fiorella-mattheis\/#breadcrumb","itemListElement":[{"@type":"ListItem","position":1,"name":"Home","item":"https:\/\/www.gossip.it\/"},{"@type":"ListItem","position":2,"name":"Alexandre Pato, ora c'\u00e8 Fiorella Mattheis"}]},{"@type":"WebSite","@id":"https:\/\/www.gossip.it\/#website","url":"https:\/\/www.gossip.it\/","name":"Gossip and VIP News","description":"Quotidiano di cronaca rosa, costume e societ\u00e0","publisher":{"@id":"https:\/\/www.gossip.it\/#organization"},"alternateName":"Gossip and VIP News","potentialAction":[{"@type":"SearchAction","target":{"@type":"EntryPoint","urlTemplate":"https:\/\/www.gossip.it\/?s={search_term_string}"},"query-input":{"@type":"PropertyValueSpecification","valueRequired":true,"valueName":"search_term_string"}}],"inLanguage":"it-IT"},{"@type":"Organization","@id":"https:\/\/www.gossip.it\/#organization","name":"Gossip and VIP News","alternateName":"Gossip News","url":"https:\/\/www.gossip.it\/","logo":{"@type":"ImageObject","inLanguage":"it-IT","@id":"https:\/\/www.gossip.it\/#\/schema\/logo\/image\/","url":"https:\/\/www.gossip.it\/wp-content\/uploads\/2022\/04\/cropped-corna-alta-tiny.png","contentUrl":"https:\/\/www.gossip.it\/wp-content\/uploads\/2022\/04\/cropped-corna-alta-tiny.png","width":512,"height":512,"caption":"Gossip and VIP News"},"image":{"@id":"https:\/\/www.gossip.it\/#\/schema\/logo\/image\/"},"sameAs":["https:\/\/www.facebook.com\/GossipIT","https:\/\/x.com\/gossinews_it","https:\/\/instagram.com\/gossip_it"]},{"@type":"Person","@id":"https:\/\/www.gossip.it\/#\/schema\/person\/488896f75158bff1cc83c6c39d141110","name":"La Redazione","image":{"@type":"ImageObject","inLanguage":"it-IT","@id":"https:\/\/www.gossip.it\/#\/schema\/person\/image\/","url":"https:\/\/secure.gravatar.com\/avatar\/5a5f5c6fa3e6700e4249abdad0263a1e94e927d9e0499b1cb09c1cd29c044d80?s=96&d=mm&r=g","contentUrl":"https:\/\/secure.gravatar.com\/avatar\/5a5f5c6fa3e6700e4249abdad0263a1e94e927d9e0499b1cb09c1cd29c044d80?s=96&d=mm&r=g","caption":"La Redazione"},"sameAs":["https:\/\/www.gossip.it"]}]}},"amp_enabled":true,"_links":{"self":[{"href":"https:\/\/www.gossip.it\/api\/wp\/v2\/posts\/49672","targetHints":{"allow":["GET"]}}],"collection":[{"href":"https:\/\/www.gossip.it\/api\/wp\/v2\/posts"}],"about":[{"href":"https:\/\/www.gossip.it\/api\/wp\/v2\/types\/post"}],"author":[{"embeddable":true,"href":"https:\/\/www.gossip.it\/api\/wp\/v2\/users\/1"}],"replies":[{"embeddable":true,"href":"https:\/\/www.gossip.it\/api\/wp\/v2\/comments?post=49672"}],"version-history":[{"count":0,"href":"https:\/\/www.gossip.it\/api\/wp\/v2\/posts\/49672\/revisions"}],"wp:featuredmedia":[{"embeddable":true,"href":"https:\/\/www.gossip.it\/api\/wp\/v2\/media\/105718"}],"wp:attachment":[{"href":"https:\/\/www.gossip.it\/api\/wp\/v2\/media?parent=49672"}],"wp:term":[{"taxonomy":"category","embeddable":true,"href":"https:\/\/www.gossip.it\/api\/wp\/v2\/categories?post=49672"},{"taxonomy":"post_tag","embeddable":true,"href":"https:\/\/www.gossip.it\/api\/wp\/v2\/tags?post=49672"},{"taxonomy":"vip","embeddable":true,"href":"https:\/\/www.gossip.it\/api\/wp\/v2\/vip?post=49672"}],"curies":[{"name":"wp","href":"https:\/\/api.w.org\/{rel}","templated":true}]}}