{"id":49716,"date":"2014-11-14T00:00:00","date_gmt":"2014-11-13T23:00:00","guid":{"rendered":"https:\/\/www.gossip.it\/senza-categoria\/raffaella-carra-lorella-cuccarini\/"},"modified":"2014-11-14T00:00:00","modified_gmt":"2014-11-13T23:00:00","slug":"raffaella-carra-lorella-cuccarini","status":"publish","type":"post","link":"https:\/\/www.gossip.it\/news\/raffaella-carra-lorella-cuccarini\/","title":{"rendered":"Lorella Cuccarini: 'Raffaella Carr\u00e0, una delusione'"},"content":{"rendered":"<p><a href=\"http:\/\/www.gossip.it\/vip\/raffaella-carr\u00e0\/\">Raffaella Carr\u00e0<\/a> in primavera torner\u00e0 su Raiuno con un nuovo programma televisivo, un talent, \"Forte forte forte\". <a href=\"http:\/\/www.gossip.it\/vip\/lorella-cuccarini\/\">Lorella Cuccarini<\/a> ha incontrato la regina della tv italiana che le aveva assicurato un posto come giurata nel suo show. La bionda conduttrice, in previsione di questo impegno, ha anche modificato la sua agenda, dando la disponibilit\u00e0 di andare in scena con \"Rapunzel\" solo al Teatro Brancaccio. Peccato che tanti sforzi siano risultati vani, <strong>Lorella Cuccarini<\/strong>, senza nessun motivo plausibile, ma soprattutto senza nessuna spiegazione da parte della stessa <strong>Raffaella Carr\u00e0<\/strong>, ha saputo di non far pi\u00f9 parte del progetto.\u00a0<\/p>\n<figure class=\"caption\"><img decoding=\"async\" alt=\"\" width=\"620\" height=\"350\" src=\"http:\/\/files.gossip.it\/immagini_news\/2014\/11\/1415966902_1-3.jpg\" \/><figcaption>Lorella Cuccarini a Raffaella Carr\u00e0: 'Sei stata una delusione', la conduttrice fatta fuori dal nuovo talent 'Forte forte forte'<\/figcaption><\/figure>\n<p><span style=\"line-height: 1.6em;\">La stessa <\/span><strong style=\"line-height: 1.6em;\">Lorella Cuccarini<\/strong><span style=\"line-height: 1.6em;\"> ha raccontato quanto accaduto sul suo blog, lo ha fatto con un post dal titolo \"Buona fortuna Raffaella\": <\/span><em style=\"line-height: 1.6em;\">\"Nel rilasciare certe dichiarazioni si rischia sempre di fare la parte del perdente. E io so di avere tutto da perdere, ma ho deciso di parlare\u00a0perch\u00e9 credo sia arrivato il momento di segnalare, pubblicamente, l\u2019imbarbarimento a cui siamo arrivati<\/em><span style=\"line-height: 1.6em;\"> - esordisce l'ex ballerina - <\/span><em style=\"line-height: 1.6em;\">Ormai da tempo non ci sono pi\u00f9 regole. Non ci si pu\u00f2 fidare di nessuno\"<\/em><span style=\"line-height: 1.6em;\">.\u00a0 <\/span><em style=\"line-height: 1.6em;\">\"All\u2019inizio di settembre<\/em><span style=\"line-height: 1.6em;\"> - svela la Cucccarini -<\/span><em style=\"line-height: 1.6em;\"> sono stata chiamata da <strong>Raffaella Carr\u00e0<\/strong>. Non mi sono trovata ad un incontro formale come tanti ma di fronte ad una vera e propria dichiarazione d\u2019amore. Raffaella ha avuto per me parole splendide. \u00a0Insomma, un appuntamento dal quale sono uscita con l\u2019idea di iniziare un\u2019entusiasmante avventura insieme, nel suo nuovo programma. La trattativa con la Rai si chiude in tempi brevissimi e, sulla base degli impegni presi, programmo il lavoro a teatro con Rapunzel solo al Brancaccio. Nelle scorse settimane, sono stata ripetutamente citata e confermata come giudice, su molte testate cartacee e on line. Per seriet\u00e0, non ho mai rilasciato dichiarazioni in merito perch\u00e9 ritenevo opportuno fosse Raffaella la prima a dare la comunicazione ufficiale. Che non \u00e8 arrivata. Anzi. Qualche giorno fa, Bibi Ballandi ha riferito al mio manager <\/em><a href=\"http:\/\/www.gossip.it\/vip\/lucio-presta\/\">Lucio Presta<\/a><em style=\"line-height: 1.6em;\"> che ci sono stati dei ripensamenti. Ballandi. Non una parola da parte di Raffaella. Non una spiegazione. Provo una profonda amarezza. Soprattutto perch\u00e9 la responsabile di tutto questo \u00e8 uno dei personaggi che ho pi\u00f9 amato nella mia infanzia e nella mia vita professionale. Il personaggio, appunto. La persona non la conoscevo affatto. In trent\u2019anni di carriera non l\u2019avevo mai incontrata. Ne star\u00f2 molto lontana anche per i prossimi trenta. Buona fortuna Raffaella!\"<\/em><\/p>\n<figure class=\"caption\"><img decoding=\"async\" alt=\"\" width=\"620\" height=\"257\" src=\"http:\/\/files.gossip.it\/immagini_news\/2014\/11\/1415967000_2-3.jpg\" \/><figcaption>Il tweet di Lorella Cuccarini rivolto a Raffaella Carr\u00e0 che, senza una motivazione, non l'ha pi\u00f9 voluta nel suo nuovo programma<\/figcaption><\/figure>\n<p><span style=\"line-height: 1.6em;\">Lorella sul social ha ribadito il concetto, rincarando la dose e mandando un cinguettio tagliente direttamente alla<\/span><strong style=\"line-height: 1.6em;\">\u00a0Carr\u00e0<\/strong><span style=\"line-height: 1.6em;\">: <\/span><em style=\"line-height: 1.6em;\">\"Non ci si amo incontrate per 30 anni. Spero di non incontrarti nei prossimi 30. Umanamente sei stata una delusione\"<\/em><span style=\"line-height: 1.6em;\">.<\/span><\/p>\n","protected":false},"excerpt":{"rendered":"<p>Raffaella Carr\u00e0 in primavera torner\u00e0 su Raiuno con un nuovo programma televisivo, un talent, \"Forte forte forte\". Lorella Cuccarini ha incontrato la regina della tv italiana che le aveva assicurato un posto come giurata nel suo show. La bionda conduttrice, in previsione di questo impegno, ha anche modificato la sua agenda, dando la disponibilit\u00e0 di [&hellip;]<\/p>\n","protected":false},"author":1,"featured_media":105762,"comment_status":"closed","ping_status":"closed","sticky":false,"template":"","format":"standard","meta":{"footnotes":""},"categories":[54],"tags":[7312,1992,9006,7730,51066,4938,3595,5940],"vip":[1122],"class_list":["post-49716","post","type-post","status-publish","format-standard","has-post-thumbnail","hentry","category-news","tag-blog","tag-conduttrice","tag-forte-forte-forte","tag-lite","tag-raffaellla-carra","tag-raiuno","tag-talent-show","tag-talent","vip-lorella_cuccarini"],"yoast_head":"<title>Lorella Cuccarini: &#039;Raffaella Carr\u00e0, una delusione&#039; - Gossip.it | News sul Gossip e VIP<\/title>\n<meta name=\"description\" content=\"Raffaella Carr\u00e0 in primavera torner\u00e0 su Raiuno con un nuovo programma televisivo, un talent, &quot;Forte forte forte&quot;. Lorella Cuccarini ha incontrato la\" \/>\n<meta name=\"robots\" content=\"index, follow, max-snippet:-1, max-image-preview:large, max-video-preview:-1\" \/>\n<link rel=\"canonical\" href=\"https:\/\/www.gossip.it\/news\/raffaella-carra-lorella-cuccarini\/\" \/>\n<meta property=\"og:locale\" content=\"it_IT\" \/>\n<meta property=\"og:type\" content=\"article\" \/>\n<meta property=\"og:title\" content=\"Lorella Cuccarini: &#039;Raffaella Carr\u00e0, una delusione&#039; - Gossip.it | News sul Gossip e VIP\" \/>\n<meta property=\"og:description\" content=\"Raffaella Carr\u00e0 in primavera torner\u00e0 su Raiuno con un nuovo programma televisivo, un talent, &quot;Forte forte forte&quot;. Lorella Cuccarini ha incontrato la\" \/>\n<meta property=\"og:url\" content=\"https:\/\/www.gossip.it\/news\/raffaella-carra-lorella-cuccarini\/\" \/>\n<meta property=\"og:site_name\" content=\"Gossip.it | News sul Gossip e VIP\" \/>\n<meta property=\"article:publisher\" content=\"https:\/\/www.facebook.com\/GossipIT\" \/>\n<meta property=\"article:published_time\" content=\"2014-11-13T23:00:00+00:00\" \/>\n<meta property=\"og:image\" content=\"http:\/\/files.gossip.it\/immagini_news\/2014\/11\/1415966902_1-3.jpg\" \/>\n<meta name=\"author\" content=\"La Redazione\" \/>\n<meta name=\"twitter:card\" content=\"summary_large_image\" \/>\n<meta name=\"twitter:image\" content=\"http:\/\/files.gossip.it\/immagini_news\/2014\/11\/1415966902_1-3.jpg\" \/>\n<meta name=\"twitter:creator\" content=\"@gossinews_it\" \/>\n<meta name=\"twitter:site\" content=\"@gossinews_it\" \/>\n<meta name=\"twitter:label1\" content=\"Scritto da\" \/>\n\t<meta name=\"twitter:data1\" content=\"Francesca Romana Domenici\" \/>\n\t<meta name=\"twitter:label2\" content=\"Tempo di lettura stimato\" \/>\n\t<meta name=\"twitter:data2\" content=\"2 minuti\" \/>","yoast_head_json":{"title":"Lorella Cuccarini: 'Raffaella Carr\u00e0, una delusione' - Gossip.it | News sul Gossip e VIP","description":"Raffaella Carr\u00e0 in primavera torner\u00e0 su Raiuno con un nuovo programma televisivo, un talent, \"Forte forte forte\". Lorella Cuccarini ha incontrato la","robots":{"index":"index","follow":"follow","max-snippet":"max-snippet:-1","max-image-preview":"max-image-preview:large","max-video-preview":"max-video-preview:-1"},"canonical":"https:\/\/www.gossip.it\/news\/raffaella-carra-lorella-cuccarini\/","og_locale":"it_IT","og_type":"article","og_title":"Lorella Cuccarini: 'Raffaella Carr\u00e0, una delusione' - Gossip.it | News sul Gossip e VIP","og_description":"Raffaella Carr\u00e0 in primavera torner\u00e0 su Raiuno con un nuovo programma televisivo, un talent, \"Forte forte forte\". Lorella Cuccarini ha incontrato la","og_url":"https:\/\/www.gossip.it\/news\/raffaella-carra-lorella-cuccarini\/","og_site_name":"Gossip.it | News sul Gossip e VIP","article_publisher":"https:\/\/www.facebook.com\/GossipIT","article_published_time":"2014-11-13T23:00:00+00:00","og_image":[{"url":"http:\/\/files.gossip.it\/immagini_news\/2014\/11\/1415966902_1-3.jpg"}],"author":"La Redazione","twitter_card":"summary_large_image","twitter_image":"http:\/\/files.gossip.it\/immagini_news\/2014\/11\/1415966902_1-3.jpg","twitter_creator":"@gossinews_it","twitter_site":"@gossinews_it","twitter_misc":{"Scritto da":"Francesca Romana Domenici","Tempo di lettura stimato":"2 minuti"},"schema":{"@context":"https:\/\/schema.org","@graph":[{"@type":"Article","@id":"https:\/\/www.gossip.it\/news\/raffaella-carra-lorella-cuccarini\/#article","isPartOf":{"@id":"https:\/\/www.gossip.it\/news\/raffaella-carra-lorella-cuccarini\/"},"author":{"name":"La Redazione","@id":"https:\/\/www.gossip.it\/#\/schema\/person\/488896f75158bff1cc83c6c39d141110"},"headline":"Lorella Cuccarini: 'Raffaella Carr\u00e0, una delusione'","datePublished":"2014-11-13T23:00:00+00:00","dateModified":"2014-11-13T23:00:00+00:00","mainEntityOfPage":{"@id":"https:\/\/www.gossip.it\/news\/raffaella-carra-lorella-cuccarini\/"},"wordCount":482,"publisher":{"@id":"https:\/\/www.gossip.it\/#organization"},"image":{"@id":"https:\/\/www.gossip.it\/news\/raffaella-carra-lorella-cuccarini\/#primaryimage"},"thumbnailUrl":"http:\/\/files.gossip.it\/immagini_news\/2014\/11\/1415966902_1-3.jpg","keywords":["blog","conduttrice","forte forte forte","lite","raffaellla carr\u00e0","raiuno","talent show","talent+"],"articleSection":["News"],"inLanguage":"it-IT"},{"@type":"WebPage","@id":"https:\/\/www.gossip.it\/news\/raffaella-carra-lorella-cuccarini\/","url":"https:\/\/www.gossip.it\/news\/raffaella-carra-lorella-cuccarini\/","name":"Lorella Cuccarini: 'Raffaella Carr\u00e0, una delusione' - Gossip.it | News sul Gossip e VIP","isPartOf":{"@id":"https:\/\/www.gossip.it\/#website"},"primaryImageOfPage":{"@id":"https:\/\/www.gossip.it\/news\/raffaella-carra-lorella-cuccarini\/#primaryimage"},"image":{"@id":"https:\/\/www.gossip.it\/news\/raffaella-carra-lorella-cuccarini\/#primaryimage"},"thumbnailUrl":"http:\/\/files.gossip.it\/immagini_news\/2014\/11\/1415966902_1-3.jpg","datePublished":"2014-11-13T23:00:00+00:00","dateModified":"2014-11-13T23:00:00+00:00","description":"Raffaella Carr\u00e0 in primavera torner\u00e0 su Raiuno con un nuovo programma televisivo, un talent, \"Forte forte forte\". Lorella Cuccarini ha incontrato la","breadcrumb":{"@id":"https:\/\/www.gossip.it\/news\/raffaella-carra-lorella-cuccarini\/#breadcrumb"},"inLanguage":"it-IT","potentialAction":[{"@type":"ReadAction","target":["https:\/\/www.gossip.it\/news\/raffaella-carra-lorella-cuccarini\/"]}]},{"@type":"ImageObject","inLanguage":"it-IT","@id":"https:\/\/www.gossip.it\/news\/raffaella-carra-lorella-cuccarini\/#primaryimage","url":"http:\/\/files.gossip.it\/immagini_news\/2014\/11\/1415966902_1-3.jpg","contentUrl":"http:\/\/files.gossip.it\/immagini_news\/2014\/11\/1415966902_1-3.jpg"},{"@type":"BreadcrumbList","@id":"https:\/\/www.gossip.it\/news\/raffaella-carra-lorella-cuccarini\/#breadcrumb","itemListElement":[{"@type":"ListItem","position":1,"name":"Home","item":"https:\/\/www.gossip.it\/"},{"@type":"ListItem","position":2,"name":"Lorella Cuccarini: 'Raffaella Carr\u00e0, una delusione'"}]},{"@type":"WebSite","@id":"https:\/\/www.gossip.it\/#website","url":"https:\/\/www.gossip.it\/","name":"Gossip and VIP News","description":"Quotidiano di cronaca rosa, costume e societ\u00e0","publisher":{"@id":"https:\/\/www.gossip.it\/#organization"},"alternateName":"Gossip and VIP News","potentialAction":[{"@type":"SearchAction","target":{"@type":"EntryPoint","urlTemplate":"https:\/\/www.gossip.it\/?s={search_term_string}"},"query-input":{"@type":"PropertyValueSpecification","valueRequired":true,"valueName":"search_term_string"}}],"inLanguage":"it-IT"},{"@type":"Organization","@id":"https:\/\/www.gossip.it\/#organization","name":"Gossip and VIP News","alternateName":"Gossip News","url":"https:\/\/www.gossip.it\/","logo":{"@type":"ImageObject","inLanguage":"it-IT","@id":"https:\/\/www.gossip.it\/#\/schema\/logo\/image\/","url":"https:\/\/www.gossip.it\/wp-content\/uploads\/2022\/04\/cropped-corna-alta-tiny.png","contentUrl":"https:\/\/www.gossip.it\/wp-content\/uploads\/2022\/04\/cropped-corna-alta-tiny.png","width":512,"height":512,"caption":"Gossip and VIP News"},"image":{"@id":"https:\/\/www.gossip.it\/#\/schema\/logo\/image\/"},"sameAs":["https:\/\/www.facebook.com\/GossipIT","https:\/\/x.com\/gossinews_it","https:\/\/instagram.com\/gossip_it"]},{"@type":"Person","@id":"https:\/\/www.gossip.it\/#\/schema\/person\/488896f75158bff1cc83c6c39d141110","name":"La Redazione","image":{"@type":"ImageObject","inLanguage":"it-IT","@id":"https:\/\/www.gossip.it\/#\/schema\/person\/image\/","url":"https:\/\/secure.gravatar.com\/avatar\/5a5f5c6fa3e6700e4249abdad0263a1e94e927d9e0499b1cb09c1cd29c044d80?s=96&d=mm&r=g","contentUrl":"https:\/\/secure.gravatar.com\/avatar\/5a5f5c6fa3e6700e4249abdad0263a1e94e927d9e0499b1cb09c1cd29c044d80?s=96&d=mm&r=g","caption":"La Redazione"},"sameAs":["https:\/\/www.gossip.it"]}]}},"amp_enabled":true,"_links":{"self":[{"href":"https:\/\/www.gossip.it\/api\/wp\/v2\/posts\/49716","targetHints":{"allow":["GET"]}}],"collection":[{"href":"https:\/\/www.gossip.it\/api\/wp\/v2\/posts"}],"about":[{"href":"https:\/\/www.gossip.it\/api\/wp\/v2\/types\/post"}],"author":[{"embeddable":true,"href":"https:\/\/www.gossip.it\/api\/wp\/v2\/users\/1"}],"replies":[{"embeddable":true,"href":"https:\/\/www.gossip.it\/api\/wp\/v2\/comments?post=49716"}],"version-history":[{"count":0,"href":"https:\/\/www.gossip.it\/api\/wp\/v2\/posts\/49716\/revisions"}],"wp:featuredmedia":[{"embeddable":true,"href":"https:\/\/www.gossip.it\/api\/wp\/v2\/media\/105762"}],"wp:attachment":[{"href":"https:\/\/www.gossip.it\/api\/wp\/v2\/media?parent=49716"}],"wp:term":[{"taxonomy":"category","embeddable":true,"href":"https:\/\/www.gossip.it\/api\/wp\/v2\/categories?post=49716"},{"taxonomy":"post_tag","embeddable":true,"href":"https:\/\/www.gossip.it\/api\/wp\/v2\/tags?post=49716"},{"taxonomy":"vip","embeddable":true,"href":"https:\/\/www.gossip.it\/api\/wp\/v2\/vip?post=49716"}],"curies":[{"name":"wp","href":"https:\/\/api.w.org\/{rel}","templated":true}]}}