{"id":49727,"date":"2014-11-17T00:00:00","date_gmt":"2014-11-16T23:00:00","guid":{"rendered":"https:\/\/www.gossip.it\/senza-categoria\/cristel-carrisi-al-bano-romina-power-barbara-d-urso\/"},"modified":"2014-11-17T00:00:00","modified_gmt":"2014-11-16T23:00:00","slug":"cristel-carrisi-al-bano-romina-power-barbara-d-urso","status":"publish","type":"post","link":"https:\/\/www.gossip.it\/news\/cristel-carrisi-al-bano-romina-power-barbara-d-urso\/","title":{"rendered":"Cristel Carrisi da Barbara d'Urso: 'La reunion di Al Bano e Romina un trauma'"},"content":{"rendered":"<p><a href=\"http:\/\/www.gossip.it\/vip\/cristel-carrisi\/\">Cristel Carrisi<\/a> si \u00e8 seduta sulla poltrona di \"Domenica Live\" e a <a href=\"http:\/\/www.gossip.it\/vip\/barbara-d'urso\/\">Barbara D'Urso<\/a> ha parlato dei genitori, <a href=\"http:\/\/www.gossip.it\/vip\/al-bano\/\">Al Bano<\/a> e <a href=\"http:\/\/www.gossip.it\/vip\/romina-power\/\">Romina Power<\/a>, finalmente di nuovo in armonia dopo 19 anni di gelo. La ragazza ha descritto la mamma come una donna libera, hippie, americana, l'ha definita il cielo. Mentre il pap\u00e0 \u00e8 come un albero di ulivo, la terra. E loro, i figli, sono cresciuti tra cielo e terra, con una coppia che ha vissuto un amore vero. Quando si sono lasciati, al dolore della separazione che, comunque, ha raccontato <a href=\"http:\/\/www.gossip.it\/vip\/cristel-carrisi\/\">Cristel Carrisi<\/a>, \u00e8 stata gestita nel migliore dei modi, si \u00e8 aggiunto <em>\"il rumore dei mass media\"<\/em> che ha reso tutto pi\u00f9 doloroso. Tanto che Cristel si \u00e8 rifugiata in Svizzera, per scappare da \u00a0questo rumore che le ha fatto vivere la cosa\u00a0<em>\"peggio di quanto avrei dovuto soffrire\"<\/em>. Durante la puntata anche le parole di <strong>Al Bano<\/strong> che, parlando di <strong>Romina Power<\/strong>, ha detto:<em> \"Lei ha portato il germe della separazione nella famiglia Carrisi, \u00e8 uscita fuori l'americana che \u00e8 in lei\"<\/em>. Il cantante ha rivelato quanto abbia sofferto:<em> \"Pap\u00e0 ha vissuto la separazione con rabbia<\/em> - ha dichiarato la figlia - <em>Mamma viaggiava tanto\"<\/em>.<\/p>\n<figure class=\"caption\"><img decoding=\"async\" alt=\"\" width=\"620\" height=\"400\" src=\"http:\/\/files.gossip.it\/immagini_news\/2014\/11\/1416222620_fn-cristel-carrisi.jpg\" \/><figcaption>Cristel si commuove parlando del genitori negli studi di 'Domenica Live'<\/figcaption><\/figure>\n<p><span style=\"line-height: 1.6em;\">Dopo 19 anni, per\u00f2, <\/span><strong style=\"line-height: 1.6em;\">Al Bano<\/strong><span style=\"line-height: 1.6em;\"> e <\/span><strong style=\"line-height: 1.6em;\">Romina Power<\/strong><span style=\"line-height: 1.6em;\"> si sono riuniti. <\/span><strong style=\"line-height: 1.6em;\">Cristel Carrisi<\/strong><span style=\"line-height: 1.6em;\"> ha svelato che per lei anche questo \u00e8 stato uno shock, rivederli sul palco insieme a Mosca \u00e8 stato come riaprire vecchie ferite: <\/span><em style=\"line-height: 1.6em;\">\"Non ero preparata per questa tormenta emotiva<\/em><span style=\"line-height: 1.6em;\"> - ha affermato - <\/span><em style=\"line-height: 1.6em;\">ho realizzato tutto quello che avevo ingoiato. Rivederli sul palco ha tirato fuori tutto e ho cercato l'aiuto di uno psicologo\"<\/em><span style=\"line-height: 1.6em;\">. Anche in questa occasione a rendere le cose pi\u00f9 difficili la stampa:<\/span><em style=\"line-height: 1.6em;\"> \"Mi sono sentita giudicata<\/em><span style=\"line-height: 1.6em;\"> - ha detto la ragazza - <\/span><em style=\"line-height: 1.6em;\">perch\u00e9 non sono salita sul palco con loro\"<\/em><span style=\"line-height: 1.6em;\">. Ma in quel momento fare un passo del genere era impossibile per lei, troppo forti le emozioni che stava vivendo.<\/span><\/p>\n<figure class=\"caption\"><img decoding=\"async\" alt=\"\" width=\"620\" height=\"400\" src=\"http:\/\/files.gossip.it\/immagini_news\/2014\/11\/1416222676_carrisifn2.jpg\" \/><figcaption>Cristel ascolta le parole del padre Al Bano che parla della separazione da Romina Power<\/figcaption><\/figure>\n<figure class=\"caption\"><img decoding=\"async\" alt=\"\" width=\"620\" height=\"400\" src=\"http:\/\/files.gossip.it\/immagini_news\/2014\/11\/1416222722_cristelfn1.jpg\" \/><figcaption>Per Cristel anche la reunion dei genitori \u00e8 stata traumatica, \u00e8 dovuta andare da uno psicologo<\/figcaption><\/figure>\n<figure class=\"caption\"><img decoding=\"async\" alt=\"\" width=\"620\" height=\"400\" src=\"http:\/\/files.gossip.it\/immagini_news\/2014\/11\/1416222778_cristelfn3.jpg\" \/><figcaption>Cristel guarda le immagini di lei da piccola a un concerto dei genitori<\/figcaption><\/figure>\n<p>Il primo concerto in Russia, ha spiegato Cristel, \u00e8 stato un vero e proprio trauma: <em>\"Lo considero il momento in cui hanno rotto il ghiaccio\"<\/em>, ha dichiarato a <strong>Barbara d'Urso<\/strong>. Negli Stati Uniti la vera svolta: <em>\"L\u00ec \u00e8 stato come tornare indietro nel tempo, un regalo dall'Universo, o Dio che dir si voglia, dopo tutti questi anni, dopo tanto fango\"<\/em>. La famiglia si \u00e8 anche riunita a tavola, a pranzo, stavano tutti bene, in armonia: <em>\"Io volevo solo questo<\/em> - ha raccontato la figlia di <strong>Al Bano<\/strong> e <strong>Romina Power<\/strong> - <em>cos\u00ec mi sono alzata e ho ringraziato i miei genitori, li ho ringraziati perch\u00e9 hanno ritrovato l'armonia. Loro sono l'esempio che si pu\u00f2 superare qualsiasi cosa. Non sprechiamo il tempo di questa nostra vita a farci la guerra perch\u00e9 non serve a niente\"<\/em>. Infine Cristel ha ricevuto la sorpresa del suo amico del cuore: <strong>Barbara d'Urso<\/strong> ha fatto entrare in studio l'ex gieffino <a href=\"http:\/\/www.gossip.it\/vip\/biagio-d'anelli\/\">Biagio D'Anelli<\/a>. Insieme hanno fatto un film, \"Con tutto l'amore che ho\", che verr\u00e0 presentato a dicembre a Sorrento.<\/p>\n<figure class=\"caption\"><img decoding=\"async\" alt=\"\" src=\"http:\/\/files.gossip.it\/immagini_news\/2014\/11\/1416222891_cristeldurso.jpg\" \/><figcaption>Cristel Carrisi insieme a Barbara d'Urso negli studi di 'Domenica Live'<\/figcaption><\/figure>\n<p>\u00a0<\/p>\n<p>\u00a0<\/p>\n","protected":false},"excerpt":{"rendered":"<p>Cristel Carrisi si \u00e8 seduta sulla poltrona di \"Domenica Live\" e a Barbara D'Urso ha parlato dei genitori, Al Bano e Romina Power, finalmente di nuovo in armonia dopo 19 anni di gelo. La ragazza ha descritto la mamma come una donna libera, hippie, americana, l'ha definita il cielo. Mentre il pap\u00e0 \u00e8 come un [&hellip;]<\/p>\n","protected":false},"author":1,"featured_media":105773,"comment_status":"closed","ping_status":"closed","sticky":false,"template":"","format":"standard","meta":{"footnotes":""},"categories":[54],"tags":[2254,2898,51073,2102,7441,1911,2408,2301,7014],"vip":[383],"class_list":["post-49727","post","type-post","status-publish","format-standard","has-post-thumbnail","hentry","category-news","tag-al-bano","tag-cantanti","tag-cristel-carris","tag-dichiarazioni","tag-domenica-live","tag-genitori","tag-musica","tag-reunion","tag-romina-power","vip-barbara_durso"],"yoast_head":"<title>Cristel Carrisi da Barbara d&#039;Urso: &#039;La reunion di Al Bano e Romina un trauma&#039; - Gossip.it | News sul Gossip e VIP<\/title>\n<meta name=\"description\" content=\"Cristel Carrisi si \u00e8 seduta sulla poltrona di &quot;Domenica Live&quot; e a Barbara D&#039;Urso ha parlato dei genitori, Al Bano e Romina Power, finalmente di nuovo in\" \/>\n<meta name=\"robots\" content=\"index, follow, max-snippet:-1, max-image-preview:large, max-video-preview:-1\" \/>\n<link rel=\"canonical\" href=\"https:\/\/www.gossip.it\/news\/cristel-carrisi-al-bano-romina-power-barbara-d-urso\/\" \/>\n<meta property=\"og:locale\" content=\"it_IT\" \/>\n<meta property=\"og:type\" content=\"article\" \/>\n<meta property=\"og:title\" content=\"Cristel Carrisi da Barbara d&#039;Urso: &#039;La reunion di Al Bano e Romina un trauma&#039; - Gossip.it | News sul Gossip e VIP\" \/>\n<meta property=\"og:description\" content=\"Cristel Carrisi si \u00e8 seduta sulla poltrona di &quot;Domenica Live&quot; e a Barbara D&#039;Urso ha parlato dei genitori, Al Bano e Romina Power, finalmente di nuovo in\" \/>\n<meta property=\"og:url\" content=\"https:\/\/www.gossip.it\/news\/cristel-carrisi-al-bano-romina-power-barbara-d-urso\/\" \/>\n<meta property=\"og:site_name\" content=\"Gossip.it | News sul Gossip e VIP\" \/>\n<meta property=\"article:publisher\" content=\"https:\/\/www.facebook.com\/GossipIT\" \/>\n<meta property=\"article:published_time\" content=\"2014-11-16T23:00:00+00:00\" \/>\n<meta property=\"og:image\" content=\"http:\/\/files.gossip.it\/immagini_news\/2014\/11\/1416222620_fn-cristel-carrisi.jpg\" \/>\n<meta name=\"author\" content=\"La Redazione\" \/>\n<meta name=\"twitter:card\" content=\"summary_large_image\" \/>\n<meta name=\"twitter:image\" content=\"http:\/\/files.gossip.it\/immagini_news\/2014\/11\/1416222620_fn-cristel-carrisi.jpg\" \/>\n<meta name=\"twitter:creator\" content=\"@gossinews_it\" \/>\n<meta name=\"twitter:site\" content=\"@gossinews_it\" \/>\n<meta name=\"twitter:label1\" content=\"Scritto da\" \/>\n\t<meta name=\"twitter:data1\" content=\"Francesca Romana Domenici\" \/>\n\t<meta name=\"twitter:label2\" content=\"Tempo di lettura stimato\" \/>\n\t<meta name=\"twitter:data2\" content=\"3 minuti\" \/>","yoast_head_json":{"title":"Cristel Carrisi da Barbara d'Urso: 'La reunion di Al Bano e Romina un trauma' - Gossip.it | News sul Gossip e VIP","description":"Cristel Carrisi si \u00e8 seduta sulla poltrona di \"Domenica Live\" e a Barbara D'Urso ha parlato dei genitori, Al Bano e Romina Power, finalmente di nuovo in","robots":{"index":"index","follow":"follow","max-snippet":"max-snippet:-1","max-image-preview":"max-image-preview:large","max-video-preview":"max-video-preview:-1"},"canonical":"https:\/\/www.gossip.it\/news\/cristel-carrisi-al-bano-romina-power-barbara-d-urso\/","og_locale":"it_IT","og_type":"article","og_title":"Cristel Carrisi da Barbara d'Urso: 'La reunion di Al Bano e Romina un trauma' - Gossip.it | News sul Gossip e VIP","og_description":"Cristel Carrisi si \u00e8 seduta sulla poltrona di \"Domenica Live\" e a Barbara D'Urso ha parlato dei genitori, Al Bano e Romina Power, finalmente di nuovo in","og_url":"https:\/\/www.gossip.it\/news\/cristel-carrisi-al-bano-romina-power-barbara-d-urso\/","og_site_name":"Gossip.it | News sul Gossip e VIP","article_publisher":"https:\/\/www.facebook.com\/GossipIT","article_published_time":"2014-11-16T23:00:00+00:00","og_image":[{"url":"http:\/\/files.gossip.it\/immagini_news\/2014\/11\/1416222620_fn-cristel-carrisi.jpg"}],"author":"La Redazione","twitter_card":"summary_large_image","twitter_image":"http:\/\/files.gossip.it\/immagini_news\/2014\/11\/1416222620_fn-cristel-carrisi.jpg","twitter_creator":"@gossinews_it","twitter_site":"@gossinews_it","twitter_misc":{"Scritto da":"Francesca Romana Domenici","Tempo di lettura stimato":"3 minuti"},"schema":{"@context":"https:\/\/schema.org","@graph":[{"@type":"Article","@id":"https:\/\/www.gossip.it\/news\/cristel-carrisi-al-bano-romina-power-barbara-d-urso\/#article","isPartOf":{"@id":"https:\/\/www.gossip.it\/news\/cristel-carrisi-al-bano-romina-power-barbara-d-urso\/"},"author":{"name":"La Redazione","@id":"https:\/\/www.gossip.it\/#\/schema\/person\/488896f75158bff1cc83c6c39d141110"},"headline":"Cristel Carrisi da Barbara d'Urso: 'La reunion di Al Bano e Romina un trauma'","datePublished":"2014-11-16T23:00:00+00:00","dateModified":"2014-11-16T23:00:00+00:00","mainEntityOfPage":{"@id":"https:\/\/www.gossip.it\/news\/cristel-carrisi-al-bano-romina-power-barbara-d-urso\/"},"wordCount":567,"publisher":{"@id":"https:\/\/www.gossip.it\/#organization"},"image":{"@id":"https:\/\/www.gossip.it\/news\/cristel-carrisi-al-bano-romina-power-barbara-d-urso\/#primaryimage"},"thumbnailUrl":"http:\/\/files.gossip.it\/immagini_news\/2014\/11\/1416222620_fn-cristel-carrisi.jpg","keywords":["al bano","cantanti","cristel carris","dichiarazioni","domenica live","genitori","musica","reunion","romina power"],"articleSection":["News"],"inLanguage":"it-IT"},{"@type":"WebPage","@id":"https:\/\/www.gossip.it\/news\/cristel-carrisi-al-bano-romina-power-barbara-d-urso\/","url":"https:\/\/www.gossip.it\/news\/cristel-carrisi-al-bano-romina-power-barbara-d-urso\/","name":"Cristel Carrisi da Barbara d'Urso: 'La reunion di Al Bano e Romina un trauma' - Gossip.it | News sul Gossip e VIP","isPartOf":{"@id":"https:\/\/www.gossip.it\/#website"},"primaryImageOfPage":{"@id":"https:\/\/www.gossip.it\/news\/cristel-carrisi-al-bano-romina-power-barbara-d-urso\/#primaryimage"},"image":{"@id":"https:\/\/www.gossip.it\/news\/cristel-carrisi-al-bano-romina-power-barbara-d-urso\/#primaryimage"},"thumbnailUrl":"http:\/\/files.gossip.it\/immagini_news\/2014\/11\/1416222620_fn-cristel-carrisi.jpg","datePublished":"2014-11-16T23:00:00+00:00","dateModified":"2014-11-16T23:00:00+00:00","description":"Cristel Carrisi si \u00e8 seduta sulla poltrona di \"Domenica Live\" e a Barbara D'Urso ha parlato dei genitori, Al Bano e Romina Power, finalmente di nuovo in","breadcrumb":{"@id":"https:\/\/www.gossip.it\/news\/cristel-carrisi-al-bano-romina-power-barbara-d-urso\/#breadcrumb"},"inLanguage":"it-IT","potentialAction":[{"@type":"ReadAction","target":["https:\/\/www.gossip.it\/news\/cristel-carrisi-al-bano-romina-power-barbara-d-urso\/"]}]},{"@type":"ImageObject","inLanguage":"it-IT","@id":"https:\/\/www.gossip.it\/news\/cristel-carrisi-al-bano-romina-power-barbara-d-urso\/#primaryimage","url":"http:\/\/files.gossip.it\/immagini_news\/2014\/11\/1416222620_fn-cristel-carrisi.jpg","contentUrl":"http:\/\/files.gossip.it\/immagini_news\/2014\/11\/1416222620_fn-cristel-carrisi.jpg"},{"@type":"BreadcrumbList","@id":"https:\/\/www.gossip.it\/news\/cristel-carrisi-al-bano-romina-power-barbara-d-urso\/#breadcrumb","itemListElement":[{"@type":"ListItem","position":1,"name":"Home","item":"https:\/\/www.gossip.it\/"},{"@type":"ListItem","position":2,"name":"Cristel Carrisi da Barbara d'Urso: 'La reunion di Al Bano e Romina un trauma'"}]},{"@type":"WebSite","@id":"https:\/\/www.gossip.it\/#website","url":"https:\/\/www.gossip.it\/","name":"Gossip and VIP News","description":"Quotidiano di cronaca rosa, costume e societ\u00e0","publisher":{"@id":"https:\/\/www.gossip.it\/#organization"},"alternateName":"Gossip and VIP News","potentialAction":[{"@type":"SearchAction","target":{"@type":"EntryPoint","urlTemplate":"https:\/\/www.gossip.it\/?s={search_term_string}"},"query-input":{"@type":"PropertyValueSpecification","valueRequired":true,"valueName":"search_term_string"}}],"inLanguage":"it-IT"},{"@type":"Organization","@id":"https:\/\/www.gossip.it\/#organization","name":"Gossip and VIP News","alternateName":"Gossip News","url":"https:\/\/www.gossip.it\/","logo":{"@type":"ImageObject","inLanguage":"it-IT","@id":"https:\/\/www.gossip.it\/#\/schema\/logo\/image\/","url":"https:\/\/www.gossip.it\/wp-content\/uploads\/2022\/04\/cropped-corna-alta-tiny.png","contentUrl":"https:\/\/www.gossip.it\/wp-content\/uploads\/2022\/04\/cropped-corna-alta-tiny.png","width":512,"height":512,"caption":"Gossip and VIP News"},"image":{"@id":"https:\/\/www.gossip.it\/#\/schema\/logo\/image\/"},"sameAs":["https:\/\/www.facebook.com\/GossipIT","https:\/\/x.com\/gossinews_it","https:\/\/instagram.com\/gossip_it"]},{"@type":"Person","@id":"https:\/\/www.gossip.it\/#\/schema\/person\/488896f75158bff1cc83c6c39d141110","name":"La Redazione","image":{"@type":"ImageObject","inLanguage":"it-IT","@id":"https:\/\/www.gossip.it\/#\/schema\/person\/image\/","url":"https:\/\/secure.gravatar.com\/avatar\/5a5f5c6fa3e6700e4249abdad0263a1e94e927d9e0499b1cb09c1cd29c044d80?s=96&d=mm&r=g","contentUrl":"https:\/\/secure.gravatar.com\/avatar\/5a5f5c6fa3e6700e4249abdad0263a1e94e927d9e0499b1cb09c1cd29c044d80?s=96&d=mm&r=g","caption":"La Redazione"},"sameAs":["https:\/\/www.gossip.it"]}]}},"amp_enabled":true,"_links":{"self":[{"href":"https:\/\/www.gossip.it\/api\/wp\/v2\/posts\/49727","targetHints":{"allow":["GET"]}}],"collection":[{"href":"https:\/\/www.gossip.it\/api\/wp\/v2\/posts"}],"about":[{"href":"https:\/\/www.gossip.it\/api\/wp\/v2\/types\/post"}],"author":[{"embeddable":true,"href":"https:\/\/www.gossip.it\/api\/wp\/v2\/users\/1"}],"replies":[{"embeddable":true,"href":"https:\/\/www.gossip.it\/api\/wp\/v2\/comments?post=49727"}],"version-history":[{"count":0,"href":"https:\/\/www.gossip.it\/api\/wp\/v2\/posts\/49727\/revisions"}],"wp:featuredmedia":[{"embeddable":true,"href":"https:\/\/www.gossip.it\/api\/wp\/v2\/media\/105773"}],"wp:attachment":[{"href":"https:\/\/www.gossip.it\/api\/wp\/v2\/media?parent=49727"}],"wp:term":[{"taxonomy":"category","embeddable":true,"href":"https:\/\/www.gossip.it\/api\/wp\/v2\/categories?post=49727"},{"taxonomy":"post_tag","embeddable":true,"href":"https:\/\/www.gossip.it\/api\/wp\/v2\/tags?post=49727"},{"taxonomy":"vip","embeddable":true,"href":"https:\/\/www.gossip.it\/api\/wp\/v2\/vip?post=49727"}],"curies":[{"name":"wp","href":"https:\/\/api.w.org\/{rel}","templated":true}]}}