{"id":49790,"date":"2014-11-21T00:00:00","date_gmt":"2014-11-20T23:00:00","guid":{"rendered":"https:\/\/www.gossip.it\/senza-categoria\/gabriele-muccino-guerra-silvio-muccino-carla-vangelista\/"},"modified":"2014-11-21T00:00:00","modified_gmt":"2014-11-20T23:00:00","slug":"gabriele-muccino-guerra-silvio-muccino-carla-vangelista","status":"publish","type":"post","link":"https:\/\/www.gossip.it\/news\/gabriele-muccino-guerra-silvio-muccino-carla-vangelista\/","title":{"rendered":"Gabriele Muccino, \u00e8 di nuovo guerra con Silvio Muccino e Carla Vangelista"},"content":{"rendered":"<p><a href=\"http:\/\/www.gossip.it\/news\/gabriele_muccino_silvio_affoga_con_il_sorriso_degli_altri_news.html?ID=1369386299\">Una anno e mezzo fa era gi\u00e0 accaduto<\/a>. <a href=\"http:\/\/www.gossip.it\/vip\/gabriele-muccino\/\">Gabriele Muccino<\/a> aveva dichiarato <strong>guerra<\/strong> a <a href=\"http:\/\/www.gossip.it\/vip\/silvio-muccino\/\">Silvio Muccino<\/a>. In realt\u00e0 il <a href=\"http:\/\/www.gossip.it\/vip\/regista\/\">regista<\/a> aveva esternato tutto il suo dolore per la lontananza del fratello e la rabbia provata per <a href=\"http:\/\/www.gossip.it\/vip\/carla-vangelista\/\">Carla Vangelista<\/a>, da Gabriele imputata come l'unica responsabile dell'allontanamento di Silvio. Era il giugno 2013 e la guerra si era accesa su <em>Facebook<\/em>. Le esternazioni di <strong>Gabriele Muccino<\/strong> avevano provocato <a href=\"http:\/\/www.gossip.it\/news\/silvio_muccino_rispondo_al_delirante_soliloquio_di_gabriele_news.html?ID=1372335916\">la risposta<\/a> di <strong>Silvio Muccino<\/strong>, la controrisposta del regista e la querela di <strong>Carla Vangelista<\/strong>. Ora tutto potrebbe iniziare nuovamente. Stavolta il terreno dello scontro \u00e8 <em>Twitter<\/em>.<\/p>\n<figure class=\"caption\"><img decoding=\"async\" alt=\"\" width=\"620\" height=\"500\" src=\"http:\/\/files.gossip.it\/immagini_news\/2014\/11\/1416573858_nf-muccino-faccione-gabriele.jpg\" \/><figcaption>Gabriele Muccino ha nuovamente dichiarato guerra al fratello Silvio Muccino e a Carla Vangelista<\/figcaption><\/figure>\n<p><strong>Gabriele Muccino<\/strong>, con chiaro riferimento a <em>\"Le leggi del desiderio\"<\/em>, <a href=\"http:\/\/www.gossip.it\/vip\/film\/\">film<\/a> in uscita del fratello <strong>Silvio Muccino<\/strong>, che ne \u00e8 regista e <a href=\"http:\/\/www.gossip.it\/vip\/attore\/\">attore<\/a> protagonista, sul <a href=\"http:\/\/www.gossip.it\/vip\/social\/\">social<\/a>, ha cinguettato: <em>\"@CarlaSignoris @ciakmag Il film di una signora che gestisce, come un ventriloquo il suo pupazzo, il ragazzo che ha da anni nelle sue mani\"<\/em>. Poi, parlando in terza persona del parente 32enne, ha rincarato la dose: <em>\"Fa un film su chi manipola le coscienze! E chi meglio di lui, manipolato da 10 anni, conosce il tema che racconta!\".<\/em><\/p>\n<figure class=\"caption\"><img decoding=\"async\" alt=\"\" width=\"620\" height=\"400\" src=\"http:\/\/files.gossip.it\/immagini_news\/2014\/11\/1416573965_nf-muccino2.jpg\" \/><figcaption>Tutto \u00e8 nato stavolta su Twitter. Il regista ha parlato riferendosi al film in uscita del 32enne, 'Le leggi del desiderio'<\/figcaption><\/figure>\n<p>Purtroppo non \u00e8 finita qui. <strong>Gabriele Muccino<\/strong>, rivolgendosi infine direttamente al fratello <strong>Silvio Muccino<\/strong>, nella sua <strong>guerra<\/strong> personale, ha scritto: <em>\"Il tuo film \u00e8 di una signora che ti gestisce, come un ventriloquo il suo pupazzo, da un tempo ormai irreversibilmente lontano\"<\/em>.<\/p>\n<figure class=\"caption\"><img decoding=\"async\" alt=\"\" width=\"620\" height=\"772\" src=\"http:\/\/files.gossip.it\/immagini_news\/2014\/11\/1416574042_twitt-muccino1.jpg\" \/><figcaption>Gabriele Muccino ha cinguettato tweet al vetriolo rivolti al fratello minore e alla Vangelista<\/figcaption><\/figure>\n<p>E ha continuato: <em>\"Sono sette anni che non mi parli senza ragione. Nelle interviste che rilasci, non mentire o millantare pi\u00f9. La famiglia \u00e8 sacra. Eri un grande attore, e un grandissimo fratello. Ora i tuoi occhi sono opachi... \u00e8 forse ora di guardarsi allo specchio. Se solo mi avessi incontrato una volta in questi ultimi 7 anni, forse avresti saputo spiegarmi cosa \u00e8 mai successo tra noi. Ti auguro il meglio col tuo film, ma non farmi mai pi\u00f9 leggere lanci di agenzie e interviste che infangano i nostri anziani genitori Evita di difenderti facendo un nuovo lancio di agenzia per ricoprire di fango la nostra famiglia\"<\/em>.<\/p>\n<figure class=\"caption\"><img decoding=\"async\" alt=\"\" width=\"620\" height=\"771\" src=\"http:\/\/files.gossip.it\/immagini_news\/2014\/11\/1416574097_twitt-muccino2.jpg\" \/><figcaption>Il regista ha poi cancellato tutto, ma troppo tardi: tutto ormai \u00e8 nero su bianco grazie al web<\/figcaption><\/figure>\n<p>E ha poi concluso: <em>\"Uso Twitter perch\u00e9 alle mie email hai risposto minacciando via legale per tenermi a distanza. Quale distanza puoi mai colmare?\"<\/em>.\u00a0<br \/>Il regista ha poi cancellato i tweet dal suo profilo, ma evidentemente, lo ha fatto troppo tardi. Ed \u00e8 probabile che si inneschi una reazione a catena. <strong>Carla Vangelista<\/strong> come pure <strong>Silvio Muccino<\/strong> non saranno contenti di tutto ci\u00f2. Una nuova <strong>guerra<\/strong> ha inizio.<\/p>\n<p>\u00a0<\/p>\n","protected":false},"excerpt":{"rendered":"<p>Una anno e mezzo fa era gi\u00e0 accaduto. Gabriele Muccino aveva dichiarato guerra a Silvio Muccino. In realt\u00e0 il regista aveva esternato tutto il suo dolore per la lontananza del fratello e la rabbia provata per Carla Vangelista, da Gabriele imputata come l'unica responsabile dell'allontanamento di Silvio. Era il giugno 2013 e la guerra si [&hellip;]<\/p>\n","protected":false},"author":1,"featured_media":105836,"comment_status":"closed","ping_status":"closed","sticky":false,"template":"","format":"standard","meta":{"footnotes":""},"categories":[54],"tags":[2137,26322,2102,1976,3009,51107,2832,7346],"vip":[815,1690],"class_list":["post-49790","post","type-post","status-publish","format-standard","has-post-thumbnail","hentry","category-news","tag-attore","tag-carla-vangelista","tag-dichiarazioni","tag-film","tag-guerra","tag-le-leggi-del-desiderio","tag-regista","tag-twitter","vip-gabriele_muccino","vip-silvio_muccino"],"yoast_head":"<title>Gabriele Muccino, \u00e8 di nuovo guerra con Silvio Muccino e Carla Vangelista - Gossip.it | News sul Gossip e VIP<\/title>\n<meta name=\"description\" content=\"Una anno e mezzo fa era gi\u00e0 accaduto. Gabriele Muccino aveva dichiarato guerra a Silvio Muccino. In realt\u00e0 il regista aveva esternato tutto il suo dolore\" \/>\n<meta name=\"robots\" content=\"index, follow, max-snippet:-1, max-image-preview:large, max-video-preview:-1\" \/>\n<link rel=\"canonical\" href=\"https:\/\/www.gossip.it\/news\/gabriele-muccino-guerra-silvio-muccino-carla-vangelista\/\" \/>\n<meta property=\"og:locale\" content=\"it_IT\" \/>\n<meta property=\"og:type\" content=\"article\" \/>\n<meta property=\"og:title\" content=\"Gabriele Muccino, \u00e8 di nuovo guerra con Silvio Muccino e Carla Vangelista - Gossip.it | News sul Gossip e VIP\" \/>\n<meta property=\"og:description\" content=\"Una anno e mezzo fa era gi\u00e0 accaduto. Gabriele Muccino aveva dichiarato guerra a Silvio Muccino. In realt\u00e0 il regista aveva esternato tutto il suo dolore\" \/>\n<meta property=\"og:url\" content=\"https:\/\/www.gossip.it\/news\/gabriele-muccino-guerra-silvio-muccino-carla-vangelista\/\" \/>\n<meta property=\"og:site_name\" content=\"Gossip.it | News sul Gossip e VIP\" \/>\n<meta property=\"article:publisher\" content=\"https:\/\/www.facebook.com\/GossipIT\" \/>\n<meta property=\"article:published_time\" content=\"2014-11-20T23:00:00+00:00\" \/>\n<meta property=\"og:image\" content=\"http:\/\/files.gossip.it\/immagini_news\/2014\/11\/1416573858_nf-muccino-faccione-gabriele.jpg\" \/>\n<meta name=\"author\" content=\"La Redazione\" \/>\n<meta name=\"twitter:card\" content=\"summary_large_image\" \/>\n<meta name=\"twitter:image\" content=\"http:\/\/files.gossip.it\/immagini_news\/2014\/11\/1416573858_nf-muccino-faccione-gabriele.jpg\" \/>\n<meta name=\"twitter:creator\" content=\"@gossinews_it\" \/>\n<meta name=\"twitter:site\" content=\"@gossinews_it\" \/>\n<meta name=\"twitter:label1\" content=\"Scritto da\" \/>\n\t<meta name=\"twitter:data1\" content=\"Annamaria Capozzi\" \/>\n\t<meta name=\"twitter:label2\" content=\"Tempo di lettura stimato\" \/>\n\t<meta name=\"twitter:data2\" content=\"2 minuti\" \/>","yoast_head_json":{"title":"Gabriele Muccino, \u00e8 di nuovo guerra con Silvio Muccino e Carla Vangelista - Gossip.it | News sul Gossip e VIP","description":"Una anno e mezzo fa era gi\u00e0 accaduto. Gabriele Muccino aveva dichiarato guerra a Silvio Muccino. In realt\u00e0 il regista aveva esternato tutto il suo dolore","robots":{"index":"index","follow":"follow","max-snippet":"max-snippet:-1","max-image-preview":"max-image-preview:large","max-video-preview":"max-video-preview:-1"},"canonical":"https:\/\/www.gossip.it\/news\/gabriele-muccino-guerra-silvio-muccino-carla-vangelista\/","og_locale":"it_IT","og_type":"article","og_title":"Gabriele Muccino, \u00e8 di nuovo guerra con Silvio Muccino e Carla Vangelista - Gossip.it | News sul Gossip e VIP","og_description":"Una anno e mezzo fa era gi\u00e0 accaduto. Gabriele Muccino aveva dichiarato guerra a Silvio Muccino. In realt\u00e0 il regista aveva esternato tutto il suo dolore","og_url":"https:\/\/www.gossip.it\/news\/gabriele-muccino-guerra-silvio-muccino-carla-vangelista\/","og_site_name":"Gossip.it | News sul Gossip e VIP","article_publisher":"https:\/\/www.facebook.com\/GossipIT","article_published_time":"2014-11-20T23:00:00+00:00","og_image":[{"url":"http:\/\/files.gossip.it\/immagini_news\/2014\/11\/1416573858_nf-muccino-faccione-gabriele.jpg"}],"author":"La Redazione","twitter_card":"summary_large_image","twitter_image":"http:\/\/files.gossip.it\/immagini_news\/2014\/11\/1416573858_nf-muccino-faccione-gabriele.jpg","twitter_creator":"@gossinews_it","twitter_site":"@gossinews_it","twitter_misc":{"Scritto da":"Annamaria Capozzi","Tempo di lettura stimato":"2 minuti"},"schema":{"@context":"https:\/\/schema.org","@graph":[{"@type":"Article","@id":"https:\/\/www.gossip.it\/news\/gabriele-muccino-guerra-silvio-muccino-carla-vangelista\/#article","isPartOf":{"@id":"https:\/\/www.gossip.it\/news\/gabriele-muccino-guerra-silvio-muccino-carla-vangelista\/"},"author":{"name":"La Redazione","@id":"https:\/\/www.gossip.it\/#\/schema\/person\/488896f75158bff1cc83c6c39d141110"},"headline":"Gabriele Muccino, \u00e8 di nuovo guerra con Silvio Muccino e Carla Vangelista","datePublished":"2014-11-20T23:00:00+00:00","dateModified":"2014-11-20T23:00:00+00:00","mainEntityOfPage":{"@id":"https:\/\/www.gossip.it\/news\/gabriele-muccino-guerra-silvio-muccino-carla-vangelista\/"},"wordCount":464,"publisher":{"@id":"https:\/\/www.gossip.it\/#organization"},"image":{"@id":"https:\/\/www.gossip.it\/news\/gabriele-muccino-guerra-silvio-muccino-carla-vangelista\/#primaryimage"},"thumbnailUrl":"http:\/\/files.gossip.it\/immagini_news\/2014\/11\/1416573858_nf-muccino-faccione-gabriele.jpg","keywords":["attore","carla vangelista","dichiarazioni","film","guerra","le leggi del desiderio","regista","twitter"],"articleSection":["News"],"inLanguage":"it-IT"},{"@type":"WebPage","@id":"https:\/\/www.gossip.it\/news\/gabriele-muccino-guerra-silvio-muccino-carla-vangelista\/","url":"https:\/\/www.gossip.it\/news\/gabriele-muccino-guerra-silvio-muccino-carla-vangelista\/","name":"Gabriele Muccino, \u00e8 di nuovo guerra con Silvio Muccino e Carla Vangelista - Gossip.it | News sul Gossip e VIP","isPartOf":{"@id":"https:\/\/www.gossip.it\/#website"},"primaryImageOfPage":{"@id":"https:\/\/www.gossip.it\/news\/gabriele-muccino-guerra-silvio-muccino-carla-vangelista\/#primaryimage"},"image":{"@id":"https:\/\/www.gossip.it\/news\/gabriele-muccino-guerra-silvio-muccino-carla-vangelista\/#primaryimage"},"thumbnailUrl":"http:\/\/files.gossip.it\/immagini_news\/2014\/11\/1416573858_nf-muccino-faccione-gabriele.jpg","datePublished":"2014-11-20T23:00:00+00:00","dateModified":"2014-11-20T23:00:00+00:00","description":"Una anno e mezzo fa era gi\u00e0 accaduto. Gabriele Muccino aveva dichiarato guerra a Silvio Muccino. In realt\u00e0 il regista aveva esternato tutto il suo dolore","breadcrumb":{"@id":"https:\/\/www.gossip.it\/news\/gabriele-muccino-guerra-silvio-muccino-carla-vangelista\/#breadcrumb"},"inLanguage":"it-IT","potentialAction":[{"@type":"ReadAction","target":["https:\/\/www.gossip.it\/news\/gabriele-muccino-guerra-silvio-muccino-carla-vangelista\/"]}]},{"@type":"ImageObject","inLanguage":"it-IT","@id":"https:\/\/www.gossip.it\/news\/gabriele-muccino-guerra-silvio-muccino-carla-vangelista\/#primaryimage","url":"http:\/\/files.gossip.it\/immagini_news\/2014\/11\/1416573858_nf-muccino-faccione-gabriele.jpg","contentUrl":"http:\/\/files.gossip.it\/immagini_news\/2014\/11\/1416573858_nf-muccino-faccione-gabriele.jpg"},{"@type":"BreadcrumbList","@id":"https:\/\/www.gossip.it\/news\/gabriele-muccino-guerra-silvio-muccino-carla-vangelista\/#breadcrumb","itemListElement":[{"@type":"ListItem","position":1,"name":"Home","item":"https:\/\/www.gossip.it\/"},{"@type":"ListItem","position":2,"name":"Gabriele Muccino, \u00e8 di nuovo guerra con Silvio Muccino e Carla Vangelista"}]},{"@type":"WebSite","@id":"https:\/\/www.gossip.it\/#website","url":"https:\/\/www.gossip.it\/","name":"Gossip and VIP News","description":"Quotidiano di cronaca rosa, costume e societ\u00e0","publisher":{"@id":"https:\/\/www.gossip.it\/#organization"},"alternateName":"Gossip and VIP News","potentialAction":[{"@type":"SearchAction","target":{"@type":"EntryPoint","urlTemplate":"https:\/\/www.gossip.it\/?s={search_term_string}"},"query-input":{"@type":"PropertyValueSpecification","valueRequired":true,"valueName":"search_term_string"}}],"inLanguage":"it-IT"},{"@type":"Organization","@id":"https:\/\/www.gossip.it\/#organization","name":"Gossip and VIP News","alternateName":"Gossip News","url":"https:\/\/www.gossip.it\/","logo":{"@type":"ImageObject","inLanguage":"it-IT","@id":"https:\/\/www.gossip.it\/#\/schema\/logo\/image\/","url":"https:\/\/www.gossip.it\/wp-content\/uploads\/2022\/04\/cropped-corna-alta-tiny.png","contentUrl":"https:\/\/www.gossip.it\/wp-content\/uploads\/2022\/04\/cropped-corna-alta-tiny.png","width":512,"height":512,"caption":"Gossip and VIP News"},"image":{"@id":"https:\/\/www.gossip.it\/#\/schema\/logo\/image\/"},"sameAs":["https:\/\/www.facebook.com\/GossipIT","https:\/\/x.com\/gossinews_it","https:\/\/instagram.com\/gossip_it"]},{"@type":"Person","@id":"https:\/\/www.gossip.it\/#\/schema\/person\/488896f75158bff1cc83c6c39d141110","name":"La Redazione","image":{"@type":"ImageObject","inLanguage":"it-IT","@id":"https:\/\/www.gossip.it\/#\/schema\/person\/image\/","url":"https:\/\/secure.gravatar.com\/avatar\/5a5f5c6fa3e6700e4249abdad0263a1e94e927d9e0499b1cb09c1cd29c044d80?s=96&d=mm&r=g","contentUrl":"https:\/\/secure.gravatar.com\/avatar\/5a5f5c6fa3e6700e4249abdad0263a1e94e927d9e0499b1cb09c1cd29c044d80?s=96&d=mm&r=g","caption":"La Redazione"},"sameAs":["https:\/\/www.gossip.it"]}]}},"amp_enabled":true,"_links":{"self":[{"href":"https:\/\/www.gossip.it\/api\/wp\/v2\/posts\/49790","targetHints":{"allow":["GET"]}}],"collection":[{"href":"https:\/\/www.gossip.it\/api\/wp\/v2\/posts"}],"about":[{"href":"https:\/\/www.gossip.it\/api\/wp\/v2\/types\/post"}],"author":[{"embeddable":true,"href":"https:\/\/www.gossip.it\/api\/wp\/v2\/users\/1"}],"replies":[{"embeddable":true,"href":"https:\/\/www.gossip.it\/api\/wp\/v2\/comments?post=49790"}],"version-history":[{"count":0,"href":"https:\/\/www.gossip.it\/api\/wp\/v2\/posts\/49790\/revisions"}],"wp:featuredmedia":[{"embeddable":true,"href":"https:\/\/www.gossip.it\/api\/wp\/v2\/media\/105836"}],"wp:attachment":[{"href":"https:\/\/www.gossip.it\/api\/wp\/v2\/media?parent=49790"}],"wp:term":[{"taxonomy":"category","embeddable":true,"href":"https:\/\/www.gossip.it\/api\/wp\/v2\/categories?post=49790"},{"taxonomy":"post_tag","embeddable":true,"href":"https:\/\/www.gossip.it\/api\/wp\/v2\/tags?post=49790"},{"taxonomy":"vip","embeddable":true,"href":"https:\/\/www.gossip.it\/api\/wp\/v2\/vip?post=49790"}],"curies":[{"name":"wp","href":"https:\/\/api.w.org\/{rel}","templated":true}]}}