{"id":49818,"date":"2014-11-25T00:00:00","date_gmt":"2014-11-24T23:00:00","guid":{"rendered":"https:\/\/www.gossip.it\/senza-categoria\/omar-pedrini-cicatrice\/"},"modified":"2014-11-25T00:00:00","modified_gmt":"2014-11-24T23:00:00","slug":"omar-pedrini-cicatrice","status":"publish","type":"post","link":"https:\/\/www.gossip.it\/news\/omar-pedrini-cicatrice\/","title":{"rendered":"Omar Pedrini: 'Ho deciso di mostrare la cicatrice'"},"content":{"rendered":"<p><a href=\"http:\/\/www.gossip.it\/vip\/omar-pedrini\/\">Omar Pedrini<\/a>, poco pi\u00f9 di un mese fa, mentre si trovava in tour con il suo nuovo album, \"Che ci vado a fare a Londra\", ha avuto un malore durante un concerto a Roma. <a href=\"http:\/\/www.gossip.it\/news\/omar_pedrini_operato_al_cuore_news.html?ID=1412758959\">Dopo i dovuti controlli, \u00e8 stato necessario un nuovo intervento al cuore<\/a>, 45 giorni di ospedale e poi, finalmente, <a href=\"http:\/\/www.gossip.it\/news\/omar-pedrini-cantante-cuore-news.html\">il ritorno sul palco, quello di Rolling Stone<\/a> e del brand di orologi e gioielli Police, che lo hanno scelto come ospite per il lancio della nuova collezione. Al suo fianco sempre la moglie Veronica, che non lo lascia mai, sostenendolo e incoraggiandolo. Per l'occasione <strong>Omar Pedrini<\/strong> ha indossato una camicia a fiori, lasciando scoperta la <strong>cicatrice<\/strong> sul petto: <em>\"Non sapevo come vestirmi, in realt\u00e0<\/em> - ha dichiarato il cantante intervistato da <em>Vanity Fair<\/em> - <em>poi ho pensato di farla vedere bene, la <strong>cicatrice<\/strong>. Tempo fa ho letto che Tony Curtis, in seguito a un'operazione al cuore, inizi\u00f2 ad andare in giro sempre con la camicia aperta. E' un modo per dire agli altri: eccola qua, \u00e8 grossa, ma ho la fortuna di poterlo dire da un palcoscenico. Spero che possa essere un messaggio positivo\"<\/em>.<\/p>\n<figure class=\"caption\"><img decoding=\"async\" alt=\"\" width=\"620\" height=\"310\" src=\"http:\/\/files.gossip.it\/immagini_news\/2014\/11\/1416909371_1-3.jpg\" \/><figcaption>Omar Pedrini, tornato sul palco del Rolling Stone dopo l'intervento al cuore, ha deciso di indossare un camiica aperta per mostrare la cicatrice sul petto<\/figcaption><\/figure>\n<p><span style=\"line-height: 1.6em;\">Alla domanda se considera la <\/span><strong style=\"line-height: 1.6em;\">cicatrice<\/strong><span style=\"line-height: 1.6em;\"> una sorta di trofeo di guerra, <\/span><strong style=\"line-height: 1.6em;\">Omar Pedrini<\/strong><span style=\"line-height: 1.6em;\"> ha risposto: <\/span><em style=\"line-height: 1.6em;\">\"E' buffo che lei lo dica. Mi chiamano Guerriero, i miei amici e i miei fan, per via di una canzone di 21 anni fa, del periodo dei Timoria. E io cos\u00ec mi sento. E' una mia caratteristica, poi ormai alle botte della vita ci sono abituato. Questa \u00e8 la terza operazione che subisco al cuore, ho imparato a convivere con la cosa, a esorcizzarla. Mia madre \u00e8 morta di questo, anni fa. Io per adesso l'ho sempre scampata\"<\/em><span style=\"line-height: 1.6em;\">. Di fronte a questo problema di salute, l'ex di <\/span><a style=\"line-height: 1.6em;\" href=\"http:\/\/www.gossip.it\/vip\/elenoire-casalegno\/\">Elenoire Casalegno<\/a><span style=\"line-height: 1.6em;\"> ha un atteggiamento da combattente:<\/span><em style=\"line-height: 1.6em;\"> \"Per prima cosa non ho mai cercato la compassione e la pena degli altri<\/em><span style=\"line-height: 1.6em;\"> - ha dichiarato -<\/span><em style=\"line-height: 1.6em;\"> e poi ne parlo, ne canto, ho questa fortuna. Sono reduce da un'operazione immensa, fantascientifica. Spero, con un altro piccolo intervento che dovrei fare tra un annetto, di risolvere il problema. Affrontare questa operazione era molto rischioso, quindi rimandavo, poi il destino ha voluto che fossi costretto a farlo. Quando mi hanno detto che ero peggiorato moltissimo avevo appena scritto una canzone, 'Veronica', dedicata a quella che sarebbe diventata mia moglie. I medici dicevano di andare negli Stati Uniti, ma non avevo abbastanza soldi per farmi operare l\u00e0, poi ho trovato a Bologna uno staff incredibile, che ha fatto il miracolo. Posso dire che sono alla mia terza volta\"<\/em><span style=\"line-height: 1.6em;\">.<\/span><\/p>\n<figure class=\"caption\"><img decoding=\"async\" alt=\"\" src=\"http:\/\/files.gossip.it\/immagini_news\/2014\/11\/1416909442_2-2.jpg\" \/><figcaption>Omar Pedrini insieme al suo manager, Andrea Dulio, detto l'avvocato, come scrive lo stesso cantante sulla sua pagina Facebook<\/figcaption><\/figure>\n<figure class=\"caption\"><img decoding=\"async\" alt=\"\" src=\"http:\/\/files.gossip.it\/immagini_news\/2014\/11\/1416913027_fn-pedrini-620.jpg\" \/><figcaption>Oma Pedrini sta affrontando la sua malattia con lo spirtio del guerriero, fra un anno dovr\u00e0 subire un altro intervento<\/figcaption><\/figure>\n<p><em style=\"line-height: 1.6em;\">\"Sono dieci anni<\/em><span style=\"line-height: 1.6em;\"> - ha continuato Omar -<\/span><em style=\"line-height: 1.6em;\"> che so di avere dei problemi all'apparato cardiaco ed \u00e8 un anno che so di essere, o meglio spero di essere stato, grave. Nonostante questo ho fatto una tourn\u00e9e, scherzandoci anche su, perch\u00e9 penso che ognuno abbia i suoi dolori. E ognuno li vede sempre pi\u00f9 grandi di quelli degli altri. Sia che si tratti di una separazione, di un lutto, oppure una malattia. Non credo di avere l'esclusiva sul dolore, anzi, io me la sono cavata. In ospedale mi dicevo 'Omar, tu hai il 70% di possibilit\u00e0 di farcela, c'\u00e8 gente a cui dicono che ha solo l'1%'. Lo dicevano anche i Rem, in una canzone bellissima: 'Everybody Hurts', ecco, per me questo dice tutto\"<\/em><span style=\"line-height: 1.6em;\">. Pedrini, infine, si \u00e8 raccontato anche come padre, \u00e8 un Babbo Rock: <\/span><em style=\"line-height: 1.6em;\">\"Assolutamente <\/em><span style=\"line-height: 1.6em;\">- ha detto - <\/span><em style=\"line-height: 1.6em;\">Non conosco il grigio: per me esistono solo il bianco e il nero. Ho fatto un figlio a 25 anni, Pablo, che \u00e8 un ribelle di nome e di fatto, poi un'altra a 47, Emma Daria. Quando ho saputo dell'aggravarsi della malattia la bambina aveva sei mesi, ho guardato sua mamma e ho detto 'ora noi ci andiamo a sposare'. A farmi da testimone c'era mio figlio. Per altri tre mesi per\u00f2 volevo ancora essere sposato alla musica, e sono partito in tourn\u00e9e. Erano quaranta date, mi sono sentito male alla trentottesima\".<\/em><\/p>\n","protected":false},"excerpt":{"rendered":"<p>Omar Pedrini, poco pi\u00f9 di un mese fa, mentre si trovava in tour con il suo nuovo album, \"Che ci vado a fare a Londra\", ha avuto un malore durante un concerto a Roma. Dopo i dovuti controlli, \u00e8 stato necessario un nuovo intervento al cuore, 45 giorni di ospedale e poi, finalmente, il ritorno [&hellip;]<\/p>\n","protected":false},"author":1,"featured_media":105864,"comment_status":"closed","ping_status":"closed","sticky":false,"template":"","format":"standard","meta":{"footnotes":""},"categories":[54],"tags":[1981,14320,5189,2442,2102,9029,19472,8466,3213,14966],"vip":[],"class_list":["post-49818","post","type-post","status-publish","format-standard","has-post-thumbnail","hentry","category-news","tag-cantante","tag-cicatrice","tag-concerti","tag-cuore","tag-dichiarazioni","tag-intervento","tag-omar-pedrini","tag-operazione","tag-palco","tag-timoria"],"yoast_head":"<title>Omar Pedrini: &#039;Ho deciso di mostrare la cicatrice&#039; - Gossip.it | News sul Gossip e VIP<\/title>\n<meta name=\"description\" content=\"Omar Pedrini, poco pi\u00f9 di un mese fa, mentre si trovava in tour con il suo nuovo album, &quot;Che ci vado a fare a Londra&quot;, ha avuto un malore durante un\" \/>\n<meta name=\"robots\" content=\"index, follow, max-snippet:-1, max-image-preview:large, max-video-preview:-1\" \/>\n<link rel=\"canonical\" href=\"https:\/\/www.gossip.it\/news\/omar-pedrini-cicatrice\/\" \/>\n<meta property=\"og:locale\" content=\"it_IT\" \/>\n<meta property=\"og:type\" content=\"article\" \/>\n<meta property=\"og:title\" content=\"Omar Pedrini: &#039;Ho deciso di mostrare la cicatrice&#039; - Gossip.it | News sul Gossip e VIP\" \/>\n<meta property=\"og:description\" content=\"Omar Pedrini, poco pi\u00f9 di un mese fa, mentre si trovava in tour con il suo nuovo album, &quot;Che ci vado a fare a Londra&quot;, ha avuto un malore durante un\" \/>\n<meta property=\"og:url\" content=\"https:\/\/www.gossip.it\/news\/omar-pedrini-cicatrice\/\" \/>\n<meta property=\"og:site_name\" content=\"Gossip.it | News sul Gossip e VIP\" \/>\n<meta property=\"article:publisher\" content=\"https:\/\/www.facebook.com\/GossipIT\" \/>\n<meta property=\"article:published_time\" content=\"2014-11-24T23:00:00+00:00\" \/>\n<meta property=\"og:image\" content=\"http:\/\/files.gossip.it\/immagini_news\/2014\/11\/1416909371_1-3.jpg\" \/>\n<meta name=\"author\" content=\"La Redazione\" \/>\n<meta name=\"twitter:card\" content=\"summary_large_image\" \/>\n<meta name=\"twitter:image\" content=\"http:\/\/files.gossip.it\/immagini_news\/2014\/11\/1416909371_1-3.jpg\" \/>\n<meta name=\"twitter:creator\" content=\"@gossinews_it\" \/>\n<meta name=\"twitter:site\" content=\"@gossinews_it\" \/>\n<meta name=\"twitter:label1\" content=\"Scritto da\" \/>\n\t<meta name=\"twitter:data1\" content=\"Francesca Romana Domenici\" \/>\n\t<meta name=\"twitter:label2\" content=\"Tempo di lettura stimato\" \/>\n\t<meta name=\"twitter:data2\" content=\"4 minuti\" \/>","yoast_head_json":{"title":"Omar Pedrini: 'Ho deciso di mostrare la cicatrice' - Gossip.it | News sul Gossip e VIP","description":"Omar Pedrini, poco pi\u00f9 di un mese fa, mentre si trovava in tour con il suo nuovo album, \"Che ci vado a fare a Londra\", ha avuto un malore durante un","robots":{"index":"index","follow":"follow","max-snippet":"max-snippet:-1","max-image-preview":"max-image-preview:large","max-video-preview":"max-video-preview:-1"},"canonical":"https:\/\/www.gossip.it\/news\/omar-pedrini-cicatrice\/","og_locale":"it_IT","og_type":"article","og_title":"Omar Pedrini: 'Ho deciso di mostrare la cicatrice' - Gossip.it | News sul Gossip e VIP","og_description":"Omar Pedrini, poco pi\u00f9 di un mese fa, mentre si trovava in tour con il suo nuovo album, \"Che ci vado a fare a Londra\", ha avuto un malore durante un","og_url":"https:\/\/www.gossip.it\/news\/omar-pedrini-cicatrice\/","og_site_name":"Gossip.it | News sul Gossip e VIP","article_publisher":"https:\/\/www.facebook.com\/GossipIT","article_published_time":"2014-11-24T23:00:00+00:00","og_image":[{"url":"http:\/\/files.gossip.it\/immagini_news\/2014\/11\/1416909371_1-3.jpg"}],"author":"La Redazione","twitter_card":"summary_large_image","twitter_image":"http:\/\/files.gossip.it\/immagini_news\/2014\/11\/1416909371_1-3.jpg","twitter_creator":"@gossinews_it","twitter_site":"@gossinews_it","twitter_misc":{"Scritto da":"Francesca Romana Domenici","Tempo di lettura stimato":"4 minuti"},"schema":{"@context":"https:\/\/schema.org","@graph":[{"@type":"Article","@id":"https:\/\/www.gossip.it\/news\/omar-pedrini-cicatrice\/#article","isPartOf":{"@id":"https:\/\/www.gossip.it\/news\/omar-pedrini-cicatrice\/"},"author":{"name":"La Redazione","@id":"https:\/\/www.gossip.it\/#\/schema\/person\/488896f75158bff1cc83c6c39d141110"},"headline":"Omar Pedrini: 'Ho deciso di mostrare la cicatrice'","datePublished":"2014-11-24T23:00:00+00:00","dateModified":"2014-11-24T23:00:00+00:00","mainEntityOfPage":{"@id":"https:\/\/www.gossip.it\/news\/omar-pedrini-cicatrice\/"},"wordCount":732,"publisher":{"@id":"https:\/\/www.gossip.it\/#organization"},"image":{"@id":"https:\/\/www.gossip.it\/news\/omar-pedrini-cicatrice\/#primaryimage"},"thumbnailUrl":"http:\/\/files.gossip.it\/immagini_news\/2014\/11\/1416909371_1-3.jpg","keywords":["cantante","cicatrice","concerti","cuore","dichiarazioni","intervento","omar pedrini","operazione","palco","Timoria"],"articleSection":["News"],"inLanguage":"it-IT"},{"@type":"WebPage","@id":"https:\/\/www.gossip.it\/news\/omar-pedrini-cicatrice\/","url":"https:\/\/www.gossip.it\/news\/omar-pedrini-cicatrice\/","name":"Omar Pedrini: 'Ho deciso di mostrare la cicatrice' - Gossip.it | News sul Gossip e VIP","isPartOf":{"@id":"https:\/\/www.gossip.it\/#website"},"primaryImageOfPage":{"@id":"https:\/\/www.gossip.it\/news\/omar-pedrini-cicatrice\/#primaryimage"},"image":{"@id":"https:\/\/www.gossip.it\/news\/omar-pedrini-cicatrice\/#primaryimage"},"thumbnailUrl":"http:\/\/files.gossip.it\/immagini_news\/2014\/11\/1416909371_1-3.jpg","datePublished":"2014-11-24T23:00:00+00:00","dateModified":"2014-11-24T23:00:00+00:00","description":"Omar Pedrini, poco pi\u00f9 di un mese fa, mentre si trovava in tour con il suo nuovo album, \"Che ci vado a fare a Londra\", ha avuto un malore durante un","breadcrumb":{"@id":"https:\/\/www.gossip.it\/news\/omar-pedrini-cicatrice\/#breadcrumb"},"inLanguage":"it-IT","potentialAction":[{"@type":"ReadAction","target":["https:\/\/www.gossip.it\/news\/omar-pedrini-cicatrice\/"]}]},{"@type":"ImageObject","inLanguage":"it-IT","@id":"https:\/\/www.gossip.it\/news\/omar-pedrini-cicatrice\/#primaryimage","url":"http:\/\/files.gossip.it\/immagini_news\/2014\/11\/1416909371_1-3.jpg","contentUrl":"http:\/\/files.gossip.it\/immagini_news\/2014\/11\/1416909371_1-3.jpg"},{"@type":"BreadcrumbList","@id":"https:\/\/www.gossip.it\/news\/omar-pedrini-cicatrice\/#breadcrumb","itemListElement":[{"@type":"ListItem","position":1,"name":"Home","item":"https:\/\/www.gossip.it\/"},{"@type":"ListItem","position":2,"name":"Omar Pedrini: 'Ho deciso di mostrare la cicatrice'"}]},{"@type":"WebSite","@id":"https:\/\/www.gossip.it\/#website","url":"https:\/\/www.gossip.it\/","name":"Gossip and VIP News","description":"Quotidiano di cronaca rosa, costume e societ\u00e0","publisher":{"@id":"https:\/\/www.gossip.it\/#organization"},"alternateName":"Gossip and VIP News","potentialAction":[{"@type":"SearchAction","target":{"@type":"EntryPoint","urlTemplate":"https:\/\/www.gossip.it\/?s={search_term_string}"},"query-input":{"@type":"PropertyValueSpecification","valueRequired":true,"valueName":"search_term_string"}}],"inLanguage":"it-IT"},{"@type":"Organization","@id":"https:\/\/www.gossip.it\/#organization","name":"Gossip and VIP News","alternateName":"Gossip News","url":"https:\/\/www.gossip.it\/","logo":{"@type":"ImageObject","inLanguage":"it-IT","@id":"https:\/\/www.gossip.it\/#\/schema\/logo\/image\/","url":"https:\/\/www.gossip.it\/wp-content\/uploads\/2022\/04\/cropped-corna-alta-tiny.png","contentUrl":"https:\/\/www.gossip.it\/wp-content\/uploads\/2022\/04\/cropped-corna-alta-tiny.png","width":512,"height":512,"caption":"Gossip and VIP News"},"image":{"@id":"https:\/\/www.gossip.it\/#\/schema\/logo\/image\/"},"sameAs":["https:\/\/www.facebook.com\/GossipIT","https:\/\/x.com\/gossinews_it","https:\/\/instagram.com\/gossip_it"]},{"@type":"Person","@id":"https:\/\/www.gossip.it\/#\/schema\/person\/488896f75158bff1cc83c6c39d141110","name":"La Redazione","image":{"@type":"ImageObject","inLanguage":"it-IT","@id":"https:\/\/www.gossip.it\/#\/schema\/person\/image\/","url":"https:\/\/secure.gravatar.com\/avatar\/5a5f5c6fa3e6700e4249abdad0263a1e94e927d9e0499b1cb09c1cd29c044d80?s=96&d=mm&r=g","contentUrl":"https:\/\/secure.gravatar.com\/avatar\/5a5f5c6fa3e6700e4249abdad0263a1e94e927d9e0499b1cb09c1cd29c044d80?s=96&d=mm&r=g","caption":"La Redazione"},"sameAs":["https:\/\/www.gossip.it"]}]}},"amp_enabled":true,"_links":{"self":[{"href":"https:\/\/www.gossip.it\/api\/wp\/v2\/posts\/49818","targetHints":{"allow":["GET"]}}],"collection":[{"href":"https:\/\/www.gossip.it\/api\/wp\/v2\/posts"}],"about":[{"href":"https:\/\/www.gossip.it\/api\/wp\/v2\/types\/post"}],"author":[{"embeddable":true,"href":"https:\/\/www.gossip.it\/api\/wp\/v2\/users\/1"}],"replies":[{"embeddable":true,"href":"https:\/\/www.gossip.it\/api\/wp\/v2\/comments?post=49818"}],"version-history":[{"count":0,"href":"https:\/\/www.gossip.it\/api\/wp\/v2\/posts\/49818\/revisions"}],"wp:featuredmedia":[{"embeddable":true,"href":"https:\/\/www.gossip.it\/api\/wp\/v2\/media\/105864"}],"wp:attachment":[{"href":"https:\/\/www.gossip.it\/api\/wp\/v2\/media?parent=49818"}],"wp:term":[{"taxonomy":"category","embeddable":true,"href":"https:\/\/www.gossip.it\/api\/wp\/v2\/categories?post=49818"},{"taxonomy":"post_tag","embeddable":true,"href":"https:\/\/www.gossip.it\/api\/wp\/v2\/tags?post=49818"},{"taxonomy":"vip","embeddable":true,"href":"https:\/\/www.gossip.it\/api\/wp\/v2\/vip?post=49818"}],"curies":[{"name":"wp","href":"https:\/\/api.w.org\/{rel}","templated":true}]}}