{"id":49923,"date":"2014-12-03T00:00:00","date_gmt":"2014-12-02T23:00:00","guid":{"rendered":"https:\/\/www.gossip.it\/senza-categoria\/claudia-galanti-arnaud-mimran-morta-indila-carolina-sky\/"},"modified":"2014-12-03T00:00:00","modified_gmt":"2014-12-02T23:00:00","slug":"claudia-galanti-arnaud-mimran-morta-indila-carolina-sky","status":"publish","type":"post","link":"https:\/\/www.gossip.it\/news\/claudia-galanti-arnaud-mimran-morta-indila-carolina-sky\/","title":{"rendered":"Claudia Galanti e Arnaud Mimran: \u00e8 morta Indila Carolina Sky"},"content":{"rendered":"<p>Un annuncio improvviso, tragico nella sua enormit\u00e0. La scorsa notte a Parigi \u00e8 <strong>morta<\/strong> <strong>Indila Carolina Sky<\/strong>, la figlia ultimogenita di <a href=\"http:\/\/www.gossip.it\/vip\/claudia-galanti\/\">Claudia Galanti<\/a> e <a href=\"http:\/\/www.gossip.it\/vip\/arnaud-mimran\/\">Arnaud Mimran<\/a>.<\/p>\n<figure class=\"caption\"><img decoding=\"async\" alt=\"\" width=\"620\" height=\"610\" src=\"http:\/\/files.gossip.it\/immagini_news\/2014\/12\/1417609116_1gal.jpg\" \/><figcaption>Claudia Galanti in clinica il giorno in cui \u00e8 nata la figlia Indila Carolina Sky bacia Arnaud Mimran<\/figcaption><\/figure>\n<p>La piccola era venuta alla luce lo scorso 21 marzo, quando sembrava ancora che <strong>Claudia Galanti<\/strong> e <strong>Arnaud Mimran<\/strong> fossero felici insieme. <strong>Indila Carolina Sky<\/strong> il 21 dicembre prossimo avrebbe compiuto 9 mesi.<br \/>A dare l'annuncio della scomparsa della bimba sono stati i network ufficiali di <em>Verissimo<\/em>: <em>\"Abbracciamo con tutto il nostro affetto Claudia Galanti e Arnaud nel momento pi\u00f9 drammatico della loro vita.\u00a0La scorsa notte, a Parigi, \u00e8 scomparsa improvvisamente la loro figlia di soli nove mesi, Indila Carolina. Tutti noi vi siamo vicini\"<\/em>.<\/p>\n<p><iframe src=\"http:\/\/www.gossip.it\/video\/share\/3176\/\" style=\"border:0;width:620px;height:320px;\"><\/iframe><\/p>\n<figure class=\"caption\"><img decoding=\"async\" alt=\"\" width=\"620\" height=\"616\" src=\"http:\/\/files.gossip.it\/immagini_news\/2014\/12\/1417609179_2gal.jpg\" \/><figcaption>Un altro scatto social della showgirl insieme alla piccola, ora scomparsa<\/figcaption><\/figure>\n<figure class=\"caption\"><img decoding=\"async\" alt=\"\" width=\"620\" height=\"640\" src=\"http:\/\/files.gossip.it\/immagini_news\/2014\/12\/1417609227_6gal.jpg\" \/><figcaption>A dare il tragico annuncio i network ufficiali di Verissimo<\/figcaption><\/figure>\n<p>Non si conosce ancora il perch\u00e9 sia accaduto, perch\u00e8 <strong>Indila Carolina Sky<\/strong> sia <strong>morta<\/strong>. Sui profili <a href=\"http:\/\/www.gossip.it\/vip\/social\/\">social<\/a> di <strong>Claudia Galanti<\/strong> e <strong>Arnaud Mimran<\/strong> tanti i messaggi di condoglianze. I followers sono rimasti assolutamente addolorati per un lutto cos\u00ec sconvolgente: la perdita di una figlia \u00e8 qualcosa che non pu\u00f2 essere neppure descritto a parole.<\/p>\n<figure class=\"caption\"><img decoding=\"async\" alt=\"\" width=\"620\" height=\"461\" src=\"http:\/\/files.gossip.it\/immagini_news\/2014\/12\/1417609259_3gal.jpg\" \/><figcaption>Indila Carolina Sky gioca con la mamma: il 21 dicembre avrebbe compiuto 9 mesi<\/figcaption><\/figure>\n<figure class=\"caption\"><img decoding=\"async\" alt=\"\" width=\"620\" height=\"861\" src=\"http:\/\/files.gossip.it\/immagini_news\/2014\/12\/1417609302_4gal.jpg\" \/><figcaption>Claudia Galanti con l'ultimogenita a spasso per le vie di MIlano<\/figcaption><\/figure>\n<p>Sembrerebbe che <strong>Indila Carolina Sky<\/strong> sia <strong>morta<\/strong> perch\u00e9 rimasta soffocata nel sonno. Forse a portarla via potrebbe essere stata la sindrome della morte improvvisa del lattante, che colpisce i bambini nel primo anno di vita ed \u00e8 a tutt'oggi la prima causa di morte dei bimbi nati sani. Ma per ora sono solo delle ipotesi.<\/p>\n<figure class=\"caption\"><img decoding=\"async\" alt=\"\" width=\"620\" height=\"400\" src=\"http:\/\/files.gossip.it\/immagini_news\/2014\/12\/1417609340_5gal.jpg\" \/><figcaption>Niente poteva far prevedere la morte della bimba, che sembra sia rimasta soffocata nel sonno\u00a0<\/figcaption><\/figure>\n<p><strong>Claudia Galanti<\/strong>, mamma anche di <em>Liam Elijah<\/em>, 3 anni lo scorso 3 aprile, e <em>Tal Harlow<\/em>, 2 anni l'8 giugno, era appena tornata da un viaggio alle Seychelles con le amiche. Domani, 4 dicembre, avrebbe dovuto presentare a Milano la sua collezione di jeans double face. <strong>Arnaud Mimran<\/strong>, anche lui tornato da un viaggio a Dubai insieme ad alcuni dei suoi figli e alla nuova compagna <a href=\"http:\/\/www.gossip.it\/vip\/tamara-pisnoli\/\">Tamara Pisnoli<\/a>, era alle prese con la vicenda riguardante proprio l'ex moglie di <a href=\"http:\/\/www.gossip.it\/vip\/daniele-de rossi\/\">Daniele De Rossi<\/a>, attualmente agli arresti domiciliari accusata di minacce insieme ad altre persone a un imprenditore romano.\u00a0<span style=\"line-height: 1.6em;\">Ora per i due ex c'\u00e8 solo dolore.<\/span><\/p>\n<p>\u00a0<\/p>\n","protected":false},"excerpt":{"rendered":"<p>Un annuncio improvviso, tragico nella sua enormit\u00e0. La scorsa notte a Parigi \u00e8 morta Indila Carolina Sky, la figlia ultimogenita di Claudia Galanti e Arnaud Mimran. Claudia Galanti in clinica il giorno in cui \u00e8 nata la figlia Indila Carolina Sky bacia Arnaud Mimran La piccola era venuta alla luce lo scorso 21 marzo, quando [&hellip;]<\/p>\n","protected":false},"author":1,"featured_media":105969,"comment_status":"closed","ping_status":"closed","sticky":false,"template":"","format":"standard","meta":{"footnotes":""},"categories":[54],"tags":[11388,8879,8687,1967,1923,2208],"vip":[368,502],"class_list":["post-49923","post","type-post","status-publish","format-standard","has-post-thumbnail","hentry","category-news","tag-indila-carolina-sky","tag-morta","tag-morte","tag-showgirl","tag-social","tag-verissimo","vip-arnaud_mimran","vip-claudia_galanti"],"yoast_head":"<title>Claudia Galanti e Arnaud Mimran: \u00e8 morta Indila Carolina Sky - Gossip.it | News sul Gossip e VIP<\/title>\n<meta name=\"description\" content=\"Un annuncio improvviso, tragico nella sua enormit\u00e0. La scorsa notte a Parigi \u00e8 morta Indila Carolina Sky, la figlia ultimogenita di Claudia Galanti e\" \/>\n<meta name=\"robots\" content=\"index, follow, max-snippet:-1, max-image-preview:large, max-video-preview:-1\" \/>\n<link rel=\"canonical\" href=\"https:\/\/www.gossip.it\/news\/claudia-galanti-arnaud-mimran-morta-indila-carolina-sky\/\" \/>\n<meta property=\"og:locale\" content=\"it_IT\" \/>\n<meta property=\"og:type\" content=\"article\" \/>\n<meta property=\"og:title\" content=\"Claudia Galanti e Arnaud Mimran: \u00e8 morta Indila Carolina Sky - Gossip.it | News sul Gossip e VIP\" \/>\n<meta property=\"og:description\" content=\"Un annuncio improvviso, tragico nella sua enormit\u00e0. La scorsa notte a Parigi \u00e8 morta Indila Carolina Sky, la figlia ultimogenita di Claudia Galanti e\" \/>\n<meta property=\"og:url\" content=\"https:\/\/www.gossip.it\/news\/claudia-galanti-arnaud-mimran-morta-indila-carolina-sky\/\" \/>\n<meta property=\"og:site_name\" content=\"Gossip.it | News sul Gossip e VIP\" \/>\n<meta property=\"article:publisher\" content=\"https:\/\/www.facebook.com\/GossipIT\" \/>\n<meta property=\"article:published_time\" content=\"2014-12-02T23:00:00+00:00\" \/>\n<meta property=\"og:image\" content=\"http:\/\/files.gossip.it\/immagini_news\/2014\/12\/1417609116_1gal.jpg\" \/>\n<meta name=\"author\" content=\"La Redazione\" \/>\n<meta name=\"twitter:card\" content=\"summary_large_image\" \/>\n<meta name=\"twitter:image\" content=\"http:\/\/files.gossip.it\/immagini_news\/2014\/12\/1417609116_1gal.jpg\" \/>\n<meta name=\"twitter:creator\" content=\"@gossinews_it\" \/>\n<meta name=\"twitter:site\" content=\"@gossinews_it\" \/>\n<meta name=\"twitter:label1\" content=\"Scritto da\" \/>\n\t<meta name=\"twitter:data1\" content=\"Annamaria Capozzi\" \/>\n\t<meta name=\"twitter:label2\" content=\"Tempo di lettura stimato\" \/>\n\t<meta name=\"twitter:data2\" content=\"2 minuti\" \/>","yoast_head_json":{"title":"Claudia Galanti e Arnaud Mimran: \u00e8 morta Indila Carolina Sky - Gossip.it | News sul Gossip e VIP","description":"Un annuncio improvviso, tragico nella sua enormit\u00e0. La scorsa notte a Parigi \u00e8 morta Indila Carolina Sky, la figlia ultimogenita di Claudia Galanti e","robots":{"index":"index","follow":"follow","max-snippet":"max-snippet:-1","max-image-preview":"max-image-preview:large","max-video-preview":"max-video-preview:-1"},"canonical":"https:\/\/www.gossip.it\/news\/claudia-galanti-arnaud-mimran-morta-indila-carolina-sky\/","og_locale":"it_IT","og_type":"article","og_title":"Claudia Galanti e Arnaud Mimran: \u00e8 morta Indila Carolina Sky - Gossip.it | News sul Gossip e VIP","og_description":"Un annuncio improvviso, tragico nella sua enormit\u00e0. La scorsa notte a Parigi \u00e8 morta Indila Carolina Sky, la figlia ultimogenita di Claudia Galanti e","og_url":"https:\/\/www.gossip.it\/news\/claudia-galanti-arnaud-mimran-morta-indila-carolina-sky\/","og_site_name":"Gossip.it | News sul Gossip e VIP","article_publisher":"https:\/\/www.facebook.com\/GossipIT","article_published_time":"2014-12-02T23:00:00+00:00","og_image":[{"url":"http:\/\/files.gossip.it\/immagini_news\/2014\/12\/1417609116_1gal.jpg"}],"author":"La Redazione","twitter_card":"summary_large_image","twitter_image":"http:\/\/files.gossip.it\/immagini_news\/2014\/12\/1417609116_1gal.jpg","twitter_creator":"@gossinews_it","twitter_site":"@gossinews_it","twitter_misc":{"Scritto da":"Annamaria Capozzi","Tempo di lettura stimato":"2 minuti"},"schema":{"@context":"https:\/\/schema.org","@graph":[{"@type":"Article","@id":"https:\/\/www.gossip.it\/news\/claudia-galanti-arnaud-mimran-morta-indila-carolina-sky\/#article","isPartOf":{"@id":"https:\/\/www.gossip.it\/news\/claudia-galanti-arnaud-mimran-morta-indila-carolina-sky\/"},"author":{"name":"La Redazione","@id":"https:\/\/www.gossip.it\/#\/schema\/person\/488896f75158bff1cc83c6c39d141110"},"headline":"Claudia Galanti e Arnaud Mimran: \u00e8 morta Indila Carolina Sky","datePublished":"2014-12-02T23:00:00+00:00","dateModified":"2014-12-02T23:00:00+00:00","mainEntityOfPage":{"@id":"https:\/\/www.gossip.it\/news\/claudia-galanti-arnaud-mimran-morta-indila-carolina-sky\/"},"wordCount":404,"publisher":{"@id":"https:\/\/www.gossip.it\/#organization"},"image":{"@id":"https:\/\/www.gossip.it\/news\/claudia-galanti-arnaud-mimran-morta-indila-carolina-sky\/#primaryimage"},"thumbnailUrl":"http:\/\/files.gossip.it\/immagini_news\/2014\/12\/1417609116_1gal.jpg","keywords":["indila carolina sky","morta","morte","showgirl","social","verissimo"],"articleSection":["News"],"inLanguage":"it-IT"},{"@type":"WebPage","@id":"https:\/\/www.gossip.it\/news\/claudia-galanti-arnaud-mimran-morta-indila-carolina-sky\/","url":"https:\/\/www.gossip.it\/news\/claudia-galanti-arnaud-mimran-morta-indila-carolina-sky\/","name":"Claudia Galanti e Arnaud Mimran: \u00e8 morta Indila Carolina Sky - Gossip.it | News sul Gossip e VIP","isPartOf":{"@id":"https:\/\/www.gossip.it\/#website"},"primaryImageOfPage":{"@id":"https:\/\/www.gossip.it\/news\/claudia-galanti-arnaud-mimran-morta-indila-carolina-sky\/#primaryimage"},"image":{"@id":"https:\/\/www.gossip.it\/news\/claudia-galanti-arnaud-mimran-morta-indila-carolina-sky\/#primaryimage"},"thumbnailUrl":"http:\/\/files.gossip.it\/immagini_news\/2014\/12\/1417609116_1gal.jpg","datePublished":"2014-12-02T23:00:00+00:00","dateModified":"2014-12-02T23:00:00+00:00","description":"Un annuncio improvviso, tragico nella sua enormit\u00e0. La scorsa notte a Parigi \u00e8 morta Indila Carolina Sky, la figlia ultimogenita di Claudia Galanti e","breadcrumb":{"@id":"https:\/\/www.gossip.it\/news\/claudia-galanti-arnaud-mimran-morta-indila-carolina-sky\/#breadcrumb"},"inLanguage":"it-IT","potentialAction":[{"@type":"ReadAction","target":["https:\/\/www.gossip.it\/news\/claudia-galanti-arnaud-mimran-morta-indila-carolina-sky\/"]}]},{"@type":"ImageObject","inLanguage":"it-IT","@id":"https:\/\/www.gossip.it\/news\/claudia-galanti-arnaud-mimran-morta-indila-carolina-sky\/#primaryimage","url":"http:\/\/files.gossip.it\/immagini_news\/2014\/12\/1417609116_1gal.jpg","contentUrl":"http:\/\/files.gossip.it\/immagini_news\/2014\/12\/1417609116_1gal.jpg"},{"@type":"BreadcrumbList","@id":"https:\/\/www.gossip.it\/news\/claudia-galanti-arnaud-mimran-morta-indila-carolina-sky\/#breadcrumb","itemListElement":[{"@type":"ListItem","position":1,"name":"Home","item":"https:\/\/www.gossip.it\/"},{"@type":"ListItem","position":2,"name":"Claudia Galanti e Arnaud Mimran: \u00e8 morta Indila Carolina Sky"}]},{"@type":"WebSite","@id":"https:\/\/www.gossip.it\/#website","url":"https:\/\/www.gossip.it\/","name":"Gossip and VIP News","description":"Quotidiano di cronaca rosa, costume e societ\u00e0","publisher":{"@id":"https:\/\/www.gossip.it\/#organization"},"alternateName":"Gossip and VIP News","potentialAction":[{"@type":"SearchAction","target":{"@type":"EntryPoint","urlTemplate":"https:\/\/www.gossip.it\/?s={search_term_string}"},"query-input":{"@type":"PropertyValueSpecification","valueRequired":true,"valueName":"search_term_string"}}],"inLanguage":"it-IT"},{"@type":"Organization","@id":"https:\/\/www.gossip.it\/#organization","name":"Gossip and VIP News","alternateName":"Gossip News","url":"https:\/\/www.gossip.it\/","logo":{"@type":"ImageObject","inLanguage":"it-IT","@id":"https:\/\/www.gossip.it\/#\/schema\/logo\/image\/","url":"https:\/\/www.gossip.it\/wp-content\/uploads\/2022\/04\/cropped-corna-alta-tiny.png","contentUrl":"https:\/\/www.gossip.it\/wp-content\/uploads\/2022\/04\/cropped-corna-alta-tiny.png","width":512,"height":512,"caption":"Gossip and VIP News"},"image":{"@id":"https:\/\/www.gossip.it\/#\/schema\/logo\/image\/"},"sameAs":["https:\/\/www.facebook.com\/GossipIT","https:\/\/x.com\/gossinews_it","https:\/\/instagram.com\/gossip_it"]},{"@type":"Person","@id":"https:\/\/www.gossip.it\/#\/schema\/person\/488896f75158bff1cc83c6c39d141110","name":"La Redazione","image":{"@type":"ImageObject","inLanguage":"it-IT","@id":"https:\/\/www.gossip.it\/#\/schema\/person\/image\/","url":"https:\/\/secure.gravatar.com\/avatar\/5a5f5c6fa3e6700e4249abdad0263a1e94e927d9e0499b1cb09c1cd29c044d80?s=96&d=mm&r=g","contentUrl":"https:\/\/secure.gravatar.com\/avatar\/5a5f5c6fa3e6700e4249abdad0263a1e94e927d9e0499b1cb09c1cd29c044d80?s=96&d=mm&r=g","caption":"La Redazione"},"sameAs":["https:\/\/www.gossip.it"]}]}},"amp_enabled":true,"_links":{"self":[{"href":"https:\/\/www.gossip.it\/api\/wp\/v2\/posts\/49923","targetHints":{"allow":["GET"]}}],"collection":[{"href":"https:\/\/www.gossip.it\/api\/wp\/v2\/posts"}],"about":[{"href":"https:\/\/www.gossip.it\/api\/wp\/v2\/types\/post"}],"author":[{"embeddable":true,"href":"https:\/\/www.gossip.it\/api\/wp\/v2\/users\/1"}],"replies":[{"embeddable":true,"href":"https:\/\/www.gossip.it\/api\/wp\/v2\/comments?post=49923"}],"version-history":[{"count":0,"href":"https:\/\/www.gossip.it\/api\/wp\/v2\/posts\/49923\/revisions"}],"wp:featuredmedia":[{"embeddable":true,"href":"https:\/\/www.gossip.it\/api\/wp\/v2\/media\/105969"}],"wp:attachment":[{"href":"https:\/\/www.gossip.it\/api\/wp\/v2\/media?parent=49923"}],"wp:term":[{"taxonomy":"category","embeddable":true,"href":"https:\/\/www.gossip.it\/api\/wp\/v2\/categories?post=49923"},{"taxonomy":"post_tag","embeddable":true,"href":"https:\/\/www.gossip.it\/api\/wp\/v2\/tags?post=49923"},{"taxonomy":"vip","embeddable":true,"href":"https:\/\/www.gossip.it\/api\/wp\/v2\/vip?post=49923"}],"curies":[{"name":"wp","href":"https:\/\/api.w.org\/{rel}","templated":true}]}}