{"id":50030,"date":"2014-12-12T00:00:00","date_gmt":"2014-12-11T23:00:00","guid":{"rendered":"https:\/\/www.gossip.it\/senza-categoria\/adriana-lima-albero-natale-valentina-sienna\/"},"modified":"2014-12-12T00:00:00","modified_gmt":"2014-12-11T23:00:00","slug":"adriana-lima-albero-natale-valentina-sienna","status":"publish","type":"post","link":"https:\/\/www.gossip.it\/news\/adriana-lima-albero-natale-valentina-sienna\/","title":{"rendered":"Adriana Lima: Valentina e Sienna fanno l'albero di Natale"},"content":{"rendered":"<p>Sar\u00f2 il suo primo <strong>Natale<\/strong> da ufficialmente single. <a href=\"http:\/\/www.gossip.it\/vip\/adriana-lima\/\">Adriana Lima<\/a>, 33 anni, stupendo angelo di <a href=\"http:\/\/www.gossip.it\/vip\/victoria's-secret\/\">Victoria's Secret<\/a>, <a href=\"http:\/\/www.gossip.it\/vip\/top-model\/\">top model<\/a> tra le pi\u00f9 desiderate al mondo, lo scorso 2 maggio ha annunciato a sorpresa la separazione dal marito <a href=\"http:\/\/www.gossip.it\/vip\/marko-jaric\/\">Marko Jaric<\/a>, ex star dell'NBA.\u00a0<br \/>Adriana, per ufficializzare l'<a href=\"http:\/\/www.gossip.it\/vip\/addio\/\">addio<\/a>, fece addirittura un comunicato stampa.\u00a0<em>\"Dopo un'attenta e lunga considerazione, abbiamo deciso di separarci dopo cinque anni di matrimonio<\/em> - si leggeva nella nota - <em>Siamo grati di essere genitori di due incredibili bambine che continueremo a crescere insieme. Apprezzeremo molto coloro che decideranno di avere rispetto per la privacy della nostra famiglia in questo delicatissimo capitolo della vita che tutti noi stiamo attraversando\"<\/em>.<br \/>Ora si prepara alle festivit\u00e0 senza avere un amore, anche se in realt\u00e0 le piccole <strong>Valentina<\/strong>, nata il 15 novembre 2009, e <strong>Sienna<\/strong>, venuta al mondo il 12 settembre 2012, le riempiono comunque il cuore di gioia.<\/p>\n<figure class=\"caption\"><img decoding=\"async\" alt=\"\" width=\"620\" height=\"617\" src=\"http:\/\/files.gossip.it\/immagini_news\/2014\/12\/1418398832_1lima.jpg\" \/><figcaption>Valentina e Sienna, le figlie di Adriana Lima, addobbano l'albero di Natale<\/figcaption><\/figure>\n<p><strong>Adriana Lima<\/strong> se le gode appena \u00e8 libera dagli impegni di lavoro. <strong>Valentina<\/strong>, 5 anni, e <strong>Sienna<\/strong>, 3 anni, sono bimbe bellissime, che aspettano Santa Claus con grande trepidazione, intanto si divertono a fare in casa l'<strong>albero<\/strong> di <strong>Natale<\/strong>. E' la loro mamma stessa a svelarlo, postando sul suo profilo <em>Instagram<\/em> uno scatto in cui sono immortalate le pargolette assolutamente concentrate con l'addobbo.<em>\"<strong>Valentina<\/strong> e <strong>Sienna<\/strong> preparano l'<strong>albero<\/strong> di <strong>Natale<\/strong>\"<\/em>, ha cinguettato dolcemente <strong>Adriana Lima<\/strong>.<br \/>Ora non le serve un altro Cupido. Meglio curare la professione e trascorrere il tempo dividendolo tra amici e le figlie <strong>Valentina<\/strong> e <strong>Sienna<\/strong>. Magari Adriana le avr\u00e0 aiutate a completare l'<strong>albero<\/strong> di <strong>Natale<\/strong>, quello dove troveranno i loro doni la mattina del 25 dicembre. Troppo fresco il crack con Jaric, sposato il 14 febbraio 2009 e con cui si era fidanzata solo dopo nove mesi di frequentazione, il 12 giugno 2008.\u00a0<\/p>\n<figure class=\"caption\"><img decoding=\"async\" alt=\"\" width=\"620\" height=\"623\" src=\"http:\/\/files.gossip.it\/immagini_news\/2014\/12\/1418398849_2lima.jpg\" \/><figcaption>Un selfie per la bella top model brasiliana, che trascorrer\u00e0 il suo primo Natale da single<\/figcaption><\/figure>\n<p><strong>Adriana Lima<\/strong> \u00e8 una cattolica praticante, impegnata in molti progetti sociali. Il suo <a href=\"http:\/\/www.gossip.it\/vip\/matrimonio\/\">matrimonio<\/a> finito male \u00e8 una ferita che deve ancora essere curata. E' sempre stata contro il sesso prematrimoniale, al punto da affermare, intervistata giovanissima: <em>\"Il sesso \u00e8 per dopo il matrimonio. Gli uomini devono rispettare che questa \u00e8 la mia scelta. Se non c'\u00e8 rispetto, significa che non mi vogliono\"<\/em>. E continua a pensarla cos\u00ec. Se arriver\u00e0 un nuovo <em>'boyfriend'<\/em> sar\u00e0 una scelta ragionata, voluta e ponderata con molta cura.<\/p>\n<p>\u00a0<\/p>\n","protected":false},"excerpt":{"rendered":"<p>Sar\u00f2 il suo primo Natale da ufficialmente single. Adriana Lima, 33 anni, stupendo angelo di Victoria's Secret, top model tra le pi\u00f9 desiderate al mondo, lo scorso 2 maggio ha annunciato a sorpresa la separazione dal marito Marko Jaric, ex star dell'NBA.\u00a0Adriana, per ufficializzare l'addio, fece addirittura un comunicato stampa.\u00a0\"Dopo un'attenta e lunga considerazione, abbiamo [&hellip;]<\/p>\n","protected":false},"author":1,"featured_media":106076,"comment_status":"closed","ping_status":"closed","sticky":false,"template":"","format":"standard","meta":{"footnotes":""},"categories":[54],"tags":[11365,2464,5300,2121,27828,1997,38139,1923,2333,4036],"vip":[],"class_list":["post-50030","post","type-post","status-publish","format-standard","has-post-thumbnail","hentry","category-news","tag-adriana-lima","tag-albero-di-natale","tag-figlie","tag-instagram","tag-marko-jaric","tag-modella","tag-sienna","tag-social","tag-top-model","tag-valentina"],"yoast_head":"<title>Adriana Lima: Valentina e Sienna fanno l&#039;albero di Natale - Gossip.it | News sul Gossip e VIP<\/title>\n<meta name=\"description\" content=\"Sar\u00f2 il suo primo Natale da ufficialmente single. Adriana Lima, 33 anni, stupendo angelo di Victoria&#039;s Secret, top model tra le pi\u00f9 desiderate al mondo,\" \/>\n<meta name=\"robots\" content=\"index, follow, max-snippet:-1, max-image-preview:large, max-video-preview:-1\" \/>\n<link rel=\"canonical\" href=\"https:\/\/www.gossip.it\/news\/adriana-lima-albero-natale-valentina-sienna\/\" \/>\n<meta property=\"og:locale\" content=\"it_IT\" \/>\n<meta property=\"og:type\" content=\"article\" \/>\n<meta property=\"og:title\" content=\"Adriana Lima: Valentina e Sienna fanno l&#039;albero di Natale - Gossip.it | News sul Gossip e VIP\" \/>\n<meta property=\"og:description\" content=\"Sar\u00f2 il suo primo Natale da ufficialmente single. Adriana Lima, 33 anni, stupendo angelo di Victoria&#039;s Secret, top model tra le pi\u00f9 desiderate al mondo,\" \/>\n<meta property=\"og:url\" content=\"https:\/\/www.gossip.it\/news\/adriana-lima-albero-natale-valentina-sienna\/\" \/>\n<meta property=\"og:site_name\" content=\"Gossip.it | News sul Gossip e VIP\" \/>\n<meta property=\"article:publisher\" content=\"https:\/\/www.facebook.com\/GossipIT\" \/>\n<meta property=\"article:published_time\" content=\"2014-12-11T23:00:00+00:00\" \/>\n<meta property=\"og:image\" content=\"http:\/\/files.gossip.it\/immagini_news\/2014\/12\/1418398832_1lima.jpg\" \/>\n<meta name=\"author\" content=\"La Redazione\" \/>\n<meta name=\"twitter:card\" content=\"summary_large_image\" \/>\n<meta name=\"twitter:image\" content=\"http:\/\/files.gossip.it\/immagini_news\/2014\/12\/1418398832_1lima.jpg\" \/>\n<meta name=\"twitter:creator\" content=\"@gossinews_it\" \/>\n<meta name=\"twitter:site\" content=\"@gossinews_it\" \/>\n<meta name=\"twitter:label1\" content=\"Scritto da\" \/>\n\t<meta name=\"twitter:data1\" content=\"Annamaria Capozzi\" \/>\n\t<meta name=\"twitter:label2\" content=\"Tempo di lettura stimato\" \/>\n\t<meta name=\"twitter:data2\" content=\"2 minuti\" \/>","yoast_head_json":{"title":"Adriana Lima: Valentina e Sienna fanno l'albero di Natale - Gossip.it | News sul Gossip e VIP","description":"Sar\u00f2 il suo primo Natale da ufficialmente single. Adriana Lima, 33 anni, stupendo angelo di Victoria's Secret, top model tra le pi\u00f9 desiderate al mondo,","robots":{"index":"index","follow":"follow","max-snippet":"max-snippet:-1","max-image-preview":"max-image-preview:large","max-video-preview":"max-video-preview:-1"},"canonical":"https:\/\/www.gossip.it\/news\/adriana-lima-albero-natale-valentina-sienna\/","og_locale":"it_IT","og_type":"article","og_title":"Adriana Lima: Valentina e Sienna fanno l'albero di Natale - Gossip.it | News sul Gossip e VIP","og_description":"Sar\u00f2 il suo primo Natale da ufficialmente single. Adriana Lima, 33 anni, stupendo angelo di Victoria's Secret, top model tra le pi\u00f9 desiderate al mondo,","og_url":"https:\/\/www.gossip.it\/news\/adriana-lima-albero-natale-valentina-sienna\/","og_site_name":"Gossip.it | News sul Gossip e VIP","article_publisher":"https:\/\/www.facebook.com\/GossipIT","article_published_time":"2014-12-11T23:00:00+00:00","og_image":[{"url":"http:\/\/files.gossip.it\/immagini_news\/2014\/12\/1418398832_1lima.jpg"}],"author":"La Redazione","twitter_card":"summary_large_image","twitter_image":"http:\/\/files.gossip.it\/immagini_news\/2014\/12\/1418398832_1lima.jpg","twitter_creator":"@gossinews_it","twitter_site":"@gossinews_it","twitter_misc":{"Scritto da":"Annamaria Capozzi","Tempo di lettura stimato":"2 minuti"},"schema":{"@context":"https:\/\/schema.org","@graph":[{"@type":"Article","@id":"https:\/\/www.gossip.it\/news\/adriana-lima-albero-natale-valentina-sienna\/#article","isPartOf":{"@id":"https:\/\/www.gossip.it\/news\/adriana-lima-albero-natale-valentina-sienna\/"},"author":{"name":"La Redazione","@id":"https:\/\/www.gossip.it\/#\/schema\/person\/488896f75158bff1cc83c6c39d141110"},"headline":"Adriana Lima: Valentina e Sienna fanno l'albero di Natale","datePublished":"2014-12-11T23:00:00+00:00","dateModified":"2014-12-11T23:00:00+00:00","mainEntityOfPage":{"@id":"https:\/\/www.gossip.it\/news\/adriana-lima-albero-natale-valentina-sienna\/"},"wordCount":406,"publisher":{"@id":"https:\/\/www.gossip.it\/#organization"},"image":{"@id":"https:\/\/www.gossip.it\/news\/adriana-lima-albero-natale-valentina-sienna\/#primaryimage"},"thumbnailUrl":"http:\/\/files.gossip.it\/immagini_news\/2014\/12\/1418398832_1lima.jpg","keywords":["adriana lima","albero di natale","figlie","instagram","marko jaric","modella","sienna","social","top model","valentina"],"articleSection":["News"],"inLanguage":"it-IT"},{"@type":"WebPage","@id":"https:\/\/www.gossip.it\/news\/adriana-lima-albero-natale-valentina-sienna\/","url":"https:\/\/www.gossip.it\/news\/adriana-lima-albero-natale-valentina-sienna\/","name":"Adriana Lima: Valentina e Sienna fanno l'albero di Natale - Gossip.it | News sul Gossip e VIP","isPartOf":{"@id":"https:\/\/www.gossip.it\/#website"},"primaryImageOfPage":{"@id":"https:\/\/www.gossip.it\/news\/adriana-lima-albero-natale-valentina-sienna\/#primaryimage"},"image":{"@id":"https:\/\/www.gossip.it\/news\/adriana-lima-albero-natale-valentina-sienna\/#primaryimage"},"thumbnailUrl":"http:\/\/files.gossip.it\/immagini_news\/2014\/12\/1418398832_1lima.jpg","datePublished":"2014-12-11T23:00:00+00:00","dateModified":"2014-12-11T23:00:00+00:00","description":"Sar\u00f2 il suo primo Natale da ufficialmente single. Adriana Lima, 33 anni, stupendo angelo di Victoria's Secret, top model tra le pi\u00f9 desiderate al mondo,","breadcrumb":{"@id":"https:\/\/www.gossip.it\/news\/adriana-lima-albero-natale-valentina-sienna\/#breadcrumb"},"inLanguage":"it-IT","potentialAction":[{"@type":"ReadAction","target":["https:\/\/www.gossip.it\/news\/adriana-lima-albero-natale-valentina-sienna\/"]}]},{"@type":"ImageObject","inLanguage":"it-IT","@id":"https:\/\/www.gossip.it\/news\/adriana-lima-albero-natale-valentina-sienna\/#primaryimage","url":"http:\/\/files.gossip.it\/immagini_news\/2014\/12\/1418398832_1lima.jpg","contentUrl":"http:\/\/files.gossip.it\/immagini_news\/2014\/12\/1418398832_1lima.jpg"},{"@type":"BreadcrumbList","@id":"https:\/\/www.gossip.it\/news\/adriana-lima-albero-natale-valentina-sienna\/#breadcrumb","itemListElement":[{"@type":"ListItem","position":1,"name":"Home","item":"https:\/\/www.gossip.it\/"},{"@type":"ListItem","position":2,"name":"Adriana Lima: Valentina e Sienna fanno l'albero di Natale"}]},{"@type":"WebSite","@id":"https:\/\/www.gossip.it\/#website","url":"https:\/\/www.gossip.it\/","name":"Gossip and VIP News","description":"Quotidiano di cronaca rosa, costume e societ\u00e0","publisher":{"@id":"https:\/\/www.gossip.it\/#organization"},"alternateName":"Gossip and VIP News","potentialAction":[{"@type":"SearchAction","target":{"@type":"EntryPoint","urlTemplate":"https:\/\/www.gossip.it\/?s={search_term_string}"},"query-input":{"@type":"PropertyValueSpecification","valueRequired":true,"valueName":"search_term_string"}}],"inLanguage":"it-IT"},{"@type":"Organization","@id":"https:\/\/www.gossip.it\/#organization","name":"Gossip and VIP News","alternateName":"Gossip News","url":"https:\/\/www.gossip.it\/","logo":{"@type":"ImageObject","inLanguage":"it-IT","@id":"https:\/\/www.gossip.it\/#\/schema\/logo\/image\/","url":"https:\/\/www.gossip.it\/wp-content\/uploads\/2022\/04\/cropped-corna-alta-tiny.png","contentUrl":"https:\/\/www.gossip.it\/wp-content\/uploads\/2022\/04\/cropped-corna-alta-tiny.png","width":512,"height":512,"caption":"Gossip and VIP News"},"image":{"@id":"https:\/\/www.gossip.it\/#\/schema\/logo\/image\/"},"sameAs":["https:\/\/www.facebook.com\/GossipIT","https:\/\/x.com\/gossinews_it","https:\/\/instagram.com\/gossip_it"]},{"@type":"Person","@id":"https:\/\/www.gossip.it\/#\/schema\/person\/488896f75158bff1cc83c6c39d141110","name":"La Redazione","image":{"@type":"ImageObject","inLanguage":"it-IT","@id":"https:\/\/www.gossip.it\/#\/schema\/person\/image\/","url":"https:\/\/secure.gravatar.com\/avatar\/5a5f5c6fa3e6700e4249abdad0263a1e94e927d9e0499b1cb09c1cd29c044d80?s=96&d=mm&r=g","contentUrl":"https:\/\/secure.gravatar.com\/avatar\/5a5f5c6fa3e6700e4249abdad0263a1e94e927d9e0499b1cb09c1cd29c044d80?s=96&d=mm&r=g","caption":"La Redazione"},"sameAs":["https:\/\/www.gossip.it"]}]}},"amp_enabled":true,"_links":{"self":[{"href":"https:\/\/www.gossip.it\/api\/wp\/v2\/posts\/50030","targetHints":{"allow":["GET"]}}],"collection":[{"href":"https:\/\/www.gossip.it\/api\/wp\/v2\/posts"}],"about":[{"href":"https:\/\/www.gossip.it\/api\/wp\/v2\/types\/post"}],"author":[{"embeddable":true,"href":"https:\/\/www.gossip.it\/api\/wp\/v2\/users\/1"}],"replies":[{"embeddable":true,"href":"https:\/\/www.gossip.it\/api\/wp\/v2\/comments?post=50030"}],"version-history":[{"count":0,"href":"https:\/\/www.gossip.it\/api\/wp\/v2\/posts\/50030\/revisions"}],"wp:featuredmedia":[{"embeddable":true,"href":"https:\/\/www.gossip.it\/api\/wp\/v2\/media\/106076"}],"wp:attachment":[{"href":"https:\/\/www.gossip.it\/api\/wp\/v2\/media?parent=50030"}],"wp:term":[{"taxonomy":"category","embeddable":true,"href":"https:\/\/www.gossip.it\/api\/wp\/v2\/categories?post=50030"},{"taxonomy":"post_tag","embeddable":true,"href":"https:\/\/www.gossip.it\/api\/wp\/v2\/tags?post=50030"},{"taxonomy":"vip","embeddable":true,"href":"https:\/\/www.gossip.it\/api\/wp\/v2\/vip?post=50030"}],"curies":[{"name":"wp","href":"https:\/\/api.w.org\/{rel}","templated":true}]}}