{"id":50041,"date":"2014-12-15T00:00:00","date_gmt":"2014-12-14T23:00:00","guid":{"rendered":"https:\/\/www.gossip.it\/senza-categoria\/flavio-insinna-vittima-stalker\/"},"modified":"2014-12-15T00:00:00","modified_gmt":"2014-12-14T23:00:00","slug":"flavio-insinna-vittima-stalker","status":"publish","type":"post","link":"https:\/\/www.gossip.it\/news\/flavio-insinna-vittima-stalker\/","title":{"rendered":"Flavio Insinna vittima di una stalker"},"content":{"rendered":"<p><a href=\"http:\/\/www.gossip.it\/vip\/flavio-insinna\/\">Flavio Insinna<\/a>, 49 anni, <strong>vittima<\/strong> di una <strong>stalker<\/strong>. L'attore e conduttore del celebre programma di Raiuno \"I Fatti Vostri\" ha deciso di sporgere denuncia contro un'ammiratrice che, come lui stesso ha raccontato, non d\u00e0 tregua n\u00e9 a lui n\u00e9 alla sua famiglia. Solitamente riservato, non parla mai della sua vita privata, il simpatico mattatore stavolta \u00e8 passato alle azioni legali, esasperato dal comportamento della fan che sta rendendo la sua esistenza un vero e proprio inferno.<\/p>\n<figure class=\"caption\"><img decoding=\"async\" alt=\"\" width=\"620\" height=\"413\" src=\"http:\/\/files.gossip.it\/immagini_news\/2014\/12\/1418641770_1-3.jpg\" \/><figcaption>Flavio Insinna ha denunciato una donna per stalking, il conduttore de 'I Fatti Vostri' esasperato da un'ammiratrice<\/figcaption><\/figure>\n<p>La <strong>stalker<\/strong> non si \u00e8 limitata a mandare lettere o messaggi su <a href=\"http:\/\/www.gossip.it\/vip\/facebook\/\">Facebook<\/a> a <strong>Flavio Insinna<\/strong>, si sarebbe appostata anche sotto la sua casa: <em>\"Non ce la faccio pi\u00f9<\/em> - ha dichiarato il volto noto di cinema e tv - <em>mi sono rivolto alla polizia\"<\/em>. Ora il sostituto procuratore Nadia Plastina ha iscritto sul registro degli indagati la donna con l'accusa di reato di stalking. <strong>Flavio Insinna<\/strong> molto presto verr\u00e0 ascoltato com parte lesa. Agli investigatori, stando a quanto trapelato, non sono ben chiare le ragioni che spingerebbero la donna a perseguitarlo. Pare che la <strong>stalker<\/strong> avrebbe seguito pi\u00f9 volte il simpatico attore nei suoi spostamenti, coinvolgendo anche i suoi familiari.<\/p>\n<figure class=\"caption\"><img decoding=\"async\" alt=\"\" src=\"http:\/\/files.gossip.it\/immagini_news\/2014\/12\/1418641848_2-3.jpg\" \/><figcaption>Flavio Insinna, esasperato, si \u00e8 rivolto alla polizia e la donna ora \u00e8 iscritta nel registro degli indagati con l'accusa di stalking<\/figcaption><\/figure>\n<p><strong style=\"line-height: 1.6em;\">I PRECEDENTI<\/strong><\/p>\n<p><span style=\"line-height: 1.6em;\">Altri vip hanno denunciato i loro\u00a0<\/span><strong style=\"line-height: 1.6em;\">stalker<\/strong><span style=\"line-height: 1.6em;\">. <\/span><a style=\"line-height: 1.6em;\" href=\"http:\/\/www.gossip.it\/vip\/michelle-hunziker\/\">Michelle Hunziker<\/a><span style=\"line-height: 1.6em;\">, che da anni d\u00e0 battaglia allo stlaking con \"Doppia Difesa\" insieme all'avvocato <\/span><a style=\"line-height: 1.6em;\" href=\"http:\/\/www.gossip.it\/vip\/giulia-bongiorno\/\">Giulia Bongiorno<\/a><span style=\"line-height: 1.6em;\">, \u00e8 riuscita a far arrestare l'uomo che la perseguitava, sollevata, faceva sapere per\u00f2 di non essere felice che una persona fosse finita agli arresti. <\/span><a style=\"line-height: 1.6em;\" href=\"http:\/\/www.gossip.it\/vip\/monica-leofreddi\/\">Monica Leofreddi<\/a><span style=\"line-height: 1.6em;\"> \u00e8 finita in tribunale, <strong>vittima<\/strong> di Goffredo Imperiali di Francavilla, l'uomo, discendente di una famiglia nobile, l'ha riempita di lettere ed era addirittura convinto che il figlio della conduttrice fosse suo, tanto che \u00e8 arrivato a depositare un'istanza al Tribunale dei Minori per riconoscere la paternit\u00e0 del bambino. <strong>Vittima<\/strong> famosa anche\u00a0<\/span><a href=\"http:\/\/www.gossip.it\/vip\/luisa-corna\/\">Luisa Corna<\/a>,\u00a0come lei pure<span style=\"line-height: 1.6em;\">\u00a0<\/span><a href=\"http:\/\/www.gossip.it\/vip\/elisabetta-canalis\/\">Elisabetta Canalis<\/a><span style=\"line-height: 1.6em;\"> ed <\/span><a href=\"http:\/\/www.gossip.it\/vip\/eliana-cartella\/\">Eliana Cartella<\/a><span style=\"line-height: 1.6em;\">.<\/span><\/p>\n","protected":false},"excerpt":{"rendered":"<p>Flavio Insinna, 49 anni, vittima di una stalker. L'attore e conduttore del celebre programma di Raiuno \"I Fatti Vostri\" ha deciso di sporgere denuncia contro un'ammiratrice che, come lui stesso ha raccontato, non d\u00e0 tregua n\u00e9 a lui n\u00e9 alla sua famiglia. Solitamente riservato, non parla mai della sua vita privata, il simpatico mattatore stavolta [&hellip;]<\/p>\n","protected":false},"author":1,"featured_media":106087,"comment_status":"closed","ping_status":"closed","sticky":false,"template":"","format":"standard","meta":{"footnotes":""},"categories":[54],"tags":[2137,2176,2443,32911,2812,10433,11668,32807],"vip":[764,1172,1351,1377],"class_list":["post-50041","post","type-post","status-publish","format-standard","has-post-thumbnail","hentry","category-news","tag-attore","tag-conduttore","tag-donna","tag-eliana-cartella","tag-fan","tag-polizia","tag-stalker","tag-stalking","vip-flavio_insinna","vip-luisa_corna","vip-michelle_hunziker","vip-monica_leofreddi"],"yoast_head":"<title>Flavio Insinna vittima di una stalker - Gossip.it | News sul Gossip e VIP<\/title>\n<meta name=\"description\" content=\"Flavio Insinna, 49 anni, vittima di una stalker. L&#039;attore e conduttore del celebre programma di Raiuno &quot;I Fatti Vostri&quot; ha deciso di sporgere denuncia\" \/>\n<meta name=\"robots\" content=\"index, follow, max-snippet:-1, max-image-preview:large, max-video-preview:-1\" \/>\n<link rel=\"canonical\" href=\"https:\/\/www.gossip.it\/news\/flavio-insinna-vittima-stalker\/\" \/>\n<meta property=\"og:locale\" content=\"it_IT\" \/>\n<meta property=\"og:type\" content=\"article\" \/>\n<meta property=\"og:title\" content=\"Flavio Insinna vittima di una stalker - Gossip.it | News sul Gossip e VIP\" \/>\n<meta property=\"og:description\" content=\"Flavio Insinna, 49 anni, vittima di una stalker. L&#039;attore e conduttore del celebre programma di Raiuno &quot;I Fatti Vostri&quot; ha deciso di sporgere denuncia\" \/>\n<meta property=\"og:url\" content=\"https:\/\/www.gossip.it\/news\/flavio-insinna-vittima-stalker\/\" \/>\n<meta property=\"og:site_name\" content=\"Gossip.it | News sul Gossip e VIP\" \/>\n<meta property=\"article:publisher\" content=\"https:\/\/www.facebook.com\/GossipIT\" \/>\n<meta property=\"article:published_time\" content=\"2014-12-14T23:00:00+00:00\" \/>\n<meta property=\"og:image\" content=\"http:\/\/files.gossip.it\/immagini_news\/2014\/12\/1418641770_1-3.jpg\" \/>\n<meta name=\"author\" content=\"La Redazione\" \/>\n<meta name=\"twitter:card\" content=\"summary_large_image\" \/>\n<meta name=\"twitter:image\" content=\"http:\/\/files.gossip.it\/immagini_news\/2014\/12\/1418641770_1-3.jpg\" \/>\n<meta name=\"twitter:creator\" content=\"@gossinews_it\" \/>\n<meta name=\"twitter:site\" content=\"@gossinews_it\" \/>\n<meta name=\"twitter:label1\" content=\"Scritto da\" \/>\n\t<meta name=\"twitter:data1\" content=\"Francesca Romana Domenici\" \/>\n\t<meta name=\"twitter:label2\" content=\"Tempo di lettura stimato\" \/>\n\t<meta name=\"twitter:data2\" content=\"2 minuti\" \/>","yoast_head_json":{"title":"Flavio Insinna vittima di una stalker - Gossip.it | News sul Gossip e VIP","description":"Flavio Insinna, 49 anni, vittima di una stalker. L'attore e conduttore del celebre programma di Raiuno \"I Fatti Vostri\" ha deciso di sporgere denuncia","robots":{"index":"index","follow":"follow","max-snippet":"max-snippet:-1","max-image-preview":"max-image-preview:large","max-video-preview":"max-video-preview:-1"},"canonical":"https:\/\/www.gossip.it\/news\/flavio-insinna-vittima-stalker\/","og_locale":"it_IT","og_type":"article","og_title":"Flavio Insinna vittima di una stalker - Gossip.it | News sul Gossip e VIP","og_description":"Flavio Insinna, 49 anni, vittima di una stalker. L'attore e conduttore del celebre programma di Raiuno \"I Fatti Vostri\" ha deciso di sporgere denuncia","og_url":"https:\/\/www.gossip.it\/news\/flavio-insinna-vittima-stalker\/","og_site_name":"Gossip.it | News sul Gossip e VIP","article_publisher":"https:\/\/www.facebook.com\/GossipIT","article_published_time":"2014-12-14T23:00:00+00:00","og_image":[{"url":"http:\/\/files.gossip.it\/immagini_news\/2014\/12\/1418641770_1-3.jpg"}],"author":"La Redazione","twitter_card":"summary_large_image","twitter_image":"http:\/\/files.gossip.it\/immagini_news\/2014\/12\/1418641770_1-3.jpg","twitter_creator":"@gossinews_it","twitter_site":"@gossinews_it","twitter_misc":{"Scritto da":"Francesca Romana Domenici","Tempo di lettura stimato":"2 minuti"},"schema":{"@context":"https:\/\/schema.org","@graph":[{"@type":"Article","@id":"https:\/\/www.gossip.it\/news\/flavio-insinna-vittima-stalker\/#article","isPartOf":{"@id":"https:\/\/www.gossip.it\/news\/flavio-insinna-vittima-stalker\/"},"author":{"name":"La Redazione","@id":"https:\/\/www.gossip.it\/#\/schema\/person\/488896f75158bff1cc83c6c39d141110"},"headline":"Flavio Insinna vittima di una stalker","datePublished":"2014-12-14T23:00:00+00:00","dateModified":"2014-12-14T23:00:00+00:00","mainEntityOfPage":{"@id":"https:\/\/www.gossip.it\/news\/flavio-insinna-vittima-stalker\/"},"wordCount":346,"publisher":{"@id":"https:\/\/www.gossip.it\/#organization"},"image":{"@id":"https:\/\/www.gossip.it\/news\/flavio-insinna-vittima-stalker\/#primaryimage"},"thumbnailUrl":"http:\/\/files.gossip.it\/immagini_news\/2014\/12\/1418641770_1-3.jpg","keywords":["attore","conduttore","donna","eliana cartella","fan","polizia","stalker","stalking"],"articleSection":["News"],"inLanguage":"it-IT"},{"@type":"WebPage","@id":"https:\/\/www.gossip.it\/news\/flavio-insinna-vittima-stalker\/","url":"https:\/\/www.gossip.it\/news\/flavio-insinna-vittima-stalker\/","name":"Flavio Insinna vittima di una stalker - Gossip.it | News sul Gossip e VIP","isPartOf":{"@id":"https:\/\/www.gossip.it\/#website"},"primaryImageOfPage":{"@id":"https:\/\/www.gossip.it\/news\/flavio-insinna-vittima-stalker\/#primaryimage"},"image":{"@id":"https:\/\/www.gossip.it\/news\/flavio-insinna-vittima-stalker\/#primaryimage"},"thumbnailUrl":"http:\/\/files.gossip.it\/immagini_news\/2014\/12\/1418641770_1-3.jpg","datePublished":"2014-12-14T23:00:00+00:00","dateModified":"2014-12-14T23:00:00+00:00","description":"Flavio Insinna, 49 anni, vittima di una stalker. L'attore e conduttore del celebre programma di Raiuno \"I Fatti Vostri\" ha deciso di sporgere denuncia","breadcrumb":{"@id":"https:\/\/www.gossip.it\/news\/flavio-insinna-vittima-stalker\/#breadcrumb"},"inLanguage":"it-IT","potentialAction":[{"@type":"ReadAction","target":["https:\/\/www.gossip.it\/news\/flavio-insinna-vittima-stalker\/"]}]},{"@type":"ImageObject","inLanguage":"it-IT","@id":"https:\/\/www.gossip.it\/news\/flavio-insinna-vittima-stalker\/#primaryimage","url":"http:\/\/files.gossip.it\/immagini_news\/2014\/12\/1418641770_1-3.jpg","contentUrl":"http:\/\/files.gossip.it\/immagini_news\/2014\/12\/1418641770_1-3.jpg"},{"@type":"BreadcrumbList","@id":"https:\/\/www.gossip.it\/news\/flavio-insinna-vittima-stalker\/#breadcrumb","itemListElement":[{"@type":"ListItem","position":1,"name":"Home","item":"https:\/\/www.gossip.it\/"},{"@type":"ListItem","position":2,"name":"Flavio Insinna vittima di una stalker"}]},{"@type":"WebSite","@id":"https:\/\/www.gossip.it\/#website","url":"https:\/\/www.gossip.it\/","name":"Gossip and VIP News","description":"Quotidiano di cronaca rosa, costume e societ\u00e0","publisher":{"@id":"https:\/\/www.gossip.it\/#organization"},"alternateName":"Gossip and VIP News","potentialAction":[{"@type":"SearchAction","target":{"@type":"EntryPoint","urlTemplate":"https:\/\/www.gossip.it\/?s={search_term_string}"},"query-input":{"@type":"PropertyValueSpecification","valueRequired":true,"valueName":"search_term_string"}}],"inLanguage":"it-IT"},{"@type":"Organization","@id":"https:\/\/www.gossip.it\/#organization","name":"Gossip and VIP News","alternateName":"Gossip News","url":"https:\/\/www.gossip.it\/","logo":{"@type":"ImageObject","inLanguage":"it-IT","@id":"https:\/\/www.gossip.it\/#\/schema\/logo\/image\/","url":"https:\/\/www.gossip.it\/wp-content\/uploads\/2022\/04\/cropped-corna-alta-tiny.png","contentUrl":"https:\/\/www.gossip.it\/wp-content\/uploads\/2022\/04\/cropped-corna-alta-tiny.png","width":512,"height":512,"caption":"Gossip and VIP News"},"image":{"@id":"https:\/\/www.gossip.it\/#\/schema\/logo\/image\/"},"sameAs":["https:\/\/www.facebook.com\/GossipIT","https:\/\/x.com\/gossinews_it","https:\/\/instagram.com\/gossip_it"]},{"@type":"Person","@id":"https:\/\/www.gossip.it\/#\/schema\/person\/488896f75158bff1cc83c6c39d141110","name":"La Redazione","image":{"@type":"ImageObject","inLanguage":"it-IT","@id":"https:\/\/www.gossip.it\/#\/schema\/person\/image\/","url":"https:\/\/secure.gravatar.com\/avatar\/5a5f5c6fa3e6700e4249abdad0263a1e94e927d9e0499b1cb09c1cd29c044d80?s=96&d=mm&r=g","contentUrl":"https:\/\/secure.gravatar.com\/avatar\/5a5f5c6fa3e6700e4249abdad0263a1e94e927d9e0499b1cb09c1cd29c044d80?s=96&d=mm&r=g","caption":"La Redazione"},"sameAs":["https:\/\/www.gossip.it"]}]}},"amp_enabled":true,"_links":{"self":[{"href":"https:\/\/www.gossip.it\/api\/wp\/v2\/posts\/50041","targetHints":{"allow":["GET"]}}],"collection":[{"href":"https:\/\/www.gossip.it\/api\/wp\/v2\/posts"}],"about":[{"href":"https:\/\/www.gossip.it\/api\/wp\/v2\/types\/post"}],"author":[{"embeddable":true,"href":"https:\/\/www.gossip.it\/api\/wp\/v2\/users\/1"}],"replies":[{"embeddable":true,"href":"https:\/\/www.gossip.it\/api\/wp\/v2\/comments?post=50041"}],"version-history":[{"count":0,"href":"https:\/\/www.gossip.it\/api\/wp\/v2\/posts\/50041\/revisions"}],"wp:featuredmedia":[{"embeddable":true,"href":"https:\/\/www.gossip.it\/api\/wp\/v2\/media\/106087"}],"wp:attachment":[{"href":"https:\/\/www.gossip.it\/api\/wp\/v2\/media?parent=50041"}],"wp:term":[{"taxonomy":"category","embeddable":true,"href":"https:\/\/www.gossip.it\/api\/wp\/v2\/categories?post=50041"},{"taxonomy":"post_tag","embeddable":true,"href":"https:\/\/www.gossip.it\/api\/wp\/v2\/tags?post=50041"},{"taxonomy":"vip","embeddable":true,"href":"https:\/\/www.gossip.it\/api\/wp\/v2\/vip?post=50041"}],"curies":[{"name":"wp","href":"https:\/\/api.w.org\/{rel}","templated":true}]}}