{"id":50090,"date":"2014-12-18T00:00:00","date_gmt":"2014-12-17T23:00:00","guid":{"rendered":"https:\/\/www.gossip.it\/senza-categoria\/giovanni-malago-carolina-kostner-schwazer\/"},"modified":"2014-12-18T00:00:00","modified_gmt":"2014-12-17T23:00:00","slug":"giovanni-malago-carolina-kostner-schwazer","status":"publish","type":"post","link":"https:\/\/www.gossip.it\/news\/giovanni-malago-carolina-kostner-schwazer\/","title":{"rendered":"Giovanni Malag\u00f2 sul caso Schwazer: 'Anch'io avrei fatto come Carolina Kostner'"},"content":{"rendered":"<p><a href=\"http:\/\/www.gossip.it\/vip\/giovanni-malag\u00f2\/\">Giovanni Malag\u00f2<\/a>, presidente del Coni, dixit. E la sua dichiarazione fa davvero discutere. Il numero uno dello sport italiano <strong>Giovanni Malag\u00f2<\/strong>, intervenendo alla trasmissione radiofonica <em>\"Un giorno da Pecora\"<\/em>, parlando di <a href=\"http:\/\/www.gossip.it\/vip\/carolina-kostner\/\">Carolina Kostner<\/a> e della richiesta di 4 anni e 3 mesi di squalifica da parte della procura antidoping per aver aiutato l\u2019allora fidanzato, il marciatore <a href=\"http:\/\/www.gossip.it\/vip\/alex-schwazer\/\">Alex Schwazer<\/a>, poi risultato positivo agli esami antidoping, ha confessato: \"<em>Cosa avrei detto io agli ispettori che cercavano il mio fidanzato? Avrei detto: \u201cNo, non c\u2019\u00e8\u201d, se fossi stato convinto che non sarebbe stato un problema. Che poi \u00e8 quello che ha pensato lei\"<\/em>.<\/p>\n<figure class=\"caption\"><img decoding=\"async\" alt=\"\" width=\"620\" height=\"487\" src=\"http:\/\/files.gossip.it\/immagini_news\/2014\/12\/1418909877_2mal.jpg\" \/><figcaption>Giovanni Malag\u00f2, presidente del Coni, intervenendo in radio ha difeso Carolina Kostner<\/figcaption><\/figure>\n<p>Il presidente del Coni <strong>Giovanni Malag\u00f2<\/strong>, nonostante sia proprio la procura antidoping del Coni ad aver richiesto la lunga squalifica di <strong>Carolina Kostner<\/strong>, ritenendola per l\u2019appunto <em>'complice' <\/em>nel caso di positivit\u00e0 del suo ex fidanzato <strong>Schwazer<\/strong>, non ha paura di ammettere la sua <em>'fallibilit\u00e0'<\/em>. <em>\"La Kostner? Mi sento di dire che sono in grandissimo imbarazzo<\/em> - ha poi aggiunto alla trasmissione di Radio Due - <em>Devo accettare le norme di giustizia scritte da un organismo internazionale che prevede questo tipo sanzione per chi non denuncia. Io non sono affatto d\u2019accordo, le sono molto vicino\"<\/em>.<br \/>La Kostner \u00a0per il caso <strong>Schwazer<\/strong> sar\u00e0 giudicata il prossimo gennaio. <strong>Giovanni Malag\u00f2<\/strong> anche a caldo dalla richiesta di squalifica per Carolina, a inizio dicembre, aveva subito fatto intendere il suo pensiero.<\/p>\n<figure class=\"caption\"><img decoding=\"async\" alt=\"\" width=\"620\" height=\"529\" src=\"http:\/\/files.gossip.it\/immagini_news\/2014\/12\/1418909916_1mal.jpg\" \/><figcaption>La pattinatrice rischia una squalifica di 4 anni e 3 mesi per essere stata complice dell'ex Alex Schwazer<\/figcaption><\/figure>\n<p><em>\"Io sono amico di <strong>Carolina Kostner<\/strong>, le voglio bene e le sono affezionato, sto vivendo un dramma personale. Dopo la vittoria della <\/em><a href=\"http:\/\/www.gossip.it\/vip\/pellegrini\/\">Pellegrini<\/a><em> a Pechino, la medaglia che mi ha dato pi\u00f9 soddisfazione \u00e8 stata quella di Carolina a Sochi<\/em> - aveva spiegato - <em>Sui giornali ci hanno fatto mazzo cos\u00ec. Mi hanno fatto un mazzo cos\u00ec. Ritengo la cosa non giusta. Chi \u00e8 il legislatore? Fino a oggi chi \u00e8 il modello di riferimento? La Wada. Fino al 31 dicembre 2014 il regolamento impone minimo quattro anni per questo tipo di reato, poi dal primo gennaio 2015, grazie anche alle norme adottate, questo discorso si pu\u00f2 dimezzare. Cosa pu\u00f2 dire Malag\u00f2 cittadino? Che non lo trovo giusto. Il presidente del Coni, invece, deve stare zitto. Qual \u00e8 la colpa del Coni? Aver rispettato le leggi\"<\/em>.<\/p>\n<figure class=\"caption\"><img decoding=\"async\" alt=\"\" width=\"620\" height=\"616\" src=\"http:\/\/files.gossip.it\/immagini_news\/2014\/12\/1418909969_3mal.jpg\" \/><figcaption>Malag\u00f2 pochi giorni fa alla cena natalizia del Coni con Federica Pellegrini e Flavia Pennetta<\/figcaption><\/figure>\n<p>Ma il caso <strong>Schwazer<\/strong> potrebbe costar caro alla bionda...<\/p>\n<p>\u00a0<\/p>\n","protected":false},"excerpt":{"rendered":"<p>Giovanni Malag\u00f2, presidente del Coni, dixit. E la sua dichiarazione fa davvero discutere. Il numero uno dello sport italiano Giovanni Malag\u00f2, intervenendo alla trasmissione radiofonica \"Un giorno da Pecora\", parlando di Carolina Kostner e della richiesta di 4 anni e 3 mesi di squalifica da parte della procura antidoping per aver aiutato l\u2019allora fidanzato, il [&hellip;]<\/p>\n","protected":false},"author":1,"featured_media":106136,"comment_status":"closed","ping_status":"closed","sticky":false,"template":"","format":"standard","meta":{"footnotes":""},"categories":[54],"tags":[38389,30355,8516,2102,7961,50700],"vip":[],"class_list":["post-50090","post","type-post","status-publish","format-standard","has-post-thumbnail","hentry","category-news","tag-alex-schwazer","tag-carolina-kostner","tag-coni","tag-dichiarazioni","tag-giovanni-malago","tag-pattinatrice"],"yoast_head":"<title>Giovanni Malag\u00f2 sul caso Schwazer: &#039;Anch&#039;io avrei fatto come Carolina Kostner&#039; - Gossip.it | News sul Gossip e VIP<\/title>\n<meta name=\"description\" content=\"Giovanni Malag\u00f2, presidente del Coni, dixit. E la sua dichiarazione fa davvero discutere. Il numero uno dello sport italiano Giovanni Malag\u00f2, intervenendo\" \/>\n<meta name=\"robots\" content=\"index, follow, max-snippet:-1, max-image-preview:large, max-video-preview:-1\" \/>\n<link rel=\"canonical\" href=\"https:\/\/www.gossip.it\/news\/giovanni-malago-carolina-kostner-schwazer\/\" \/>\n<meta property=\"og:locale\" content=\"it_IT\" \/>\n<meta property=\"og:type\" content=\"article\" \/>\n<meta property=\"og:title\" content=\"Giovanni Malag\u00f2 sul caso Schwazer: &#039;Anch&#039;io avrei fatto come Carolina Kostner&#039; - Gossip.it | News sul Gossip e VIP\" \/>\n<meta property=\"og:description\" content=\"Giovanni Malag\u00f2, presidente del Coni, dixit. E la sua dichiarazione fa davvero discutere. Il numero uno dello sport italiano Giovanni Malag\u00f2, intervenendo\" \/>\n<meta property=\"og:url\" content=\"https:\/\/www.gossip.it\/news\/giovanni-malago-carolina-kostner-schwazer\/\" \/>\n<meta property=\"og:site_name\" content=\"Gossip.it | News sul Gossip e VIP\" \/>\n<meta property=\"article:publisher\" content=\"https:\/\/www.facebook.com\/GossipIT\" \/>\n<meta property=\"article:published_time\" content=\"2014-12-17T23:00:00+00:00\" \/>\n<meta property=\"og:image\" content=\"http:\/\/files.gossip.it\/immagini_news\/2014\/12\/1418909877_2mal.jpg\" \/>\n<meta name=\"author\" content=\"La Redazione\" \/>\n<meta name=\"twitter:card\" content=\"summary_large_image\" \/>\n<meta name=\"twitter:image\" content=\"http:\/\/files.gossip.it\/immagini_news\/2014\/12\/1418909877_2mal.jpg\" \/>\n<meta name=\"twitter:creator\" content=\"@gossinews_it\" \/>\n<meta name=\"twitter:site\" content=\"@gossinews_it\" \/>\n<meta name=\"twitter:label1\" content=\"Scritto da\" \/>\n\t<meta name=\"twitter:data1\" content=\"Annamaria Capozzi\" \/>\n\t<meta name=\"twitter:label2\" content=\"Tempo di lettura stimato\" \/>\n\t<meta name=\"twitter:data2\" content=\"2 minuti\" \/>","yoast_head_json":{"title":"Giovanni Malag\u00f2 sul caso Schwazer: 'Anch'io avrei fatto come Carolina Kostner' - Gossip.it | News sul Gossip e VIP","description":"Giovanni Malag\u00f2, presidente del Coni, dixit. E la sua dichiarazione fa davvero discutere. Il numero uno dello sport italiano Giovanni Malag\u00f2, intervenendo","robots":{"index":"index","follow":"follow","max-snippet":"max-snippet:-1","max-image-preview":"max-image-preview:large","max-video-preview":"max-video-preview:-1"},"canonical":"https:\/\/www.gossip.it\/news\/giovanni-malago-carolina-kostner-schwazer\/","og_locale":"it_IT","og_type":"article","og_title":"Giovanni Malag\u00f2 sul caso Schwazer: 'Anch'io avrei fatto come Carolina Kostner' - Gossip.it | News sul Gossip e VIP","og_description":"Giovanni Malag\u00f2, presidente del Coni, dixit. E la sua dichiarazione fa davvero discutere. Il numero uno dello sport italiano Giovanni Malag\u00f2, intervenendo","og_url":"https:\/\/www.gossip.it\/news\/giovanni-malago-carolina-kostner-schwazer\/","og_site_name":"Gossip.it | News sul Gossip e VIP","article_publisher":"https:\/\/www.facebook.com\/GossipIT","article_published_time":"2014-12-17T23:00:00+00:00","og_image":[{"url":"http:\/\/files.gossip.it\/immagini_news\/2014\/12\/1418909877_2mal.jpg"}],"author":"La Redazione","twitter_card":"summary_large_image","twitter_image":"http:\/\/files.gossip.it\/immagini_news\/2014\/12\/1418909877_2mal.jpg","twitter_creator":"@gossinews_it","twitter_site":"@gossinews_it","twitter_misc":{"Scritto da":"Annamaria Capozzi","Tempo di lettura stimato":"2 minuti"},"schema":{"@context":"https:\/\/schema.org","@graph":[{"@type":"Article","@id":"https:\/\/www.gossip.it\/news\/giovanni-malago-carolina-kostner-schwazer\/#article","isPartOf":{"@id":"https:\/\/www.gossip.it\/news\/giovanni-malago-carolina-kostner-schwazer\/"},"author":{"name":"La Redazione","@id":"https:\/\/www.gossip.it\/#\/schema\/person\/488896f75158bff1cc83c6c39d141110"},"headline":"Giovanni Malag\u00f2 sul caso Schwazer: 'Anch'io avrei fatto come Carolina Kostner'","datePublished":"2014-12-17T23:00:00+00:00","dateModified":"2014-12-17T23:00:00+00:00","mainEntityOfPage":{"@id":"https:\/\/www.gossip.it\/news\/giovanni-malago-carolina-kostner-schwazer\/"},"wordCount":420,"publisher":{"@id":"https:\/\/www.gossip.it\/#organization"},"image":{"@id":"https:\/\/www.gossip.it\/news\/giovanni-malago-carolina-kostner-schwazer\/#primaryimage"},"thumbnailUrl":"http:\/\/files.gossip.it\/immagini_news\/2014\/12\/1418909877_2mal.jpg","keywords":["alex schwazer","carolina kostner","coni","dichiarazioni","Giovanni Malag\u00f2","pattinatrice"],"articleSection":["News"],"inLanguage":"it-IT"},{"@type":"WebPage","@id":"https:\/\/www.gossip.it\/news\/giovanni-malago-carolina-kostner-schwazer\/","url":"https:\/\/www.gossip.it\/news\/giovanni-malago-carolina-kostner-schwazer\/","name":"Giovanni Malag\u00f2 sul caso Schwazer: 'Anch'io avrei fatto come Carolina Kostner' - Gossip.it | News sul Gossip e VIP","isPartOf":{"@id":"https:\/\/www.gossip.it\/#website"},"primaryImageOfPage":{"@id":"https:\/\/www.gossip.it\/news\/giovanni-malago-carolina-kostner-schwazer\/#primaryimage"},"image":{"@id":"https:\/\/www.gossip.it\/news\/giovanni-malago-carolina-kostner-schwazer\/#primaryimage"},"thumbnailUrl":"http:\/\/files.gossip.it\/immagini_news\/2014\/12\/1418909877_2mal.jpg","datePublished":"2014-12-17T23:00:00+00:00","dateModified":"2014-12-17T23:00:00+00:00","description":"Giovanni Malag\u00f2, presidente del Coni, dixit. E la sua dichiarazione fa davvero discutere. Il numero uno dello sport italiano Giovanni Malag\u00f2, intervenendo","breadcrumb":{"@id":"https:\/\/www.gossip.it\/news\/giovanni-malago-carolina-kostner-schwazer\/#breadcrumb"},"inLanguage":"it-IT","potentialAction":[{"@type":"ReadAction","target":["https:\/\/www.gossip.it\/news\/giovanni-malago-carolina-kostner-schwazer\/"]}]},{"@type":"ImageObject","inLanguage":"it-IT","@id":"https:\/\/www.gossip.it\/news\/giovanni-malago-carolina-kostner-schwazer\/#primaryimage","url":"http:\/\/files.gossip.it\/immagini_news\/2014\/12\/1418909877_2mal.jpg","contentUrl":"http:\/\/files.gossip.it\/immagini_news\/2014\/12\/1418909877_2mal.jpg"},{"@type":"BreadcrumbList","@id":"https:\/\/www.gossip.it\/news\/giovanni-malago-carolina-kostner-schwazer\/#breadcrumb","itemListElement":[{"@type":"ListItem","position":1,"name":"Home","item":"https:\/\/www.gossip.it\/"},{"@type":"ListItem","position":2,"name":"Giovanni Malag\u00f2 sul caso Schwazer: 'Anch'io avrei fatto come Carolina Kostner'"}]},{"@type":"WebSite","@id":"https:\/\/www.gossip.it\/#website","url":"https:\/\/www.gossip.it\/","name":"Gossip and VIP News","description":"Quotidiano di cronaca rosa, costume e societ\u00e0","publisher":{"@id":"https:\/\/www.gossip.it\/#organization"},"alternateName":"Gossip and VIP News","potentialAction":[{"@type":"SearchAction","target":{"@type":"EntryPoint","urlTemplate":"https:\/\/www.gossip.it\/?s={search_term_string}"},"query-input":{"@type":"PropertyValueSpecification","valueRequired":true,"valueName":"search_term_string"}}],"inLanguage":"it-IT"},{"@type":"Organization","@id":"https:\/\/www.gossip.it\/#organization","name":"Gossip and VIP News","alternateName":"Gossip News","url":"https:\/\/www.gossip.it\/","logo":{"@type":"ImageObject","inLanguage":"it-IT","@id":"https:\/\/www.gossip.it\/#\/schema\/logo\/image\/","url":"https:\/\/www.gossip.it\/wp-content\/uploads\/2022\/04\/cropped-corna-alta-tiny.png","contentUrl":"https:\/\/www.gossip.it\/wp-content\/uploads\/2022\/04\/cropped-corna-alta-tiny.png","width":512,"height":512,"caption":"Gossip and VIP News"},"image":{"@id":"https:\/\/www.gossip.it\/#\/schema\/logo\/image\/"},"sameAs":["https:\/\/www.facebook.com\/GossipIT","https:\/\/x.com\/gossinews_it","https:\/\/instagram.com\/gossip_it"]},{"@type":"Person","@id":"https:\/\/www.gossip.it\/#\/schema\/person\/488896f75158bff1cc83c6c39d141110","name":"La Redazione","image":{"@type":"ImageObject","inLanguage":"it-IT","@id":"https:\/\/www.gossip.it\/#\/schema\/person\/image\/","url":"https:\/\/secure.gravatar.com\/avatar\/5a5f5c6fa3e6700e4249abdad0263a1e94e927d9e0499b1cb09c1cd29c044d80?s=96&d=mm&r=g","contentUrl":"https:\/\/secure.gravatar.com\/avatar\/5a5f5c6fa3e6700e4249abdad0263a1e94e927d9e0499b1cb09c1cd29c044d80?s=96&d=mm&r=g","caption":"La Redazione"},"sameAs":["https:\/\/www.gossip.it"]}]}},"amp_enabled":true,"_links":{"self":[{"href":"https:\/\/www.gossip.it\/api\/wp\/v2\/posts\/50090","targetHints":{"allow":["GET"]}}],"collection":[{"href":"https:\/\/www.gossip.it\/api\/wp\/v2\/posts"}],"about":[{"href":"https:\/\/www.gossip.it\/api\/wp\/v2\/types\/post"}],"author":[{"embeddable":true,"href":"https:\/\/www.gossip.it\/api\/wp\/v2\/users\/1"}],"replies":[{"embeddable":true,"href":"https:\/\/www.gossip.it\/api\/wp\/v2\/comments?post=50090"}],"version-history":[{"count":0,"href":"https:\/\/www.gossip.it\/api\/wp\/v2\/posts\/50090\/revisions"}],"wp:featuredmedia":[{"embeddable":true,"href":"https:\/\/www.gossip.it\/api\/wp\/v2\/media\/106136"}],"wp:attachment":[{"href":"https:\/\/www.gossip.it\/api\/wp\/v2\/media?parent=50090"}],"wp:term":[{"taxonomy":"category","embeddable":true,"href":"https:\/\/www.gossip.it\/api\/wp\/v2\/categories?post=50090"},{"taxonomy":"post_tag","embeddable":true,"href":"https:\/\/www.gossip.it\/api\/wp\/v2\/tags?post=50090"},{"taxonomy":"vip","embeddable":true,"href":"https:\/\/www.gossip.it\/api\/wp\/v2\/vip?post=50090"}],"curies":[{"name":"wp","href":"https:\/\/api.w.org\/{rel}","templated":true}]}}