{"id":50109,"date":"2014-12-19T00:00:00","date_gmt":"2014-12-18T23:00:00","guid":{"rendered":"https:\/\/www.gossip.it\/senza-categoria\/arnaud-mimran-social-indila-carolina-sky\/"},"modified":"2014-12-19T00:00:00","modified_gmt":"2014-12-18T23:00:00","slug":"arnaud-mimran-social-indila-carolina-sky","status":"publish","type":"post","link":"https:\/\/www.gossip.it\/news\/arnaud-mimran-social-indila-carolina-sky\/","title":{"rendered":"Arnaud Mimran, ricorda sul social Indila Carolina Sky"},"content":{"rendered":"<p>Lo scorso 3 dicembre sul suo profilo <a href=\"http:\/\/www.gossip.it\/vip\/social\/\">social<\/a>, quello su <em>Instagram<\/em>, aveva mandato online solo un'immagine nera, a simboleggiare il vuoto incolmabile che provava nel cuore dopo la morte della piccola <a href=\"http:\/\/www.gossip.it\/vip\/indila-carolina sky\/\">Indila Carolina Sky<\/a>, la sua ultimogenita che avrebbe compiuto 9 mesi il 21 dicembre.\u00a0<\/p>\n<figure class=\"caption\"><img decoding=\"async\" alt=\"\" width=\"620\" height=\"465\" src=\"http:\/\/files.gossip.it\/immagini_news\/2014\/12\/1418998675_mimran.jpg\" \/><figcaption>Arnaud Mimran oggi ha ricordato Indila Carolina Sky con alcuni scatti postati sul social<\/figcaption><\/figure>\n<p><a href=\"http:\/\/www.gossip.it\/vip\/arnaud-mimran\/\">Arnaud Mimran<\/a>, tornato a Parigi, dopo aver diffuso un comunicato insieme all'ex compagna <a href=\"http:\/\/www.gossip.it\/vip\/claudia-galanti\/\">Claudia Galanti<\/a>, in cui sono state chiarite le circostanze che hanno portato al decesso della figlia, morta a causa di un'infezione sanguigna, \u00e8 rimasto in silenzio, cercando di allontanare il dolore grazie al calore della sua famiglia.\u00a0<br \/>L'imprenditore francese <strong>Arnaud Mimran<\/strong>, 42 anni, ufficialmente fidanzato con <a href=\"http:\/\/www.gossip.it\/vip\/tamara-pisnoli\/\">Tamara Pisnoli<\/a>, ex moglie di <a href=\"http:\/\/www.gossip.it\/vip\/daniele-de rossi\/\">Daniele De Rossi<\/a>, ora agli arresti domiciliari accusata di minacce a un imprenditore romano, \u00e8 rimasto accanto alla <a href=\"http:\/\/www.gossip.it\/vip\/showgirl\/\">showgirl<\/a> paraguaiana, sotto choc per la morte di <strong>Indila Carolina Sky<\/strong>, confortandola, cercando di trovare la forza per venire fuori dal tunnel che li ha inghiottiti. Claudia Galanti ha preferito, almeno per il momento, cancellare il suo profilo sui <strong>social<\/strong>. Prendersi una pausa dal mondo. Non ha nulla da condividere.<\/p>\n<figure class=\"caption\"><img decoding=\"async\" alt=\"\" width=\"620\" height=\"619\" src=\"http:\/\/files.gossip.it\/immagini_news\/2014\/12\/1418998577_1indi.jpg\" \/><figcaption>La figlia, morta nella notte tra il 2 e 3 dicembre, insieme a Liam Elijah e Tal Harlow<\/figcaption><\/figure>\n<p>Arnaud, diversamente dall'ex, oggi sul <strong>social<\/strong> ha voluto ricordare la bimba e ha postato alcune foto di <strong>Indila Carolina Sky<\/strong> insieme ai fratelli <em>Liam Eljiah<\/em> e <em>Tal Harlow<\/em>.<\/p>\n<figure class=\"caption\"><img decoding=\"async\" alt=\"\" width=\"620\" height=\"612\" src=\"http:\/\/files.gossip.it\/immagini_news\/2014\/12\/1418998595_2indi.jpg\" \/><figcaption>Ancora un'immagine di Indila insieme a Tal Harlow<\/figcaption><\/figure>\n<p>Non c'\u00e8 alcun commento accanto agli scatti pubblicati sul <strong>social<\/strong>. Le parole non servono in un momento come questo.<\/p>\n<figure class=\"caption\"><img decoding=\"async\" alt=\"\" width=\"620\" height=\"620\" src=\"http:\/\/files.gossip.it\/immagini_news\/2014\/12\/1418998612_galanti.jpg\" \/><figcaption>Claudia Galanti si \u00e8 cancellata dai suoi profili social. La sua ultima immagine, dopo la scomparsa della figlia, l'ha postata l'amica Alessandra Garaffa<\/figcaption><\/figure>\n<p>L'unica immagine, arrivata dopo la scomparsa di <strong>Indila Carolina Sky<\/strong>, \u00e8 quella condivisa da un'amica della 33enne, <a href=\"http:\/\/www.gossip.it\/vip\/alessandra-garry\/\">Alessandra Garry<\/a>, <em>Alessandra Garaffa<\/em> nella vita. L\u00ec non c'\u00e8 <strong>Arnaud Mimran<\/strong>, ma Claudia che fa l'albero insieme a Liam e proprio ad Alessandra, a Parigi nella sua casa, dove \u00e8 volata per non lasciarla sola con se stessa. Ci vorr\u00e0 del tempo perch\u00e9 tutto scorra. Dimenticare \u00e8 impossibile. Ricordare con tenerezza forse il modo pi\u00f9 giusto per non crollare del tutto, per continuare a vivere. E Arnaud oggi lo ha fatto, un delicato tributo alla sua tenera beb\u00e8.<\/p>\n<p>\u00a0<\/p>\n","protected":false},"excerpt":{"rendered":"<p>Lo scorso 3 dicembre sul suo profilo social, quello su Instagram, aveva mandato online solo un'immagine nera, a simboleggiare il vuoto incolmabile che provava nel cuore dopo la morte della piccola Indila Carolina Sky, la sua ultimogenita che avrebbe compiuto 9 mesi il 21 dicembre.\u00a0 Arnaud Mimran oggi ha ricordato Indila Carolina Sky con alcuni [&hellip;]<\/p>\n","protected":false},"author":1,"featured_media":106155,"comment_status":"closed","ping_status":"closed","sticky":false,"template":"","format":"standard","meta":{"footnotes":""},"categories":[54],"tags":[1905,11388,2121,11097,8879,8687,1923,8098],"vip":[368,502],"class_list":["post-50109","post","type-post","status-publish","format-standard","has-post-thumbnail","hentry","category-news","tag-figlia","tag-indila-carolina-sky","tag-instagram","tag-liam-eljiah","tag-morta","tag-morte","tag-social","tag-tal-harlow","vip-arnaud_mimran","vip-claudia_galanti"],"yoast_head":"<title>Arnaud Mimran, ricorda sul social Indila Carolina Sky - Gossip.it | News sul Gossip e VIP<\/title>\n<meta name=\"description\" content=\"Lo scorso 3 dicembre sul suo profilo social, quello su Instagram, aveva mandato online solo un&#039;immagine nera, a simboleggiare il vuoto incolmabile che\" \/>\n<meta name=\"robots\" content=\"index, follow, max-snippet:-1, max-image-preview:large, max-video-preview:-1\" \/>\n<link rel=\"canonical\" href=\"https:\/\/www.gossip.it\/news\/arnaud-mimran-social-indila-carolina-sky\/\" \/>\n<meta property=\"og:locale\" content=\"it_IT\" \/>\n<meta property=\"og:type\" content=\"article\" \/>\n<meta property=\"og:title\" content=\"Arnaud Mimran, ricorda sul social Indila Carolina Sky - Gossip.it | News sul Gossip e VIP\" \/>\n<meta property=\"og:description\" content=\"Lo scorso 3 dicembre sul suo profilo social, quello su Instagram, aveva mandato online solo un&#039;immagine nera, a simboleggiare il vuoto incolmabile che\" \/>\n<meta property=\"og:url\" content=\"https:\/\/www.gossip.it\/news\/arnaud-mimran-social-indila-carolina-sky\/\" \/>\n<meta property=\"og:site_name\" content=\"Gossip.it | News sul Gossip e VIP\" \/>\n<meta property=\"article:publisher\" content=\"https:\/\/www.facebook.com\/GossipIT\" \/>\n<meta property=\"article:published_time\" content=\"2014-12-18T23:00:00+00:00\" \/>\n<meta property=\"og:image\" content=\"http:\/\/files.gossip.it\/immagini_news\/2014\/12\/1418998675_mimran.jpg\" \/>\n<meta name=\"author\" content=\"La Redazione\" \/>\n<meta name=\"twitter:card\" content=\"summary_large_image\" \/>\n<meta name=\"twitter:image\" content=\"http:\/\/files.gossip.it\/immagini_news\/2014\/12\/1418998675_mimran.jpg\" \/>\n<meta name=\"twitter:creator\" content=\"@gossinews_it\" \/>\n<meta name=\"twitter:site\" content=\"@gossinews_it\" \/>\n<meta name=\"twitter:label1\" content=\"Scritto da\" \/>\n\t<meta name=\"twitter:data1\" content=\"Annamaria Capozzi\" \/>\n\t<meta name=\"twitter:label2\" content=\"Tempo di lettura stimato\" \/>\n\t<meta name=\"twitter:data2\" content=\"2 minuti\" \/>","yoast_head_json":{"title":"Arnaud Mimran, ricorda sul social Indila Carolina Sky - Gossip.it | News sul Gossip e VIP","description":"Lo scorso 3 dicembre sul suo profilo social, quello su Instagram, aveva mandato online solo un'immagine nera, a simboleggiare il vuoto incolmabile che","robots":{"index":"index","follow":"follow","max-snippet":"max-snippet:-1","max-image-preview":"max-image-preview:large","max-video-preview":"max-video-preview:-1"},"canonical":"https:\/\/www.gossip.it\/news\/arnaud-mimran-social-indila-carolina-sky\/","og_locale":"it_IT","og_type":"article","og_title":"Arnaud Mimran, ricorda sul social Indila Carolina Sky - Gossip.it | News sul Gossip e VIP","og_description":"Lo scorso 3 dicembre sul suo profilo social, quello su Instagram, aveva mandato online solo un'immagine nera, a simboleggiare il vuoto incolmabile che","og_url":"https:\/\/www.gossip.it\/news\/arnaud-mimran-social-indila-carolina-sky\/","og_site_name":"Gossip.it | News sul Gossip e VIP","article_publisher":"https:\/\/www.facebook.com\/GossipIT","article_published_time":"2014-12-18T23:00:00+00:00","og_image":[{"url":"http:\/\/files.gossip.it\/immagini_news\/2014\/12\/1418998675_mimran.jpg"}],"author":"La Redazione","twitter_card":"summary_large_image","twitter_image":"http:\/\/files.gossip.it\/immagini_news\/2014\/12\/1418998675_mimran.jpg","twitter_creator":"@gossinews_it","twitter_site":"@gossinews_it","twitter_misc":{"Scritto da":"Annamaria Capozzi","Tempo di lettura stimato":"2 minuti"},"schema":{"@context":"https:\/\/schema.org","@graph":[{"@type":"Article","@id":"https:\/\/www.gossip.it\/news\/arnaud-mimran-social-indila-carolina-sky\/#article","isPartOf":{"@id":"https:\/\/www.gossip.it\/news\/arnaud-mimran-social-indila-carolina-sky\/"},"author":{"name":"La Redazione","@id":"https:\/\/www.gossip.it\/#\/schema\/person\/488896f75158bff1cc83c6c39d141110"},"headline":"Arnaud Mimran, ricorda sul social Indila Carolina Sky","datePublished":"2014-12-18T23:00:00+00:00","dateModified":"2014-12-18T23:00:00+00:00","mainEntityOfPage":{"@id":"https:\/\/www.gossip.it\/news\/arnaud-mimran-social-indila-carolina-sky\/"},"wordCount":389,"publisher":{"@id":"https:\/\/www.gossip.it\/#organization"},"image":{"@id":"https:\/\/www.gossip.it\/news\/arnaud-mimran-social-indila-carolina-sky\/#primaryimage"},"thumbnailUrl":"http:\/\/files.gossip.it\/immagini_news\/2014\/12\/1418998675_mimran.jpg","keywords":["figlia","indila carolina sky","instagram","liam eljiah","morta","morte","social","tal harlow"],"articleSection":["News"],"inLanguage":"it-IT"},{"@type":"WebPage","@id":"https:\/\/www.gossip.it\/news\/arnaud-mimran-social-indila-carolina-sky\/","url":"https:\/\/www.gossip.it\/news\/arnaud-mimran-social-indila-carolina-sky\/","name":"Arnaud Mimran, ricorda sul social Indila Carolina Sky - Gossip.it | News sul Gossip e VIP","isPartOf":{"@id":"https:\/\/www.gossip.it\/#website"},"primaryImageOfPage":{"@id":"https:\/\/www.gossip.it\/news\/arnaud-mimran-social-indila-carolina-sky\/#primaryimage"},"image":{"@id":"https:\/\/www.gossip.it\/news\/arnaud-mimran-social-indila-carolina-sky\/#primaryimage"},"thumbnailUrl":"http:\/\/files.gossip.it\/immagini_news\/2014\/12\/1418998675_mimran.jpg","datePublished":"2014-12-18T23:00:00+00:00","dateModified":"2014-12-18T23:00:00+00:00","description":"Lo scorso 3 dicembre sul suo profilo social, quello su Instagram, aveva mandato online solo un'immagine nera, a simboleggiare il vuoto incolmabile che","breadcrumb":{"@id":"https:\/\/www.gossip.it\/news\/arnaud-mimran-social-indila-carolina-sky\/#breadcrumb"},"inLanguage":"it-IT","potentialAction":[{"@type":"ReadAction","target":["https:\/\/www.gossip.it\/news\/arnaud-mimran-social-indila-carolina-sky\/"]}]},{"@type":"ImageObject","inLanguage":"it-IT","@id":"https:\/\/www.gossip.it\/news\/arnaud-mimran-social-indila-carolina-sky\/#primaryimage","url":"http:\/\/files.gossip.it\/immagini_news\/2014\/12\/1418998675_mimran.jpg","contentUrl":"http:\/\/files.gossip.it\/immagini_news\/2014\/12\/1418998675_mimran.jpg"},{"@type":"BreadcrumbList","@id":"https:\/\/www.gossip.it\/news\/arnaud-mimran-social-indila-carolina-sky\/#breadcrumb","itemListElement":[{"@type":"ListItem","position":1,"name":"Home","item":"https:\/\/www.gossip.it\/"},{"@type":"ListItem","position":2,"name":"Arnaud Mimran, ricorda sul social Indila Carolina Sky"}]},{"@type":"WebSite","@id":"https:\/\/www.gossip.it\/#website","url":"https:\/\/www.gossip.it\/","name":"Gossip and VIP News","description":"Quotidiano di cronaca rosa, costume e societ\u00e0","publisher":{"@id":"https:\/\/www.gossip.it\/#organization"},"alternateName":"Gossip and VIP News","potentialAction":[{"@type":"SearchAction","target":{"@type":"EntryPoint","urlTemplate":"https:\/\/www.gossip.it\/?s={search_term_string}"},"query-input":{"@type":"PropertyValueSpecification","valueRequired":true,"valueName":"search_term_string"}}],"inLanguage":"it-IT"},{"@type":"Organization","@id":"https:\/\/www.gossip.it\/#organization","name":"Gossip and VIP News","alternateName":"Gossip News","url":"https:\/\/www.gossip.it\/","logo":{"@type":"ImageObject","inLanguage":"it-IT","@id":"https:\/\/www.gossip.it\/#\/schema\/logo\/image\/","url":"https:\/\/www.gossip.it\/wp-content\/uploads\/2022\/04\/cropped-corna-alta-tiny.png","contentUrl":"https:\/\/www.gossip.it\/wp-content\/uploads\/2022\/04\/cropped-corna-alta-tiny.png","width":512,"height":512,"caption":"Gossip and VIP News"},"image":{"@id":"https:\/\/www.gossip.it\/#\/schema\/logo\/image\/"},"sameAs":["https:\/\/www.facebook.com\/GossipIT","https:\/\/x.com\/gossinews_it","https:\/\/instagram.com\/gossip_it"]},{"@type":"Person","@id":"https:\/\/www.gossip.it\/#\/schema\/person\/488896f75158bff1cc83c6c39d141110","name":"La Redazione","image":{"@type":"ImageObject","inLanguage":"it-IT","@id":"https:\/\/www.gossip.it\/#\/schema\/person\/image\/","url":"https:\/\/secure.gravatar.com\/avatar\/5a5f5c6fa3e6700e4249abdad0263a1e94e927d9e0499b1cb09c1cd29c044d80?s=96&d=mm&r=g","contentUrl":"https:\/\/secure.gravatar.com\/avatar\/5a5f5c6fa3e6700e4249abdad0263a1e94e927d9e0499b1cb09c1cd29c044d80?s=96&d=mm&r=g","caption":"La Redazione"},"sameAs":["https:\/\/www.gossip.it"]}]}},"amp_enabled":true,"_links":{"self":[{"href":"https:\/\/www.gossip.it\/api\/wp\/v2\/posts\/50109","targetHints":{"allow":["GET"]}}],"collection":[{"href":"https:\/\/www.gossip.it\/api\/wp\/v2\/posts"}],"about":[{"href":"https:\/\/www.gossip.it\/api\/wp\/v2\/types\/post"}],"author":[{"embeddable":true,"href":"https:\/\/www.gossip.it\/api\/wp\/v2\/users\/1"}],"replies":[{"embeddable":true,"href":"https:\/\/www.gossip.it\/api\/wp\/v2\/comments?post=50109"}],"version-history":[{"count":0,"href":"https:\/\/www.gossip.it\/api\/wp\/v2\/posts\/50109\/revisions"}],"wp:featuredmedia":[{"embeddable":true,"href":"https:\/\/www.gossip.it\/api\/wp\/v2\/media\/106155"}],"wp:attachment":[{"href":"https:\/\/www.gossip.it\/api\/wp\/v2\/media?parent=50109"}],"wp:term":[{"taxonomy":"category","embeddable":true,"href":"https:\/\/www.gossip.it\/api\/wp\/v2\/categories?post=50109"},{"taxonomy":"post_tag","embeddable":true,"href":"https:\/\/www.gossip.it\/api\/wp\/v2\/tags?post=50109"},{"taxonomy":"vip","embeddable":true,"href":"https:\/\/www.gossip.it\/api\/wp\/v2\/vip?post=50109"}],"curies":[{"name":"wp","href":"https:\/\/api.w.org\/{rel}","templated":true}]}}