{"id":50258,"date":"2015-01-09T00:00:00","date_gmt":"2015-01-08T23:00:00","guid":{"rendered":"https:\/\/www.gossip.it\/senza-categoria\/eugenio-colombo-francesca-del-taglia-operazione-seno\/"},"modified":"2015-01-09T00:00:00","modified_gmt":"2015-01-08T23:00:00","slug":"eugenio-colombo-francesca-del-taglia-operazione-seno","status":"publish","type":"post","link":"https:\/\/www.gossip.it\/news\/eugenio-colombo-francesca-del-taglia-operazione-seno\/","title":{"rendered":"Francesca Del Taglia racconta con Eugenio Colombo la sua operazione al seno"},"content":{"rendered":"<p><a href=\"http:\/\/www.gossip.it\/vip\/francesca-del taglia\/\">Francesca Del Taglia<\/a> ed <a href=\"http:\/\/www.gossip.it\/vip\/eugenio-colombo\/\">Eugenio Colombo<\/a>, insieme al piccolo Brando, sono tornati nel salotto di \"Pomeriggio Cinque\". Intervistati da <a href=\"http:\/\/www.gossip.it\/vip\/barbara-d'urso\/\">Barbara D'Urso<\/a> i due volti di \"Uomini e Donne\", il loro amore \u00e8 nato proprio davanti le telecamere della trasmissione condotta da <a href=\"http:\/\/www.gossip.it\/vip\/maria-de filippi\/\">Maria De Filippi<\/a>, hanno raccontato della delicata <strong>operazione<\/strong> al<strong> seno<\/strong> a cui si \u00e8 dovuta sottoporre Francesca poche settimane fa.<\/p>\n<figure class=\"caption\"><img decoding=\"async\" alt=\"\" width=\"620\" height=\"337\" src=\"http:\/\/files.gossip.it\/immagini_news\/2015\/01\/1420799014_1.jpg\" \/><figcaption>Francesca Del Taglia con Eugenio Colombo e il piccolo Brando negli studi di Pomeriggio Cinque<\/figcaption><\/figure>\n<p>L'ex corteggiatrice ha rivelato di essersi sottoposta all'<strong>operazione<\/strong> a causa di una maformazione: <em>\"Avevo il <strong>seno<\/strong> malformato dalla nascita\"<\/em>. Problema che si \u00e8 acuito dopo la gravidanza e che non le ha permesso di allattare il figlio. Grazie all'aiuto di Barbara D'Urso e di \"Pomeriggio Cinque\", <strong>Francesca Del Taglia<\/strong> \u00e8 stata messa in contatto con un chirurgo che, dopo la visita medica, come \u00e8 stato mostrato in un filmato andato in onda, ha ritenuto che l'<strong>operazione<\/strong> al <strong>seno<\/strong> fosse urgente, da effettuare in tempi rapidi con la sostituzione delle protesi. Preoccupata, <strong>Francesca Del Taglia<\/strong> ha subito telefonato ad <strong>Eugenio Colombo<\/strong>, cercando\u00a0 il sostegno del compagno.\u00a0 L'intervento \u00e8 andato bene, \u00e8 perfettamente riuscito, e finalmente l'ex corteggiatrice ha risolto il suo problema al seno. Ora pu\u00f2 concentrarsi sui due uomini pi\u00f9 importanti della sua vita, Brando e <strong>Eugenio Colombo<\/strong>. L'amore con l'ex tronista presto sfocer\u00e0 anche nel matrimonio. La coppia ha deciso la data, ma ancora non l'ha rivelata.<\/p>\n<figure class=\"caption\"><img decoding=\"async\" alt=\"\" width=\"620\" height=\"351\" src=\"http:\/\/files.gossip.it\/immagini_news\/2015\/01\/1420799059_2.jpg\" \/><figcaption>Francesca Del Taglia ha raccontato di aver subito una delicata operazione al seno a causa di una malformazione che aveva fin dalla nascita<\/figcaption><\/figure>\n<figure class=\"caption\"><img decoding=\"async\" alt=\"\" width=\"620\" height=\"347\" src=\"http:\/\/files.gossip.it\/immagini_news\/2015\/01\/1420799115_3.jpg\" \/><figcaption>Il problema di Francesca \u00e8 peggiorato dopo la gravidanza, come ha raccontato lei stessa a Barbara D'Urso<\/figcaption><\/figure>\n<figure class=\"caption\"><img decoding=\"async\" alt=\"\" width=\"620\" height=\"342\" src=\"http:\/\/files.gossip.it\/immagini_news\/2015\/01\/1420799160_colombo4.jpg\" \/><figcaption>Barbara D'Urso con il piccolo Brando durante Pomeriggio Cinque<\/figcaption><\/figure>\n<figure class=\"caption\"><img decoding=\"async\" alt=\"\" width=\"620\" height=\"616\" src=\"http:\/\/files.gossip.it\/immagini_news\/2015\/01\/1420799214_colombo5.jpg\" \/><figcaption>Eugenio Colombo, Francesca Del Taglia e Barbara D'Urso con il bellissimo Brando<\/figcaption><\/figure>\n<p>A \"Uomini e Donne\" capita anche che le persone trovino l'amore vero. <strong>Eugenio Colombo<\/strong> e Francesca Del Taglia non sono i primi: solo poche settimane fa, un'altra coppia \"figlia\" di Maria De Filippi \u00e8 convolata a nozze, quella formata da <a href=\"http:\/\/www.gossip.it\/vip\/aldo-palmieri\/\">Aldo Palmieri<\/a> e <a href=\"http:\/\/www.gossip.it\/vip\/alessia-cammarota\/\">Alessia Cammarota<\/a>. E molto presto si giureranno amore eterno anche <a href=\"http:\/\/www.gossip.it\/vip\/christian-gallella\/\">Christian Gallella<\/a> e <a href=\"http:\/\/www.gossip.it\/vip\/tara-gabrielletto\/\">Tara Gabrielletto<\/a>, dopo la proposta di matrimonio arrivata a sorpresa la scorsa estate durante \"Temptation Island\".<\/p>\n","protected":false},"excerpt":{"rendered":"<p>Francesca Del Taglia ed Eugenio Colombo, insieme al piccolo Brando, sono tornati nel salotto di \"Pomeriggio Cinque\". Intervistati da Barbara D'Urso i due volti di \"Uomini e Donne\", il loro amore \u00e8 nato proprio davanti le telecamere della trasmissione condotta da Maria De Filippi, hanno raccontato della delicata operazione al seno a cui si \u00e8 [&hellip;]<\/p>\n","protected":false},"author":1,"featured_media":106304,"comment_status":"closed","ping_status":"closed","sticky":false,"template":"","format":"standard","meta":{"footnotes":""},"categories":[54],"tags":[2129,38693,12331,13608,51439,8466,7369,2403,2113,2115],"vip":[383],"class_list":["post-50258","post","type-post","status-publish","format-standard","has-post-thumbnail","hentry","category-news","tag-corteggiatrice","tag-eugenio-colombo","tag-francesca-del-taglia","tag-malformazione","tag-maura-de-filippi","tag-operazione","tag-pomeriggio-cinque","tag-seno","tag-tronista","tag-uomini-e-donne","vip-barbara_durso"],"yoast_head":"<title>Francesca Del Taglia racconta con Eugenio Colombo la sua operazione al seno - Gossip.it | News sul Gossip e VIP<\/title>\n<meta name=\"description\" content=\"Francesca Del Taglia ed Eugenio Colombo, insieme al piccolo Brando, sono tornati nel salotto di &quot;Pomeriggio Cinque&quot;. Intervistati da Barbara D&#039;Urso i due\" \/>\n<meta name=\"robots\" content=\"index, follow, max-snippet:-1, max-image-preview:large, max-video-preview:-1\" \/>\n<link rel=\"canonical\" href=\"https:\/\/www.gossip.it\/news\/eugenio-colombo-francesca-del-taglia-operazione-seno\/\" \/>\n<meta property=\"og:locale\" content=\"it_IT\" \/>\n<meta property=\"og:type\" content=\"article\" \/>\n<meta property=\"og:title\" content=\"Francesca Del Taglia racconta con Eugenio Colombo la sua operazione al seno - Gossip.it | News sul Gossip e VIP\" \/>\n<meta property=\"og:description\" content=\"Francesca Del Taglia ed Eugenio Colombo, insieme al piccolo Brando, sono tornati nel salotto di &quot;Pomeriggio Cinque&quot;. Intervistati da Barbara D&#039;Urso i due\" \/>\n<meta property=\"og:url\" content=\"https:\/\/www.gossip.it\/news\/eugenio-colombo-francesca-del-taglia-operazione-seno\/\" \/>\n<meta property=\"og:site_name\" content=\"Gossip.it | News sul Gossip e VIP\" \/>\n<meta property=\"article:publisher\" content=\"https:\/\/www.facebook.com\/GossipIT\" \/>\n<meta property=\"article:published_time\" content=\"2015-01-08T23:00:00+00:00\" \/>\n<meta property=\"og:image\" content=\"http:\/\/files.gossip.it\/immagini_news\/2015\/01\/1420799014_1.jpg\" \/>\n<meta name=\"author\" content=\"La Redazione\" \/>\n<meta name=\"twitter:card\" content=\"summary_large_image\" \/>\n<meta name=\"twitter:image\" content=\"http:\/\/files.gossip.it\/immagini_news\/2015\/01\/1420799014_1.jpg\" \/>\n<meta name=\"twitter:creator\" content=\"@gossinews_it\" \/>\n<meta name=\"twitter:site\" content=\"@gossinews_it\" \/>\n<meta name=\"twitter:label1\" content=\"Scritto da\" \/>\n\t<meta name=\"twitter:data1\" content=\"Francesca Romana Domenici\" \/>\n\t<meta name=\"twitter:label2\" content=\"Tempo di lettura stimato\" \/>\n\t<meta name=\"twitter:data2\" content=\"2 minuti\" \/>","yoast_head_json":{"title":"Francesca Del Taglia racconta con Eugenio Colombo la sua operazione al seno - Gossip.it | News sul Gossip e VIP","description":"Francesca Del Taglia ed Eugenio Colombo, insieme al piccolo Brando, sono tornati nel salotto di \"Pomeriggio Cinque\". Intervistati da Barbara D'Urso i due","robots":{"index":"index","follow":"follow","max-snippet":"max-snippet:-1","max-image-preview":"max-image-preview:large","max-video-preview":"max-video-preview:-1"},"canonical":"https:\/\/www.gossip.it\/news\/eugenio-colombo-francesca-del-taglia-operazione-seno\/","og_locale":"it_IT","og_type":"article","og_title":"Francesca Del Taglia racconta con Eugenio Colombo la sua operazione al seno - Gossip.it | News sul Gossip e VIP","og_description":"Francesca Del Taglia ed Eugenio Colombo, insieme al piccolo Brando, sono tornati nel salotto di \"Pomeriggio Cinque\". Intervistati da Barbara D'Urso i due","og_url":"https:\/\/www.gossip.it\/news\/eugenio-colombo-francesca-del-taglia-operazione-seno\/","og_site_name":"Gossip.it | News sul Gossip e VIP","article_publisher":"https:\/\/www.facebook.com\/GossipIT","article_published_time":"2015-01-08T23:00:00+00:00","og_image":[{"url":"http:\/\/files.gossip.it\/immagini_news\/2015\/01\/1420799014_1.jpg"}],"author":"La Redazione","twitter_card":"summary_large_image","twitter_image":"http:\/\/files.gossip.it\/immagini_news\/2015\/01\/1420799014_1.jpg","twitter_creator":"@gossinews_it","twitter_site":"@gossinews_it","twitter_misc":{"Scritto da":"Francesca Romana Domenici","Tempo di lettura stimato":"2 minuti"},"schema":{"@context":"https:\/\/schema.org","@graph":[{"@type":"Article","@id":"https:\/\/www.gossip.it\/news\/eugenio-colombo-francesca-del-taglia-operazione-seno\/#article","isPartOf":{"@id":"https:\/\/www.gossip.it\/news\/eugenio-colombo-francesca-del-taglia-operazione-seno\/"},"author":{"name":"La Redazione","@id":"https:\/\/www.gossip.it\/#\/schema\/person\/488896f75158bff1cc83c6c39d141110"},"headline":"Francesca Del Taglia racconta con Eugenio Colombo la sua operazione al seno","datePublished":"2015-01-08T23:00:00+00:00","dateModified":"2015-01-08T23:00:00+00:00","mainEntityOfPage":{"@id":"https:\/\/www.gossip.it\/news\/eugenio-colombo-francesca-del-taglia-operazione-seno\/"},"wordCount":386,"publisher":{"@id":"https:\/\/www.gossip.it\/#organization"},"image":{"@id":"https:\/\/www.gossip.it\/news\/eugenio-colombo-francesca-del-taglia-operazione-seno\/#primaryimage"},"thumbnailUrl":"http:\/\/files.gossip.it\/immagini_news\/2015\/01\/1420799014_1.jpg","keywords":["corteggiatrice","eugenio colombo","francesca del taglia","malformazione","maura de filippi","operazione","pomeriggio cinque","seno","tronista","uomini e donne"],"articleSection":["News"],"inLanguage":"it-IT"},{"@type":"WebPage","@id":"https:\/\/www.gossip.it\/news\/eugenio-colombo-francesca-del-taglia-operazione-seno\/","url":"https:\/\/www.gossip.it\/news\/eugenio-colombo-francesca-del-taglia-operazione-seno\/","name":"Francesca Del Taglia racconta con Eugenio Colombo la sua operazione al seno - Gossip.it | News sul Gossip e VIP","isPartOf":{"@id":"https:\/\/www.gossip.it\/#website"},"primaryImageOfPage":{"@id":"https:\/\/www.gossip.it\/news\/eugenio-colombo-francesca-del-taglia-operazione-seno\/#primaryimage"},"image":{"@id":"https:\/\/www.gossip.it\/news\/eugenio-colombo-francesca-del-taglia-operazione-seno\/#primaryimage"},"thumbnailUrl":"http:\/\/files.gossip.it\/immagini_news\/2015\/01\/1420799014_1.jpg","datePublished":"2015-01-08T23:00:00+00:00","dateModified":"2015-01-08T23:00:00+00:00","description":"Francesca Del Taglia ed Eugenio Colombo, insieme al piccolo Brando, sono tornati nel salotto di \"Pomeriggio Cinque\". Intervistati da Barbara D'Urso i due","breadcrumb":{"@id":"https:\/\/www.gossip.it\/news\/eugenio-colombo-francesca-del-taglia-operazione-seno\/#breadcrumb"},"inLanguage":"it-IT","potentialAction":[{"@type":"ReadAction","target":["https:\/\/www.gossip.it\/news\/eugenio-colombo-francesca-del-taglia-operazione-seno\/"]}]},{"@type":"ImageObject","inLanguage":"it-IT","@id":"https:\/\/www.gossip.it\/news\/eugenio-colombo-francesca-del-taglia-operazione-seno\/#primaryimage","url":"http:\/\/files.gossip.it\/immagini_news\/2015\/01\/1420799014_1.jpg","contentUrl":"http:\/\/files.gossip.it\/immagini_news\/2015\/01\/1420799014_1.jpg"},{"@type":"BreadcrumbList","@id":"https:\/\/www.gossip.it\/news\/eugenio-colombo-francesca-del-taglia-operazione-seno\/#breadcrumb","itemListElement":[{"@type":"ListItem","position":1,"name":"Home","item":"https:\/\/www.gossip.it\/"},{"@type":"ListItem","position":2,"name":"Francesca Del Taglia racconta con Eugenio Colombo la sua operazione al seno"}]},{"@type":"WebSite","@id":"https:\/\/www.gossip.it\/#website","url":"https:\/\/www.gossip.it\/","name":"Gossip and VIP News","description":"Quotidiano di cronaca rosa, costume e societ\u00e0","publisher":{"@id":"https:\/\/www.gossip.it\/#organization"},"alternateName":"Gossip and VIP News","potentialAction":[{"@type":"SearchAction","target":{"@type":"EntryPoint","urlTemplate":"https:\/\/www.gossip.it\/?s={search_term_string}"},"query-input":{"@type":"PropertyValueSpecification","valueRequired":true,"valueName":"search_term_string"}}],"inLanguage":"it-IT"},{"@type":"Organization","@id":"https:\/\/www.gossip.it\/#organization","name":"Gossip and VIP News","alternateName":"Gossip News","url":"https:\/\/www.gossip.it\/","logo":{"@type":"ImageObject","inLanguage":"it-IT","@id":"https:\/\/www.gossip.it\/#\/schema\/logo\/image\/","url":"https:\/\/www.gossip.it\/wp-content\/uploads\/2022\/04\/cropped-corna-alta-tiny.png","contentUrl":"https:\/\/www.gossip.it\/wp-content\/uploads\/2022\/04\/cropped-corna-alta-tiny.png","width":512,"height":512,"caption":"Gossip and VIP News"},"image":{"@id":"https:\/\/www.gossip.it\/#\/schema\/logo\/image\/"},"sameAs":["https:\/\/www.facebook.com\/GossipIT","https:\/\/x.com\/gossinews_it","https:\/\/instagram.com\/gossip_it"]},{"@type":"Person","@id":"https:\/\/www.gossip.it\/#\/schema\/person\/488896f75158bff1cc83c6c39d141110","name":"La Redazione","image":{"@type":"ImageObject","inLanguage":"it-IT","@id":"https:\/\/www.gossip.it\/#\/schema\/person\/image\/","url":"https:\/\/secure.gravatar.com\/avatar\/5a5f5c6fa3e6700e4249abdad0263a1e94e927d9e0499b1cb09c1cd29c044d80?s=96&d=mm&r=g","contentUrl":"https:\/\/secure.gravatar.com\/avatar\/5a5f5c6fa3e6700e4249abdad0263a1e94e927d9e0499b1cb09c1cd29c044d80?s=96&d=mm&r=g","caption":"La Redazione"},"sameAs":["https:\/\/www.gossip.it"]}]}},"amp_enabled":true,"_links":{"self":[{"href":"https:\/\/www.gossip.it\/api\/wp\/v2\/posts\/50258","targetHints":{"allow":["GET"]}}],"collection":[{"href":"https:\/\/www.gossip.it\/api\/wp\/v2\/posts"}],"about":[{"href":"https:\/\/www.gossip.it\/api\/wp\/v2\/types\/post"}],"author":[{"embeddable":true,"href":"https:\/\/www.gossip.it\/api\/wp\/v2\/users\/1"}],"replies":[{"embeddable":true,"href":"https:\/\/www.gossip.it\/api\/wp\/v2\/comments?post=50258"}],"version-history":[{"count":0,"href":"https:\/\/www.gossip.it\/api\/wp\/v2\/posts\/50258\/revisions"}],"wp:featuredmedia":[{"embeddable":true,"href":"https:\/\/www.gossip.it\/api\/wp\/v2\/media\/106304"}],"wp:attachment":[{"href":"https:\/\/www.gossip.it\/api\/wp\/v2\/media?parent=50258"}],"wp:term":[{"taxonomy":"category","embeddable":true,"href":"https:\/\/www.gossip.it\/api\/wp\/v2\/categories?post=50258"},{"taxonomy":"post_tag","embeddable":true,"href":"https:\/\/www.gossip.it\/api\/wp\/v2\/tags?post=50258"},{"taxonomy":"vip","embeddable":true,"href":"https:\/\/www.gossip.it\/api\/wp\/v2\/vip?post=50258"}],"curies":[{"name":"wp","href":"https:\/\/api.w.org\/{rel}","templated":true}]}}