{"id":50261,"date":"2015-01-09T00:00:00","date_gmt":"2015-01-08T23:00:00","guid":{"rendered":"https:\/\/www.gossip.it\/senza-categoria\/catherine-spaak-isola-dei-famosi\/"},"modified":"2015-01-09T00:00:00","modified_gmt":"2015-01-08T23:00:00","slug":"catherine-spaak-isola-dei-famosi","status":"publish","type":"post","link":"https:\/\/www.gossip.it\/news\/catherine-spaak-isola-dei-famosi\/","title":{"rendered":"Catherine Spaak: 'Ecco perch\u00e9 partecipo all'Isola dei famosi'"},"content":{"rendered":"<p><a href=\"http:\/\/www.gossip.it\/vip\/catherine-spaak\/\">Catherine Spaak<\/a>, 69 anni, in esclusiva sulle pagine di <em>Visto<\/em>, nel numero in edicola, il giornale con cui collabora, spiega ai lettori e alle lettrici del settimanale i motivi che la spingono a partecipare alla nuova \"<strong>Isola dei Famosi<\/strong>\" in onda sul Canale 5 dal prossimo 26 gennaio e condotta da <a href=\"http:\/\/www.gossip.it\/vip\/alessia-marcuzzi\/\">Alessia Marcuzzi<\/a>.<\/p>\n<figure class=\"caption\"><img decoding=\"async\" alt=\"\" width=\"620\" height=\"755\" src=\"http:\/\/files.gossip.it\/immagini_news\/2015\/01\/1420801913_spaak1.jpg\" \/><figcaption>Catherine Spaak spiega i motivi che la spingono a partecipare all'Isola dei Famosi<\/figcaption><\/figure>\n<p><strong>Catherine Spaak<\/strong> esordisce affermando che solo qualche anno fa sarebbe inorridita all'idea di partecipare al reality nei panni di naufraga: <em>\"Per fortuna la vita, con il percorso che ci costringe a fare, non \u00e8 scivolata invano su di me<\/em> - scrive la bellissima attrice e conduttrice tv - <em>Durante la mia esistenza si sono presentate molte sfide e le ho sempre accolte: a volte le ho cercate addirittura. Sin da bambina ho voluto confrontarmi con le mie paure e non sono mai scappata. A dodici anni decisi di fare la cosa che pi\u00f9 mi spaventava per mettermi alla prova: era d'estate e ci trovavamo - la mia famiglia e io - in vacanza sulla Costa Azzurra nel mitico albergo Eden Roc a picco sul mare di Antibes. Sulla roccia pi\u00f9 alta era stato fissato un trampolino e il mare sotto distava dieci metri. Non avevo mai visto nessuno tuffarsi da l\u00ec. Decisi di farlo io. Mi tuffati senza avvertire nessuno\"<\/em>.<\/p>\n<figure class=\"caption\"><img decoding=\"async\" alt=\"\" width=\"620\" height=\"510\" src=\"http:\/\/files.gossip.it\/immagini_news\/2015\/01\/1420801960_spaak2.jpg\" \/><figcaption>La splendida attrice ha deciso di vestire i panni di naufraga a 69 anni<\/figcaption><\/figure>\n<p>Ha cominciato a sfidarsi fin da giovanissima <strong>Catherine Spaak<\/strong>, uno spirito di ricerca il suo che l'ha portata leggere a libri di filosofia per dare una risposta alla paura della morte. A soli 16 anni, poi, ha iniziato a lavorare nel mondo dello spettacolo: <em>\"Le molte esperienze traumatiche vissute durante gli anni dell'adolescenza<\/em> - racconta ancora -<em> mi hanno profondamente scossa, tanto che mi ritrovai ad un bivio a 18 anni: soccombere o lottare. Con la scelta di non soccombere si apr\u00ec il capitolo pi\u00f9 interessante della mia vita e le mie letture divennero sempre pi\u00f9 appassionanti, tanto che non mi abbandonaro pi\u00f9 e passai all'azione. Per anni ho frequentato conventi per ritiri spirituali e intensivi di meditazione. La filosofia orientale mi ha fatto scoprire mondi di grande profondit\u00e0 e bellezza e ho iniziato a praticare molto seriamente la consapevolezza\"<\/em>. Un lungo percorso spirituale quello dello Spaak, che ha anche seguito gli insegnamenti di Eckhart Tolle: <em>\"Ho imparato a essere testimonie di ci\u00f2 che accade nella mia mente e nel mio corpo e a non identificarmi con i miei pensieri ed emozioni<\/em> - spiega - <em>la mia vita si \u00e8 trasformata in una formidabile avventura. Oggi non temo il giudizio di nessuno e rifuggo dal giudicare. So che in ognuno di noi si cela la perfezione: tocca noi vederla al di l\u00e0 delle apparenze\"<\/em>. E cos\u00ec ora ha deciso di tuffarsi in una nuova avventura, \"<strong>L'Isola dei Famosi<\/strong>\", senza il timore di essere per questo giudicata, ma mantenendo il suo spirito di ricerca, con l'obiettivo di fare esperienze che altrimenti non farebbe, ma soprattutto di mettersi alla prova.<\/p>\n<figure class=\"caption\"><img decoding=\"async\" alt=\"\" width=\"620\" height=\"623\" src=\"http:\/\/files.gossip.it\/immagini_news\/2015\/01\/1420802073_isolaspaack.jpg\" \/><figcaption>Catherine naufragher\u00e0 sull'isola di Cayos Cochinos, in Honduras<\/figcaption><\/figure>\n<p><em>\"L'<strong>Isola dei famosi<\/strong> e i suoi naufraghi<\/em> - prosegue Catherine -<em> sono in qualche modo per me un'allegoria, un'universit\u00e0 della vita fisica ma anche mentale. Incontrer\u00f2 persone che hanno avuto esperienze diverse dalle mie, che sono sull'Isola per motivi diversi dai miei, persone che probabilmente non avrei mai frequentato senza il pretesto dell'Isola. I pregiudizi, i preconcetti, le condanne, il perdono, sono possibili sulla carta quando si scrive astrattamente, sono leggeri ed inconsistenti quando se ne parla solamente, ma tutto cambia quando si vive su un isolotto deserto gomito a gomito per un lungo periodo. Dunque ho scelto di fare questa esperienza non considerandola una sfida come quelle della mia giovinezza, ma bens\u00ec vivendola come una verifica, un esame a me stessa, alla persona che sono diventata\"<\/em>.<\/p>\n","protected":false},"excerpt":{"rendered":"<p>Catherine Spaak, 69 anni, in esclusiva sulle pagine di Visto, nel numero in edicola, il giornale con cui collabora, spiega ai lettori e alle lettrici del settimanale i motivi che la spingono a partecipare alla nuova \"Isola dei Famosi\" in onda sul Canale 5 dal prossimo 26 gennaio e condotta da Alessia Marcuzzi. Catherine Spaak [&hellip;]<\/p>\n","protected":false},"author":1,"featured_media":106307,"comment_status":"closed","ping_status":"closed","sticky":false,"template":"","format":"standard","meta":{"footnotes":""},"categories":[54],"tags":[1983,7145,1992,2102,2095,3085,1934],"vip":[275],"class_list":["post-50261","post","type-post","status-publish","format-standard","has-post-thumbnail","hentry","category-news","tag-attrice","tag-catherine-spaak","tag-conduttrice","tag-dichiarazioni","tag-isola-dei-famosi","tag-naufraghi","tag-reality","vip-alessia_marcuzzi"],"yoast_head":"<title>Catherine Spaak: &#039;Ecco perch\u00e9 partecipo all&#039;Isola dei famosi&#039; - Gossip.it | News sul Gossip e VIP<\/title>\n<meta name=\"description\" content=\"Catherine Spaak, 69 anni, in esclusiva sulle pagine di Visto, nel numero in edicola, il giornale con cui collabora, spiega ai lettori e alle lettrici del\" \/>\n<meta name=\"robots\" content=\"index, follow, max-snippet:-1, max-image-preview:large, max-video-preview:-1\" \/>\n<link rel=\"canonical\" href=\"https:\/\/www.gossip.it\/news\/catherine-spaak-isola-dei-famosi\/\" \/>\n<meta property=\"og:locale\" content=\"it_IT\" \/>\n<meta property=\"og:type\" content=\"article\" \/>\n<meta property=\"og:title\" content=\"Catherine Spaak: &#039;Ecco perch\u00e9 partecipo all&#039;Isola dei famosi&#039; - Gossip.it | News sul Gossip e VIP\" \/>\n<meta property=\"og:description\" content=\"Catherine Spaak, 69 anni, in esclusiva sulle pagine di Visto, nel numero in edicola, il giornale con cui collabora, spiega ai lettori e alle lettrici del\" \/>\n<meta property=\"og:url\" content=\"https:\/\/www.gossip.it\/news\/catherine-spaak-isola-dei-famosi\/\" \/>\n<meta property=\"og:site_name\" content=\"Gossip.it | News sul Gossip e VIP\" \/>\n<meta property=\"article:publisher\" content=\"https:\/\/www.facebook.com\/GossipIT\" \/>\n<meta property=\"article:published_time\" content=\"2015-01-08T23:00:00+00:00\" \/>\n<meta property=\"og:image\" content=\"http:\/\/files.gossip.it\/immagini_news\/2015\/01\/1420801913_spaak1.jpg\" \/>\n<meta name=\"author\" content=\"La Redazione\" \/>\n<meta name=\"twitter:card\" content=\"summary_large_image\" \/>\n<meta name=\"twitter:image\" content=\"http:\/\/files.gossip.it\/immagini_news\/2015\/01\/1420801913_spaak1.jpg\" \/>\n<meta name=\"twitter:creator\" content=\"@gossinews_it\" \/>\n<meta name=\"twitter:site\" content=\"@gossinews_it\" \/>\n<meta name=\"twitter:label1\" content=\"Scritto da\" \/>\n\t<meta name=\"twitter:data1\" content=\"Francesca Romana Domenici\" \/>\n\t<meta name=\"twitter:label2\" content=\"Tempo di lettura stimato\" \/>\n\t<meta name=\"twitter:data2\" content=\"3 minuti\" \/>","yoast_head_json":{"title":"Catherine Spaak: 'Ecco perch\u00e9 partecipo all'Isola dei famosi' - Gossip.it | News sul Gossip e VIP","description":"Catherine Spaak, 69 anni, in esclusiva sulle pagine di Visto, nel numero in edicola, il giornale con cui collabora, spiega ai lettori e alle lettrici del","robots":{"index":"index","follow":"follow","max-snippet":"max-snippet:-1","max-image-preview":"max-image-preview:large","max-video-preview":"max-video-preview:-1"},"canonical":"https:\/\/www.gossip.it\/news\/catherine-spaak-isola-dei-famosi\/","og_locale":"it_IT","og_type":"article","og_title":"Catherine Spaak: 'Ecco perch\u00e9 partecipo all'Isola dei famosi' - Gossip.it | News sul Gossip e VIP","og_description":"Catherine Spaak, 69 anni, in esclusiva sulle pagine di Visto, nel numero in edicola, il giornale con cui collabora, spiega ai lettori e alle lettrici del","og_url":"https:\/\/www.gossip.it\/news\/catherine-spaak-isola-dei-famosi\/","og_site_name":"Gossip.it | News sul Gossip e VIP","article_publisher":"https:\/\/www.facebook.com\/GossipIT","article_published_time":"2015-01-08T23:00:00+00:00","og_image":[{"url":"http:\/\/files.gossip.it\/immagini_news\/2015\/01\/1420801913_spaak1.jpg"}],"author":"La Redazione","twitter_card":"summary_large_image","twitter_image":"http:\/\/files.gossip.it\/immagini_news\/2015\/01\/1420801913_spaak1.jpg","twitter_creator":"@gossinews_it","twitter_site":"@gossinews_it","twitter_misc":{"Scritto da":"Francesca Romana Domenici","Tempo di lettura stimato":"3 minuti"},"schema":{"@context":"https:\/\/schema.org","@graph":[{"@type":"Article","@id":"https:\/\/www.gossip.it\/news\/catherine-spaak-isola-dei-famosi\/#article","isPartOf":{"@id":"https:\/\/www.gossip.it\/news\/catherine-spaak-isola-dei-famosi\/"},"author":{"name":"La Redazione","@id":"https:\/\/www.gossip.it\/#\/schema\/person\/488896f75158bff1cc83c6c39d141110"},"headline":"Catherine Spaak: 'Ecco perch\u00e9 partecipo all'Isola dei famosi'","datePublished":"2015-01-08T23:00:00+00:00","dateModified":"2015-01-08T23:00:00+00:00","mainEntityOfPage":{"@id":"https:\/\/www.gossip.it\/news\/catherine-spaak-isola-dei-famosi\/"},"wordCount":658,"publisher":{"@id":"https:\/\/www.gossip.it\/#organization"},"image":{"@id":"https:\/\/www.gossip.it\/news\/catherine-spaak-isola-dei-famosi\/#primaryimage"},"thumbnailUrl":"http:\/\/files.gossip.it\/immagini_news\/2015\/01\/1420801913_spaak1.jpg","keywords":["attrice","catherine spaak","conduttrice","dichiarazioni","isola dei famosi","naufraghi","reality"],"articleSection":["News"],"inLanguage":"it-IT"},{"@type":"WebPage","@id":"https:\/\/www.gossip.it\/news\/catherine-spaak-isola-dei-famosi\/","url":"https:\/\/www.gossip.it\/news\/catherine-spaak-isola-dei-famosi\/","name":"Catherine Spaak: 'Ecco perch\u00e9 partecipo all'Isola dei famosi' - Gossip.it | News sul Gossip e VIP","isPartOf":{"@id":"https:\/\/www.gossip.it\/#website"},"primaryImageOfPage":{"@id":"https:\/\/www.gossip.it\/news\/catherine-spaak-isola-dei-famosi\/#primaryimage"},"image":{"@id":"https:\/\/www.gossip.it\/news\/catherine-spaak-isola-dei-famosi\/#primaryimage"},"thumbnailUrl":"http:\/\/files.gossip.it\/immagini_news\/2015\/01\/1420801913_spaak1.jpg","datePublished":"2015-01-08T23:00:00+00:00","dateModified":"2015-01-08T23:00:00+00:00","description":"Catherine Spaak, 69 anni, in esclusiva sulle pagine di Visto, nel numero in edicola, il giornale con cui collabora, spiega ai lettori e alle lettrici del","breadcrumb":{"@id":"https:\/\/www.gossip.it\/news\/catherine-spaak-isola-dei-famosi\/#breadcrumb"},"inLanguage":"it-IT","potentialAction":[{"@type":"ReadAction","target":["https:\/\/www.gossip.it\/news\/catherine-spaak-isola-dei-famosi\/"]}]},{"@type":"ImageObject","inLanguage":"it-IT","@id":"https:\/\/www.gossip.it\/news\/catherine-spaak-isola-dei-famosi\/#primaryimage","url":"http:\/\/files.gossip.it\/immagini_news\/2015\/01\/1420801913_spaak1.jpg","contentUrl":"http:\/\/files.gossip.it\/immagini_news\/2015\/01\/1420801913_spaak1.jpg"},{"@type":"BreadcrumbList","@id":"https:\/\/www.gossip.it\/news\/catherine-spaak-isola-dei-famosi\/#breadcrumb","itemListElement":[{"@type":"ListItem","position":1,"name":"Home","item":"https:\/\/www.gossip.it\/"},{"@type":"ListItem","position":2,"name":"Catherine Spaak: 'Ecco perch\u00e9 partecipo all'Isola dei famosi'"}]},{"@type":"WebSite","@id":"https:\/\/www.gossip.it\/#website","url":"https:\/\/www.gossip.it\/","name":"Gossip and VIP News","description":"Quotidiano di cronaca rosa, costume e societ\u00e0","publisher":{"@id":"https:\/\/www.gossip.it\/#organization"},"alternateName":"Gossip and VIP News","potentialAction":[{"@type":"SearchAction","target":{"@type":"EntryPoint","urlTemplate":"https:\/\/www.gossip.it\/?s={search_term_string}"},"query-input":{"@type":"PropertyValueSpecification","valueRequired":true,"valueName":"search_term_string"}}],"inLanguage":"it-IT"},{"@type":"Organization","@id":"https:\/\/www.gossip.it\/#organization","name":"Gossip and VIP News","alternateName":"Gossip News","url":"https:\/\/www.gossip.it\/","logo":{"@type":"ImageObject","inLanguage":"it-IT","@id":"https:\/\/www.gossip.it\/#\/schema\/logo\/image\/","url":"https:\/\/www.gossip.it\/wp-content\/uploads\/2022\/04\/cropped-corna-alta-tiny.png","contentUrl":"https:\/\/www.gossip.it\/wp-content\/uploads\/2022\/04\/cropped-corna-alta-tiny.png","width":512,"height":512,"caption":"Gossip and VIP News"},"image":{"@id":"https:\/\/www.gossip.it\/#\/schema\/logo\/image\/"},"sameAs":["https:\/\/www.facebook.com\/GossipIT","https:\/\/x.com\/gossinews_it","https:\/\/instagram.com\/gossip_it"]},{"@type":"Person","@id":"https:\/\/www.gossip.it\/#\/schema\/person\/488896f75158bff1cc83c6c39d141110","name":"La Redazione","image":{"@type":"ImageObject","inLanguage":"it-IT","@id":"https:\/\/www.gossip.it\/#\/schema\/person\/image\/","url":"https:\/\/secure.gravatar.com\/avatar\/5a5f5c6fa3e6700e4249abdad0263a1e94e927d9e0499b1cb09c1cd29c044d80?s=96&d=mm&r=g","contentUrl":"https:\/\/secure.gravatar.com\/avatar\/5a5f5c6fa3e6700e4249abdad0263a1e94e927d9e0499b1cb09c1cd29c044d80?s=96&d=mm&r=g","caption":"La Redazione"},"sameAs":["https:\/\/www.gossip.it"]}]}},"amp_enabled":true,"_links":{"self":[{"href":"https:\/\/www.gossip.it\/api\/wp\/v2\/posts\/50261","targetHints":{"allow":["GET"]}}],"collection":[{"href":"https:\/\/www.gossip.it\/api\/wp\/v2\/posts"}],"about":[{"href":"https:\/\/www.gossip.it\/api\/wp\/v2\/types\/post"}],"author":[{"embeddable":true,"href":"https:\/\/www.gossip.it\/api\/wp\/v2\/users\/1"}],"replies":[{"embeddable":true,"href":"https:\/\/www.gossip.it\/api\/wp\/v2\/comments?post=50261"}],"version-history":[{"count":0,"href":"https:\/\/www.gossip.it\/api\/wp\/v2\/posts\/50261\/revisions"}],"wp:featuredmedia":[{"embeddable":true,"href":"https:\/\/www.gossip.it\/api\/wp\/v2\/media\/106307"}],"wp:attachment":[{"href":"https:\/\/www.gossip.it\/api\/wp\/v2\/media?parent=50261"}],"wp:term":[{"taxonomy":"category","embeddable":true,"href":"https:\/\/www.gossip.it\/api\/wp\/v2\/categories?post=50261"},{"taxonomy":"post_tag","embeddable":true,"href":"https:\/\/www.gossip.it\/api\/wp\/v2\/tags?post=50261"},{"taxonomy":"vip","embeddable":true,"href":"https:\/\/www.gossip.it\/api\/wp\/v2\/vip?post=50261"}],"curies":[{"name":"wp","href":"https:\/\/api.w.org\/{rel}","templated":true}]}}