{"id":50282,"date":"2015-01-12T00:00:00","date_gmt":"2015-01-11T23:00:00","guid":{"rendered":"https:\/\/www.gossip.it\/senza-categoria\/linus-figlio-dimesso-ospedale\/"},"modified":"2015-01-12T00:00:00","modified_gmt":"2015-01-11T23:00:00","slug":"linus-figlio-dimesso-ospedale","status":"publish","type":"post","link":"https:\/\/www.gossip.it\/news\/linus-figlio-dimesso-ospedale\/","title":{"rendered":"Linus, il figlio dimesso dall'ospedale"},"content":{"rendered":"<p>Un altro post sul blog di Radio Deejay dal titolo <em>\"La prima dell'anno\"<\/em> e un suo selfie in studio insieme a tutti quelli che lavorano con lui, direttore artistico dell'emittente. <a href=\"http:\/\/www.gossip.it\/vip\/linus\/\">Linus<\/a> \u00e8 pronto a ricominciare felice: il <strong>figlio<\/strong> <em>Miki<\/em> \u00e8 stato <strong>dimess<\/strong>o dall'<strong>ospedale<\/strong>. Il bambino si \u00e8 ripreso dopo il terribile incidente domestico che l'ha purtroppo visto protagonista nei giorni scorsi.<\/p>\n<figure class=\"caption\"><img decoding=\"async\" alt=\"\" width=\"620\" height=\"465\" src=\"http:\/\/files.gossip.it\/immagini_news\/2015\/01\/1421070349_1linus.jpg\" \/><figcaption>Linus \u00e8 tornato al lavoro: selfie dagli studi di Radio Deejay. Il figlio Miki \u00e8 stato dimesso dall'ospedale<\/figcaption><\/figure>\n<p><em>\"Una settimana fa, domenica mattina, \u201ctwittavo \u201d una mia foto sul lungomare di Riccione, seduto su una panchina dopo un abbozzo di corsettina: oggi \u00e8 la madre di tutte le belle giornate, scrivevo.\u00a0E sapete come \u00e8 proseguita. Ma per fortuna \u00e8 finita, ed \u00e8 finita bene, e ieri ero di nuovo l\u00ec, su un\u2019altra panchina, per un\u2019altra foto e un\u2019altra bella giornata. La vita va avanti<\/em> - ha scritto <strong>Linus<\/strong> - <em>Dopo quasi tre settimane sono tornato a Milano e questa mattina ricominciamo. A casa mia, nel mio ufficio, \u00e8 ancora Natale, devo smontare e archiviare, ma lo far\u00f2 con il meraviglioso piacere che si dedica alle cose futili. Ho la cartella piena di cose da dire e da raccontare, una barba cos\u00ec lunga che mi sa che me la dovrei tagliare e un grande interrogativo sulle canzoni da suonare, che \u00e8 un periodo che tutto quello che sento mi fa vomitare. Buon segno, adesso mi riconosco. Ah, visto che \u00e8 la prima volta che ci incrociamo in questo nuovo anno, buon 2015. Che peggio di come \u00e8 cominciato non potr\u00e0 mai essere\"<\/em>.<\/p>\n<figure class=\"caption\"><img decoding=\"async\" alt=\"\" width=\"620\" height=\"469\" src=\"http:\/\/files.gossip.it\/immagini_news\/2015\/01\/1421070366_2linus.jpg\" \/><figcaption>'L'incubo \u00e8 finito', ha detto Linus che si sente fortunatissimo<\/figcaption><\/figure>\n<p><strong>Linus<\/strong> ha passato giorni orrendi. Ma, come confessato a <em>Vanity Fair<\/em>, <em>\"l'incubo \u00e8 finito\"<\/em>. Il <strong>figlio<\/strong> \u00e8 stato <strong>dimesso<\/strong> dall'<strong>ospedale<\/strong>. In casa era salito su una sedia per prendere una cosa da una mensola, cadendo di spalle aveva sbattuto la schiena contro lo spigolo del letto e non riusciva pi\u00f9 a muovere le gambe. Immediata la corsa in ospedale e la disperazione, l'ansia, i brutti pensieri. <em>\"I primi tre quattro giorni non vedevamo segnali di ripresa del suo corpo. Iniziavamo a perdere le speranze<\/em> - ha spiegato a <em>Vanity Fair<\/em> - <em>Il pensiero fisso di ognuno \u00e8 che possa accadere una cosa come questa. Domenica \u00e8 accaduta a me. Perch\u00e9 la vita \u00e8 democraticamente imprevedibile\"<\/em>. Il <strong>figlio<\/strong> <em>Miki<\/em>, ora <strong>dimesso<\/strong>, in <strong>ospedale<\/strong> era <em>\"il pi\u00f9 positivo di tutti\"<\/em>: <em>\"Eravamo noi che eravamo disperati\"<\/em>.<\/p>\n<figure class=\"caption\"><img decoding=\"async\" alt=\"\" width=\"620\" height=\"465\" src=\"http:\/\/files.gossip.it\/immagini_news\/2015\/01\/1421070383_3linus.jpg\" \/><figcaption>Nei giorni scorsi aveva raccontato sul blog tutta la sua disperazione per Miki, vittima di un incidente domestico<\/figcaption><\/figure>\n<p><strong>Linus<\/strong> non ha pregato: <em>\"Pregare significa chiedere qualcosa. Ma mi sono detto: se Dio esiste perch\u00e9 privilegiare me e non qualcun altro?\"<\/em>. Ha raccontato tutto sul blog: <em>\"Non so perch\u00e9 l'ho fatto, \u00e8 stato un istinto che ho assecondato. Da 10 anni intrattengo un rapporto con i miei ascoltatori attraverso il blog. Sentivo di volermi confidare con loro e l'ho fatto\"<\/em>. Tutti i suoi fan lo hanno sommerso di affetto. Poi gioved\u00ec <em>Miki<\/em> ha dato i primi segnali di ripresa: <em>\"Ha iniziato a muovere le gambe. E sabato \u00e8 stato finalmente <strong>dimesso<\/strong>. Adesso dovr\u00e0 solo fare un po' di rieducazione, perch\u00e9 il cervello \"ricordi\" i movimenti di base\"<\/em>.<\/p>\n<p><iframe src=\"http:\/\/www.gossip.it\/video\/share\/3229\/\" style=\"border:0;width:620px;height:320px;\"><\/iframe><\/p>\n<p><em>\"Mi sento fortunatissimo. Spesso capita di vedere bambini sfortunati, vittime di malattie magari irreversibili. Io oggi posso raccontare questa vicenda. E lo faccio con il sorriso\"<\/em>, ha concluso <strong>Linus<\/strong>.<\/p>\n<p>\u00a0<\/p>\n<p>\u00a0<\/p>\n","protected":false},"excerpt":{"rendered":"<p>Un altro post sul blog di Radio Deejay dal titolo \"La prima dell'anno\" e un suo selfie in studio insieme a tutti quelli che lavorano con lui, direttore artistico dell'emittente. Linus \u00e8 pronto a ricominciare felice: il figlio Miki \u00e8 stato dimesso dall'ospedale. Il bambino si \u00e8 ripreso dopo il terribile incidente domestico che l'ha [&hellip;]<\/p>\n","protected":false},"author":1,"featured_media":106328,"comment_status":"closed","ping_status":"closed","sticky":false,"template":"","format":"standard","meta":{"footnotes":""},"categories":[54],"tags":[7312,51434,2176,2102,1942,13325,46657,14690,8279,51442,2122,4620,6471],"vip":[],"class_list":["post-50282","post","type-post","status-publish","format-standard","has-post-thumbnail","hentry","category-news","tag-blog","tag-carlotta-medas","tag-conduttore","tag-dichiarazioni","tag-figlio","tag-filippo","tag-incidente-domestico","tag-linus","tag-michele","tag-miki","tag-post","tag-radio","tag-radio-deejay"],"yoast_head":"<title>Linus, il figlio dimesso dall&#039;ospedale - Gossip.it | News sul Gossip e VIP<\/title>\n<meta name=\"description\" content=\"Un altro post sul blog di Radio Deejay dal titolo &quot;La prima dell&#039;anno&quot; e un suo selfie in studio insieme a tutti quelli che lavorano con lui, direttore\" \/>\n<meta name=\"robots\" content=\"index, follow, max-snippet:-1, max-image-preview:large, max-video-preview:-1\" \/>\n<link rel=\"canonical\" href=\"https:\/\/www.gossip.it\/news\/linus-figlio-dimesso-ospedale\/\" \/>\n<meta property=\"og:locale\" content=\"it_IT\" \/>\n<meta property=\"og:type\" content=\"article\" \/>\n<meta property=\"og:title\" content=\"Linus, il figlio dimesso dall&#039;ospedale - Gossip.it | News sul Gossip e VIP\" \/>\n<meta property=\"og:description\" content=\"Un altro post sul blog di Radio Deejay dal titolo &quot;La prima dell&#039;anno&quot; e un suo selfie in studio insieme a tutti quelli che lavorano con lui, direttore\" \/>\n<meta property=\"og:url\" content=\"https:\/\/www.gossip.it\/news\/linus-figlio-dimesso-ospedale\/\" \/>\n<meta property=\"og:site_name\" content=\"Gossip.it | News sul Gossip e VIP\" \/>\n<meta property=\"article:publisher\" content=\"https:\/\/www.facebook.com\/GossipIT\" \/>\n<meta property=\"article:published_time\" content=\"2015-01-11T23:00:00+00:00\" \/>\n<meta property=\"og:image\" content=\"http:\/\/files.gossip.it\/immagini_news\/2015\/01\/1421070349_1linus.jpg\" \/>\n<meta name=\"author\" content=\"La Redazione\" \/>\n<meta name=\"twitter:card\" content=\"summary_large_image\" \/>\n<meta name=\"twitter:image\" content=\"http:\/\/files.gossip.it\/immagini_news\/2015\/01\/1421070349_1linus.jpg\" \/>\n<meta name=\"twitter:creator\" content=\"@gossinews_it\" \/>\n<meta name=\"twitter:site\" content=\"@gossinews_it\" \/>\n<meta name=\"twitter:label1\" content=\"Scritto da\" \/>\n\t<meta name=\"twitter:data1\" content=\"Annamaria Capozzi\" \/>\n\t<meta name=\"twitter:label2\" content=\"Tempo di lettura stimato\" \/>\n\t<meta name=\"twitter:data2\" content=\"3 minuti\" \/>","yoast_head_json":{"title":"Linus, il figlio dimesso dall'ospedale - Gossip.it | News sul Gossip e VIP","description":"Un altro post sul blog di Radio Deejay dal titolo \"La prima dell'anno\" e un suo selfie in studio insieme a tutti quelli che lavorano con lui, direttore","robots":{"index":"index","follow":"follow","max-snippet":"max-snippet:-1","max-image-preview":"max-image-preview:large","max-video-preview":"max-video-preview:-1"},"canonical":"https:\/\/www.gossip.it\/news\/linus-figlio-dimesso-ospedale\/","og_locale":"it_IT","og_type":"article","og_title":"Linus, il figlio dimesso dall'ospedale - Gossip.it | News sul Gossip e VIP","og_description":"Un altro post sul blog di Radio Deejay dal titolo \"La prima dell'anno\" e un suo selfie in studio insieme a tutti quelli che lavorano con lui, direttore","og_url":"https:\/\/www.gossip.it\/news\/linus-figlio-dimesso-ospedale\/","og_site_name":"Gossip.it | News sul Gossip e VIP","article_publisher":"https:\/\/www.facebook.com\/GossipIT","article_published_time":"2015-01-11T23:00:00+00:00","og_image":[{"url":"http:\/\/files.gossip.it\/immagini_news\/2015\/01\/1421070349_1linus.jpg"}],"author":"La Redazione","twitter_card":"summary_large_image","twitter_image":"http:\/\/files.gossip.it\/immagini_news\/2015\/01\/1421070349_1linus.jpg","twitter_creator":"@gossinews_it","twitter_site":"@gossinews_it","twitter_misc":{"Scritto da":"Annamaria Capozzi","Tempo di lettura stimato":"3 minuti"},"schema":{"@context":"https:\/\/schema.org","@graph":[{"@type":"Article","@id":"https:\/\/www.gossip.it\/news\/linus-figlio-dimesso-ospedale\/#article","isPartOf":{"@id":"https:\/\/www.gossip.it\/news\/linus-figlio-dimesso-ospedale\/"},"author":{"name":"La Redazione","@id":"https:\/\/www.gossip.it\/#\/schema\/person\/488896f75158bff1cc83c6c39d141110"},"headline":"Linus, il figlio dimesso dall'ospedale","datePublished":"2015-01-11T23:00:00+00:00","dateModified":"2015-01-11T23:00:00+00:00","mainEntityOfPage":{"@id":"https:\/\/www.gossip.it\/news\/linus-figlio-dimesso-ospedale\/"},"wordCount":557,"publisher":{"@id":"https:\/\/www.gossip.it\/#organization"},"image":{"@id":"https:\/\/www.gossip.it\/news\/linus-figlio-dimesso-ospedale\/#primaryimage"},"thumbnailUrl":"http:\/\/files.gossip.it\/immagini_news\/2015\/01\/1421070349_1linus.jpg","keywords":["blog","carlotta medas","conduttore","dichiarazioni","figlio","filippo","incidente domestico","linus","michele","miki","post","radio","radio deejay"],"articleSection":["News"],"inLanguage":"it-IT"},{"@type":"WebPage","@id":"https:\/\/www.gossip.it\/news\/linus-figlio-dimesso-ospedale\/","url":"https:\/\/www.gossip.it\/news\/linus-figlio-dimesso-ospedale\/","name":"Linus, il figlio dimesso dall'ospedale - Gossip.it | News sul Gossip e VIP","isPartOf":{"@id":"https:\/\/www.gossip.it\/#website"},"primaryImageOfPage":{"@id":"https:\/\/www.gossip.it\/news\/linus-figlio-dimesso-ospedale\/#primaryimage"},"image":{"@id":"https:\/\/www.gossip.it\/news\/linus-figlio-dimesso-ospedale\/#primaryimage"},"thumbnailUrl":"http:\/\/files.gossip.it\/immagini_news\/2015\/01\/1421070349_1linus.jpg","datePublished":"2015-01-11T23:00:00+00:00","dateModified":"2015-01-11T23:00:00+00:00","description":"Un altro post sul blog di Radio Deejay dal titolo \"La prima dell'anno\" e un suo selfie in studio insieme a tutti quelli che lavorano con lui, direttore","breadcrumb":{"@id":"https:\/\/www.gossip.it\/news\/linus-figlio-dimesso-ospedale\/#breadcrumb"},"inLanguage":"it-IT","potentialAction":[{"@type":"ReadAction","target":["https:\/\/www.gossip.it\/news\/linus-figlio-dimesso-ospedale\/"]}]},{"@type":"ImageObject","inLanguage":"it-IT","@id":"https:\/\/www.gossip.it\/news\/linus-figlio-dimesso-ospedale\/#primaryimage","url":"http:\/\/files.gossip.it\/immagini_news\/2015\/01\/1421070349_1linus.jpg","contentUrl":"http:\/\/files.gossip.it\/immagini_news\/2015\/01\/1421070349_1linus.jpg"},{"@type":"BreadcrumbList","@id":"https:\/\/www.gossip.it\/news\/linus-figlio-dimesso-ospedale\/#breadcrumb","itemListElement":[{"@type":"ListItem","position":1,"name":"Home","item":"https:\/\/www.gossip.it\/"},{"@type":"ListItem","position":2,"name":"Linus, il figlio dimesso dall'ospedale"}]},{"@type":"WebSite","@id":"https:\/\/www.gossip.it\/#website","url":"https:\/\/www.gossip.it\/","name":"Gossip and VIP News","description":"Quotidiano di cronaca rosa, costume e societ\u00e0","publisher":{"@id":"https:\/\/www.gossip.it\/#organization"},"alternateName":"Gossip and VIP News","potentialAction":[{"@type":"SearchAction","target":{"@type":"EntryPoint","urlTemplate":"https:\/\/www.gossip.it\/?s={search_term_string}"},"query-input":{"@type":"PropertyValueSpecification","valueRequired":true,"valueName":"search_term_string"}}],"inLanguage":"it-IT"},{"@type":"Organization","@id":"https:\/\/www.gossip.it\/#organization","name":"Gossip and VIP News","alternateName":"Gossip News","url":"https:\/\/www.gossip.it\/","logo":{"@type":"ImageObject","inLanguage":"it-IT","@id":"https:\/\/www.gossip.it\/#\/schema\/logo\/image\/","url":"https:\/\/www.gossip.it\/wp-content\/uploads\/2022\/04\/cropped-corna-alta-tiny.png","contentUrl":"https:\/\/www.gossip.it\/wp-content\/uploads\/2022\/04\/cropped-corna-alta-tiny.png","width":512,"height":512,"caption":"Gossip and VIP News"},"image":{"@id":"https:\/\/www.gossip.it\/#\/schema\/logo\/image\/"},"sameAs":["https:\/\/www.facebook.com\/GossipIT","https:\/\/x.com\/gossinews_it","https:\/\/instagram.com\/gossip_it"]},{"@type":"Person","@id":"https:\/\/www.gossip.it\/#\/schema\/person\/488896f75158bff1cc83c6c39d141110","name":"La Redazione","image":{"@type":"ImageObject","inLanguage":"it-IT","@id":"https:\/\/www.gossip.it\/#\/schema\/person\/image\/","url":"https:\/\/secure.gravatar.com\/avatar\/5a5f5c6fa3e6700e4249abdad0263a1e94e927d9e0499b1cb09c1cd29c044d80?s=96&d=mm&r=g","contentUrl":"https:\/\/secure.gravatar.com\/avatar\/5a5f5c6fa3e6700e4249abdad0263a1e94e927d9e0499b1cb09c1cd29c044d80?s=96&d=mm&r=g","caption":"La Redazione"},"sameAs":["https:\/\/www.gossip.it"]}]}},"amp_enabled":true,"_links":{"self":[{"href":"https:\/\/www.gossip.it\/api\/wp\/v2\/posts\/50282","targetHints":{"allow":["GET"]}}],"collection":[{"href":"https:\/\/www.gossip.it\/api\/wp\/v2\/posts"}],"about":[{"href":"https:\/\/www.gossip.it\/api\/wp\/v2\/types\/post"}],"author":[{"embeddable":true,"href":"https:\/\/www.gossip.it\/api\/wp\/v2\/users\/1"}],"replies":[{"embeddable":true,"href":"https:\/\/www.gossip.it\/api\/wp\/v2\/comments?post=50282"}],"version-history":[{"count":0,"href":"https:\/\/www.gossip.it\/api\/wp\/v2\/posts\/50282\/revisions"}],"wp:featuredmedia":[{"embeddable":true,"href":"https:\/\/www.gossip.it\/api\/wp\/v2\/media\/106328"}],"wp:attachment":[{"href":"https:\/\/www.gossip.it\/api\/wp\/v2\/media?parent=50282"}],"wp:term":[{"taxonomy":"category","embeddable":true,"href":"https:\/\/www.gossip.it\/api\/wp\/v2\/categories?post=50282"},{"taxonomy":"post_tag","embeddable":true,"href":"https:\/\/www.gossip.it\/api\/wp\/v2\/tags?post=50282"},{"taxonomy":"vip","embeddable":true,"href":"https:\/\/www.gossip.it\/api\/wp\/v2\/vip?post=50282"}],"curies":[{"name":"wp","href":"https:\/\/api.w.org\/{rel}","templated":true}]}}