{"id":50339,"date":"2015-01-16T00:00:00","date_gmt":"2015-01-15T23:00:00","guid":{"rendered":"https:\/\/www.gossip.it\/senza-categoria\/francesco-sole-auto-incendiata\/"},"modified":"2015-01-16T00:00:00","modified_gmt":"2015-01-15T23:00:00","slug":"francesco-sole-auto-incendiata","status":"publish","type":"post","link":"https:\/\/www.gossip.it\/news\/francesco-sole-auto-incendiata\/","title":{"rendered":"Francesco Sole, auto incendiata: 'Ora ho paura'"},"content":{"rendered":"<p>Non avrebbe mai immaginato che i cosiddetti <em>'haters'<\/em> sarebbero arrivati a tanto, anche se in realt\u00e0 non sa cosa e come sia accaduto. <a href=\"http:\/\/www.gossip.it\/vip\/francesco-sole\/\">Francesco Sole<\/a> per\u00f2 \u00e8 scolvolto: la sua <strong>auto<\/strong> \u00e8 stata <strong>incendiata<\/strong> a Modena. Per <em>Il Resto del Carlino \"le fiamme sarebbero partite da una Range Rover di propriet\u00e0 del calciatore del Sassuolo, Davide Biondini, macchina ora irriconoscibile, che ha intaccato una Bmw<\/em> (di <strong>Francesco Sole<\/strong>, ndr) <em>e un Fiat Fiorino parcheggiati vicini, entro le strisce blu del viale\"<\/em>. Sta di fatto che l'<strong>auto incendiata<\/strong> lo ha fatto tremare. Lo Youtuber sulla sua pagina su <em>Facebook<\/em>, in un lungo post, ha esternato tutta l'amarezza che sta provando.<\/p>\n<figure class=\"caption\"><img decoding=\"async\" alt=\"\" width=\"620\" height=\"580\" src=\"http:\/\/files.gossip.it\/immagini_news\/2015\/01\/1421402686_auto2.jpg\" \/><figcaption>L'auto di Francesco Sole incendiata ieri a Modena<\/figcaption><\/figure>\n<p>Francesco ha prima raccontato la sua storia, quella di <em>\"un giovane ragazzo che ha una passione, quella di scrivere storie e fare video. Un ragazzo a cui piace recitare e che vorrebbe in un futuro di fare un film. Un ragazzo a cui piace la musica e che vorrebbe di imparare a suonare meglio la chitarra\"<\/em>. Poi ha parlato del suo successo improvviso e inaspettato: <em>\"Sono diventato testimonial di diverse pubblicit\u00e0, ho avuto l\u2019opportunit\u00e0 di condurre un programma tv e ho scritto un libro\"<\/em>. Poi \u00e8 passato a parlare di chi lo critica, delle minacce e delle calunnie, della preoccupazione dei suoi genitori per tutto ci\u00f2. <strong>Francesco Sole<\/strong> ci \u00e8 passato sopra, cercando di sorridere lo stesso. <em>\"Andavo fiero di ci\u00f2 mi stava accadendo e dell\u2019umilta\u2019 con cui gestivo il mio piccolo \u201csuper-potere\u201d<\/em> - ha scritto - <em>Almeno fino ad oggi (se ci\u00f2 che sto scrivendo fosse un mio video, ora si fermerebbe la musica e sullo schermo ci sarei io da solo che fisso il vuoto alla finestra). Stamattina alle 5.30 mi \u00e8 successo quello che non pensavo mai mi potesse accadere\"<\/em>.<\/p>\n<figure class=\"caption\"><img decoding=\"async\" alt=\"\" width=\"620\" height=\"619\" src=\"http:\/\/files.gossip.it\/immagini_news\/2015\/01\/1421404360_sole-2.jpg\" \/><figcaption>Lo Youtuber, sconvolto, su Facebook ha espresso tutta la sua amarezza per l'accaduto<\/figcaption><\/figure>\n<figure class=\"caption\"><img decoding=\"async\" alt=\"\" width=\"620\" height=\"598\" src=\"http:\/\/files.gossip.it\/immagini_news\/2015\/01\/1421401320_auto-incendiata.jpg\" \/><figcaption>Un altro scatto della macchina bruciata<\/figcaption><\/figure>\n<p><em>\"Mia madre per l\u2019ennesima volta mi ha chiamato in lacrime, preoccupata, dicendomi che questa notte mi avevano fatto esplodere sotto il mio ufficio, la macchina<\/em> - ha continuato Francesco, all'anagrafe <em>Gabriele Dotti<\/em> - <em>E che si tratti di un incidente (perch\u00e8 magari non volevano dare fuoco alla macchina, ma solo spegnere una sigaretta, o forse non sapevano nemmeno che fosse la mia) o che sia una cosa mirata (perch\u00e8 magari ieri ho fatto post-it troppo sdolcinato o perch\u00e8 vaffanculo, <strong>Francesco Sole<\/strong> \u00e8 uno stronzo) beh, la cosa mi ha davvero buttato a terra. E\u2019 stata la famosa \u201cgoccia che ha fatto traboccare il vaso\u201d<\/em>.<\/p>\n<figure class=\"caption\"><img decoding=\"async\" alt=\"\" width=\"620\" height=\"623\" src=\"http:\/\/files.gossip.it\/immagini_news\/2015\/01\/1421401358_sole-1.jpg\" \/><figcaption>Altro autoscatto di Francesco, che sul web \u00e8 stato preso di mira dai cosiddetti 'haters'<\/figcaption><\/figure>\n<p>L'<strong>auto incendiata<\/strong> gli fa paura: <em>\"Perch\u00e8 ormai vivo perennemente cos\u00ec, con l\u2019odio di certa gente appiccicato addosso. Quell\u2019odio che oggi mi ha portato a raccontarvi qui su Facebook tutte le ombre che \u201cai tempi di whatsapp\u201d \u00a0ti coprono se ti fai chiamare \u201csole\u201d. Non voglio piagnucolare, voglio essere forte. Ma nel mio cercare di \u201cessere forte\u201d, oggi, mi chiedo: perch\u00e8? E\u2019 giusto che oggi, un ventenne italiano del cazzo che pubblica post-it e selfie in cui augura a tutti il buongiorno la mattina, si ritrovi a svegliarsi con la macchina in fiamme e la paura di rimanere \u201con-line\u201d? Io non credo, ma se per la societ\u00e0 in cui viviamo lo \u00e8, allora fanculo, anche io odio Francesco Sole. E da domani gli far\u00f2 smettere di usare Facebook. Gli chiudo la pagina Facebook a quello stronzo. Oppure gliela lascio tenere, ma solo se comincia a pubblicare post-it carichi d\u2019odio, in cui invita a fare la guerra a questo o a quello, a insultare, a lanciare hashtag per distruggere la vita della gente.<br \/>Questo mi verrebbe da fare, perch\u00e9 oggi mi sento demoralizzato, senza pi\u00f9 la voglia di scrivere e di continuare a fare ci\u00f2 che amo. Perch\u00e8 tutto questo mi preoccupa, e tanto. Mi sento male, molto male\"<\/em>.<br \/>E ha concluso: <em>\"Vedere e sentire mia madre piangere per me \u00e8 indescrivibile, non riesco a trovare le parole giuste per potervi esprimere al meglio la mia paura verso i miei affetti, i miei cari e coloro che mi stanno vicino. So che mi passer\u00e0 e torner\u00f2 a sorridere, ma oggi \u00e8 cos\u00ec. E scusate se non sono stato quello di sempre, ma ho subito per tanto tempo in silenzio e oggi avevo voglia di raccontarvi che magari c\u2019\u00e8 molto altro (c\u2019\u00e8 una vita, una famiglia, dei sentimenti) anche semplicemente dietro a un post-it. Grazie\"<\/em>.<\/p>\n<figure class=\"caption\"><img decoding=\"async\" alt=\"\" width=\"620\" height=\"620\" src=\"http:\/\/files.gossip.it\/immagini_news\/2015\/01\/1421401400_facchinetti.jpg\" \/><figcaption>Dalla parte del ragazzo 20enne chi lo ha scoperto e gli vuole bene, Francesco Facchinetti<\/figcaption><\/figure>\n<p>Sempre su <em>Facebook<\/em> anche il suo mentore, quello che ha sempre creduto nel talento di <strong>Francesco Sole<\/strong>, <a href=\"http:\/\/www.gossip.it\/vip\/francesco-facchinetti\/\">Francesco Facchinetti<\/a>, \u00e8 sceso in campo al suo fianco, ancora una volta. <em>\"Siamo tutti capaci ad aprire pagine Facebook come \u201c<strong>Francesco Sole<\/strong> muori\u201d o \u201c<strong>Francesco Sole<\/strong> avanti a chemioterapia e raccomandazioni\u201d, basta avere una bella dose di frustrazione e cercare qualcuno a cui dare la colpa dei propri insuccessi<\/em> - ha sottolineato il Dj e produttore - <em>Provate a costruire la vostra cazzo di vita anzich\u00e9 vomitare su quella degli altri. Guardatevi allo specchio, se avete le palle, anzich\u00e9 mettergli un drappo sopra, per non vedere che schifo di persone siete e voltarvi a guardare il vicino pi\u00f9 felice di voi. Perch\u00e9 questo siete, cosa vi credete: degli sfigati. E me la prendo anche con i vostri genitori. Spero solo che siano molto ingenui, anzich\u00e9 molto menefreghisti, e vi diano una fiducia che non meritate, perch\u00e9 quello che voi fate sul web un giorno potrebbe devastare anche le loro vite. Potrebbero ritrovarsi un figlio accusato di istigazione al suicidio, di diffamazione, di minacce e di mille altre cose che si leggono tutti i giorni sui giornali. <strong>Francesco Sole<\/strong> \u00e8 forte, ma i ragazzi giovani non sono tutti come lui\"<\/em>. E ancora: <em>\"E me la prendo anche con gli youtubers e i tanti adulti, colleghi e non, che aizzano queste folle pericolose con totale incoscienza, pensando che non ci siano ripercussioni nel reale, che un post violento resti un post violento e non una macchina che brucia. E invece tutto questo schifo \u00e8 un detonatore, che esplode nella vita della gente e di chi vive accanto a questa gente, mamme, pap\u00e0, fidanzate, sorelle\"<\/em>.<\/p>\n<figure class=\"caption\"><img decoding=\"async\" alt=\"\" width=\"620\" height=\"133\" src=\"http:\/\/files.gossip.it\/immagini_news\/2015\/01\/1421402843_lucarelli.jpg\" \/><figcaption>Pure Selvaggia Lucarelli ha condiviso la foto dell'auto incendiata di Sole e si \u00e8 schierata con lui<\/figcaption><\/figure>\n<p><em>\"E io oggi sono incazzato nero. Per Francesco, certo, ma soprattutto perch\u00e9 so che chiunque scriva in questo posto meraviglioso che si chiama web, pu\u00f2 contribuire a renderlo un posto migliore o peggiore. Pu\u00f2 regalare un sorriso o rovinare la vita di qualcuno. Pensateci, la prossima volta che premete invio\"<\/em>, ha concluso Facchinetti.<\/p>\n<p>\u00a0<\/p>\n","protected":false},"excerpt":{"rendered":"<p>Non avrebbe mai immaginato che i cosiddetti 'haters' sarebbero arrivati a tanto, anche se in realt\u00e0 non sa cosa e come sia accaduto. Francesco Sole per\u00f2 \u00e8 scolvolto: la sua auto \u00e8 stata incendiata a Modena. Per Il Resto del Carlino \"le fiamme sarebbero partite da una Range Rover di propriet\u00e0 del calciatore del Sassuolo, [&hellip;]<\/p>\n","protected":false},"author":1,"featured_media":106385,"comment_status":"closed","ping_status":"closed","sticky":false,"template":"","format":"standard","meta":{"footnotes":""},"categories":[54],"tags":[51477,2102,8849,2957,2303,1923,2305,2097,9824,9042],"vip":[788],"class_list":["post-50339","post","type-post","status-publish","format-standard","has-post-thumbnail","hentry","category-news","tag-auto-incendiata","tag-dichiarazioni","tag-francesco-sole","tag-libro","tag-paura","tag-social","tag-successo","tag-tv","tag-web-star","tag-youtuber","vip-francesco_facchinetti"],"yoast_head":"<title>Francesco Sole, auto incendiata: &#039;Ora ho paura&#039; - Gossip.it | News sul Gossip e VIP<\/title>\n<meta name=\"description\" content=\"Non avrebbe mai immaginato che i cosiddetti &#039;haters&#039; sarebbero arrivati a tanto, anche se in realt\u00e0 non sa cosa e come sia accaduto. Francesco Sole per\u00f2 \u00e8\" \/>\n<meta name=\"robots\" content=\"index, follow, max-snippet:-1, max-image-preview:large, max-video-preview:-1\" \/>\n<link rel=\"canonical\" href=\"https:\/\/www.gossip.it\/news\/francesco-sole-auto-incendiata\/\" \/>\n<meta property=\"og:locale\" content=\"it_IT\" \/>\n<meta property=\"og:type\" content=\"article\" \/>\n<meta property=\"og:title\" content=\"Francesco Sole, auto incendiata: &#039;Ora ho paura&#039; - Gossip.it | News sul Gossip e VIP\" \/>\n<meta property=\"og:description\" content=\"Non avrebbe mai immaginato che i cosiddetti &#039;haters&#039; sarebbero arrivati a tanto, anche se in realt\u00e0 non sa cosa e come sia accaduto. Francesco Sole per\u00f2 \u00e8\" \/>\n<meta property=\"og:url\" content=\"https:\/\/www.gossip.it\/news\/francesco-sole-auto-incendiata\/\" \/>\n<meta property=\"og:site_name\" content=\"Gossip.it | News sul Gossip e VIP\" \/>\n<meta property=\"article:publisher\" content=\"https:\/\/www.facebook.com\/GossipIT\" \/>\n<meta property=\"article:published_time\" content=\"2015-01-15T23:00:00+00:00\" \/>\n<meta property=\"og:image\" content=\"http:\/\/files.gossip.it\/immagini_news\/2015\/01\/1421402686_auto2.jpg\" \/>\n<meta name=\"author\" content=\"La Redazione\" \/>\n<meta name=\"twitter:card\" content=\"summary_large_image\" \/>\n<meta name=\"twitter:image\" content=\"http:\/\/files.gossip.it\/immagini_news\/2015\/01\/1421402686_auto2.jpg\" \/>\n<meta name=\"twitter:creator\" content=\"@gossinews_it\" \/>\n<meta name=\"twitter:site\" content=\"@gossinews_it\" \/>\n<meta name=\"twitter:label1\" content=\"Scritto da\" \/>\n\t<meta name=\"twitter:data1\" content=\"Annamaria Capozzi\" \/>\n\t<meta name=\"twitter:label2\" content=\"Tempo di lettura stimato\" \/>\n\t<meta name=\"twitter:data2\" content=\"5 minuti\" \/>","yoast_head_json":{"title":"Francesco Sole, auto incendiata: 'Ora ho paura' - Gossip.it | News sul Gossip e VIP","description":"Non avrebbe mai immaginato che i cosiddetti 'haters' sarebbero arrivati a tanto, anche se in realt\u00e0 non sa cosa e come sia accaduto. Francesco Sole per\u00f2 \u00e8","robots":{"index":"index","follow":"follow","max-snippet":"max-snippet:-1","max-image-preview":"max-image-preview:large","max-video-preview":"max-video-preview:-1"},"canonical":"https:\/\/www.gossip.it\/news\/francesco-sole-auto-incendiata\/","og_locale":"it_IT","og_type":"article","og_title":"Francesco Sole, auto incendiata: 'Ora ho paura' - Gossip.it | News sul Gossip e VIP","og_description":"Non avrebbe mai immaginato che i cosiddetti 'haters' sarebbero arrivati a tanto, anche se in realt\u00e0 non sa cosa e come sia accaduto. Francesco Sole per\u00f2 \u00e8","og_url":"https:\/\/www.gossip.it\/news\/francesco-sole-auto-incendiata\/","og_site_name":"Gossip.it | News sul Gossip e VIP","article_publisher":"https:\/\/www.facebook.com\/GossipIT","article_published_time":"2015-01-15T23:00:00+00:00","og_image":[{"url":"http:\/\/files.gossip.it\/immagini_news\/2015\/01\/1421402686_auto2.jpg"}],"author":"La Redazione","twitter_card":"summary_large_image","twitter_image":"http:\/\/files.gossip.it\/immagini_news\/2015\/01\/1421402686_auto2.jpg","twitter_creator":"@gossinews_it","twitter_site":"@gossinews_it","twitter_misc":{"Scritto da":"Annamaria Capozzi","Tempo di lettura stimato":"5 minuti"},"schema":{"@context":"https:\/\/schema.org","@graph":[{"@type":"Article","@id":"https:\/\/www.gossip.it\/news\/francesco-sole-auto-incendiata\/#article","isPartOf":{"@id":"https:\/\/www.gossip.it\/news\/francesco-sole-auto-incendiata\/"},"author":{"name":"La Redazione","@id":"https:\/\/www.gossip.it\/#\/schema\/person\/488896f75158bff1cc83c6c39d141110"},"headline":"Francesco Sole, auto incendiata: 'Ora ho paura'","datePublished":"2015-01-15T23:00:00+00:00","dateModified":"2015-01-15T23:00:00+00:00","mainEntityOfPage":{"@id":"https:\/\/www.gossip.it\/news\/francesco-sole-auto-incendiata\/"},"wordCount":1109,"publisher":{"@id":"https:\/\/www.gossip.it\/#organization"},"image":{"@id":"https:\/\/www.gossip.it\/news\/francesco-sole-auto-incendiata\/#primaryimage"},"thumbnailUrl":"http:\/\/files.gossip.it\/immagini_news\/2015\/01\/1421402686_auto2.jpg","keywords":["auto incendiata","dichiarazioni","francesco sole","libro","paura","social","successo","tv","web star","youtuber"],"articleSection":["News"],"inLanguage":"it-IT"},{"@type":"WebPage","@id":"https:\/\/www.gossip.it\/news\/francesco-sole-auto-incendiata\/","url":"https:\/\/www.gossip.it\/news\/francesco-sole-auto-incendiata\/","name":"Francesco Sole, auto incendiata: 'Ora ho paura' - Gossip.it | News sul Gossip e VIP","isPartOf":{"@id":"https:\/\/www.gossip.it\/#website"},"primaryImageOfPage":{"@id":"https:\/\/www.gossip.it\/news\/francesco-sole-auto-incendiata\/#primaryimage"},"image":{"@id":"https:\/\/www.gossip.it\/news\/francesco-sole-auto-incendiata\/#primaryimage"},"thumbnailUrl":"http:\/\/files.gossip.it\/immagini_news\/2015\/01\/1421402686_auto2.jpg","datePublished":"2015-01-15T23:00:00+00:00","dateModified":"2015-01-15T23:00:00+00:00","description":"Non avrebbe mai immaginato che i cosiddetti 'haters' sarebbero arrivati a tanto, anche se in realt\u00e0 non sa cosa e come sia accaduto. Francesco Sole per\u00f2 \u00e8","breadcrumb":{"@id":"https:\/\/www.gossip.it\/news\/francesco-sole-auto-incendiata\/#breadcrumb"},"inLanguage":"it-IT","potentialAction":[{"@type":"ReadAction","target":["https:\/\/www.gossip.it\/news\/francesco-sole-auto-incendiata\/"]}]},{"@type":"ImageObject","inLanguage":"it-IT","@id":"https:\/\/www.gossip.it\/news\/francesco-sole-auto-incendiata\/#primaryimage","url":"http:\/\/files.gossip.it\/immagini_news\/2015\/01\/1421402686_auto2.jpg","contentUrl":"http:\/\/files.gossip.it\/immagini_news\/2015\/01\/1421402686_auto2.jpg"},{"@type":"BreadcrumbList","@id":"https:\/\/www.gossip.it\/news\/francesco-sole-auto-incendiata\/#breadcrumb","itemListElement":[{"@type":"ListItem","position":1,"name":"Home","item":"https:\/\/www.gossip.it\/"},{"@type":"ListItem","position":2,"name":"Francesco Sole, auto incendiata: 'Ora ho paura'"}]},{"@type":"WebSite","@id":"https:\/\/www.gossip.it\/#website","url":"https:\/\/www.gossip.it\/","name":"Gossip and VIP News","description":"Quotidiano di cronaca rosa, costume e societ\u00e0","publisher":{"@id":"https:\/\/www.gossip.it\/#organization"},"alternateName":"Gossip and VIP News","potentialAction":[{"@type":"SearchAction","target":{"@type":"EntryPoint","urlTemplate":"https:\/\/www.gossip.it\/?s={search_term_string}"},"query-input":{"@type":"PropertyValueSpecification","valueRequired":true,"valueName":"search_term_string"}}],"inLanguage":"it-IT"},{"@type":"Organization","@id":"https:\/\/www.gossip.it\/#organization","name":"Gossip and VIP News","alternateName":"Gossip News","url":"https:\/\/www.gossip.it\/","logo":{"@type":"ImageObject","inLanguage":"it-IT","@id":"https:\/\/www.gossip.it\/#\/schema\/logo\/image\/","url":"https:\/\/www.gossip.it\/wp-content\/uploads\/2022\/04\/cropped-corna-alta-tiny.png","contentUrl":"https:\/\/www.gossip.it\/wp-content\/uploads\/2022\/04\/cropped-corna-alta-tiny.png","width":512,"height":512,"caption":"Gossip and VIP News"},"image":{"@id":"https:\/\/www.gossip.it\/#\/schema\/logo\/image\/"},"sameAs":["https:\/\/www.facebook.com\/GossipIT","https:\/\/x.com\/gossinews_it","https:\/\/instagram.com\/gossip_it"]},{"@type":"Person","@id":"https:\/\/www.gossip.it\/#\/schema\/person\/488896f75158bff1cc83c6c39d141110","name":"La Redazione","image":{"@type":"ImageObject","inLanguage":"it-IT","@id":"https:\/\/www.gossip.it\/#\/schema\/person\/image\/","url":"https:\/\/secure.gravatar.com\/avatar\/5a5f5c6fa3e6700e4249abdad0263a1e94e927d9e0499b1cb09c1cd29c044d80?s=96&d=mm&r=g","contentUrl":"https:\/\/secure.gravatar.com\/avatar\/5a5f5c6fa3e6700e4249abdad0263a1e94e927d9e0499b1cb09c1cd29c044d80?s=96&d=mm&r=g","caption":"La Redazione"},"sameAs":["https:\/\/www.gossip.it"]}]}},"amp_enabled":true,"_links":{"self":[{"href":"https:\/\/www.gossip.it\/api\/wp\/v2\/posts\/50339","targetHints":{"allow":["GET"]}}],"collection":[{"href":"https:\/\/www.gossip.it\/api\/wp\/v2\/posts"}],"about":[{"href":"https:\/\/www.gossip.it\/api\/wp\/v2\/types\/post"}],"author":[{"embeddable":true,"href":"https:\/\/www.gossip.it\/api\/wp\/v2\/users\/1"}],"replies":[{"embeddable":true,"href":"https:\/\/www.gossip.it\/api\/wp\/v2\/comments?post=50339"}],"version-history":[{"count":0,"href":"https:\/\/www.gossip.it\/api\/wp\/v2\/posts\/50339\/revisions"}],"wp:featuredmedia":[{"embeddable":true,"href":"https:\/\/www.gossip.it\/api\/wp\/v2\/media\/106385"}],"wp:attachment":[{"href":"https:\/\/www.gossip.it\/api\/wp\/v2\/media?parent=50339"}],"wp:term":[{"taxonomy":"category","embeddable":true,"href":"https:\/\/www.gossip.it\/api\/wp\/v2\/categories?post=50339"},{"taxonomy":"post_tag","embeddable":true,"href":"https:\/\/www.gossip.it\/api\/wp\/v2\/tags?post=50339"},{"taxonomy":"vip","embeddable":true,"href":"https:\/\/www.gossip.it\/api\/wp\/v2\/vip?post=50339"}],"curies":[{"name":"wp","href":"https:\/\/api.w.org\/{rel}","templated":true}]}}