{"id":50419,"date":"2015-01-23T00:00:00","date_gmt":"2015-01-22T23:00:00","guid":{"rendered":"https:\/\/www.gossip.it\/senza-categoria\/isola-dei-famosi-2015-partenza-naufraghi\/"},"modified":"2015-01-23T00:00:00","modified_gmt":"2015-01-22T23:00:00","slug":"isola-dei-famosi-2015-partenza-naufraghi","status":"publish","type":"post","link":"https:\/\/www.gossip.it\/news\/isola-dei-famosi-2015-partenza-naufraghi\/","title":{"rendered":"Isola dei Famosi 2015: la partenza dei naufraghi"},"content":{"rendered":"<p>Luned\u00ec 26 gennaio inizieranno ufficialmente la loro avventura in Honduras, a Cayo Cochinos. L'<a href=\"http:\/\/www.gossip.it\/vip\/isola-dei famosi 2015\/\">Isola dei Famosi 2015<\/a>, la decima, ma la prima in onda su Canale 5, prender\u00e0 finalmente il via: i <strong>naufraghi<\/strong> sono pronti. Ieri, durante la conferenza stampa di presentazione del <a href=\"http:\/\/www.gossip.it\/vip\/reality-show\/\">reality show<\/a>,\u00a0a cui erano presenti la conduttrice <a href=\"http:\/\/www.gossip.it\/vip\/alessia-marcuzzi\/\">Alessia Marcuzzi<\/a> e uno degli opinionisti in studio, <a href=\"http:\/\/www.gossip.it\/vip\/alfonso-signorini\/\">Alfonso Signorini<\/a>,\u00a0in aeroporto \u00e8 andata in scena la loro <strong>partenza<\/strong>: tutti i vip del cast, emozionati e trepidanti, si sono imbarcati per raggiungere la loro affascinante destinazione al caldo.<\/p>\n<figure class=\"caption\"><img decoding=\"async\" alt=\"\" width=\"620\" height=\"756\" src=\"http:\/\/files.gossip.it\/immagini_news\/2015\/01\/1422007810_belli.jpg\" \/><figcaption>Alex Belli in partenza per l'Isola dei Famosi 2015<\/figcaption><\/figure>\n<p>I <strong>naufraghi<\/strong> in <strong>partenza<\/strong> hanno cominciato il loro viaggio verso un'avventura che li metter\u00e0 a dura prova: la voglia di mettersi in gioco \u00e8 tanta, altrimenti non avrebbero certo accettato di fare l'<strong>Isola dei Famosi 2015<\/strong>. Per molti di loro questa esperienza significa ricercare quella spiritualit\u00e0 che c'\u00e8 dentro ognuno di noi e che spesso, nel caos quotidiano, si perde. In aeroporto look casual per tutti: durante il viaggio hanno voluto stare comodi, il fashion e la moda sono passati in secondo piano. L'unica con la mini \u00e8 <a href=\"http:\/\/www.gossip.it\/vip\/charlotte-caniggia\/\">Charlotte Caniggia<\/a>, con i biondi capelli legati e occhialoni scuri a coprirle lo sguardo. <a href=\"http:\/\/www.gossip.it\/vip\/catherine-spaak\/\">Catherine Spaak<\/a> ha indossato jeans e un maglione ampio turchese. Total black con tanto di chiodo per la<em> 'tutta curve'<\/em> <a href=\"http:\/\/www.gossip.it\/vip\/fanny-neguesha\/\">Fanny Neguesha<\/a>. Super<em> 'street style'<\/em> per <a href=\"http:\/\/www.gossip.it\/vip\/le-donatella\/\">Le Donatella<\/a>, una castana, l'altra platino, hanno entrambe energia da vendere.<\/p>\n<p><iframe src=\"http:\/\/www.gossip.it\/video\/share\/3254\/\" style=\"border:0;width:620px;height:320px;\"><\/iframe><\/p>\n<figure class=\"caption\"><img decoding=\"async\" alt=\"\" width=\"620\" height=\"736\" src=\"http:\/\/files.gossip.it\/immagini_news\/2015\/01\/1422007831_caniggia.jpg\" \/><figcaption>Charlotte Caniggia<\/figcaption><\/figure>\n<figure class=\"caption\"><img decoding=\"async\" alt=\"\" width=\"620\" height=\"650\" src=\"http:\/\/files.gossip.it\/immagini_news\/2015\/01\/1422007883_neguesha.jpg\" \/><figcaption>Fanny Neguesha<\/figcaption><\/figure>\n<figure class=\"caption\"><img decoding=\"async\" alt=\"\" width=\"620\" height=\"851\" src=\"http:\/\/files.gossip.it\/immagini_news\/2015\/01\/1422008223_donatella.jpg\" \/><figcaption>Le Donatella<\/figcaption><\/figure>\n<p>Tra le <em>'chiccose'<\/em> anche con abiti sportivi c'\u00e8 <a href=\"http:\/\/www.gossip.it\/vip\/rachida-karrati\/\">Rachida Karrati<\/a>, assolutamente pi\u00f9 <em>'bon ton'<\/em> di come, invece, non appariva a <em>\"MasterChef Italia\"<\/em>.<\/p>\n<figure class=\"caption\"><img decoding=\"async\" alt=\"\" width=\"620\" height=\"682\" src=\"http:\/\/files.gossip.it\/immagini_news\/2015\/01\/1422007904_diaco.jpg\" \/><figcaption>Pierluigi Diaco<\/figcaption><\/figure>\n<figure class=\"caption\"><img decoding=\"async\" alt=\"\" width=\"620\" height=\"808\" src=\"http:\/\/files.gossip.it\/immagini_news\/2015\/01\/1422007925_melissap.jpg\" \/><figcaption>Melissa P<\/figcaption><\/figure>\n<figure class=\"caption\"><img decoding=\"async\" alt=\"\" width=\"620\" height=\"660\" src=\"http:\/\/files.gossip.it\/immagini_news\/2015\/01\/1422007956_rachida.jpg\" \/><figcaption>Rachida Karrati<\/figcaption><\/figure>\n<p>I <strong>naufraghi<\/strong> dell'<strong>Isola dei Famosi 2015<\/strong> hanno attirato l'attenzione di molti mentre si imbarcavano, anche grazie ai paparazzi, corsi in aeroporto pur di immortalarli prima del via. I pi\u00f9 fascinosi, senza dubbio, <a href=\"http:\/\/www.gossip.it\/vip\/alex-belli\/\">Alex Belli<\/a> e <a href=\"http:\/\/www.gossip.it\/vip\/andrea-montovoli\/\">Andrea Montovoli<\/a>. Piacioni con il nuovo taglio di capelli, <a href=\"http:\/\/www.gossip.it\/vip\/valerio-scanu\/\">Valerio Scanu<\/a>\u00a0e <a href=\"http:\/\/www.gossip.it\/vip\/pierluigi-diaco\/\">Pierluigi Diaco<\/a>. Macho l'ex pugile <a href=\"http:\/\/www.gossip.it\/vip\/patrizio-oliva\/\">Patrizio Oliva<\/a>, innamorato <a href=\"http:\/\/www.gossip.it\/vip\/rocco-siffredi\/\">Rocco Siffredi<\/a>, che saluta la moglie teneramente. Sorridente e carica <a href=\"http:\/\/www.gossip.it\/vip\/melissa-p\/\">Melissa P<\/a> ha posato davanti ai flash. Al <a href=\"http:\/\/www.gossip.it\/vip\/reality\/\">reality<\/a> vuole soprattutto dimagrire.<\/p>\n<figure class=\"caption\"><img decoding=\"async\" alt=\"\" width=\"620\" height=\"714\" src=\"http:\/\/files.gossip.it\/immagini_news\/2015\/01\/1422007982_oliva.jpg\" \/><figcaption>Patrizio Oliva<\/figcaption><\/figure>\n<figure class=\"caption\"><img decoding=\"async\" alt=\"\" width=\"620\" height=\"703\" src=\"http:\/\/files.gossip.it\/immagini_news\/2015\/01\/1422008011_scanu.jpg\" \/><figcaption>Valerio Scanu<\/figcaption><\/figure>\n<figure class=\"caption\"><img decoding=\"async\" alt=\"\" width=\"620\" height=\"797\" src=\"http:\/\/files.gossip.it\/immagini_news\/2015\/01\/1422008590_montovoli.jpg\" \/><figcaption>Andrea Montovoli<\/figcaption><\/figure>\n<p>L'<strong>Isola dei Famosi 2015<\/strong> con la <strong>partenza<\/strong> dei <strong>naufraghi<\/strong> crea aspettative tra il pubblico che la guarder\u00e0 da casa e da chi, come Mediaset, ha deciso di donare nuova linfa allo show. Il programma prevede otto puntate in prime time, pi\u00f9 una speciale serata di gala.<\/p>\n<figure class=\"caption\"><img decoding=\"async\" alt=\"\" width=\"620\" height=\"798\" src=\"http:\/\/files.gossip.it\/immagini_news\/2015\/01\/1422008053_spaak.jpg\" \/><figcaption>Catherine Spaak<\/figcaption><\/figure>\n<figure class=\"caption\"><img decoding=\"async\" alt=\"\" width=\"620\" height=\"650\" src=\"http:\/\/files.gossip.it\/immagini_news\/2015\/01\/1422008073_siffredi.jpg\" \/><figcaption>Rocco Siffredi<\/figcaption><\/figure>\n<p>Due mesi di soggiorno in totale per chi non sar\u00e0 eliminato. Un soggiorno che per i concorrenti, a cui si aggiunger\u00e0 un tredicesimo vip scelto dal pubblico a casa, sar\u00e0 colmo di sorprese e in cui accadr\u00e0 di tutto. Loro sono pronti a combattere pur di vincere la loro scommessa pi\u00f9 difficile.<\/p>\n<p>\u00a0<\/p>\n<p>\u00a0<\/p>\n","protected":false},"excerpt":{"rendered":"<p>Luned\u00ec 26 gennaio inizieranno ufficialmente la loro avventura in Honduras, a Cayo Cochinos. L'Isola dei Famosi 2015, la decima, ma la prima in onda su Canale 5, prender\u00e0 finalmente il via: i naufraghi sono pronti. Ieri, durante la conferenza stampa di presentazione del reality show,\u00a0a cui erano presenti la conduttrice Alessia Marcuzzi e uno degli [&hellip;]<\/p>\n","protected":false},"author":1,"featured_media":106465,"comment_status":"closed","ping_status":"closed","sticky":false,"template":"","format":"standard","meta":{"footnotes":""},"categories":[54],"tags":[2098,7145,9050,8757,2095,51458,9053,2291,9300,3085,4676,9052,7520,51374],"vip":[275,283,311,1601,1812],"class_list":["post-50419","post","type-post","status-publish","format-standard","has-post-thumbnail","hentry","category-news","tag-canale-5","tag-catherine-spaak","tag-charlotte-caniggia","tag-fanny-neguesha","tag-isola-dei-famosi","tag-isola-dei-famosi-2015","tag-le-donatella","tag-mediaset","tag-melissa-p","tag-naufraghi","tag-partenza","tag-patrizio-oliva","tag-pierluigi-diaco","tag-rachida-karrati","vip-alessia_marcuzzi","vip-alex_belli","vip-andrea_montovoli","vip-rocco_siffredi","vip-valerio_scanu"],"yoast_head":"<title>Isola dei Famosi 2015: la partenza dei naufraghi - Gossip.it | News sul Gossip e VIP<\/title>\n<meta name=\"description\" content=\"Luned\u00ec 26 gennaio inizieranno ufficialmente la loro avventura in Honduras, a Cayo Cochinos. L&#039;Isola dei Famosi 2015, la decima, ma la prima in onda su\" \/>\n<meta name=\"robots\" content=\"index, follow, max-snippet:-1, max-image-preview:large, max-video-preview:-1\" \/>\n<link rel=\"canonical\" href=\"https:\/\/www.gossip.it\/news\/isola-dei-famosi-2015-partenza-naufraghi\/\" \/>\n<meta property=\"og:locale\" content=\"it_IT\" \/>\n<meta property=\"og:type\" content=\"article\" \/>\n<meta property=\"og:title\" content=\"Isola dei Famosi 2015: la partenza dei naufraghi - Gossip.it | News sul Gossip e VIP\" \/>\n<meta property=\"og:description\" content=\"Luned\u00ec 26 gennaio inizieranno ufficialmente la loro avventura in Honduras, a Cayo Cochinos. L&#039;Isola dei Famosi 2015, la decima, ma la prima in onda su\" \/>\n<meta property=\"og:url\" content=\"https:\/\/www.gossip.it\/news\/isola-dei-famosi-2015-partenza-naufraghi\/\" \/>\n<meta property=\"og:site_name\" content=\"Gossip.it | News sul Gossip e VIP\" \/>\n<meta property=\"article:publisher\" content=\"https:\/\/www.facebook.com\/GossipIT\" \/>\n<meta property=\"article:published_time\" content=\"2015-01-22T23:00:00+00:00\" \/>\n<meta property=\"og:image\" content=\"http:\/\/files.gossip.it\/immagini_news\/2015\/01\/1422007810_belli.jpg\" \/>\n<meta name=\"author\" content=\"La Redazione\" \/>\n<meta name=\"twitter:card\" content=\"summary_large_image\" \/>\n<meta name=\"twitter:image\" content=\"http:\/\/files.gossip.it\/immagini_news\/2015\/01\/1422007810_belli.jpg\" \/>\n<meta name=\"twitter:creator\" content=\"@gossinews_it\" \/>\n<meta name=\"twitter:site\" content=\"@gossinews_it\" \/>\n<meta name=\"twitter:label1\" content=\"Scritto da\" \/>\n\t<meta name=\"twitter:data1\" content=\"Annamaria Capozzi\" \/>\n\t<meta name=\"twitter:label2\" content=\"Tempo di lettura stimato\" \/>\n\t<meta name=\"twitter:data2\" content=\"2 minuti\" \/>","yoast_head_json":{"title":"Isola dei Famosi 2015: la partenza dei naufraghi - Gossip.it | News sul Gossip e VIP","description":"Luned\u00ec 26 gennaio inizieranno ufficialmente la loro avventura in Honduras, a Cayo Cochinos. L'Isola dei Famosi 2015, la decima, ma la prima in onda su","robots":{"index":"index","follow":"follow","max-snippet":"max-snippet:-1","max-image-preview":"max-image-preview:large","max-video-preview":"max-video-preview:-1"},"canonical":"https:\/\/www.gossip.it\/news\/isola-dei-famosi-2015-partenza-naufraghi\/","og_locale":"it_IT","og_type":"article","og_title":"Isola dei Famosi 2015: la partenza dei naufraghi - Gossip.it | News sul Gossip e VIP","og_description":"Luned\u00ec 26 gennaio inizieranno ufficialmente la loro avventura in Honduras, a Cayo Cochinos. L'Isola dei Famosi 2015, la decima, ma la prima in onda su","og_url":"https:\/\/www.gossip.it\/news\/isola-dei-famosi-2015-partenza-naufraghi\/","og_site_name":"Gossip.it | News sul Gossip e VIP","article_publisher":"https:\/\/www.facebook.com\/GossipIT","article_published_time":"2015-01-22T23:00:00+00:00","og_image":[{"url":"http:\/\/files.gossip.it\/immagini_news\/2015\/01\/1422007810_belli.jpg"}],"author":"La Redazione","twitter_card":"summary_large_image","twitter_image":"http:\/\/files.gossip.it\/immagini_news\/2015\/01\/1422007810_belli.jpg","twitter_creator":"@gossinews_it","twitter_site":"@gossinews_it","twitter_misc":{"Scritto da":"Annamaria Capozzi","Tempo di lettura stimato":"2 minuti"},"schema":{"@context":"https:\/\/schema.org","@graph":[{"@type":"Article","@id":"https:\/\/www.gossip.it\/news\/isola-dei-famosi-2015-partenza-naufraghi\/#article","isPartOf":{"@id":"https:\/\/www.gossip.it\/news\/isola-dei-famosi-2015-partenza-naufraghi\/"},"author":{"name":"La Redazione","@id":"https:\/\/www.gossip.it\/#\/schema\/person\/488896f75158bff1cc83c6c39d141110"},"headline":"Isola dei Famosi 2015: la partenza dei naufraghi","datePublished":"2015-01-22T23:00:00+00:00","dateModified":"2015-01-22T23:00:00+00:00","mainEntityOfPage":{"@id":"https:\/\/www.gossip.it\/news\/isola-dei-famosi-2015-partenza-naufraghi\/"},"wordCount":463,"publisher":{"@id":"https:\/\/www.gossip.it\/#organization"},"image":{"@id":"https:\/\/www.gossip.it\/news\/isola-dei-famosi-2015-partenza-naufraghi\/#primaryimage"},"thumbnailUrl":"http:\/\/files.gossip.it\/immagini_news\/2015\/01\/1422007810_belli.jpg","keywords":["canale 5","catherine spaak","charlotte caniggia","fanny neguesha","isola dei famosi","isola dei famosi 2015","le donatella","mediaset","melissa p","naufraghi","partenza","patrizio oliva","Pierluigi Diaco","rachida karrati"],"articleSection":["News"],"inLanguage":"it-IT"},{"@type":"WebPage","@id":"https:\/\/www.gossip.it\/news\/isola-dei-famosi-2015-partenza-naufraghi\/","url":"https:\/\/www.gossip.it\/news\/isola-dei-famosi-2015-partenza-naufraghi\/","name":"Isola dei Famosi 2015: la partenza dei naufraghi - Gossip.it | News sul Gossip e VIP","isPartOf":{"@id":"https:\/\/www.gossip.it\/#website"},"primaryImageOfPage":{"@id":"https:\/\/www.gossip.it\/news\/isola-dei-famosi-2015-partenza-naufraghi\/#primaryimage"},"image":{"@id":"https:\/\/www.gossip.it\/news\/isola-dei-famosi-2015-partenza-naufraghi\/#primaryimage"},"thumbnailUrl":"http:\/\/files.gossip.it\/immagini_news\/2015\/01\/1422007810_belli.jpg","datePublished":"2015-01-22T23:00:00+00:00","dateModified":"2015-01-22T23:00:00+00:00","description":"Luned\u00ec 26 gennaio inizieranno ufficialmente la loro avventura in Honduras, a Cayo Cochinos. L'Isola dei Famosi 2015, la decima, ma la prima in onda su","breadcrumb":{"@id":"https:\/\/www.gossip.it\/news\/isola-dei-famosi-2015-partenza-naufraghi\/#breadcrumb"},"inLanguage":"it-IT","potentialAction":[{"@type":"ReadAction","target":["https:\/\/www.gossip.it\/news\/isola-dei-famosi-2015-partenza-naufraghi\/"]}]},{"@type":"ImageObject","inLanguage":"it-IT","@id":"https:\/\/www.gossip.it\/news\/isola-dei-famosi-2015-partenza-naufraghi\/#primaryimage","url":"http:\/\/files.gossip.it\/immagini_news\/2015\/01\/1422007810_belli.jpg","contentUrl":"http:\/\/files.gossip.it\/immagini_news\/2015\/01\/1422007810_belli.jpg"},{"@type":"BreadcrumbList","@id":"https:\/\/www.gossip.it\/news\/isola-dei-famosi-2015-partenza-naufraghi\/#breadcrumb","itemListElement":[{"@type":"ListItem","position":1,"name":"Home","item":"https:\/\/www.gossip.it\/"},{"@type":"ListItem","position":2,"name":"Isola dei Famosi 2015: la partenza dei naufraghi"}]},{"@type":"WebSite","@id":"https:\/\/www.gossip.it\/#website","url":"https:\/\/www.gossip.it\/","name":"Gossip and VIP News","description":"Quotidiano di cronaca rosa, costume e societ\u00e0","publisher":{"@id":"https:\/\/www.gossip.it\/#organization"},"alternateName":"Gossip and VIP News","potentialAction":[{"@type":"SearchAction","target":{"@type":"EntryPoint","urlTemplate":"https:\/\/www.gossip.it\/?s={search_term_string}"},"query-input":{"@type":"PropertyValueSpecification","valueRequired":true,"valueName":"search_term_string"}}],"inLanguage":"it-IT"},{"@type":"Organization","@id":"https:\/\/www.gossip.it\/#organization","name":"Gossip and VIP News","alternateName":"Gossip News","url":"https:\/\/www.gossip.it\/","logo":{"@type":"ImageObject","inLanguage":"it-IT","@id":"https:\/\/www.gossip.it\/#\/schema\/logo\/image\/","url":"https:\/\/www.gossip.it\/wp-content\/uploads\/2022\/04\/cropped-corna-alta-tiny.png","contentUrl":"https:\/\/www.gossip.it\/wp-content\/uploads\/2022\/04\/cropped-corna-alta-tiny.png","width":512,"height":512,"caption":"Gossip and VIP News"},"image":{"@id":"https:\/\/www.gossip.it\/#\/schema\/logo\/image\/"},"sameAs":["https:\/\/www.facebook.com\/GossipIT","https:\/\/x.com\/gossinews_it","https:\/\/instagram.com\/gossip_it"]},{"@type":"Person","@id":"https:\/\/www.gossip.it\/#\/schema\/person\/488896f75158bff1cc83c6c39d141110","name":"La Redazione","image":{"@type":"ImageObject","inLanguage":"it-IT","@id":"https:\/\/www.gossip.it\/#\/schema\/person\/image\/","url":"https:\/\/secure.gravatar.com\/avatar\/5a5f5c6fa3e6700e4249abdad0263a1e94e927d9e0499b1cb09c1cd29c044d80?s=96&d=mm&r=g","contentUrl":"https:\/\/secure.gravatar.com\/avatar\/5a5f5c6fa3e6700e4249abdad0263a1e94e927d9e0499b1cb09c1cd29c044d80?s=96&d=mm&r=g","caption":"La Redazione"},"sameAs":["https:\/\/www.gossip.it"]}]}},"amp_enabled":true,"_links":{"self":[{"href":"https:\/\/www.gossip.it\/api\/wp\/v2\/posts\/50419","targetHints":{"allow":["GET"]}}],"collection":[{"href":"https:\/\/www.gossip.it\/api\/wp\/v2\/posts"}],"about":[{"href":"https:\/\/www.gossip.it\/api\/wp\/v2\/types\/post"}],"author":[{"embeddable":true,"href":"https:\/\/www.gossip.it\/api\/wp\/v2\/users\/1"}],"replies":[{"embeddable":true,"href":"https:\/\/www.gossip.it\/api\/wp\/v2\/comments?post=50419"}],"version-history":[{"count":0,"href":"https:\/\/www.gossip.it\/api\/wp\/v2\/posts\/50419\/revisions"}],"wp:featuredmedia":[{"embeddable":true,"href":"https:\/\/www.gossip.it\/api\/wp\/v2\/media\/106465"}],"wp:attachment":[{"href":"https:\/\/www.gossip.it\/api\/wp\/v2\/media?parent=50419"}],"wp:term":[{"taxonomy":"category","embeddable":true,"href":"https:\/\/www.gossip.it\/api\/wp\/v2\/categories?post=50419"},{"taxonomy":"post_tag","embeddable":true,"href":"https:\/\/www.gossip.it\/api\/wp\/v2\/tags?post=50419"},{"taxonomy":"vip","embeddable":true,"href":"https:\/\/www.gossip.it\/api\/wp\/v2\/vip?post=50419"}],"curies":[{"name":"wp","href":"https:\/\/api.w.org\/{rel}","templated":true}]}}