{"id":50461,"date":"2015-01-27T00:00:00","date_gmt":"2015-01-26T23:00:00","guid":{"rendered":"https:\/\/www.gossip.it\/senza-categoria\/michelle-hunziker-tomaso-palazzo-trussardi\/"},"modified":"2015-01-27T00:00:00","modified_gmt":"2015-01-26T23:00:00","slug":"michelle-hunziker-tomaso-palazzo-trussardi","status":"publish","type":"post","link":"https:\/\/www.gossip.it\/news\/michelle-hunziker-tomaso-palazzo-trussardi\/","title":{"rendered":"Michelle Hunziker, con Tomaso a Palazzo Trussardi"},"content":{"rendered":"<p>Mancano poche settimane al su terzo parto, previsto per met\u00e0 marzo. <a href=\"http:\/\/www.gossip.it\/vip\/michelle-hunziker\/\">Michelle Hunziker<\/a>, che sar\u00e0 mamma di un'altra femminuccia, dopo la primogenita <a href=\"http:\/\/www.gossip.it\/vip\/aurora-ramazzotti\/\">Aurora Ramazzotti<\/a>, 18 anni, e <em>Sole<\/em>, un anno e tre mesi, ha deciso di farsi vedere con il suo pancione insieme a <strong>Tomaso<\/strong>, l'uomo che ha sposato lo scorso 10 ottobre, nel palazzo di famiglia a Bergamo, <strong>Palazzo<\/strong> <a href=\"http:\/\/www.gossip.it\/vip\/trussardi\/\">Trussardi<\/a>. La <a href=\"http:\/\/www.gossip.it\/vip\/showgirl\/\">showgirl<\/a> ha posato con il marito per <em>Gente<\/em> nel numero attualmente in edicola.<\/p>\n<figure class=\"caption\"><img decoding=\"async\" alt=\"\" width=\"620\" height=\"487\" src=\"http:\/\/files.gossip.it\/immagini_news\/2015\/01\/1422366327_1hunziker.jpg\" \/><figcaption>Michelle Hunziker e Tomaso posano per Gente dentro Palazzo Trussardi a Bergamo<\/figcaption><\/figure>\n<p>E' a <strong>Palazzo Trussardi<\/strong> che <strong>Michelle Hunziker<\/strong>, insieme con <strong>Tomaso<\/strong>, sta trascorrendo gli ultimi giorni di gestazione. Poi arriver\u00e0 la <a href=\"http:\/\/www.gossip.it\/vip\/cicogna\/\">cicogna<\/a>: <em>\"Quando \u00e8 nata Sole, <strong>Tomaso<\/strong> mi teneva forte le braccia e mi ha aiutato con le spinge. E' stato importante per me\"<\/em>. Michelle il suo <strong>Tomaso<\/strong> lo rivuole in sala parto e lui \u00e8 d'accordo: <em>\"Per me \u00e8 un'esperienza unica\"<\/em>.<br \/><strong>Palazzo Trussardi<\/strong> \u00e8 una dimora storia meravigliosa. <strong>Michelle Hunziker<\/strong> e l'adorato\u00a0<strong>Tomaso<\/strong> la mostrano nelle foto con tanto orgoglio. Ogni angolo racconta un pezzo di storia, abbellita da dettagli architettonici di rilievo e opere d'arte suggestive. <em>'Vicini, vicini'<\/em>, al suo interno, nei saloni infiniti e nelle stanze ampie, <strong>Michelle Hunziker<\/strong> e <strong>Tomaso<\/strong> si sentono a casa.<\/p>\n<figure class=\"caption\"><img decoding=\"async\" alt=\"\" width=\"620\" height=\"686\" src=\"http:\/\/files.gossip.it\/immagini_news\/2015\/01\/1422366310_2hunziker.jpg\" \/><figcaption>Ancora uno scatto della showgirl incinta e il marito<\/figcaption><\/figure>\n<p><em>\"Ci si innamora senza sapere perch\u00e9\"<\/em>, spiega la <a href=\"http:\/\/www.gossip.it\/vip\/showgirl\/\">showgirl<\/a> 38enne svizzera. E aggiunge: <em>\"Tomaso in poco tempo \u00e8 riuscito a togliermi qualsiasi ansia e, nonostante certe esperienze, ho trovato la forza di legarmi\"<\/em>.<\/p>\n<figure class=\"caption\"><img decoding=\"async\" alt=\"\" width=\"620\" height=\"847\" src=\"http:\/\/files.gossip.it\/immagini_news\/2015\/01\/1422366293_3hunziker.jpg\" \/><figcaption>Michelle, che partorir\u00e0 a met\u00e0 marzo, fa shopping a Milano con la piccola Sole, 1 anno e 3 mesi<\/figcaption><\/figure>\n<p>E' serena in dolce attesa. Lo fa vedere pure quando va in giro per lo shopping a Milano, insieme alla piccola Sole. Bella, anche lievitata, sorridente e chic.\u00a0<span style=\"line-height: 1.6em;\">A met\u00e0 marzo arriver\u00e0 la terzogenita. Ma la Hunziker non si fermer\u00e0. <\/span><a style=\"line-height: 1.6em;\" href=\"http:\/\/www.gossip.it\/vip\/tomaso-trussardi\/\">Tomaso Trussardi<\/a><span style=\"line-height: 1.6em;\"> vuole un fiocco celeste. <\/span><em style=\"line-height: 1.6em;\">\"Quando le bambine saranno cresciute, dobbiamo fare il maschietto\"<\/em><span style=\"line-height: 1.6em;\">, le dice sicuro. Che problema c'\u00e8?<\/span><\/p>\n<p>\u00a0<\/p>\n<p>\u00a0<\/p>\n<p>\u00a0<\/p>\n","protected":false},"excerpt":{"rendered":"<p>Mancano poche settimane al su terzo parto, previsto per met\u00e0 marzo. Michelle Hunziker, che sar\u00e0 mamma di un'altra femminuccia, dopo la primogenita Aurora Ramazzotti, 18 anni, e Sole, un anno e tre mesi, ha deciso di farsi vedere con il suo pancione insieme a Tomaso, l'uomo che ha sposato lo scorso 10 ottobre, nel palazzo [&hellip;]<\/p>\n","protected":false},"author":1,"featured_media":106507,"comment_status":"closed","ping_status":"closed","sticky":false,"template":"","format":"standard","meta":{"footnotes":""},"categories":[54],"tags":[4668,1939,6288,11169,4548,2102,3333,2094,11170,1967,3288,45550],"vip":[1351,1775],"class_list":["post-50461","post","type-post","status-publish","format-standard","has-post-thumbnail","hentry","category-news","tag-aurora","tag-aurora-ramazzotti","tag-bebe-in-arrivo","tag-bergamo","tag-cicogna","tag-dichiarazioni","tag-gente","tag-incinta","tag-palazzo-trussardi","tag-showgirl","tag-sole","tag-tomaso","vip-michelle_hunziker","vip-tomaso_trussardi"],"yoast_head":"<title>Michelle Hunziker, con Tomaso a Palazzo Trussardi - Gossip.it | News sul Gossip e VIP<\/title>\n<meta name=\"description\" content=\"Mancano poche settimane al su terzo parto, previsto per met\u00e0 marzo. Michelle Hunziker, che sar\u00e0 mamma di un&#039;altra femminuccia, dopo la primogenita Aurora\" \/>\n<meta name=\"robots\" content=\"index, follow, max-snippet:-1, max-image-preview:large, max-video-preview:-1\" \/>\n<link rel=\"canonical\" href=\"https:\/\/www.gossip.it\/news\/michelle-hunziker-tomaso-palazzo-trussardi\/\" \/>\n<meta property=\"og:locale\" content=\"it_IT\" \/>\n<meta property=\"og:type\" content=\"article\" \/>\n<meta property=\"og:title\" content=\"Michelle Hunziker, con Tomaso a Palazzo Trussardi - Gossip.it | News sul Gossip e VIP\" \/>\n<meta property=\"og:description\" content=\"Mancano poche settimane al su terzo parto, previsto per met\u00e0 marzo. Michelle Hunziker, che sar\u00e0 mamma di un&#039;altra femminuccia, dopo la primogenita Aurora\" \/>\n<meta property=\"og:url\" content=\"https:\/\/www.gossip.it\/news\/michelle-hunziker-tomaso-palazzo-trussardi\/\" \/>\n<meta property=\"og:site_name\" content=\"Gossip.it | News sul Gossip e VIP\" \/>\n<meta property=\"article:publisher\" content=\"https:\/\/www.facebook.com\/GossipIT\" \/>\n<meta property=\"article:published_time\" content=\"2015-01-26T23:00:00+00:00\" \/>\n<meta property=\"og:image\" content=\"http:\/\/files.gossip.it\/immagini_news\/2015\/01\/1422366327_1hunziker.jpg\" \/>\n<meta name=\"author\" content=\"La Redazione\" \/>\n<meta name=\"twitter:card\" content=\"summary_large_image\" \/>\n<meta name=\"twitter:image\" content=\"http:\/\/files.gossip.it\/immagini_news\/2015\/01\/1422366327_1hunziker.jpg\" \/>\n<meta name=\"twitter:creator\" content=\"@gossinews_it\" \/>\n<meta name=\"twitter:site\" content=\"@gossinews_it\" \/>\n<meta name=\"twitter:label1\" content=\"Scritto da\" \/>\n\t<meta name=\"twitter:data1\" content=\"Annamaria Capozzi\" \/>\n\t<meta name=\"twitter:label2\" content=\"Tempo di lettura stimato\" \/>\n\t<meta name=\"twitter:data2\" content=\"2 minuti\" \/>","yoast_head_json":{"title":"Michelle Hunziker, con Tomaso a Palazzo Trussardi - Gossip.it | News sul Gossip e VIP","description":"Mancano poche settimane al su terzo parto, previsto per met\u00e0 marzo. Michelle Hunziker, che sar\u00e0 mamma di un'altra femminuccia, dopo la primogenita Aurora","robots":{"index":"index","follow":"follow","max-snippet":"max-snippet:-1","max-image-preview":"max-image-preview:large","max-video-preview":"max-video-preview:-1"},"canonical":"https:\/\/www.gossip.it\/news\/michelle-hunziker-tomaso-palazzo-trussardi\/","og_locale":"it_IT","og_type":"article","og_title":"Michelle Hunziker, con Tomaso a Palazzo Trussardi - Gossip.it | News sul Gossip e VIP","og_description":"Mancano poche settimane al su terzo parto, previsto per met\u00e0 marzo. Michelle Hunziker, che sar\u00e0 mamma di un'altra femminuccia, dopo la primogenita Aurora","og_url":"https:\/\/www.gossip.it\/news\/michelle-hunziker-tomaso-palazzo-trussardi\/","og_site_name":"Gossip.it | News sul Gossip e VIP","article_publisher":"https:\/\/www.facebook.com\/GossipIT","article_published_time":"2015-01-26T23:00:00+00:00","og_image":[{"url":"http:\/\/files.gossip.it\/immagini_news\/2015\/01\/1422366327_1hunziker.jpg"}],"author":"La Redazione","twitter_card":"summary_large_image","twitter_image":"http:\/\/files.gossip.it\/immagini_news\/2015\/01\/1422366327_1hunziker.jpg","twitter_creator":"@gossinews_it","twitter_site":"@gossinews_it","twitter_misc":{"Scritto da":"Annamaria Capozzi","Tempo di lettura stimato":"2 minuti"},"schema":{"@context":"https:\/\/schema.org","@graph":[{"@type":"Article","@id":"https:\/\/www.gossip.it\/news\/michelle-hunziker-tomaso-palazzo-trussardi\/#article","isPartOf":{"@id":"https:\/\/www.gossip.it\/news\/michelle-hunziker-tomaso-palazzo-trussardi\/"},"author":{"name":"La Redazione","@id":"https:\/\/www.gossip.it\/#\/schema\/person\/488896f75158bff1cc83c6c39d141110"},"headline":"Michelle Hunziker, con Tomaso a Palazzo Trussardi","datePublished":"2015-01-26T23:00:00+00:00","dateModified":"2015-01-26T23:00:00+00:00","mainEntityOfPage":{"@id":"https:\/\/www.gossip.it\/news\/michelle-hunziker-tomaso-palazzo-trussardi\/"},"wordCount":330,"publisher":{"@id":"https:\/\/www.gossip.it\/#organization"},"image":{"@id":"https:\/\/www.gossip.it\/news\/michelle-hunziker-tomaso-palazzo-trussardi\/#primaryimage"},"thumbnailUrl":"http:\/\/files.gossip.it\/immagini_news\/2015\/01\/1422366327_1hunziker.jpg","keywords":["aurora","aurora ramazzotti","beb\u00e8 in arrivo","bergamo","cicogna","dichiarazioni","gente","incinta","palazzo trussardi","showgirl","sole","tomaso"],"articleSection":["News"],"inLanguage":"it-IT"},{"@type":"WebPage","@id":"https:\/\/www.gossip.it\/news\/michelle-hunziker-tomaso-palazzo-trussardi\/","url":"https:\/\/www.gossip.it\/news\/michelle-hunziker-tomaso-palazzo-trussardi\/","name":"Michelle Hunziker, con Tomaso a Palazzo Trussardi - Gossip.it | News sul Gossip e VIP","isPartOf":{"@id":"https:\/\/www.gossip.it\/#website"},"primaryImageOfPage":{"@id":"https:\/\/www.gossip.it\/news\/michelle-hunziker-tomaso-palazzo-trussardi\/#primaryimage"},"image":{"@id":"https:\/\/www.gossip.it\/news\/michelle-hunziker-tomaso-palazzo-trussardi\/#primaryimage"},"thumbnailUrl":"http:\/\/files.gossip.it\/immagini_news\/2015\/01\/1422366327_1hunziker.jpg","datePublished":"2015-01-26T23:00:00+00:00","dateModified":"2015-01-26T23:00:00+00:00","description":"Mancano poche settimane al su terzo parto, previsto per met\u00e0 marzo. Michelle Hunziker, che sar\u00e0 mamma di un'altra femminuccia, dopo la primogenita Aurora","breadcrumb":{"@id":"https:\/\/www.gossip.it\/news\/michelle-hunziker-tomaso-palazzo-trussardi\/#breadcrumb"},"inLanguage":"it-IT","potentialAction":[{"@type":"ReadAction","target":["https:\/\/www.gossip.it\/news\/michelle-hunziker-tomaso-palazzo-trussardi\/"]}]},{"@type":"ImageObject","inLanguage":"it-IT","@id":"https:\/\/www.gossip.it\/news\/michelle-hunziker-tomaso-palazzo-trussardi\/#primaryimage","url":"http:\/\/files.gossip.it\/immagini_news\/2015\/01\/1422366327_1hunziker.jpg","contentUrl":"http:\/\/files.gossip.it\/immagini_news\/2015\/01\/1422366327_1hunziker.jpg"},{"@type":"BreadcrumbList","@id":"https:\/\/www.gossip.it\/news\/michelle-hunziker-tomaso-palazzo-trussardi\/#breadcrumb","itemListElement":[{"@type":"ListItem","position":1,"name":"Home","item":"https:\/\/www.gossip.it\/"},{"@type":"ListItem","position":2,"name":"Michelle Hunziker, con Tomaso a Palazzo Trussardi"}]},{"@type":"WebSite","@id":"https:\/\/www.gossip.it\/#website","url":"https:\/\/www.gossip.it\/","name":"Gossip and VIP News","description":"Quotidiano di cronaca rosa, costume e societ\u00e0","publisher":{"@id":"https:\/\/www.gossip.it\/#organization"},"alternateName":"Gossip and VIP News","potentialAction":[{"@type":"SearchAction","target":{"@type":"EntryPoint","urlTemplate":"https:\/\/www.gossip.it\/?s={search_term_string}"},"query-input":{"@type":"PropertyValueSpecification","valueRequired":true,"valueName":"search_term_string"}}],"inLanguage":"it-IT"},{"@type":"Organization","@id":"https:\/\/www.gossip.it\/#organization","name":"Gossip and VIP News","alternateName":"Gossip News","url":"https:\/\/www.gossip.it\/","logo":{"@type":"ImageObject","inLanguage":"it-IT","@id":"https:\/\/www.gossip.it\/#\/schema\/logo\/image\/","url":"https:\/\/www.gossip.it\/wp-content\/uploads\/2022\/04\/cropped-corna-alta-tiny.png","contentUrl":"https:\/\/www.gossip.it\/wp-content\/uploads\/2022\/04\/cropped-corna-alta-tiny.png","width":512,"height":512,"caption":"Gossip and VIP News"},"image":{"@id":"https:\/\/www.gossip.it\/#\/schema\/logo\/image\/"},"sameAs":["https:\/\/www.facebook.com\/GossipIT","https:\/\/x.com\/gossinews_it","https:\/\/instagram.com\/gossip_it"]},{"@type":"Person","@id":"https:\/\/www.gossip.it\/#\/schema\/person\/488896f75158bff1cc83c6c39d141110","name":"La Redazione","image":{"@type":"ImageObject","inLanguage":"it-IT","@id":"https:\/\/www.gossip.it\/#\/schema\/person\/image\/","url":"https:\/\/secure.gravatar.com\/avatar\/5a5f5c6fa3e6700e4249abdad0263a1e94e927d9e0499b1cb09c1cd29c044d80?s=96&d=mm&r=g","contentUrl":"https:\/\/secure.gravatar.com\/avatar\/5a5f5c6fa3e6700e4249abdad0263a1e94e927d9e0499b1cb09c1cd29c044d80?s=96&d=mm&r=g","caption":"La Redazione"},"sameAs":["https:\/\/www.gossip.it"]}]}},"amp_enabled":true,"_links":{"self":[{"href":"https:\/\/www.gossip.it\/api\/wp\/v2\/posts\/50461","targetHints":{"allow":["GET"]}}],"collection":[{"href":"https:\/\/www.gossip.it\/api\/wp\/v2\/posts"}],"about":[{"href":"https:\/\/www.gossip.it\/api\/wp\/v2\/types\/post"}],"author":[{"embeddable":true,"href":"https:\/\/www.gossip.it\/api\/wp\/v2\/users\/1"}],"replies":[{"embeddable":true,"href":"https:\/\/www.gossip.it\/api\/wp\/v2\/comments?post=50461"}],"version-history":[{"count":0,"href":"https:\/\/www.gossip.it\/api\/wp\/v2\/posts\/50461\/revisions"}],"wp:featuredmedia":[{"embeddable":true,"href":"https:\/\/www.gossip.it\/api\/wp\/v2\/media\/106507"}],"wp:attachment":[{"href":"https:\/\/www.gossip.it\/api\/wp\/v2\/media?parent=50461"}],"wp:term":[{"taxonomy":"category","embeddable":true,"href":"https:\/\/www.gossip.it\/api\/wp\/v2\/categories?post=50461"},{"taxonomy":"post_tag","embeddable":true,"href":"https:\/\/www.gossip.it\/api\/wp\/v2\/tags?post=50461"},{"taxonomy":"vip","embeddable":true,"href":"https:\/\/www.gossip.it\/api\/wp\/v2\/vip?post=50461"}],"curies":[{"name":"wp","href":"https:\/\/api.w.org\/{rel}","templated":true}]}}