{"id":50475,"date":"2015-01-28T00:00:00","date_gmt":"2015-01-27T23:00:00","guid":{"rendered":"https:\/\/www.gossip.it\/senza-categoria\/manuel-sarao-jolie-vanessa-ravizza-a-spasso\/"},"modified":"2015-01-28T00:00:00","modified_gmt":"2015-01-27T23:00:00","slug":"manuel-sarao-jolie-vanessa-ravizza-a-spasso","status":"publish","type":"post","link":"https:\/\/www.gossip.it\/news\/manuel-sarao-jolie-vanessa-ravizza-a-spasso\/","title":{"rendered":"Manuel Sarao e Vanessa Ravizza a spasso con Jolie: foto"},"content":{"rendered":"<p><em>\"<strong>A spasso<\/strong> con la mia principessa\"<\/em>, scrive il calciatore\u00a0<a href=\"http:\/\/www.gossip.it\/vip\/-manuel sarao\/\">Manuel Sarao<\/a> sul suo profilo social e posta un tenero scatto che lo ritrae in strada mentre porta amorevolmente la figlia <strong>Jolie<\/strong> nel marsupio. Pap\u00e0 e bimba sono ben coperti, soprattutto la piccina, che indossa una calda e deliziosa tutina rosa. Il freddo in questi giorni si fa sentire, ma Manuel non rinuncia a portare <strong>a spasso<\/strong> la figlioletta, nata lo scorso 23 novembre con parto cesareo.<\/p>\n<figure class=\"caption\"><img decoding=\"async\" alt=\"\" src=\"http:\/\/files.gossip.it\/immagini_news\/2015\/01\/1422450305_sarao1.jpg\" \/><figcaption>Manuel Sarao porta a spasso la piccola Jolie con il marsupio<\/figcaption><\/figure>\n<p>Pap\u00e0 <strong>Manuel Sarao<\/strong> e la bellissima <strong>Jolie<\/strong>, per\u00f2, non si trovano <strong>a spasso <\/strong>da soli. Insieme al loro anche mamma <a href=\"http:\/\/www.gossip.it\/vip\/vanessa-ravizza\/\">Vanessa Ravizza<\/a> e l'inseparabile Bomber, il bulldog francese della coppia. La stessa ex gieffina, infatti, condivide con i follower un selfie che la ritrae insieme al compagno, l'erede e l'amico a quattro zampe.<em> \"Family al completo!! A passeggio #viamo #sietelamiavita #bomberbulldog #papinajolie\"<\/em>, cinguetta <strong>Vanessa Ravizza<\/strong> accanto all'immagine social. Con <strong>Manuel Sarao<\/strong>, l'ex inquilina della Casa del \"Grande Fratello\" \u00e8 riuscita a formare una splendida famiglia. Insieme al calciatore hanno anche intenzione di far sbocciare i fiori d'arancio, il matrimonio \u00e8 nei progetti, la coppia non ne ha mai fatto mistero, ne ha anche parlato durante una puntata di \"Pomeriggio Cinque\" a\u00a0<a href=\"http:\/\/www.gossip.it\/vip\/-barbara d'urso\/\">Barbara D'Urso<\/a>. Ma il fatidico s\u00ec arriver\u00e0 quando <strong>Jolie<\/strong> sar\u00e0 in grado di camminare e potr\u00e0 portare, insieme a Bomber, le fedi all'altare a mamma e a pap\u00e0.<\/p>\n<figure class=\"caption\"><img decoding=\"async\" alt=\"\" width=\"620\" height=\"620\" src=\"http:\/\/files.gossip.it\/immagini_news\/2015\/01\/1422450346_saro2.jpg\" \/><figcaption>Vanessa Ravizza con Manuel Sarao, Jolie e Bomber, per una passeggiata in famiglia<\/figcaption><\/figure>\n<p>Per <strong>Vanessa Ravizza<\/strong> e <strong>Manuel Sarao<\/strong> questo \u00e8 davvero un momento bellissimo. Insieme si stanno godendo i primi mesi di vita della loro adorata <strong>Jolie<\/strong>. E amano condividere con i follower, attraverso selfie e foto, i momenti pi\u00f9 sereni e spensierati della loro meravigliosa vita da genitori. E chiss\u00e0 che molto presto non mettano in cantiere anche un fratellino o una sorellina per la loro bimba.<\/p>\n","protected":false},"excerpt":{"rendered":"<p>\"A spasso con la mia principessa\", scrive il calciatore\u00a0Manuel Sarao sul suo profilo social e posta un tenero scatto che lo ritrae in strada mentre porta amorevolmente la figlia Jolie nel marsupio. Pap\u00e0 e bimba sono ben coperti, soprattutto la piccina, che indossa una calda e deliziosa tutina rosa. Il freddo in questi giorni si [&hellip;]<\/p>\n","protected":false},"author":1,"featured_media":106521,"comment_status":"closed","ping_status":"closed","sticky":false,"template":"","format":"standard","meta":{"footnotes":""},"categories":[54],"tags":[51566,5545,2218,2924,2107,2121,8833,8831,1923],"vip":[1817],"class_list":["post-50475","post","type-post","status-publish","format-standard","has-post-thumbnail","hentry","category-news","tag-a-spasso","tag-bomber","tag-calciatore","tag-ex-gieffina","tag-grande-fratello","tag-instagram","tag-jolie","tag-manuel-sarao","tag-social","vip-vanessa_ravizza"],"yoast_head":"<title>Manuel Sarao e Vanessa Ravizza a spasso con Jolie: foto - Gossip.it | News sul Gossip e VIP<\/title>\n<meta name=\"description\" content=\"&quot;A spasso con la mia principessa&quot;, scrive il calciatore\u00a0Manuel Sarao sul suo profilo social e posta un tenero scatto che lo ritrae in strada mentre porta\" \/>\n<meta name=\"robots\" content=\"index, follow, max-snippet:-1, max-image-preview:large, max-video-preview:-1\" \/>\n<link rel=\"canonical\" href=\"https:\/\/www.gossip.it\/news\/manuel-sarao-jolie-vanessa-ravizza-a-spasso\/\" \/>\n<meta property=\"og:locale\" content=\"it_IT\" \/>\n<meta property=\"og:type\" content=\"article\" \/>\n<meta property=\"og:title\" content=\"Manuel Sarao e Vanessa Ravizza a spasso con Jolie: foto - Gossip.it | News sul Gossip e VIP\" \/>\n<meta property=\"og:description\" content=\"&quot;A spasso con la mia principessa&quot;, scrive il calciatore\u00a0Manuel Sarao sul suo profilo social e posta un tenero scatto che lo ritrae in strada mentre porta\" \/>\n<meta property=\"og:url\" content=\"https:\/\/www.gossip.it\/news\/manuel-sarao-jolie-vanessa-ravizza-a-spasso\/\" \/>\n<meta property=\"og:site_name\" content=\"Gossip.it | News sul Gossip e VIP\" \/>\n<meta property=\"article:publisher\" content=\"https:\/\/www.facebook.com\/GossipIT\" \/>\n<meta property=\"article:published_time\" content=\"2015-01-27T23:00:00+00:00\" \/>\n<meta property=\"og:image\" content=\"http:\/\/files.gossip.it\/immagini_news\/2015\/01\/1422450305_sarao1.jpg\" \/>\n<meta name=\"author\" content=\"La Redazione\" \/>\n<meta name=\"twitter:card\" content=\"summary_large_image\" \/>\n<meta name=\"twitter:image\" content=\"http:\/\/files.gossip.it\/immagini_news\/2015\/01\/1422450305_sarao1.jpg\" \/>\n<meta name=\"twitter:creator\" content=\"@gossinews_it\" \/>\n<meta name=\"twitter:site\" content=\"@gossinews_it\" \/>\n<meta name=\"twitter:label1\" content=\"Scritto da\" \/>\n\t<meta name=\"twitter:data1\" content=\"Francesca Romana Domenici\" \/>\n\t<meta name=\"twitter:label2\" content=\"Tempo di lettura stimato\" \/>\n\t<meta name=\"twitter:data2\" content=\"2 minuti\" \/>","yoast_head_json":{"title":"Manuel Sarao e Vanessa Ravizza a spasso con Jolie: foto - Gossip.it | News sul Gossip e VIP","description":"\"A spasso con la mia principessa\", scrive il calciatore\u00a0Manuel Sarao sul suo profilo social e posta un tenero scatto che lo ritrae in strada mentre porta","robots":{"index":"index","follow":"follow","max-snippet":"max-snippet:-1","max-image-preview":"max-image-preview:large","max-video-preview":"max-video-preview:-1"},"canonical":"https:\/\/www.gossip.it\/news\/manuel-sarao-jolie-vanessa-ravizza-a-spasso\/","og_locale":"it_IT","og_type":"article","og_title":"Manuel Sarao e Vanessa Ravizza a spasso con Jolie: foto - Gossip.it | News sul Gossip e VIP","og_description":"\"A spasso con la mia principessa\", scrive il calciatore\u00a0Manuel Sarao sul suo profilo social e posta un tenero scatto che lo ritrae in strada mentre porta","og_url":"https:\/\/www.gossip.it\/news\/manuel-sarao-jolie-vanessa-ravizza-a-spasso\/","og_site_name":"Gossip.it | News sul Gossip e VIP","article_publisher":"https:\/\/www.facebook.com\/GossipIT","article_published_time":"2015-01-27T23:00:00+00:00","og_image":[{"url":"http:\/\/files.gossip.it\/immagini_news\/2015\/01\/1422450305_sarao1.jpg"}],"author":"La Redazione","twitter_card":"summary_large_image","twitter_image":"http:\/\/files.gossip.it\/immagini_news\/2015\/01\/1422450305_sarao1.jpg","twitter_creator":"@gossinews_it","twitter_site":"@gossinews_it","twitter_misc":{"Scritto da":"Francesca Romana Domenici","Tempo di lettura stimato":"2 minuti"},"schema":{"@context":"https:\/\/schema.org","@graph":[{"@type":"Article","@id":"https:\/\/www.gossip.it\/news\/manuel-sarao-jolie-vanessa-ravizza-a-spasso\/#article","isPartOf":{"@id":"https:\/\/www.gossip.it\/news\/manuel-sarao-jolie-vanessa-ravizza-a-spasso\/"},"author":{"name":"La Redazione","@id":"https:\/\/www.gossip.it\/#\/schema\/person\/488896f75158bff1cc83c6c39d141110"},"headline":"Manuel Sarao e Vanessa Ravizza a spasso con Jolie: foto","datePublished":"2015-01-27T23:00:00+00:00","dateModified":"2015-01-27T23:00:00+00:00","mainEntityOfPage":{"@id":"https:\/\/www.gossip.it\/news\/manuel-sarao-jolie-vanessa-ravizza-a-spasso\/"},"wordCount":329,"publisher":{"@id":"https:\/\/www.gossip.it\/#organization"},"image":{"@id":"https:\/\/www.gossip.it\/news\/manuel-sarao-jolie-vanessa-ravizza-a-spasso\/#primaryimage"},"thumbnailUrl":"http:\/\/files.gossip.it\/immagini_news\/2015\/01\/1422450305_sarao1.jpg","keywords":["a spasso","bomber","calciatore","ex gieffina","grande fratello","instagram","jolie","manuel sarao","social"],"articleSection":["News"],"inLanguage":"it-IT"},{"@type":"WebPage","@id":"https:\/\/www.gossip.it\/news\/manuel-sarao-jolie-vanessa-ravizza-a-spasso\/","url":"https:\/\/www.gossip.it\/news\/manuel-sarao-jolie-vanessa-ravizza-a-spasso\/","name":"Manuel Sarao e Vanessa Ravizza a spasso con Jolie: foto - Gossip.it | News sul Gossip e VIP","isPartOf":{"@id":"https:\/\/www.gossip.it\/#website"},"primaryImageOfPage":{"@id":"https:\/\/www.gossip.it\/news\/manuel-sarao-jolie-vanessa-ravizza-a-spasso\/#primaryimage"},"image":{"@id":"https:\/\/www.gossip.it\/news\/manuel-sarao-jolie-vanessa-ravizza-a-spasso\/#primaryimage"},"thumbnailUrl":"http:\/\/files.gossip.it\/immagini_news\/2015\/01\/1422450305_sarao1.jpg","datePublished":"2015-01-27T23:00:00+00:00","dateModified":"2015-01-27T23:00:00+00:00","description":"\"A spasso con la mia principessa\", scrive il calciatore\u00a0Manuel Sarao sul suo profilo social e posta un tenero scatto che lo ritrae in strada mentre porta","breadcrumb":{"@id":"https:\/\/www.gossip.it\/news\/manuel-sarao-jolie-vanessa-ravizza-a-spasso\/#breadcrumb"},"inLanguage":"it-IT","potentialAction":[{"@type":"ReadAction","target":["https:\/\/www.gossip.it\/news\/manuel-sarao-jolie-vanessa-ravizza-a-spasso\/"]}]},{"@type":"ImageObject","inLanguage":"it-IT","@id":"https:\/\/www.gossip.it\/news\/manuel-sarao-jolie-vanessa-ravizza-a-spasso\/#primaryimage","url":"http:\/\/files.gossip.it\/immagini_news\/2015\/01\/1422450305_sarao1.jpg","contentUrl":"http:\/\/files.gossip.it\/immagini_news\/2015\/01\/1422450305_sarao1.jpg"},{"@type":"BreadcrumbList","@id":"https:\/\/www.gossip.it\/news\/manuel-sarao-jolie-vanessa-ravizza-a-spasso\/#breadcrumb","itemListElement":[{"@type":"ListItem","position":1,"name":"Home","item":"https:\/\/www.gossip.it\/"},{"@type":"ListItem","position":2,"name":"Manuel Sarao e Vanessa Ravizza a spasso con Jolie: foto"}]},{"@type":"WebSite","@id":"https:\/\/www.gossip.it\/#website","url":"https:\/\/www.gossip.it\/","name":"Gossip and VIP News","description":"Quotidiano di cronaca rosa, costume e societ\u00e0","publisher":{"@id":"https:\/\/www.gossip.it\/#organization"},"alternateName":"Gossip and VIP News","potentialAction":[{"@type":"SearchAction","target":{"@type":"EntryPoint","urlTemplate":"https:\/\/www.gossip.it\/?s={search_term_string}"},"query-input":{"@type":"PropertyValueSpecification","valueRequired":true,"valueName":"search_term_string"}}],"inLanguage":"it-IT"},{"@type":"Organization","@id":"https:\/\/www.gossip.it\/#organization","name":"Gossip and VIP News","alternateName":"Gossip News","url":"https:\/\/www.gossip.it\/","logo":{"@type":"ImageObject","inLanguage":"it-IT","@id":"https:\/\/www.gossip.it\/#\/schema\/logo\/image\/","url":"https:\/\/www.gossip.it\/wp-content\/uploads\/2022\/04\/cropped-corna-alta-tiny.png","contentUrl":"https:\/\/www.gossip.it\/wp-content\/uploads\/2022\/04\/cropped-corna-alta-tiny.png","width":512,"height":512,"caption":"Gossip and VIP News"},"image":{"@id":"https:\/\/www.gossip.it\/#\/schema\/logo\/image\/"},"sameAs":["https:\/\/www.facebook.com\/GossipIT","https:\/\/x.com\/gossinews_it","https:\/\/instagram.com\/gossip_it"]},{"@type":"Person","@id":"https:\/\/www.gossip.it\/#\/schema\/person\/488896f75158bff1cc83c6c39d141110","name":"La Redazione","image":{"@type":"ImageObject","inLanguage":"it-IT","@id":"https:\/\/www.gossip.it\/#\/schema\/person\/image\/","url":"https:\/\/secure.gravatar.com\/avatar\/5a5f5c6fa3e6700e4249abdad0263a1e94e927d9e0499b1cb09c1cd29c044d80?s=96&d=mm&r=g","contentUrl":"https:\/\/secure.gravatar.com\/avatar\/5a5f5c6fa3e6700e4249abdad0263a1e94e927d9e0499b1cb09c1cd29c044d80?s=96&d=mm&r=g","caption":"La Redazione"},"sameAs":["https:\/\/www.gossip.it"]}]}},"amp_enabled":true,"_links":{"self":[{"href":"https:\/\/www.gossip.it\/api\/wp\/v2\/posts\/50475","targetHints":{"allow":["GET"]}}],"collection":[{"href":"https:\/\/www.gossip.it\/api\/wp\/v2\/posts"}],"about":[{"href":"https:\/\/www.gossip.it\/api\/wp\/v2\/types\/post"}],"author":[{"embeddable":true,"href":"https:\/\/www.gossip.it\/api\/wp\/v2\/users\/1"}],"replies":[{"embeddable":true,"href":"https:\/\/www.gossip.it\/api\/wp\/v2\/comments?post=50475"}],"version-history":[{"count":0,"href":"https:\/\/www.gossip.it\/api\/wp\/v2\/posts\/50475\/revisions"}],"wp:featuredmedia":[{"embeddable":true,"href":"https:\/\/www.gossip.it\/api\/wp\/v2\/media\/106521"}],"wp:attachment":[{"href":"https:\/\/www.gossip.it\/api\/wp\/v2\/media?parent=50475"}],"wp:term":[{"taxonomy":"category","embeddable":true,"href":"https:\/\/www.gossip.it\/api\/wp\/v2\/categories?post=50475"},{"taxonomy":"post_tag","embeddable":true,"href":"https:\/\/www.gossip.it\/api\/wp\/v2\/tags?post=50475"},{"taxonomy":"vip","embeddable":true,"href":"https:\/\/www.gossip.it\/api\/wp\/v2\/vip?post=50475"}],"curies":[{"name":"wp","href":"https:\/\/api.w.org\/{rel}","templated":true}]}}