{"id":50567,"date":"2015-02-05T00:00:00","date_gmt":"2015-02-04T23:00:00","guid":{"rendered":"https:\/\/www.gossip.it\/senza-categoria\/rachida-valerio-scanu-isola-2015-prima-lite\/"},"modified":"2015-02-05T00:00:00","modified_gmt":"2015-02-04T23:00:00","slug":"rachida-valerio-scanu-isola-2015-prima-lite","status":"publish","type":"post","link":"https:\/\/www.gossip.it\/news\/rachida-valerio-scanu-isola-2015-prima-lite\/","title":{"rendered":"Valerio Scanu e Rachida protagonisti della prima lite dell''Isola 2015'"},"content":{"rendered":"<p>Appena due giorni di permanenza sull'\"<strong>Isola 2015<\/strong>\" e tra i naufraghi \u00e8 gi\u00e0 scoppiata la <strong>prima lite<\/strong>. Protagonisti dello screzio,\u00a0<a href=\"http:\/\/www.gossip.it\/vip\/-valerio scanu\/\">Valerio Scanu<\/a> e <a href=\"http:\/\/www.gossip.it\/vip\/rachida\/\">Rachida<\/a>. L'ex concorrente di \"MasterChef\", parlando del cantante, ha dichiarato: <em>\"Ha una lingua tagliente\"<\/em>.<\/p>\n<figure class=\"caption\"><img decoding=\"async\" alt=\"\" width=\"620\" height=\"650\" src=\"http:\/\/files.gossip.it\/immagini_news\/2015\/02\/1423135701_1.jpg\" \/><figcaption>Giulia, una de Le Donatella ha raccontato di aver coperto i suoi bisogni con delle bucce di cocco, Rachida non ha capito e pensando che la ragazza avesse utilizzato i frutti interi ha detto: 'Io non vado pi\u00f9 a cercarli'<\/figcaption><\/figure>\n<p><iframe src=\"http:\/\/www.gossip.it\/video\/share\/3272\/\" style=\"border:0;width:620px;height:320px;\"><\/iframe>La discussione tra <strong>Rachida <\/strong>e <strong>Valerio Scanu<\/strong> si \u00e8 scatenata sui bisogni di una de <a href=\"http:\/\/www.gossip.it\/vip\/le-donatella\/\">Le Donatella<\/a>, Giulia. La ragazza ha raccontato ad <a href=\"http:\/\/www.gossip.it\/vip\/andrea-montovli\/\">Andrea Montovli<\/a> di averli coperti con foglie e bucce di cocco. <strong>Rachida<\/strong> ha mal interpretato, ha capito che ha utilizzato dei cocchi interi e ha cos\u00ec sentenziato che non andr\u00e0 pi\u00f9 a raccoglierli: <em>\"Non andr\u00f2 pi\u00f9 a cercarli<\/em> - ha esordito - <em>se vai in bagno scavi una buca e poi chiudi con la sabbia\"<\/em>. <strong>Valerio Scanu<\/strong> allora \u00e8 intervenuto:<em> \"Mi sa che non hai capito una mazza<\/em> - le ha detto -<em> altrimenti che c'entra che non vai pi\u00f9 a raccogliere i cocchi?\"<\/em>.<em> \"Allora spiegami tu che sei bravo a parlare, dai\"<\/em>, ha risposto<strong> Rachida<\/strong>. Il cantante ha cos\u00ec iniziato a prenderla in giro, imitando la sua voce e le sue movenze:<em> \"Ma non hai visto niente, stai zitto e lascia spiegare lei, per piacere\"<\/em>, ha replicato la Karrati. Scanu cos\u00ec ha esclamato:<em> \"Tu hai problemi, sei pazza!\"<\/em>, <a href=\"http:\/\/www.gossip.it\/vip\/rocco-siffredi\/\">Rocco Siffredi<\/a> l'ha subito richiamato all'ordine, sostenendo che ha usato un epiteto troppo offensivo nei riguardi di una donna.<em> \"Come si permette a dirmi cos\u00ec? La sua lingua \u00e8 tagliente\"<\/em>, ha commentato, offesa, la stessa <strong>Rachida<\/strong>. Da questa <strong>prima lite<\/strong>, l'\"<strong>Isola 2015<\/strong>\" promette bene e l'avventura \u00e8 appena iniziata.<\/p>\n<figure class=\"caption\"><img decoding=\"async\" alt=\"\" width=\"620\" height=\"650\" src=\"http:\/\/files.gossip.it\/immagini_news\/2015\/02\/1423135820_2.jpg\" \/><figcaption>Valerio Scanu \u00e8 intervenuto e ha detto a Rachida: 'Tu non capisci una mazza'<\/figcaption><\/figure>\n<figure class=\"caption\"><img decoding=\"async\" alt=\"\" width=\"620\" height=\"650\" src=\"http:\/\/files.gossip.it\/immagini_news\/2015\/02\/1423135867_3.jpg\" \/><figcaption>Il cantante ha dato anche della pazza alla donna e Rocco Siffredi lo ha subito ammonito<\/figcaption><\/figure>\n<p>Sulla spiaggia di Cayo Paloma si \u00e8 consumata la <strong>prima lite<\/strong> dell'\"<strong>Isola 2015<\/strong>\". Il percorso \u00e8 ancora lungo, di certo se ne vedranno delle belle, soprattutto in un contesto dove i naufraghi devono affrontare varie difficolt\u00e0: accendere il fuoco e razionare il cibo. La fame e i disagi inziano a farsi sentire, la convivenza non \u00e8 facile. Clima pi\u00f9 tranquillo e disteso tra <a href=\"http:\/\/www.gossip.it\/vip\/pierluigi-diaco\/\">Pierluigi Diaco<\/a>, <a href=\"http:\/\/www.gossip.it\/vip\/alex-belli\/\">Alex Belli<\/a> e <a href=\"http:\/\/www.gossip.it\/vip\/fanny-neguesha\/\">Fanny Neguesha<\/a> che invece si stanno godendo i privilegi di Playa Bonita.<\/p>\n","protected":false},"excerpt":{"rendered":"<p>Appena due giorni di permanenza sull'\"Isola 2015\" e tra i naufraghi \u00e8 gi\u00e0 scoppiata la prima lite. Protagonisti dello screzio,\u00a0Valerio Scanu e Rachida. L'ex concorrente di \"MasterChef\", parlando del cantante, ha dichiarato: \"Ha una lingua tagliente\". Giulia, una de Le Donatella ha raccontato di aver coperto i suoi bisogni con delle bucce di cocco, Rachida [&hellip;]<\/p>\n","protected":false},"author":1,"featured_media":106613,"comment_status":"closed","ping_status":"closed","sticky":false,"template":"","format":"standard","meta":{"footnotes":""},"categories":[54],"tags":[51623,9277,51549,2095,9053,3085,51622,9051,1934],"vip":[1601,1812],"class_list":["post-50567","post","type-post","status-publish","format-standard","has-post-thumbnail","hentry","category-news","tag-andra-montovoli","tag-cayo-paloma","tag-isola-2015","tag-isola-dei-famosi","tag-le-donatella","tag-naufraghi","tag-prima-lite","tag-rachida","tag-reality","vip-rocco_siffredi","vip-valerio_scanu"],"yoast_head":"<title>Valerio Scanu e Rachida protagonisti della prima lite dell&#039;&#039;Isola 2015&#039; - Gossip.it | News sul Gossip e VIP<\/title>\n<meta name=\"description\" content=\"Appena due giorni di permanenza sull&#039;&quot;Isola 2015&quot; e tra i naufraghi \u00e8 gi\u00e0 scoppiata la prima lite. Protagonisti dello screzio,\u00a0Valerio Scanu e Rachida.\" \/>\n<meta name=\"robots\" content=\"index, follow, max-snippet:-1, max-image-preview:large, max-video-preview:-1\" \/>\n<link rel=\"canonical\" href=\"https:\/\/www.gossip.it\/news\/rachida-valerio-scanu-isola-2015-prima-lite\/\" \/>\n<meta property=\"og:locale\" content=\"it_IT\" \/>\n<meta property=\"og:type\" content=\"article\" \/>\n<meta property=\"og:title\" content=\"Valerio Scanu e Rachida protagonisti della prima lite dell&#039;&#039;Isola 2015&#039; - Gossip.it | News sul Gossip e VIP\" \/>\n<meta property=\"og:description\" content=\"Appena due giorni di permanenza sull&#039;&quot;Isola 2015&quot; e tra i naufraghi \u00e8 gi\u00e0 scoppiata la prima lite. Protagonisti dello screzio,\u00a0Valerio Scanu e Rachida.\" \/>\n<meta property=\"og:url\" content=\"https:\/\/www.gossip.it\/news\/rachida-valerio-scanu-isola-2015-prima-lite\/\" \/>\n<meta property=\"og:site_name\" content=\"Gossip.it | News sul Gossip e VIP\" \/>\n<meta property=\"article:publisher\" content=\"https:\/\/www.facebook.com\/GossipIT\" \/>\n<meta property=\"article:published_time\" content=\"2015-02-04T23:00:00+00:00\" \/>\n<meta property=\"og:image\" content=\"http:\/\/files.gossip.it\/immagini_news\/2015\/02\/1423135701_1.jpg\" \/>\n<meta name=\"author\" content=\"La Redazione\" \/>\n<meta name=\"twitter:card\" content=\"summary_large_image\" \/>\n<meta name=\"twitter:image\" content=\"http:\/\/files.gossip.it\/immagini_news\/2015\/02\/1423135701_1.jpg\" \/>\n<meta name=\"twitter:creator\" content=\"@gossinews_it\" \/>\n<meta name=\"twitter:site\" content=\"@gossinews_it\" \/>\n<meta name=\"twitter:label1\" content=\"Scritto da\" \/>\n\t<meta name=\"twitter:data1\" content=\"Francesca Romana Domenici\" \/>\n\t<meta name=\"twitter:label2\" content=\"Tempo di lettura stimato\" \/>\n\t<meta name=\"twitter:data2\" content=\"2 minuti\" \/>","yoast_head_json":{"title":"Valerio Scanu e Rachida protagonisti della prima lite dell''Isola 2015' - Gossip.it | News sul Gossip e VIP","description":"Appena due giorni di permanenza sull'\"Isola 2015\" e tra i naufraghi \u00e8 gi\u00e0 scoppiata la prima lite. Protagonisti dello screzio,\u00a0Valerio Scanu e Rachida.","robots":{"index":"index","follow":"follow","max-snippet":"max-snippet:-1","max-image-preview":"max-image-preview:large","max-video-preview":"max-video-preview:-1"},"canonical":"https:\/\/www.gossip.it\/news\/rachida-valerio-scanu-isola-2015-prima-lite\/","og_locale":"it_IT","og_type":"article","og_title":"Valerio Scanu e Rachida protagonisti della prima lite dell''Isola 2015' - Gossip.it | News sul Gossip e VIP","og_description":"Appena due giorni di permanenza sull'\"Isola 2015\" e tra i naufraghi \u00e8 gi\u00e0 scoppiata la prima lite. Protagonisti dello screzio,\u00a0Valerio Scanu e Rachida.","og_url":"https:\/\/www.gossip.it\/news\/rachida-valerio-scanu-isola-2015-prima-lite\/","og_site_name":"Gossip.it | News sul Gossip e VIP","article_publisher":"https:\/\/www.facebook.com\/GossipIT","article_published_time":"2015-02-04T23:00:00+00:00","og_image":[{"url":"http:\/\/files.gossip.it\/immagini_news\/2015\/02\/1423135701_1.jpg"}],"author":"La Redazione","twitter_card":"summary_large_image","twitter_image":"http:\/\/files.gossip.it\/immagini_news\/2015\/02\/1423135701_1.jpg","twitter_creator":"@gossinews_it","twitter_site":"@gossinews_it","twitter_misc":{"Scritto da":"Francesca Romana Domenici","Tempo di lettura stimato":"2 minuti"},"schema":{"@context":"https:\/\/schema.org","@graph":[{"@type":"Article","@id":"https:\/\/www.gossip.it\/news\/rachida-valerio-scanu-isola-2015-prima-lite\/#article","isPartOf":{"@id":"https:\/\/www.gossip.it\/news\/rachida-valerio-scanu-isola-2015-prima-lite\/"},"author":{"name":"La Redazione","@id":"https:\/\/www.gossip.it\/#\/schema\/person\/488896f75158bff1cc83c6c39d141110"},"headline":"Valerio Scanu e Rachida protagonisti della prima lite dell''Isola 2015'","datePublished":"2015-02-04T23:00:00+00:00","dateModified":"2015-02-04T23:00:00+00:00","mainEntityOfPage":{"@id":"https:\/\/www.gossip.it\/news\/rachida-valerio-scanu-isola-2015-prima-lite\/"},"wordCount":404,"publisher":{"@id":"https:\/\/www.gossip.it\/#organization"},"image":{"@id":"https:\/\/www.gossip.it\/news\/rachida-valerio-scanu-isola-2015-prima-lite\/#primaryimage"},"thumbnailUrl":"http:\/\/files.gossip.it\/immagini_news\/2015\/02\/1423135701_1.jpg","keywords":["andra montovoli","cayo paloma","isola 2015","isola dei famosi","le donatella","naufraghi","prima lite","rachida","reality"],"articleSection":["News"],"inLanguage":"it-IT"},{"@type":"WebPage","@id":"https:\/\/www.gossip.it\/news\/rachida-valerio-scanu-isola-2015-prima-lite\/","url":"https:\/\/www.gossip.it\/news\/rachida-valerio-scanu-isola-2015-prima-lite\/","name":"Valerio Scanu e Rachida protagonisti della prima lite dell''Isola 2015' - Gossip.it | News sul Gossip e VIP","isPartOf":{"@id":"https:\/\/www.gossip.it\/#website"},"primaryImageOfPage":{"@id":"https:\/\/www.gossip.it\/news\/rachida-valerio-scanu-isola-2015-prima-lite\/#primaryimage"},"image":{"@id":"https:\/\/www.gossip.it\/news\/rachida-valerio-scanu-isola-2015-prima-lite\/#primaryimage"},"thumbnailUrl":"http:\/\/files.gossip.it\/immagini_news\/2015\/02\/1423135701_1.jpg","datePublished":"2015-02-04T23:00:00+00:00","dateModified":"2015-02-04T23:00:00+00:00","description":"Appena due giorni di permanenza sull'\"Isola 2015\" e tra i naufraghi \u00e8 gi\u00e0 scoppiata la prima lite. Protagonisti dello screzio,\u00a0Valerio Scanu e Rachida.","breadcrumb":{"@id":"https:\/\/www.gossip.it\/news\/rachida-valerio-scanu-isola-2015-prima-lite\/#breadcrumb"},"inLanguage":"it-IT","potentialAction":[{"@type":"ReadAction","target":["https:\/\/www.gossip.it\/news\/rachida-valerio-scanu-isola-2015-prima-lite\/"]}]},{"@type":"ImageObject","inLanguage":"it-IT","@id":"https:\/\/www.gossip.it\/news\/rachida-valerio-scanu-isola-2015-prima-lite\/#primaryimage","url":"http:\/\/files.gossip.it\/immagini_news\/2015\/02\/1423135701_1.jpg","contentUrl":"http:\/\/files.gossip.it\/immagini_news\/2015\/02\/1423135701_1.jpg"},{"@type":"BreadcrumbList","@id":"https:\/\/www.gossip.it\/news\/rachida-valerio-scanu-isola-2015-prima-lite\/#breadcrumb","itemListElement":[{"@type":"ListItem","position":1,"name":"Home","item":"https:\/\/www.gossip.it\/"},{"@type":"ListItem","position":2,"name":"Valerio Scanu e Rachida protagonisti della prima lite dell''Isola 2015'"}]},{"@type":"WebSite","@id":"https:\/\/www.gossip.it\/#website","url":"https:\/\/www.gossip.it\/","name":"Gossip and VIP News","description":"Quotidiano di cronaca rosa, costume e societ\u00e0","publisher":{"@id":"https:\/\/www.gossip.it\/#organization"},"alternateName":"Gossip and VIP News","potentialAction":[{"@type":"SearchAction","target":{"@type":"EntryPoint","urlTemplate":"https:\/\/www.gossip.it\/?s={search_term_string}"},"query-input":{"@type":"PropertyValueSpecification","valueRequired":true,"valueName":"search_term_string"}}],"inLanguage":"it-IT"},{"@type":"Organization","@id":"https:\/\/www.gossip.it\/#organization","name":"Gossip and VIP News","alternateName":"Gossip News","url":"https:\/\/www.gossip.it\/","logo":{"@type":"ImageObject","inLanguage":"it-IT","@id":"https:\/\/www.gossip.it\/#\/schema\/logo\/image\/","url":"https:\/\/www.gossip.it\/wp-content\/uploads\/2022\/04\/cropped-corna-alta-tiny.png","contentUrl":"https:\/\/www.gossip.it\/wp-content\/uploads\/2022\/04\/cropped-corna-alta-tiny.png","width":512,"height":512,"caption":"Gossip and VIP News"},"image":{"@id":"https:\/\/www.gossip.it\/#\/schema\/logo\/image\/"},"sameAs":["https:\/\/www.facebook.com\/GossipIT","https:\/\/x.com\/gossinews_it","https:\/\/instagram.com\/gossip_it"]},{"@type":"Person","@id":"https:\/\/www.gossip.it\/#\/schema\/person\/488896f75158bff1cc83c6c39d141110","name":"La Redazione","image":{"@type":"ImageObject","inLanguage":"it-IT","@id":"https:\/\/www.gossip.it\/#\/schema\/person\/image\/","url":"https:\/\/secure.gravatar.com\/avatar\/5a5f5c6fa3e6700e4249abdad0263a1e94e927d9e0499b1cb09c1cd29c044d80?s=96&d=mm&r=g","contentUrl":"https:\/\/secure.gravatar.com\/avatar\/5a5f5c6fa3e6700e4249abdad0263a1e94e927d9e0499b1cb09c1cd29c044d80?s=96&d=mm&r=g","caption":"La Redazione"},"sameAs":["https:\/\/www.gossip.it"]}]}},"amp_enabled":true,"_links":{"self":[{"href":"https:\/\/www.gossip.it\/api\/wp\/v2\/posts\/50567","targetHints":{"allow":["GET"]}}],"collection":[{"href":"https:\/\/www.gossip.it\/api\/wp\/v2\/posts"}],"about":[{"href":"https:\/\/www.gossip.it\/api\/wp\/v2\/types\/post"}],"author":[{"embeddable":true,"href":"https:\/\/www.gossip.it\/api\/wp\/v2\/users\/1"}],"replies":[{"embeddable":true,"href":"https:\/\/www.gossip.it\/api\/wp\/v2\/comments?post=50567"}],"version-history":[{"count":0,"href":"https:\/\/www.gossip.it\/api\/wp\/v2\/posts\/50567\/revisions"}],"wp:featuredmedia":[{"embeddable":true,"href":"https:\/\/www.gossip.it\/api\/wp\/v2\/media\/106613"}],"wp:attachment":[{"href":"https:\/\/www.gossip.it\/api\/wp\/v2\/media?parent=50567"}],"wp:term":[{"taxonomy":"category","embeddable":true,"href":"https:\/\/www.gossip.it\/api\/wp\/v2\/categories?post=50567"},{"taxonomy":"post_tag","embeddable":true,"href":"https:\/\/www.gossip.it\/api\/wp\/v2\/tags?post=50567"},{"taxonomy":"vip","embeddable":true,"href":"https:\/\/www.gossip.it\/api\/wp\/v2\/vip?post=50567"}],"curies":[{"name":"wp","href":"https:\/\/api.w.org\/{rel}","templated":true}]}}