{"id":50692,"date":"2015-02-16T00:00:00","date_gmt":"2015-02-15T23:00:00","guid":{"rendered":"https:\/\/www.gossip.it\/senza-categoria\/valeria-marini-milano-antonio-brosio\/"},"modified":"2015-02-16T00:00:00","modified_gmt":"2015-02-15T23:00:00","slug":"valeria-marini-milano-antonio-brosio","status":"publish","type":"post","link":"https:\/\/www.gossip.it\/news\/valeria-marini-milano-antonio-brosio\/","title":{"rendered":"Valeria Marini, a Milano in 'red' con Antonio Brosio"},"content":{"rendered":"<p>Non poteva che scegliere un abitino <em>'red passion'<\/em> con tanto di scollatura a forma di cuore a valorizzare il suo d\u00e9collet\u00e9 formoso. <a href=\"http:\/\/www.gossip.it\/vip\/valeria-marini\/\">Valeria Marini<\/a> sorridente e sinuosa pi\u00f9 che mai \u00e8 arrivata a <strong>Milano<\/strong> per presentare davanti ai media la nuova collaborazione fra il suo brand di abbigliamento, Seduzioni Diamonds, e il negozio Arome di Milano. Al suo fianco, sorridente, sereno e sempre pi\u00f9 innamorato, l'imprenditore <a href=\"http:\/\/www.gossip.it\/vip\/antonio-brosio\/\">Antonio Brosio<\/a>, a cui la bionda ormai \u00e8 legata da un bel po'.<\/p>\n<figure class=\"caption\"><img decoding=\"async\" alt=\"\" height=\"428\" width=\"620\" src=\"http:\/\/files.gossip.it\/immagini_news\/2015\/02\/1424092077_1marini.jpg\" \/><figcaption>Valeria marini a Milano con il fidanzato Antonio Brosio<\/figcaption><\/figure>\n<p>Nessuna crisi, nessun <a href=\"http:\/\/www.gossip.it\/vip\/addio\/\">addio<\/a>. Certo, qualche scaramuccia tra i due \u00e8 avvenuta in passato, ma niente tradimenti o questioni <em>'torbide'<\/em>. Solo gossip senza fondamento, spesso smentiti dai diretti interessati direttamente sul <a href=\"http:\/\/www.gossip.it\/vip\/social\/\">social<\/a>. <strong>Valeria Marini<\/strong> e <strong>Antonio Brosio<\/strong> a <strong>Milano<\/strong> sono apparsi pi\u00f9 in sintonia che mai, uniti e gioiosi. Hanno posato per i moltissimi fotografi presenti e si sono concessi pure a brevi interviste con la stampa, sottolineando ancora una volta come l'amore che li lega sia assolutamente forte e indissolubile, in grado di portarli molto lontano. Si vedr\u00e0.<br \/><strong>Valeria Marini<\/strong> \u00e8 cotta di <strong>Antonio Brosio<\/strong>, lo stesso vale per il fascinoso imprenditore, che per l'occasione mondana ha voluto indossare un abito classico blu con sotto la camicia bianca portata senza cravatta, a rendere la mise classica pi\u00f9 intrigante.<\/p>\n<figure class=\"caption\"><img decoding=\"async\" alt=\"\" height=\"880\" width=\"620\" src=\"http:\/\/files.gossip.it\/immagini_news\/2015\/02\/1424092094_2marini.jpg\" \/><figcaption>La showgirl, atttrice e stilista ha presentato la collaborazione\u00a0fra il suo brand di abbigliamento, Seduzioni Diamonds, e il negozio Arome di Milano<\/figcaption><\/figure>\n<figure class=\"caption\"><img decoding=\"async\" alt=\"\" height=\"481\" width=\"620\" src=\"http:\/\/files.gossip.it\/immagini_news\/2015\/02\/1424092114_3marini.jpg\" \/><figcaption>Accanto a lei l'imprenditore a cui \u00e8 legata da tempo<\/figcaption><\/figure>\n<figure class=\"caption\"><img decoding=\"async\" alt=\"\" height=\"400\" width=\"620\" src=\"http:\/\/files.gossip.it\/immagini_news\/2015\/02\/1424092130_4marini.jpg\" \/><figcaption>Nessuna crisi tra i due che hanno posato per i fotografi presenti<\/figcaption><\/figure>\n<p>La 47enne, in occasione dell'evento a <strong>Milano<\/strong> lo tiene al suo fianco, non si stacca un istante e appare sempre pi\u00f9 sicura di s\u00e9. Burrosa e i forma presto arriver\u00e0 in <a href=\"http:\/\/www.gossip.it\/vip\/tv\/\">tv<\/a>. <strong>Valeria Marini<\/strong> \u00e8 stata arruolata da <a href=\"http:\/\/www.gossip.it\/vip\/milly-carlucci\/\">Milly Carlucci<\/a> per il <a href=\"http:\/\/www.gossip.it\/vip\/talent-show\/\">talent show<\/a> <a href=\"http:\/\/www.gossip.it\/vip\/notti-sul ghiaccio 2015\/\">Notti sul ghiaccio 2015<\/a>, in onda su Rai Uno a partire da sabato prossimo, 21 febbraio.<\/p>\n<figure class=\"caption\"><img decoding=\"async\" alt=\"\" height=\"818\" width=\"620\" src=\"http:\/\/files.gossip.it\/immagini_news\/2015\/02\/1424092152_5marini.jpg\" \/><figcaption>Per Valeria un mini dress rosso passione<\/figcaption><\/figure>\n<figure class=\"caption\"><img decoding=\"async\" alt=\"\" height=\"449\" width=\"620\" src=\"http:\/\/files.gossip.it\/immagini_news\/2015\/02\/1424092169_6marini.jpg\" \/><figcaption>Con la bionda anche le modelle con indosso le sue creazioni<\/figcaption><\/figure>\n<figure class=\"caption\"><img decoding=\"async\" alt=\"\" height=\"571\" width=\"620\" src=\"http:\/\/files.gossip.it\/immagini_news\/2015\/02\/1424092196_7marini.jpg\" \/><figcaption>Valeria ha mandato uno dei suoi 'baci stellari'. Da sabato sar\u00e0 in tv con 'Notti sul Ghiaccio'<\/figcaption><\/figure>\n<p>La <a href=\"http:\/\/www.gossip.it\/vip\/showgirl\/\">showgirl<\/a>, attrice e <a href=\"http:\/\/www.gossip.it\/vip\/stilista\/\">stilista<\/a> si \u00e8 allenata a lungo nelle scorse settimane. Ora \u00e8 pronta e c'\u00e8 da scommetterci: <strong>Antonio Brosio<\/strong> sar\u00e0 in prima fila per applaudirla durante le esibizioni in pista e a fare il tifo per lei, che intanto si prende i riflettori anche a Milano con le sue creazioni <strong>moda<\/strong>.<\/p>\n<p>\u00a0<\/p>\n<p><strong>IL LITIGIO<\/strong><\/p>\n<p><iframe src=\"http:\/\/www.gossip.it\/video\/share\/3175\/\" style=\"border:0;width:620px;height:320px;\"><\/iframe><\/p>\n<p>Ecco Valeria Marini e <a href=\"http:\/\/www.gossip.it\/vip\/paola-caruso\/\">Paola Caruso<\/a> come due amiche di lunga data poco prima della pubblicazione delle foto che insinuavano un tradimento ai danni di Valeria da parte di Antonio. Proprio con Paola...<\/p>\n<p>\u00a0<\/p>\n<p>\u00a0<\/p>\n","protected":false},"excerpt":{"rendered":"<p>Non poteva che scegliere un abitino 'red passion' con tanto di scollatura a forma di cuore a valorizzare il suo d\u00e9collet\u00e9 formoso. Valeria Marini sorridente e sinuosa pi\u00f9 che mai \u00e8 arrivata a Milano per presentare davanti ai media la nuova collaborazione fra il suo brand di abbigliamento, Seduzioni Diamonds, e il negozio Arome di [&hellip;]<\/p>\n","protected":false},"author":1,"featured_media":106738,"comment_status":"closed","ping_status":"closed","sticky":false,"template":"","format":"standard","meta":{"footnotes":""},"categories":[54],"tags":[1983,2351,1979,3099,9038,51543,2568,51701,1967,2360],"vip":[355,1364,1807],"class_list":["post-50692","post","type-post","status-publish","format-standard","has-post-thumbnail","hentry","category-news","tag-attrice","tag-imprenditore","tag-milano","tag-moda","tag-notti-sul-ghiaccio","tag-notti-sul-ghiaccio-2015","tag-protagonisti","tag-seduzioni-dimonds","tag-showgirl","tag-stilista","vip-antonio_brosio","vip-milly_carlucci","vip-valeria_marini"],"yoast_head":"<title>Valeria Marini, a Milano in &#039;red&#039; con Antonio Brosio - Gossip.it | News sul Gossip e VIP<\/title>\n<meta name=\"description\" content=\"Non poteva che scegliere un abitino &#039;red passion&#039; con tanto di scollatura a forma di cuore a valorizzare il suo d\u00e9collet\u00e9 formoso. Valeria Marini\" \/>\n<meta name=\"robots\" content=\"index, follow, max-snippet:-1, max-image-preview:large, max-video-preview:-1\" \/>\n<link rel=\"canonical\" href=\"https:\/\/www.gossip.it\/news\/valeria-marini-milano-antonio-brosio\/\" \/>\n<meta property=\"og:locale\" content=\"it_IT\" \/>\n<meta property=\"og:type\" content=\"article\" \/>\n<meta property=\"og:title\" content=\"Valeria Marini, a Milano in &#039;red&#039; con Antonio Brosio - Gossip.it | News sul Gossip e VIP\" \/>\n<meta property=\"og:description\" content=\"Non poteva che scegliere un abitino &#039;red passion&#039; con tanto di scollatura a forma di cuore a valorizzare il suo d\u00e9collet\u00e9 formoso. Valeria Marini\" \/>\n<meta property=\"og:url\" content=\"https:\/\/www.gossip.it\/news\/valeria-marini-milano-antonio-brosio\/\" \/>\n<meta property=\"og:site_name\" content=\"Gossip.it | News sul Gossip e VIP\" \/>\n<meta property=\"article:publisher\" content=\"https:\/\/www.facebook.com\/GossipIT\" \/>\n<meta property=\"article:published_time\" content=\"2015-02-15T23:00:00+00:00\" \/>\n<meta property=\"og:image\" content=\"http:\/\/files.gossip.it\/immagini_news\/2015\/02\/1424092077_1marini.jpg\" \/>\n<meta name=\"author\" content=\"La Redazione\" \/>\n<meta name=\"twitter:card\" content=\"summary_large_image\" \/>\n<meta name=\"twitter:image\" content=\"http:\/\/files.gossip.it\/immagini_news\/2015\/02\/1424092077_1marini.jpg\" \/>\n<meta name=\"twitter:creator\" content=\"@gossinews_it\" \/>\n<meta name=\"twitter:site\" content=\"@gossinews_it\" \/>\n<meta name=\"twitter:label1\" content=\"Scritto da\" \/>\n\t<meta name=\"twitter:data1\" content=\"Annamaria Capozzi\" \/>\n\t<meta name=\"twitter:label2\" content=\"Tempo di lettura stimato\" \/>\n\t<meta name=\"twitter:data2\" content=\"2 minuti\" \/>","yoast_head_json":{"title":"Valeria Marini, a Milano in 'red' con Antonio Brosio - Gossip.it | News sul Gossip e VIP","description":"Non poteva che scegliere un abitino 'red passion' con tanto di scollatura a forma di cuore a valorizzare il suo d\u00e9collet\u00e9 formoso. Valeria Marini","robots":{"index":"index","follow":"follow","max-snippet":"max-snippet:-1","max-image-preview":"max-image-preview:large","max-video-preview":"max-video-preview:-1"},"canonical":"https:\/\/www.gossip.it\/news\/valeria-marini-milano-antonio-brosio\/","og_locale":"it_IT","og_type":"article","og_title":"Valeria Marini, a Milano in 'red' con Antonio Brosio - Gossip.it | News sul Gossip e VIP","og_description":"Non poteva che scegliere un abitino 'red passion' con tanto di scollatura a forma di cuore a valorizzare il suo d\u00e9collet\u00e9 formoso. Valeria Marini","og_url":"https:\/\/www.gossip.it\/news\/valeria-marini-milano-antonio-brosio\/","og_site_name":"Gossip.it | News sul Gossip e VIP","article_publisher":"https:\/\/www.facebook.com\/GossipIT","article_published_time":"2015-02-15T23:00:00+00:00","og_image":[{"url":"http:\/\/files.gossip.it\/immagini_news\/2015\/02\/1424092077_1marini.jpg"}],"author":"La Redazione","twitter_card":"summary_large_image","twitter_image":"http:\/\/files.gossip.it\/immagini_news\/2015\/02\/1424092077_1marini.jpg","twitter_creator":"@gossinews_it","twitter_site":"@gossinews_it","twitter_misc":{"Scritto da":"Annamaria Capozzi","Tempo di lettura stimato":"2 minuti"},"schema":{"@context":"https:\/\/schema.org","@graph":[{"@type":"Article","@id":"https:\/\/www.gossip.it\/news\/valeria-marini-milano-antonio-brosio\/#article","isPartOf":{"@id":"https:\/\/www.gossip.it\/news\/valeria-marini-milano-antonio-brosio\/"},"author":{"name":"La Redazione","@id":"https:\/\/www.gossip.it\/#\/schema\/person\/488896f75158bff1cc83c6c39d141110"},"headline":"Valeria Marini, a Milano in 'red' con Antonio Brosio","datePublished":"2015-02-15T23:00:00+00:00","dateModified":"2015-02-15T23:00:00+00:00","mainEntityOfPage":{"@id":"https:\/\/www.gossip.it\/news\/valeria-marini-milano-antonio-brosio\/"},"wordCount":451,"publisher":{"@id":"https:\/\/www.gossip.it\/#organization"},"image":{"@id":"https:\/\/www.gossip.it\/news\/valeria-marini-milano-antonio-brosio\/#primaryimage"},"thumbnailUrl":"http:\/\/files.gossip.it\/immagini_news\/2015\/02\/1424092077_1marini.jpg","keywords":["attrice","imprenditore","milano","moda","notti sul ghiaccio","notti sul ghiaccio 2015","protagonisti","seduzioni dimonds","showgirl","stilista"],"articleSection":["News"],"inLanguage":"it-IT"},{"@type":"WebPage","@id":"https:\/\/www.gossip.it\/news\/valeria-marini-milano-antonio-brosio\/","url":"https:\/\/www.gossip.it\/news\/valeria-marini-milano-antonio-brosio\/","name":"Valeria Marini, a Milano in 'red' con Antonio Brosio - Gossip.it | News sul Gossip e VIP","isPartOf":{"@id":"https:\/\/www.gossip.it\/#website"},"primaryImageOfPage":{"@id":"https:\/\/www.gossip.it\/news\/valeria-marini-milano-antonio-brosio\/#primaryimage"},"image":{"@id":"https:\/\/www.gossip.it\/news\/valeria-marini-milano-antonio-brosio\/#primaryimage"},"thumbnailUrl":"http:\/\/files.gossip.it\/immagini_news\/2015\/02\/1424092077_1marini.jpg","datePublished":"2015-02-15T23:00:00+00:00","dateModified":"2015-02-15T23:00:00+00:00","description":"Non poteva che scegliere un abitino 'red passion' con tanto di scollatura a forma di cuore a valorizzare il suo d\u00e9collet\u00e9 formoso. Valeria Marini","breadcrumb":{"@id":"https:\/\/www.gossip.it\/news\/valeria-marini-milano-antonio-brosio\/#breadcrumb"},"inLanguage":"it-IT","potentialAction":[{"@type":"ReadAction","target":["https:\/\/www.gossip.it\/news\/valeria-marini-milano-antonio-brosio\/"]}]},{"@type":"ImageObject","inLanguage":"it-IT","@id":"https:\/\/www.gossip.it\/news\/valeria-marini-milano-antonio-brosio\/#primaryimage","url":"http:\/\/files.gossip.it\/immagini_news\/2015\/02\/1424092077_1marini.jpg","contentUrl":"http:\/\/files.gossip.it\/immagini_news\/2015\/02\/1424092077_1marini.jpg"},{"@type":"BreadcrumbList","@id":"https:\/\/www.gossip.it\/news\/valeria-marini-milano-antonio-brosio\/#breadcrumb","itemListElement":[{"@type":"ListItem","position":1,"name":"Home","item":"https:\/\/www.gossip.it\/"},{"@type":"ListItem","position":2,"name":"Valeria Marini, a Milano in 'red' con Antonio Brosio"}]},{"@type":"WebSite","@id":"https:\/\/www.gossip.it\/#website","url":"https:\/\/www.gossip.it\/","name":"Gossip and VIP News","description":"Quotidiano di cronaca rosa, costume e societ\u00e0","publisher":{"@id":"https:\/\/www.gossip.it\/#organization"},"alternateName":"Gossip and VIP News","potentialAction":[{"@type":"SearchAction","target":{"@type":"EntryPoint","urlTemplate":"https:\/\/www.gossip.it\/?s={search_term_string}"},"query-input":{"@type":"PropertyValueSpecification","valueRequired":true,"valueName":"search_term_string"}}],"inLanguage":"it-IT"},{"@type":"Organization","@id":"https:\/\/www.gossip.it\/#organization","name":"Gossip and VIP News","alternateName":"Gossip News","url":"https:\/\/www.gossip.it\/","logo":{"@type":"ImageObject","inLanguage":"it-IT","@id":"https:\/\/www.gossip.it\/#\/schema\/logo\/image\/","url":"https:\/\/www.gossip.it\/wp-content\/uploads\/2022\/04\/cropped-corna-alta-tiny.png","contentUrl":"https:\/\/www.gossip.it\/wp-content\/uploads\/2022\/04\/cropped-corna-alta-tiny.png","width":512,"height":512,"caption":"Gossip and VIP News"},"image":{"@id":"https:\/\/www.gossip.it\/#\/schema\/logo\/image\/"},"sameAs":["https:\/\/www.facebook.com\/GossipIT","https:\/\/x.com\/gossinews_it","https:\/\/instagram.com\/gossip_it"]},{"@type":"Person","@id":"https:\/\/www.gossip.it\/#\/schema\/person\/488896f75158bff1cc83c6c39d141110","name":"La Redazione","image":{"@type":"ImageObject","inLanguage":"it-IT","@id":"https:\/\/www.gossip.it\/#\/schema\/person\/image\/","url":"https:\/\/secure.gravatar.com\/avatar\/5a5f5c6fa3e6700e4249abdad0263a1e94e927d9e0499b1cb09c1cd29c044d80?s=96&d=mm&r=g","contentUrl":"https:\/\/secure.gravatar.com\/avatar\/5a5f5c6fa3e6700e4249abdad0263a1e94e927d9e0499b1cb09c1cd29c044d80?s=96&d=mm&r=g","caption":"La Redazione"},"sameAs":["https:\/\/www.gossip.it"]}]}},"amp_enabled":true,"_links":{"self":[{"href":"https:\/\/www.gossip.it\/api\/wp\/v2\/posts\/50692","targetHints":{"allow":["GET"]}}],"collection":[{"href":"https:\/\/www.gossip.it\/api\/wp\/v2\/posts"}],"about":[{"href":"https:\/\/www.gossip.it\/api\/wp\/v2\/types\/post"}],"author":[{"embeddable":true,"href":"https:\/\/www.gossip.it\/api\/wp\/v2\/users\/1"}],"replies":[{"embeddable":true,"href":"https:\/\/www.gossip.it\/api\/wp\/v2\/comments?post=50692"}],"version-history":[{"count":0,"href":"https:\/\/www.gossip.it\/api\/wp\/v2\/posts\/50692\/revisions"}],"wp:featuredmedia":[{"embeddable":true,"href":"https:\/\/www.gossip.it\/api\/wp\/v2\/media\/106738"}],"wp:attachment":[{"href":"https:\/\/www.gossip.it\/api\/wp\/v2\/media?parent=50692"}],"wp:term":[{"taxonomy":"category","embeddable":true,"href":"https:\/\/www.gossip.it\/api\/wp\/v2\/categories?post=50692"},{"taxonomy":"post_tag","embeddable":true,"href":"https:\/\/www.gossip.it\/api\/wp\/v2\/tags?post=50692"},{"taxonomy":"vip","embeddable":true,"href":"https:\/\/www.gossip.it\/api\/wp\/v2\/vip?post=50692"}],"curies":[{"name":"wp","href":"https:\/\/api.w.org\/{rel}","templated":true}]}}