{"id":50723,"date":"2015-02-18T00:00:00","date_gmt":"2015-02-17T23:00:00","guid":{"rendered":"https:\/\/www.gossip.it\/senza-categoria\/emma-marrone-mamma-papa-roma\/"},"modified":"2015-02-18T00:00:00","modified_gmt":"2015-02-17T23:00:00","slug":"emma-marrone-mamma-papa-roma","status":"publish","type":"post","link":"https:\/\/www.gossip.it\/news\/emma-marrone-mamma-papa-roma\/","title":{"rendered":"Emma Marrone, a Roma con mamma e pap\u00e0, prende la metro"},"content":{"rendered":"<p>Dopo <a href=\"http:\/\/www.gossip.it\/vip\/sanremo\/\">Sanremo<\/a>, <a href=\"http:\/\/www.gossip.it\/vip\/emma-marrone\/\">Emma Marrone<\/a> \u00e8 arrivata a <strong>Roma<\/strong> insieme a <strong>mamma<\/strong> Maria e a<strong> pap\u00e0 <\/strong>Rosario. La cantante ha postato sul social un selfie con i genitori scattato a Piazza del Popolo, nel cuore della Capitale. Anti-diva, la bionda cantante, durante la gita in famiglia nella citt\u00e0 Eterna, si \u00e8 spostata prendendo i mezzi pubblici. Con i follower, infatti, ha condiviso anche uno scatto in bianco e nero realizzato in metropolitana.<\/p>\n<figure class=\"caption\"><img decoding=\"async\" alt=\"\" width=\"620\" height=\"609\" src=\"http:\/\/files.gossip.it\/immagini_news\/2015\/02\/1424266465_1-4.jpg\" \/><figcaption>Emma Marrone a Roma insieme a pap\u00e0 Rosario e mamma Maria<\/figcaption><\/figure>\n<p><strong>Emma Marrone<\/strong> con <strong>mamma<\/strong> e <strong>pap\u00e0<\/strong> fa la turista in giro per <strong>Roma<\/strong>, nonostante sia una celebrit\u00e0 nel campo della musica e abbia calcato, solo pochi giorni fa, il palco dell'Ariston nei panni di valletta, si muove, come molti comuni mortali, viaggiando in metro, niente taxi o macchine con autista per lei. La star della canzone italiana non ha mai dimostrato velleit\u00e0 da diva, anche a Sanremo, secondo quanto riportato da <em>Diva e Donna<\/em>, avrebbe pagato di tasca sua gli abiti indossati per affiancare <a href=\"http:\/\/www.gossip.it\/vip\/carlo-conti\/\">Carlo Conti<\/a> e <a href=\"http:\/\/www.gossip.it\/vip\/arisa\/\">Arisa<\/a>.\u00a0 <strong>Emma Marrone<\/strong> ha anche rinunciato al suo cachet per partecipare alla kermesse canora in qualit\u00e0 di valletta, ha percepito solo un rimborso spese per pagare i collaboratori pi\u00f9 stretti. E dopo il Festival continua ad avere uno stile di vita semplice: conclusosi l'impegno sanremese, ha deciso, come una qualsiasi turista, di godersi un po' la compagnia di <strong>mamma <\/strong>e <strong>pap\u00e0<\/strong>, sotto il sole di <strong>Roma<\/strong>.<\/p>\n<figure class=\"caption\"><img decoding=\"async\" alt=\"\" width=\"620\" height=\"620\" src=\"http:\/\/files.gossip.it\/immagini_news\/2015\/02\/1424266511_2-4.jpg\" \/><figcaption>Emma per spostarsi con i genitori nella Capitale ha preso la mtropolitana<\/figcaption><\/figure>\n<p>Un <em>break<\/em> nella Capitale prima di ripartire con il lavoro: Emma sar\u00e0 di nuovo coach nella fase serale di \"Amici\". A dare la notizia \u00e8 stata la stessa cantante pugliese, per farlo ha aspettato la fine di Sanremo: \"<em>Ho mantenuto il segreto su 'Amici'<\/em> - ha spiegato - <em>per rispettare innanzitutto la Rai e Carlo per la bellissima occasione che mi hanno regalato con il benestare di tutti, compresa Maria\"<\/em>.<\/p>\n","protected":false},"excerpt":{"rendered":"<p>Dopo Sanremo, Emma Marrone \u00e8 arrivata a Roma insieme a mamma Maria e a pap\u00e0 Rosario. La cantante ha postato sul social un selfie con i genitori scattato a Piazza del Popolo, nel cuore della Capitale. Anti-diva, la bionda cantante, durante la gita in famiglia nella citt\u00e0 Eterna, si \u00e8 spostata prendendo i mezzi pubblici. [&hellip;]<\/p>\n","protected":false},"author":1,"featured_media":106769,"comment_status":"closed","ping_status":"closed","sticky":false,"template":"","format":"standard","meta":{"footnotes":""},"categories":[54],"tags":[1909,1981,2711,1900,6370,1913,1879,8837,2582,1923,9853,3615],"vip":[669],"class_list":["post-50723","post","type-post","status-publish","format-standard","has-post-thumbnail","hentry","category-news","tag-amici","tag-cantante","tag-capitale","tag-mamma","tag-maria","tag-papa","tag-roma","tag-rosario","tag-sanremo","tag-social","tag-turista","tag-valletta","vip-emma_marrone"],"yoast_head":"<title>Emma Marrone, a Roma con mamma e pap\u00e0, prende la metro - Gossip.it | News sul Gossip e VIP<\/title>\n<meta name=\"description\" content=\"Dopo Sanremo, Emma Marrone \u00e8 arrivata a Roma insieme a mamma Maria e a pap\u00e0 Rosario. La cantante ha postato sul social un selfie con i genitori scattato a\" \/>\n<meta name=\"robots\" content=\"index, follow, max-snippet:-1, max-image-preview:large, max-video-preview:-1\" \/>\n<link rel=\"canonical\" href=\"https:\/\/www.gossip.it\/news\/emma-marrone-mamma-papa-roma\/\" \/>\n<meta property=\"og:locale\" content=\"it_IT\" \/>\n<meta property=\"og:type\" content=\"article\" \/>\n<meta property=\"og:title\" content=\"Emma Marrone, a Roma con mamma e pap\u00e0, prende la metro - Gossip.it | News sul Gossip e VIP\" \/>\n<meta property=\"og:description\" content=\"Dopo Sanremo, Emma Marrone \u00e8 arrivata a Roma insieme a mamma Maria e a pap\u00e0 Rosario. La cantante ha postato sul social un selfie con i genitori scattato a\" \/>\n<meta property=\"og:url\" content=\"https:\/\/www.gossip.it\/news\/emma-marrone-mamma-papa-roma\/\" \/>\n<meta property=\"og:site_name\" content=\"Gossip.it | News sul Gossip e VIP\" \/>\n<meta property=\"article:publisher\" content=\"https:\/\/www.facebook.com\/GossipIT\" \/>\n<meta property=\"article:published_time\" content=\"2015-02-17T23:00:00+00:00\" \/>\n<meta property=\"og:image\" content=\"http:\/\/files.gossip.it\/immagini_news\/2015\/02\/1424266465_1-4.jpg\" \/>\n<meta name=\"author\" content=\"La Redazione\" \/>\n<meta name=\"twitter:card\" content=\"summary_large_image\" \/>\n<meta name=\"twitter:image\" content=\"http:\/\/files.gossip.it\/immagini_news\/2015\/02\/1424266465_1-4.jpg\" \/>\n<meta name=\"twitter:creator\" content=\"@gossinews_it\" \/>\n<meta name=\"twitter:site\" content=\"@gossinews_it\" \/>\n<meta name=\"twitter:label1\" content=\"Scritto da\" \/>\n\t<meta name=\"twitter:data1\" content=\"Francesca Romana Domenici\" \/>\n\t<meta name=\"twitter:label2\" content=\"Tempo di lettura stimato\" \/>\n\t<meta name=\"twitter:data2\" content=\"2 minuti\" \/>","yoast_head_json":{"title":"Emma Marrone, a Roma con mamma e pap\u00e0, prende la metro - Gossip.it | News sul Gossip e VIP","description":"Dopo Sanremo, Emma Marrone \u00e8 arrivata a Roma insieme a mamma Maria e a pap\u00e0 Rosario. La cantante ha postato sul social un selfie con i genitori scattato a","robots":{"index":"index","follow":"follow","max-snippet":"max-snippet:-1","max-image-preview":"max-image-preview:large","max-video-preview":"max-video-preview:-1"},"canonical":"https:\/\/www.gossip.it\/news\/emma-marrone-mamma-papa-roma\/","og_locale":"it_IT","og_type":"article","og_title":"Emma Marrone, a Roma con mamma e pap\u00e0, prende la metro - Gossip.it | News sul Gossip e VIP","og_description":"Dopo Sanremo, Emma Marrone \u00e8 arrivata a Roma insieme a mamma Maria e a pap\u00e0 Rosario. La cantante ha postato sul social un selfie con i genitori scattato a","og_url":"https:\/\/www.gossip.it\/news\/emma-marrone-mamma-papa-roma\/","og_site_name":"Gossip.it | News sul Gossip e VIP","article_publisher":"https:\/\/www.facebook.com\/GossipIT","article_published_time":"2015-02-17T23:00:00+00:00","og_image":[{"url":"http:\/\/files.gossip.it\/immagini_news\/2015\/02\/1424266465_1-4.jpg"}],"author":"La Redazione","twitter_card":"summary_large_image","twitter_image":"http:\/\/files.gossip.it\/immagini_news\/2015\/02\/1424266465_1-4.jpg","twitter_creator":"@gossinews_it","twitter_site":"@gossinews_it","twitter_misc":{"Scritto da":"Francesca Romana Domenici","Tempo di lettura stimato":"2 minuti"},"schema":{"@context":"https:\/\/schema.org","@graph":[{"@type":"Article","@id":"https:\/\/www.gossip.it\/news\/emma-marrone-mamma-papa-roma\/#article","isPartOf":{"@id":"https:\/\/www.gossip.it\/news\/emma-marrone-mamma-papa-roma\/"},"author":{"name":"La Redazione","@id":"https:\/\/www.gossip.it\/#\/schema\/person\/488896f75158bff1cc83c6c39d141110"},"headline":"Emma Marrone, a Roma con mamma e pap\u00e0, prende la metro","datePublished":"2015-02-17T23:00:00+00:00","dateModified":"2015-02-17T23:00:00+00:00","mainEntityOfPage":{"@id":"https:\/\/www.gossip.it\/news\/emma-marrone-mamma-papa-roma\/"},"wordCount":327,"publisher":{"@id":"https:\/\/www.gossip.it\/#organization"},"image":{"@id":"https:\/\/www.gossip.it\/news\/emma-marrone-mamma-papa-roma\/#primaryimage"},"thumbnailUrl":"http:\/\/files.gossip.it\/immagini_news\/2015\/02\/1424266465_1-4.jpg","keywords":["amici","cantante","capitale","mamma","Maria","pap\u00e0","roma","rosario","sanremo","social","turista","valletta"],"articleSection":["News"],"inLanguage":"it-IT"},{"@type":"WebPage","@id":"https:\/\/www.gossip.it\/news\/emma-marrone-mamma-papa-roma\/","url":"https:\/\/www.gossip.it\/news\/emma-marrone-mamma-papa-roma\/","name":"Emma Marrone, a Roma con mamma e pap\u00e0, prende la metro - Gossip.it | News sul Gossip e VIP","isPartOf":{"@id":"https:\/\/www.gossip.it\/#website"},"primaryImageOfPage":{"@id":"https:\/\/www.gossip.it\/news\/emma-marrone-mamma-papa-roma\/#primaryimage"},"image":{"@id":"https:\/\/www.gossip.it\/news\/emma-marrone-mamma-papa-roma\/#primaryimage"},"thumbnailUrl":"http:\/\/files.gossip.it\/immagini_news\/2015\/02\/1424266465_1-4.jpg","datePublished":"2015-02-17T23:00:00+00:00","dateModified":"2015-02-17T23:00:00+00:00","description":"Dopo Sanremo, Emma Marrone \u00e8 arrivata a Roma insieme a mamma Maria e a pap\u00e0 Rosario. La cantante ha postato sul social un selfie con i genitori scattato a","breadcrumb":{"@id":"https:\/\/www.gossip.it\/news\/emma-marrone-mamma-papa-roma\/#breadcrumb"},"inLanguage":"it-IT","potentialAction":[{"@type":"ReadAction","target":["https:\/\/www.gossip.it\/news\/emma-marrone-mamma-papa-roma\/"]}]},{"@type":"ImageObject","inLanguage":"it-IT","@id":"https:\/\/www.gossip.it\/news\/emma-marrone-mamma-papa-roma\/#primaryimage","url":"http:\/\/files.gossip.it\/immagini_news\/2015\/02\/1424266465_1-4.jpg","contentUrl":"http:\/\/files.gossip.it\/immagini_news\/2015\/02\/1424266465_1-4.jpg"},{"@type":"BreadcrumbList","@id":"https:\/\/www.gossip.it\/news\/emma-marrone-mamma-papa-roma\/#breadcrumb","itemListElement":[{"@type":"ListItem","position":1,"name":"Home","item":"https:\/\/www.gossip.it\/"},{"@type":"ListItem","position":2,"name":"Emma Marrone, a Roma con mamma e pap\u00e0, prende la metro"}]},{"@type":"WebSite","@id":"https:\/\/www.gossip.it\/#website","url":"https:\/\/www.gossip.it\/","name":"Gossip and VIP News","description":"Quotidiano di cronaca rosa, costume e societ\u00e0","publisher":{"@id":"https:\/\/www.gossip.it\/#organization"},"alternateName":"Gossip and VIP News","potentialAction":[{"@type":"SearchAction","target":{"@type":"EntryPoint","urlTemplate":"https:\/\/www.gossip.it\/?s={search_term_string}"},"query-input":{"@type":"PropertyValueSpecification","valueRequired":true,"valueName":"search_term_string"}}],"inLanguage":"it-IT"},{"@type":"Organization","@id":"https:\/\/www.gossip.it\/#organization","name":"Gossip and VIP News","alternateName":"Gossip News","url":"https:\/\/www.gossip.it\/","logo":{"@type":"ImageObject","inLanguage":"it-IT","@id":"https:\/\/www.gossip.it\/#\/schema\/logo\/image\/","url":"https:\/\/www.gossip.it\/wp-content\/uploads\/2022\/04\/cropped-corna-alta-tiny.png","contentUrl":"https:\/\/www.gossip.it\/wp-content\/uploads\/2022\/04\/cropped-corna-alta-tiny.png","width":512,"height":512,"caption":"Gossip and VIP News"},"image":{"@id":"https:\/\/www.gossip.it\/#\/schema\/logo\/image\/"},"sameAs":["https:\/\/www.facebook.com\/GossipIT","https:\/\/x.com\/gossinews_it","https:\/\/instagram.com\/gossip_it"]},{"@type":"Person","@id":"https:\/\/www.gossip.it\/#\/schema\/person\/488896f75158bff1cc83c6c39d141110","name":"La Redazione","image":{"@type":"ImageObject","inLanguage":"it-IT","@id":"https:\/\/www.gossip.it\/#\/schema\/person\/image\/","url":"https:\/\/secure.gravatar.com\/avatar\/5a5f5c6fa3e6700e4249abdad0263a1e94e927d9e0499b1cb09c1cd29c044d80?s=96&d=mm&r=g","contentUrl":"https:\/\/secure.gravatar.com\/avatar\/5a5f5c6fa3e6700e4249abdad0263a1e94e927d9e0499b1cb09c1cd29c044d80?s=96&d=mm&r=g","caption":"La Redazione"},"sameAs":["https:\/\/www.gossip.it"]}]}},"amp_enabled":true,"_links":{"self":[{"href":"https:\/\/www.gossip.it\/api\/wp\/v2\/posts\/50723","targetHints":{"allow":["GET"]}}],"collection":[{"href":"https:\/\/www.gossip.it\/api\/wp\/v2\/posts"}],"about":[{"href":"https:\/\/www.gossip.it\/api\/wp\/v2\/types\/post"}],"author":[{"embeddable":true,"href":"https:\/\/www.gossip.it\/api\/wp\/v2\/users\/1"}],"replies":[{"embeddable":true,"href":"https:\/\/www.gossip.it\/api\/wp\/v2\/comments?post=50723"}],"version-history":[{"count":0,"href":"https:\/\/www.gossip.it\/api\/wp\/v2\/posts\/50723\/revisions"}],"wp:featuredmedia":[{"embeddable":true,"href":"https:\/\/www.gossip.it\/api\/wp\/v2\/media\/106769"}],"wp:attachment":[{"href":"https:\/\/www.gossip.it\/api\/wp\/v2\/media?parent=50723"}],"wp:term":[{"taxonomy":"category","embeddable":true,"href":"https:\/\/www.gossip.it\/api\/wp\/v2\/categories?post=50723"},{"taxonomy":"post_tag","embeddable":true,"href":"https:\/\/www.gossip.it\/api\/wp\/v2\/tags?post=50723"},{"taxonomy":"vip","embeddable":true,"href":"https:\/\/www.gossip.it\/api\/wp\/v2\/vip?post=50723"}],"curies":[{"name":"wp","href":"https:\/\/api.w.org\/{rel}","templated":true}]}}