{"id":50908,"date":"2015-03-05T00:00:00","date_gmt":"2015-03-04T23:00:00","guid":{"rendered":"https:\/\/www.gossip.it\/senza-categoria\/aurora-ramazzotti-selfie-social-edoardo-gori\/"},"modified":"2015-03-05T00:00:00","modified_gmt":"2015-03-04T23:00:00","slug":"aurora-ramazzotti-selfie-social-edoardo-gori","status":"publish","type":"post","link":"https:\/\/www.gossip.it\/news\/aurora-ramazzotti-selfie-social-edoardo-gori\/","title":{"rendered":"Aurora Ramazzotti, un selfie sul social con Edoardo Gori"},"content":{"rendered":"<p>Non l'ha condivisa lei, lo ha fatto lui. <a href=\"http:\/\/www.gossip.it\/vip\/aurora-ramazzotti\/\">Aurora Ramazzotti<\/a> si \u00e8 messa in posa per un <strong>selfie<\/strong>\u00a0<a href=\"http:\/\/www.gossip.it\/vip\/social-\/\">social <\/a>in coppia con il suo boyfriend, <a href=\"http:\/\/www.gossip.it\/vip\/edoardo-gori\/\">Edoardo Gori<\/a>, nipote di <a href=\"http:\/\/www.gossip.it\/vip\/giorgio-gori\/\">Giorgio Gori<\/a>, sindaco di Bergamo, ex manager Mediaset e Magnolia, marito della giornalista e conduttrice <a href=\"http:\/\/www.gossip.it\/vip\/tv\/\">tv<\/a> <a href=\"http:\/\/www.gossip.it\/vip\/cristina-parodi\/\">Cristina Parodi<\/a>.<\/p>\n<figure class=\"caption\"><img decoding=\"async\" alt=\"\" width=\"620\" height=\"628\" src=\"http:\/\/files.gossip.it\/immagini_news\/2015\/03\/1425564001_1aurora.jpg\" \/><figcaption>Selfie social per Aurora Ramazzotti e il suo boyfriend Edoardo Gori<\/figcaption><\/figure>\n<p><strong>Selfie social<\/strong> per <strong>Edoardo Gori<\/strong> e <strong>Aurora Ramazzotti<\/strong>. Il ragazzo, studente per Politecnico di Milano, lo ha postato sul suo profilo. E sempre su quello ha mandato online uno scatto insieme all'adorata mamma (e ha cinguettato : <em>\"Tale madre, tale figlio\"<\/em>) e uno dalla montagna, dove probabilmente di sta godendo un po' di relax, durante un break in baita con la sigaretta in bocca, leggermente guascone nella posa, sfrontato e sexy, proprio come scrive lui.<br \/>Sono giovanissimi e felici. Lo ha confessato la stessa <strong>Aurora Ramazzotti<\/strong>, intervistata da <em>Tgcom24<\/em>. <em>\"Purtroppo sono stata beccata subito, ci frequentiamo da poco\"<\/em>, ha detto la 18enne riferendosi ai paparazzi che l'hanno immortalata in coppia con <strong>Edoardo Gori<\/strong>. E ha aggiunto: <em>\"E' proprio un Gori, come avete scritto anche voi. Siamo felici. Non c'entra niente con questo mondo. Io ormai sono cresciuta e riesco a gestire bene il circo mediatico. Il mio problema con i fidanzati \u00e8 anche questo. Cos\u00ec cerco pi\u00f9 che posso di sfuggire ai paparazzi. Capisco anche che per lui \u00e8 difficile accettarlo, ma per fortuna Edoardo l'ha presa bene. Sono stata fortunata\"<\/em>.<\/p>\n<figure class=\"caption\"><img decoding=\"async\" alt=\"\" width=\"620\" height=\"582\" src=\"http:\/\/files.gossip.it\/immagini_news\/2015\/03\/1425564017_2aurora.jpg\" \/><figcaption>Il ragazzo insieme alla mamma<\/figcaption><\/figure>\n<p>Nel <strong>selfie<\/strong> sul <strong>social<\/strong> entrambi sono tenerissimi in coppia. Si amano, ma chiss\u00e0 se durer\u00e0. La figlia di <a href=\"http:\/\/www.gossip.it\/vip\/michelle-hunziker\/\">Michelle Hunziker<\/a> ed <a href=\"http:\/\/www.gossip.it\/vip\/eros-ramazzotti\/\">Eros Ramazzotti<\/a> \u00e8 in partenza: <em>\"E' un periodo di stress perch\u00e9 sto finendo la scuola. E devo pensare al mio futuro. Prima volevo fare giornalismo, poi ho ricevuto una proposta da una universit\u00e0 inglese molto importante e ho deciso di andare l\u00ec. Devo prendere il voto che mi chiedono e poi si parte\"<\/em>. Ha sempre studiato: <em>\"E' un dovere nei confronti dei miei genitori, mi piace renderli felici\"<\/em>.\u00a0<\/p>\n<figure class=\"caption\"><img decoding=\"async\" alt=\"\" width=\"620\" height=\"623\" src=\"http:\/\/files.gossip.it\/immagini_news\/2015\/03\/1425564033_3aurora.jpg\" \/><figcaption>Edo in montagna a sciare in una pausa break in baita<\/figcaption><\/figure>\n<p>Aurora \u00e8 perennemente sotto i riflettori, le piace, ma in micro dosi. E' una piccola donna molto positiva, che vive bene la sua famiglia allargata: <em>\"Con le mie sorelline abbiamo 18 anni di differenza e potrei essere la loro mamma se pensi che la mia mi ha avuta quando aveva 19 anni...\"<\/em>. Anche con i nuovi coniugi dei genitori va a meraviglia. Tomaso <em>\"\u00e8 molto serio e soprattutto \u00e8 molto molto simpatico e per me \u00e8 come se fosse il mio fratellone. Lo stesso vale per la moglie<\/em> (<a href=\"http:\/\/www.gossip.it\/vip\/marica-pellegrinelli\/\">Marica Pellegrinelli<\/a>, ndr) <em>di mio padre, se lo rende felice, lo sono anch'io\"<\/em>. E ora nel quotidiano c'\u00e8 pure c'\u00e8 Edo Gori...<\/p>\n","protected":false},"excerpt":{"rendered":"<p>Non l'ha condivisa lei, lo ha fatto lui. Aurora Ramazzotti si \u00e8 messa in posa per un selfie\u00a0social in coppia con il suo boyfriend, Edoardo Gori, nipote di Giorgio Gori, sindaco di Bergamo, ex manager Mediaset e Magnolia, marito della giornalista e conduttrice tv Cristina Parodi. Selfie social per Aurora Ramazzotti e il suo boyfriend [&hellip;]<\/p>\n","protected":false},"author":1,"featured_media":106954,"comment_status":"closed","ping_status":"closed","sticky":false,"template":"","format":"standard","meta":{"footnotes":""},"categories":[54],"tags":[1939,2102,51810,2121,9205,3099,8755,8631,51875,1967,1923,3288],"vip":[693,1351,1775],"class_list":["post-50908","post","type-post","status-publish","format-standard","has-post-thumbnail","hentry","category-news","tag-aurora-ramazzotti","tag-dichiarazioni","tag-edoardo-gori","tag-instagram","tag-milano-fashion-week","tag-moda","tag-raffaella-maria","tag-selfie","tag-selfie-social","tag-showgirl","tag-social","tag-sole","vip-eros_ramazzotti","vip-michelle_hunziker","vip-tomaso_trussardi"],"yoast_head":"<title>Aurora Ramazzotti, un selfie sul social con Edoardo Gori - Gossip.it | News sul Gossip e VIP<\/title>\n<meta name=\"description\" content=\"Non l&#039;ha condivisa lei, lo ha fatto lui. Aurora Ramazzotti si \u00e8 messa in posa per un selfie\u00a0social in coppia con il suo boyfriend, Edoardo Gori, nipote di\" \/>\n<meta name=\"robots\" content=\"index, follow, max-snippet:-1, max-image-preview:large, max-video-preview:-1\" \/>\n<link rel=\"canonical\" href=\"https:\/\/www.gossip.it\/news\/aurora-ramazzotti-selfie-social-edoardo-gori\/\" \/>\n<meta property=\"og:locale\" content=\"it_IT\" \/>\n<meta property=\"og:type\" content=\"article\" \/>\n<meta property=\"og:title\" content=\"Aurora Ramazzotti, un selfie sul social con Edoardo Gori - Gossip.it | News sul Gossip e VIP\" \/>\n<meta property=\"og:description\" content=\"Non l&#039;ha condivisa lei, lo ha fatto lui. Aurora Ramazzotti si \u00e8 messa in posa per un selfie\u00a0social in coppia con il suo boyfriend, Edoardo Gori, nipote di\" \/>\n<meta property=\"og:url\" content=\"https:\/\/www.gossip.it\/news\/aurora-ramazzotti-selfie-social-edoardo-gori\/\" \/>\n<meta property=\"og:site_name\" content=\"Gossip.it | News sul Gossip e VIP\" \/>\n<meta property=\"article:publisher\" content=\"https:\/\/www.facebook.com\/GossipIT\" \/>\n<meta property=\"article:published_time\" content=\"2015-03-04T23:00:00+00:00\" \/>\n<meta property=\"og:image\" content=\"http:\/\/files.gossip.it\/immagini_news\/2015\/03\/1425564001_1aurora.jpg\" \/>\n<meta name=\"author\" content=\"La Redazione\" \/>\n<meta name=\"twitter:card\" content=\"summary_large_image\" \/>\n<meta name=\"twitter:image\" content=\"http:\/\/files.gossip.it\/immagini_news\/2015\/03\/1425564001_1aurora.jpg\" \/>\n<meta name=\"twitter:creator\" content=\"@gossinews_it\" \/>\n<meta name=\"twitter:site\" content=\"@gossinews_it\" \/>\n<meta name=\"twitter:label1\" content=\"Scritto da\" \/>\n\t<meta name=\"twitter:data1\" content=\"Annamaria Capozzi\" \/>\n\t<meta name=\"twitter:label2\" content=\"Tempo di lettura stimato\" \/>\n\t<meta name=\"twitter:data2\" content=\"2 minuti\" \/>","yoast_head_json":{"title":"Aurora Ramazzotti, un selfie sul social con Edoardo Gori - Gossip.it | News sul Gossip e VIP","description":"Non l'ha condivisa lei, lo ha fatto lui. Aurora Ramazzotti si \u00e8 messa in posa per un selfie\u00a0social in coppia con il suo boyfriend, Edoardo Gori, nipote di","robots":{"index":"index","follow":"follow","max-snippet":"max-snippet:-1","max-image-preview":"max-image-preview:large","max-video-preview":"max-video-preview:-1"},"canonical":"https:\/\/www.gossip.it\/news\/aurora-ramazzotti-selfie-social-edoardo-gori\/","og_locale":"it_IT","og_type":"article","og_title":"Aurora Ramazzotti, un selfie sul social con Edoardo Gori - Gossip.it | News sul Gossip e VIP","og_description":"Non l'ha condivisa lei, lo ha fatto lui. Aurora Ramazzotti si \u00e8 messa in posa per un selfie\u00a0social in coppia con il suo boyfriend, Edoardo Gori, nipote di","og_url":"https:\/\/www.gossip.it\/news\/aurora-ramazzotti-selfie-social-edoardo-gori\/","og_site_name":"Gossip.it | News sul Gossip e VIP","article_publisher":"https:\/\/www.facebook.com\/GossipIT","article_published_time":"2015-03-04T23:00:00+00:00","og_image":[{"url":"http:\/\/files.gossip.it\/immagini_news\/2015\/03\/1425564001_1aurora.jpg"}],"author":"La Redazione","twitter_card":"summary_large_image","twitter_image":"http:\/\/files.gossip.it\/immagini_news\/2015\/03\/1425564001_1aurora.jpg","twitter_creator":"@gossinews_it","twitter_site":"@gossinews_it","twitter_misc":{"Scritto da":"Annamaria Capozzi","Tempo di lettura stimato":"2 minuti"},"schema":{"@context":"https:\/\/schema.org","@graph":[{"@type":"Article","@id":"https:\/\/www.gossip.it\/news\/aurora-ramazzotti-selfie-social-edoardo-gori\/#article","isPartOf":{"@id":"https:\/\/www.gossip.it\/news\/aurora-ramazzotti-selfie-social-edoardo-gori\/"},"author":{"name":"La Redazione","@id":"https:\/\/www.gossip.it\/#\/schema\/person\/488896f75158bff1cc83c6c39d141110"},"headline":"Aurora Ramazzotti, un selfie sul social con Edoardo Gori","datePublished":"2015-03-04T23:00:00+00:00","dateModified":"2015-03-04T23:00:00+00:00","mainEntityOfPage":{"@id":"https:\/\/www.gossip.it\/news\/aurora-ramazzotti-selfie-social-edoardo-gori\/"},"wordCount":458,"publisher":{"@id":"https:\/\/www.gossip.it\/#organization"},"image":{"@id":"https:\/\/www.gossip.it\/news\/aurora-ramazzotti-selfie-social-edoardo-gori\/#primaryimage"},"thumbnailUrl":"http:\/\/files.gossip.it\/immagini_news\/2015\/03\/1425564001_1aurora.jpg","keywords":["aurora ramazzotti","dichiarazioni","edoardo gori","instagram","milano fashion week","moda","raffaella maria","selfie","selfie social","showgirl","social","sole"],"articleSection":["News"],"inLanguage":"it-IT"},{"@type":"WebPage","@id":"https:\/\/www.gossip.it\/news\/aurora-ramazzotti-selfie-social-edoardo-gori\/","url":"https:\/\/www.gossip.it\/news\/aurora-ramazzotti-selfie-social-edoardo-gori\/","name":"Aurora Ramazzotti, un selfie sul social con Edoardo Gori - Gossip.it | News sul Gossip e VIP","isPartOf":{"@id":"https:\/\/www.gossip.it\/#website"},"primaryImageOfPage":{"@id":"https:\/\/www.gossip.it\/news\/aurora-ramazzotti-selfie-social-edoardo-gori\/#primaryimage"},"image":{"@id":"https:\/\/www.gossip.it\/news\/aurora-ramazzotti-selfie-social-edoardo-gori\/#primaryimage"},"thumbnailUrl":"http:\/\/files.gossip.it\/immagini_news\/2015\/03\/1425564001_1aurora.jpg","datePublished":"2015-03-04T23:00:00+00:00","dateModified":"2015-03-04T23:00:00+00:00","description":"Non l'ha condivisa lei, lo ha fatto lui. Aurora Ramazzotti si \u00e8 messa in posa per un selfie\u00a0social in coppia con il suo boyfriend, Edoardo Gori, nipote di","breadcrumb":{"@id":"https:\/\/www.gossip.it\/news\/aurora-ramazzotti-selfie-social-edoardo-gori\/#breadcrumb"},"inLanguage":"it-IT","potentialAction":[{"@type":"ReadAction","target":["https:\/\/www.gossip.it\/news\/aurora-ramazzotti-selfie-social-edoardo-gori\/"]}]},{"@type":"ImageObject","inLanguage":"it-IT","@id":"https:\/\/www.gossip.it\/news\/aurora-ramazzotti-selfie-social-edoardo-gori\/#primaryimage","url":"http:\/\/files.gossip.it\/immagini_news\/2015\/03\/1425564001_1aurora.jpg","contentUrl":"http:\/\/files.gossip.it\/immagini_news\/2015\/03\/1425564001_1aurora.jpg"},{"@type":"BreadcrumbList","@id":"https:\/\/www.gossip.it\/news\/aurora-ramazzotti-selfie-social-edoardo-gori\/#breadcrumb","itemListElement":[{"@type":"ListItem","position":1,"name":"Home","item":"https:\/\/www.gossip.it\/"},{"@type":"ListItem","position":2,"name":"Aurora Ramazzotti, un selfie sul social con Edoardo Gori"}]},{"@type":"WebSite","@id":"https:\/\/www.gossip.it\/#website","url":"https:\/\/www.gossip.it\/","name":"Gossip and VIP News","description":"Quotidiano di cronaca rosa, costume e societ\u00e0","publisher":{"@id":"https:\/\/www.gossip.it\/#organization"},"alternateName":"Gossip and VIP News","potentialAction":[{"@type":"SearchAction","target":{"@type":"EntryPoint","urlTemplate":"https:\/\/www.gossip.it\/?s={search_term_string}"},"query-input":{"@type":"PropertyValueSpecification","valueRequired":true,"valueName":"search_term_string"}}],"inLanguage":"it-IT"},{"@type":"Organization","@id":"https:\/\/www.gossip.it\/#organization","name":"Gossip and VIP News","alternateName":"Gossip News","url":"https:\/\/www.gossip.it\/","logo":{"@type":"ImageObject","inLanguage":"it-IT","@id":"https:\/\/www.gossip.it\/#\/schema\/logo\/image\/","url":"https:\/\/www.gossip.it\/wp-content\/uploads\/2022\/04\/cropped-corna-alta-tiny.png","contentUrl":"https:\/\/www.gossip.it\/wp-content\/uploads\/2022\/04\/cropped-corna-alta-tiny.png","width":512,"height":512,"caption":"Gossip and VIP News"},"image":{"@id":"https:\/\/www.gossip.it\/#\/schema\/logo\/image\/"},"sameAs":["https:\/\/www.facebook.com\/GossipIT","https:\/\/x.com\/gossinews_it","https:\/\/instagram.com\/gossip_it"]},{"@type":"Person","@id":"https:\/\/www.gossip.it\/#\/schema\/person\/488896f75158bff1cc83c6c39d141110","name":"La Redazione","image":{"@type":"ImageObject","inLanguage":"it-IT","@id":"https:\/\/www.gossip.it\/#\/schema\/person\/image\/","url":"https:\/\/secure.gravatar.com\/avatar\/5a5f5c6fa3e6700e4249abdad0263a1e94e927d9e0499b1cb09c1cd29c044d80?s=96&d=mm&r=g","contentUrl":"https:\/\/secure.gravatar.com\/avatar\/5a5f5c6fa3e6700e4249abdad0263a1e94e927d9e0499b1cb09c1cd29c044d80?s=96&d=mm&r=g","caption":"La Redazione"},"sameAs":["https:\/\/www.gossip.it"]}]}},"amp_enabled":true,"_links":{"self":[{"href":"https:\/\/www.gossip.it\/api\/wp\/v2\/posts\/50908","targetHints":{"allow":["GET"]}}],"collection":[{"href":"https:\/\/www.gossip.it\/api\/wp\/v2\/posts"}],"about":[{"href":"https:\/\/www.gossip.it\/api\/wp\/v2\/types\/post"}],"author":[{"embeddable":true,"href":"https:\/\/www.gossip.it\/api\/wp\/v2\/users\/1"}],"replies":[{"embeddable":true,"href":"https:\/\/www.gossip.it\/api\/wp\/v2\/comments?post=50908"}],"version-history":[{"count":0,"href":"https:\/\/www.gossip.it\/api\/wp\/v2\/posts\/50908\/revisions"}],"wp:featuredmedia":[{"embeddable":true,"href":"https:\/\/www.gossip.it\/api\/wp\/v2\/media\/106954"}],"wp:attachment":[{"href":"https:\/\/www.gossip.it\/api\/wp\/v2\/media?parent=50908"}],"wp:term":[{"taxonomy":"category","embeddable":true,"href":"https:\/\/www.gossip.it\/api\/wp\/v2\/categories?post=50908"},{"taxonomy":"post_tag","embeddable":true,"href":"https:\/\/www.gossip.it\/api\/wp\/v2\/tags?post=50908"},{"taxonomy":"vip","embeddable":true,"href":"https:\/\/www.gossip.it\/api\/wp\/v2\/vip?post=50908"}],"curies":[{"name":"wp","href":"https:\/\/api.w.org\/{rel}","templated":true}]}}