{"id":50941,"date":"2015-03-09T00:00:00","date_gmt":"2015-03-08T23:00:00","guid":{"rendered":"https:\/\/www.gossip.it\/senza-categoria\/martina-stella-andrea-manfredonia-ortisei\/"},"modified":"2015-03-09T00:00:00","modified_gmt":"2015-03-08T23:00:00","slug":"martina-stella-andrea-manfredonia-ortisei","status":"publish","type":"post","link":"https:\/\/www.gossip.it\/news\/martina-stella-andrea-manfredonia-ortisei\/","title":{"rendered":"Martina Stella e Andrea Manfredonia a Ortisei"},"content":{"rendered":"<p>Venerd\u00ec era arrivato il primo selfie in coppia con cui avevano in qualche modo ufficializzato la loro unione. Poi, il giorno seguente, ecco \u00a0comparire online, ancora sul profilo <a href=\"http:\/\/www.gossip.it\/vip\/social\/\">social<\/a> di lui, un altro scatto, sempre a due, direttamente dal Seceda, una vetta del gruppo delle Odle, in Val Gardena, sopra l'abitato di <strong>Ortisei<\/strong>, a 2500 metri di altezza. <a href=\"http:\/\/www.gossip.it\/vip\/martina-stella\/\">Martina Stella<\/a> e <a href=\"http:\/\/www.gossip.it\/vip\/andrea-manfredonia\/\">Andrea Manfredonia<\/a> si godono una vacanza d'amore in montagna, circondati dal bianco candido della neve.<\/p>\n<figure class=\"caption\"><img decoding=\"async\" alt=\"\" width=\"620\" height=\"680\" src=\"http:\/\/files.gossip.it\/immagini_news\/2015\/03\/1425910552_1stellla.jpg\" \/><figcaption>Altro selfie in coppia per Martina Stella e il fidanzato Andrea Manfredonia direttamente da Ortisei<\/figcaption><\/figure>\n<p><strong>Andrea Manfredonia<\/strong> e <strong>Martina Stella<\/strong> sono felicissimi. Nella foto postata direttamente da <strong>Ortisei<\/strong>, localit\u00e0 raggiunta volando via da Roma, fatta ad altissima quota, entrambi hanno i volti illuminati dal sole e sorridono entusiasti. Peccato che i loro occhi siano oscurati dagli occhialoni da sole, sicuramente avranno avuti gli sguardi raggianti per la prima vacanza da fidanzati ormai ufficializzati tramite network, proprio seguendo il trend di tantissime star.<br \/>L'<a href=\"http:\/\/www.gossip.it\/vip\/attrice\/\">attrice<\/a> 30enne e l'agente dei giocatori 28enne, figlio dell'ex <a href=\"http:\/\/www.gossip.it\/vip\/calciatore\/\">calciatore<\/a> di Roma e Lazio <em>Lionello Manfredonia<\/em>, ora lui stesso procuratore sportivo, si frequentano da qualche mese. Finora solo paparazzate per loro, poi, finalmente, la gioia di mostrarsi. Andrea ha voluto condividerla, accompagnando un'immagine che li ritraeva sull'aereo con un semplice commento: <em>\"In viaggio con il mio amore\"<\/em>.<\/p>\n<figure class=\"caption\"><img decoding=\"async\" alt=\"\" width=\"620\" height=\"542\" src=\"http:\/\/files.gossip.it\/immagini_news\/2015\/03\/1425910569_2stella.jpg\" \/><figcaption>Un paesaggio della magnifica localit\u00e0 sciistica dove la coppia sta trascorrendo la vacanza<\/figcaption><\/figure>\n<p>Ora di nuovo piccioncini in baita a <strong>Ortisei<\/strong>. Il paese imbiancato \u00e8 davvero una meta romantica per loro, che non hanno avuto bisogno di andare via dall'Italia, magari ai Tropici. Per volare lontano c'\u00e8 tempo, tutto quel che si vuole. Andrea, tra l'altro, ha gi\u00e0 un ottimo rapporto anche con la piccola <em>Ginevra<\/em>, la figlia che <strong>Martina Stella<\/strong> ha avuto dall'ex <a href=\"http:\/\/www.gossip.it\/vip\/gabriele-gregorini\/\">Gabriele Gregorini<\/a> nell'ottobre 2012.<br \/>Tornata single da quest\u2019estate, <strong>Martina Stella<\/strong>, dopo tre anni d'amore con l'hair stylist, aveva deciso di prendersi una pausa dagli uomini, nonostante tutti i media le affibbiassero un <a href=\"http:\/\/www.gossip.it\/vip\/flirt\/\">flirt<\/a> al giorno con facce note tra le pi\u00f9 disparate. La bionda era anche sbottata e intervistata era stata piuttosto dura con giornalisti e organi di informazione. Ora, per\u00f2, non pu\u00f2 pi\u00f9 <em>'svicolare'<\/em>. Anzi. Sembra lei stessa quella felice di <em>'certificare'<\/em> un amore che pare essere molto importante. Andrea Manfredonia sembra riuscito a conquistarla completamente, rendendola nuovamente serena e con quel tipo di batticuore che fa bene all'anima.<\/p>\n<p>\u00a0<\/p>\n","protected":false},"excerpt":{"rendered":"<p>Venerd\u00ec era arrivato il primo selfie in coppia con cui avevano in qualche modo ufficializzato la loro unione. Poi, il giorno seguente, ecco \u00a0comparire online, ancora sul profilo social di lui, un altro scatto, sempre a due, direttamente dal Seceda, una vetta del gruppo delle Odle, in Val Gardena, sopra l'abitato di Ortisei, a 2500 [&hellip;]<\/p>\n","protected":false},"author":1,"featured_media":106987,"comment_status":"closed","ping_status":"closed","sticky":false,"template":"","format":"standard","meta":{"footnotes":""},"categories":[54],"tags":[9573,1983,2405,2218,3609,2104,2140,8261,7192,2121,10961,25622,5281,1923,1899],"vip":[1279],"class_list":["post-50941","post","type-post","status-publish","format-standard","has-post-thumbnail","hentry","category-news","tag-andrea-manfredonia","tag-attrice","tag-bacio","tag-calciatore","tag-calcio","tag-chi","tag-flirt","tag-gabriele-gregorini","tag-ginevra","tag-instagram","tag-novella-2000","tag-ortisei","tag-paparazzate","tag-social","tag-vacanza","vip-martina_stella"],"yoast_head":"<title>Martina Stella e Andrea Manfredonia a Ortisei - Gossip.it | News sul Gossip e VIP<\/title>\n<meta name=\"description\" content=\"Venerd\u00ec era arrivato il primo selfie in coppia con cui avevano in qualche modo ufficializzato la loro unione. Poi, il giorno seguente, ecco \u00a0comparire\" \/>\n<meta name=\"robots\" content=\"index, follow, max-snippet:-1, max-image-preview:large, max-video-preview:-1\" \/>\n<link rel=\"canonical\" href=\"https:\/\/www.gossip.it\/news\/martina-stella-andrea-manfredonia-ortisei\/\" \/>\n<meta property=\"og:locale\" content=\"it_IT\" \/>\n<meta property=\"og:type\" content=\"article\" \/>\n<meta property=\"og:title\" content=\"Martina Stella e Andrea Manfredonia a Ortisei - Gossip.it | News sul Gossip e VIP\" \/>\n<meta property=\"og:description\" content=\"Venerd\u00ec era arrivato il primo selfie in coppia con cui avevano in qualche modo ufficializzato la loro unione. Poi, il giorno seguente, ecco \u00a0comparire\" \/>\n<meta property=\"og:url\" content=\"https:\/\/www.gossip.it\/news\/martina-stella-andrea-manfredonia-ortisei\/\" \/>\n<meta property=\"og:site_name\" content=\"Gossip.it | News sul Gossip e VIP\" \/>\n<meta property=\"article:publisher\" content=\"https:\/\/www.facebook.com\/GossipIT\" \/>\n<meta property=\"article:published_time\" content=\"2015-03-08T23:00:00+00:00\" \/>\n<meta property=\"og:image\" content=\"http:\/\/files.gossip.it\/immagini_news\/2015\/03\/1425910552_1stellla.jpg\" \/>\n<meta name=\"author\" content=\"La Redazione\" \/>\n<meta name=\"twitter:card\" content=\"summary_large_image\" \/>\n<meta name=\"twitter:image\" content=\"http:\/\/files.gossip.it\/immagini_news\/2015\/03\/1425910552_1stellla.jpg\" \/>\n<meta name=\"twitter:creator\" content=\"@gossinews_it\" \/>\n<meta name=\"twitter:site\" content=\"@gossinews_it\" \/>\n<meta name=\"twitter:label1\" content=\"Scritto da\" \/>\n\t<meta name=\"twitter:data1\" content=\"Annamaria Capozzi\" \/>\n\t<meta name=\"twitter:label2\" content=\"Tempo di lettura stimato\" \/>\n\t<meta name=\"twitter:data2\" content=\"2 minuti\" \/>","yoast_head_json":{"title":"Martina Stella e Andrea Manfredonia a Ortisei - Gossip.it | News sul Gossip e VIP","description":"Venerd\u00ec era arrivato il primo selfie in coppia con cui avevano in qualche modo ufficializzato la loro unione. Poi, il giorno seguente, ecco \u00a0comparire","robots":{"index":"index","follow":"follow","max-snippet":"max-snippet:-1","max-image-preview":"max-image-preview:large","max-video-preview":"max-video-preview:-1"},"canonical":"https:\/\/www.gossip.it\/news\/martina-stella-andrea-manfredonia-ortisei\/","og_locale":"it_IT","og_type":"article","og_title":"Martina Stella e Andrea Manfredonia a Ortisei - Gossip.it | News sul Gossip e VIP","og_description":"Venerd\u00ec era arrivato il primo selfie in coppia con cui avevano in qualche modo ufficializzato la loro unione. Poi, il giorno seguente, ecco \u00a0comparire","og_url":"https:\/\/www.gossip.it\/news\/martina-stella-andrea-manfredonia-ortisei\/","og_site_name":"Gossip.it | News sul Gossip e VIP","article_publisher":"https:\/\/www.facebook.com\/GossipIT","article_published_time":"2015-03-08T23:00:00+00:00","og_image":[{"url":"http:\/\/files.gossip.it\/immagini_news\/2015\/03\/1425910552_1stellla.jpg"}],"author":"La Redazione","twitter_card":"summary_large_image","twitter_image":"http:\/\/files.gossip.it\/immagini_news\/2015\/03\/1425910552_1stellla.jpg","twitter_creator":"@gossinews_it","twitter_site":"@gossinews_it","twitter_misc":{"Scritto da":"Annamaria Capozzi","Tempo di lettura stimato":"2 minuti"},"schema":{"@context":"https:\/\/schema.org","@graph":[{"@type":"Article","@id":"https:\/\/www.gossip.it\/news\/martina-stella-andrea-manfredonia-ortisei\/#article","isPartOf":{"@id":"https:\/\/www.gossip.it\/news\/martina-stella-andrea-manfredonia-ortisei\/"},"author":{"name":"La Redazione","@id":"https:\/\/www.gossip.it\/#\/schema\/person\/488896f75158bff1cc83c6c39d141110"},"headline":"Martina Stella e Andrea Manfredonia a Ortisei","datePublished":"2015-03-08T23:00:00+00:00","dateModified":"2015-03-08T23:00:00+00:00","mainEntityOfPage":{"@id":"https:\/\/www.gossip.it\/news\/martina-stella-andrea-manfredonia-ortisei\/"},"wordCount":408,"publisher":{"@id":"https:\/\/www.gossip.it\/#organization"},"image":{"@id":"https:\/\/www.gossip.it\/news\/martina-stella-andrea-manfredonia-ortisei\/#primaryimage"},"thumbnailUrl":"http:\/\/files.gossip.it\/immagini_news\/2015\/03\/1425910552_1stellla.jpg","keywords":["andrea manfredonia","attrice","bacio","calciatore","calcio","chi","flirt","gabriele gregorini","ginevra","instagram","novella 2000","ortisei","paparazzate","social","vacanza"],"articleSection":["News"],"inLanguage":"it-IT"},{"@type":"WebPage","@id":"https:\/\/www.gossip.it\/news\/martina-stella-andrea-manfredonia-ortisei\/","url":"https:\/\/www.gossip.it\/news\/martina-stella-andrea-manfredonia-ortisei\/","name":"Martina Stella e Andrea Manfredonia a Ortisei - Gossip.it | News sul Gossip e VIP","isPartOf":{"@id":"https:\/\/www.gossip.it\/#website"},"primaryImageOfPage":{"@id":"https:\/\/www.gossip.it\/news\/martina-stella-andrea-manfredonia-ortisei\/#primaryimage"},"image":{"@id":"https:\/\/www.gossip.it\/news\/martina-stella-andrea-manfredonia-ortisei\/#primaryimage"},"thumbnailUrl":"http:\/\/files.gossip.it\/immagini_news\/2015\/03\/1425910552_1stellla.jpg","datePublished":"2015-03-08T23:00:00+00:00","dateModified":"2015-03-08T23:00:00+00:00","description":"Venerd\u00ec era arrivato il primo selfie in coppia con cui avevano in qualche modo ufficializzato la loro unione. Poi, il giorno seguente, ecco \u00a0comparire","breadcrumb":{"@id":"https:\/\/www.gossip.it\/news\/martina-stella-andrea-manfredonia-ortisei\/#breadcrumb"},"inLanguage":"it-IT","potentialAction":[{"@type":"ReadAction","target":["https:\/\/www.gossip.it\/news\/martina-stella-andrea-manfredonia-ortisei\/"]}]},{"@type":"ImageObject","inLanguage":"it-IT","@id":"https:\/\/www.gossip.it\/news\/martina-stella-andrea-manfredonia-ortisei\/#primaryimage","url":"http:\/\/files.gossip.it\/immagini_news\/2015\/03\/1425910552_1stellla.jpg","contentUrl":"http:\/\/files.gossip.it\/immagini_news\/2015\/03\/1425910552_1stellla.jpg"},{"@type":"BreadcrumbList","@id":"https:\/\/www.gossip.it\/news\/martina-stella-andrea-manfredonia-ortisei\/#breadcrumb","itemListElement":[{"@type":"ListItem","position":1,"name":"Home","item":"https:\/\/www.gossip.it\/"},{"@type":"ListItem","position":2,"name":"Martina Stella e Andrea Manfredonia a Ortisei"}]},{"@type":"WebSite","@id":"https:\/\/www.gossip.it\/#website","url":"https:\/\/www.gossip.it\/","name":"Gossip and VIP News","description":"Quotidiano di cronaca rosa, costume e societ\u00e0","publisher":{"@id":"https:\/\/www.gossip.it\/#organization"},"alternateName":"Gossip and VIP News","potentialAction":[{"@type":"SearchAction","target":{"@type":"EntryPoint","urlTemplate":"https:\/\/www.gossip.it\/?s={search_term_string}"},"query-input":{"@type":"PropertyValueSpecification","valueRequired":true,"valueName":"search_term_string"}}],"inLanguage":"it-IT"},{"@type":"Organization","@id":"https:\/\/www.gossip.it\/#organization","name":"Gossip and VIP News","alternateName":"Gossip News","url":"https:\/\/www.gossip.it\/","logo":{"@type":"ImageObject","inLanguage":"it-IT","@id":"https:\/\/www.gossip.it\/#\/schema\/logo\/image\/","url":"https:\/\/www.gossip.it\/wp-content\/uploads\/2022\/04\/cropped-corna-alta-tiny.png","contentUrl":"https:\/\/www.gossip.it\/wp-content\/uploads\/2022\/04\/cropped-corna-alta-tiny.png","width":512,"height":512,"caption":"Gossip and VIP News"},"image":{"@id":"https:\/\/www.gossip.it\/#\/schema\/logo\/image\/"},"sameAs":["https:\/\/www.facebook.com\/GossipIT","https:\/\/x.com\/gossinews_it","https:\/\/instagram.com\/gossip_it"]},{"@type":"Person","@id":"https:\/\/www.gossip.it\/#\/schema\/person\/488896f75158bff1cc83c6c39d141110","name":"La Redazione","image":{"@type":"ImageObject","inLanguage":"it-IT","@id":"https:\/\/www.gossip.it\/#\/schema\/person\/image\/","url":"https:\/\/secure.gravatar.com\/avatar\/5a5f5c6fa3e6700e4249abdad0263a1e94e927d9e0499b1cb09c1cd29c044d80?s=96&d=mm&r=g","contentUrl":"https:\/\/secure.gravatar.com\/avatar\/5a5f5c6fa3e6700e4249abdad0263a1e94e927d9e0499b1cb09c1cd29c044d80?s=96&d=mm&r=g","caption":"La Redazione"},"sameAs":["https:\/\/www.gossip.it"]}]}},"amp_enabled":true,"_links":{"self":[{"href":"https:\/\/www.gossip.it\/api\/wp\/v2\/posts\/50941","targetHints":{"allow":["GET"]}}],"collection":[{"href":"https:\/\/www.gossip.it\/api\/wp\/v2\/posts"}],"about":[{"href":"https:\/\/www.gossip.it\/api\/wp\/v2\/types\/post"}],"author":[{"embeddable":true,"href":"https:\/\/www.gossip.it\/api\/wp\/v2\/users\/1"}],"replies":[{"embeddable":true,"href":"https:\/\/www.gossip.it\/api\/wp\/v2\/comments?post=50941"}],"version-history":[{"count":0,"href":"https:\/\/www.gossip.it\/api\/wp\/v2\/posts\/50941\/revisions"}],"wp:featuredmedia":[{"embeddable":true,"href":"https:\/\/www.gossip.it\/api\/wp\/v2\/media\/106987"}],"wp:attachment":[{"href":"https:\/\/www.gossip.it\/api\/wp\/v2\/media?parent=50941"}],"wp:term":[{"taxonomy":"category","embeddable":true,"href":"https:\/\/www.gossip.it\/api\/wp\/v2\/categories?post=50941"},{"taxonomy":"post_tag","embeddable":true,"href":"https:\/\/www.gossip.it\/api\/wp\/v2\/tags?post=50941"},{"taxonomy":"vip","embeddable":true,"href":"https:\/\/www.gossip.it\/api\/wp\/v2\/vip?post=50941"}],"curies":[{"name":"wp","href":"https:\/\/api.w.org\/{rel}","templated":true}]}}