{"id":50996,"date":"2015-03-13T00:00:00","date_gmt":"2015-03-12T23:00:00","guid":{"rendered":"https:\/\/www.gossip.it\/senza-categoria\/bianca-balti-voglia-gelato-gravidanza\/"},"modified":"2015-03-13T00:00:00","modified_gmt":"2015-03-12T23:00:00","slug":"bianca-balti-voglia-gelato-gravidanza","status":"publish","type":"post","link":"https:\/\/www.gossip.it\/news\/bianca-balti-voglia-gelato-gravidanza\/","title":{"rendered":"Bianca Balti, voglia di gelato in gravidanza"},"content":{"rendered":"<p><a href=\"http:\/\/www.gossip.it\/vip\/bianca-balti\/\">Bianca Balti<\/a> in <a href=\"http:\/\/www.gossip.it\/vip\/gravidanza\/\">gravidanza<\/a> ha un'irrefrenabile <strong>voglia<\/strong> di <strong>gelato<\/strong>, come svelato sul suo profilo <a href=\"http:\/\/www.gossip.it\/vip\/social\/\">social<\/a>, dove ha postato uno scatto in cui \u00e8 inquadrato il suo pancione e, poggiata sulle sue gambe, una vaschetta proprio di <strong>gelato<\/strong> vuota a met\u00e0.<em> \"Ho finalmente trovato il mio cibo dei desideri preferito!!!Il <strong>Gelato<\/strong> alla nocciola del Piemonte... Italian style...!\"<\/em>, ha cinguettato entusiasta la <a href=\"http:\/\/www.gossip.it\/vip\/modella\/\">modella<\/a>.<\/p>\n<figure class=\"caption\"><img decoding=\"async\" alt=\"\" width=\"620\" height=\"785\" src=\"http:\/\/files.gossip.it\/immagini_news\/2015\/03\/1426258398_bianca_balti_voglie_incinta_gelato.jpg\" \/><figcaption>In gravidanza Bianca Balti ha una voglia pazza di gelato alla nocciola e ne mangia met\u00e0 vaschetta<\/figcaption><\/figure>\n<p>In <strong>gravidanza<\/strong> nei primi mesi si ha soprattutto voglia di salato, poi subentra quella di dolce e il <strong>gelato<\/strong> \u00e8 diventato una vera ossessione per <strong>Bianca Balti<\/strong> che, fortunatamente, non ha alcun problema di linea e pu\u00f2 permettersi, volendo di soffisfare la sua <strong>voglia<\/strong> e di finirla completamente la vaschetta in questione...<br \/><strong>Voglia<\/strong> di <strong>gelato<\/strong> in <strong>gravidanza<\/strong>, ma pure la bellezza a 30 anni di sfoggiare un pancione per spot. <strong>Bianca Balti<\/strong>, nonostante sia <a href=\"http:\/\/www.gossip.it\/vip\/incinta\/\">incinta<\/a> di otto mesi, dopo aver calcato la passerella di <a href=\"http:\/\/www.gossip.it\/vip\/dolce-& gabbana\/\">Dolce & Gabbana<\/a> durante la <a href=\"http:\/\/www.gossip.it\/vip\/milano-fashion week\/\">Milano Fashion Week<\/a> i primi giorni di marzo, il 16 del mese sar\u00e0 rosso passione per L'Or\u00e9al Paris, brand di cui \u00e8 testimonial, come raccontano le immagini mandate online da lei stessa.<\/p>\n<figure class=\"caption\"><img decoding=\"async\" alt=\"\" width=\"620\" height=\"625\" src=\"http:\/\/files.gossip.it\/immagini_news\/2015\/03\/1426258417_bianca_balti_incinta_spot_red.jpg\" \/><figcaption>Per la modella 30enne all'ottavo mese di gravidanza in arrivo anche uno spot per L'Oreal Paris<\/figcaption><\/figure>\n<p>Mamma di <em>Matilde<\/em>, 7 anni, avuta dall'ex marito <em>Christian Lucidi<\/em>, il fotografo da cui \u00e8 separata da tempo, Bianca \u00e8 in dolce attesa di un'altra femminuccia.<br \/>La <strong>gravidanza<\/strong> l'ha annunciata al mondo lo scorso febbraio. Intervistata da <em>Grazia<\/em>, ha detto: <em>\"Sono incinta. Sar\u00e0 una femmina. Avrei preferito un maschio, anche quando aspettavo Matilde lo speravo\"<\/em>.<\/p>\n<figure class=\"caption\"><img decoding=\"async\" alt=\"\" width=\"620\" height=\"615\" src=\"http:\/\/files.gossip.it\/immagini_news\/2015\/03\/1426258433_bianca_balti_pancione_abito_rosso.jpg\" \/><figcaption>Red passion Bianca sfoggia il suo pancione pure in pubblicit\u00e0<\/figcaption><\/figure>\n<p>E ha aggiunto, parlando del padre della bimba che arriver\u00e0:<em> \"Non c\u2019entra con il mondo della moda e non \u00e8 un miliardario. Non farebbe proprio per me. E' un uomo normale e lavora negli Stati Uniti. Lo vedr\u00f2 in marzo, un mese prima del parto. So che un giorno mi risposer\u00f2. Non voglio caricare di troppe aspettative il nostro rapporto. Mi auguro che vada bene, ma se cos\u00ec non fosse, io sono comunque in grado di prendermi cura della bambina da sola\"<\/em>.<\/p>\n<p>\u00a0<\/p>\n","protected":false},"excerpt":{"rendered":"<p>Bianca Balti in gravidanza ha un'irrefrenabile voglia di gelato, come svelato sul suo profilo social, dove ha postato uno scatto in cui \u00e8 inquadrato il suo pancione e, poggiata sulle sue gambe, una vaschetta proprio di gelato vuota a met\u00e0. \"Ho finalmente trovato il mio cibo dei desideri preferito!!!Il Gelato alla nocciola del Piemonte... Italian [&hellip;]<\/p>\n","protected":false},"author":1,"featured_media":107042,"comment_status":"closed","ping_status":"closed","sticky":false,"template":"","format":"standard","meta":{"footnotes":""},"categories":[54],"tags":[34694,2102,9060,2001,7939,2181,2306,2094,2121,10019,1997,1923,2333,2919],"vip":[414],"class_list":["post-50996","post","type-post","status-publish","format-standard","has-post-thumbnail","hentry","category-news","tag-christian-lucidi","tag-dichiarazioni","tag-ex-marito","tag-femmina","tag-gelato","tag-gravidanza","tag-grazia","tag-incinta","tag-instagram","tag-matilde","tag-modella","tag-social","tag-top-model","tag-voglia","vip-bianca_balti"],"yoast_head":"<title>Bianca Balti, voglia di gelato in gravidanza - Gossip.it | News sul Gossip e VIP<\/title>\n<meta name=\"description\" content=\"Bianca Balti in gravidanza ha un&#039;irrefrenabile voglia di gelato, come svelato sul suo profilo social, dove ha postato uno scatto in cui \u00e8 inquadrato il\" \/>\n<meta name=\"robots\" content=\"index, follow, max-snippet:-1, max-image-preview:large, max-video-preview:-1\" \/>\n<link rel=\"canonical\" href=\"https:\/\/www.gossip.it\/news\/bianca-balti-voglia-gelato-gravidanza\/\" \/>\n<meta property=\"og:locale\" content=\"it_IT\" \/>\n<meta property=\"og:type\" content=\"article\" \/>\n<meta property=\"og:title\" content=\"Bianca Balti, voglia di gelato in gravidanza - Gossip.it | News sul Gossip e VIP\" \/>\n<meta property=\"og:description\" content=\"Bianca Balti in gravidanza ha un&#039;irrefrenabile voglia di gelato, come svelato sul suo profilo social, dove ha postato uno scatto in cui \u00e8 inquadrato il\" \/>\n<meta property=\"og:url\" content=\"https:\/\/www.gossip.it\/news\/bianca-balti-voglia-gelato-gravidanza\/\" \/>\n<meta property=\"og:site_name\" content=\"Gossip.it | News sul Gossip e VIP\" \/>\n<meta property=\"article:publisher\" content=\"https:\/\/www.facebook.com\/GossipIT\" \/>\n<meta property=\"article:published_time\" content=\"2015-03-12T23:00:00+00:00\" \/>\n<meta property=\"og:image\" content=\"http:\/\/files.gossip.it\/immagini_news\/2015\/03\/1426258398_bianca_balti_voglie_incinta_gelato.jpg\" \/>\n<meta name=\"author\" content=\"La Redazione\" \/>\n<meta name=\"twitter:card\" content=\"summary_large_image\" \/>\n<meta name=\"twitter:image\" content=\"http:\/\/files.gossip.it\/immagini_news\/2015\/03\/1426258398_bianca_balti_voglie_incinta_gelato.jpg\" \/>\n<meta name=\"twitter:creator\" content=\"@gossinews_it\" \/>\n<meta name=\"twitter:site\" content=\"@gossinews_it\" \/>\n<meta name=\"twitter:label1\" content=\"Scritto da\" \/>\n\t<meta name=\"twitter:data1\" content=\"Annamaria Capozzi\" \/>\n\t<meta name=\"twitter:label2\" content=\"Tempo di lettura stimato\" \/>\n\t<meta name=\"twitter:data2\" content=\"2 minuti\" \/>","yoast_head_json":{"title":"Bianca Balti, voglia di gelato in gravidanza - Gossip.it | News sul Gossip e VIP","description":"Bianca Balti in gravidanza ha un'irrefrenabile voglia di gelato, come svelato sul suo profilo social, dove ha postato uno scatto in cui \u00e8 inquadrato il","robots":{"index":"index","follow":"follow","max-snippet":"max-snippet:-1","max-image-preview":"max-image-preview:large","max-video-preview":"max-video-preview:-1"},"canonical":"https:\/\/www.gossip.it\/news\/bianca-balti-voglia-gelato-gravidanza\/","og_locale":"it_IT","og_type":"article","og_title":"Bianca Balti, voglia di gelato in gravidanza - Gossip.it | News sul Gossip e VIP","og_description":"Bianca Balti in gravidanza ha un'irrefrenabile voglia di gelato, come svelato sul suo profilo social, dove ha postato uno scatto in cui \u00e8 inquadrato il","og_url":"https:\/\/www.gossip.it\/news\/bianca-balti-voglia-gelato-gravidanza\/","og_site_name":"Gossip.it | News sul Gossip e VIP","article_publisher":"https:\/\/www.facebook.com\/GossipIT","article_published_time":"2015-03-12T23:00:00+00:00","og_image":[{"url":"http:\/\/files.gossip.it\/immagini_news\/2015\/03\/1426258398_bianca_balti_voglie_incinta_gelato.jpg"}],"author":"La Redazione","twitter_card":"summary_large_image","twitter_image":"http:\/\/files.gossip.it\/immagini_news\/2015\/03\/1426258398_bianca_balti_voglie_incinta_gelato.jpg","twitter_creator":"@gossinews_it","twitter_site":"@gossinews_it","twitter_misc":{"Scritto da":"Annamaria Capozzi","Tempo di lettura stimato":"2 minuti"},"schema":{"@context":"https:\/\/schema.org","@graph":[{"@type":"Article","@id":"https:\/\/www.gossip.it\/news\/bianca-balti-voglia-gelato-gravidanza\/#article","isPartOf":{"@id":"https:\/\/www.gossip.it\/news\/bianca-balti-voglia-gelato-gravidanza\/"},"author":{"name":"La Redazione","@id":"https:\/\/www.gossip.it\/#\/schema\/person\/488896f75158bff1cc83c6c39d141110"},"headline":"Bianca Balti, voglia di gelato in gravidanza","datePublished":"2015-03-12T23:00:00+00:00","dateModified":"2015-03-12T23:00:00+00:00","mainEntityOfPage":{"@id":"https:\/\/www.gossip.it\/news\/bianca-balti-voglia-gelato-gravidanza\/"},"wordCount":369,"publisher":{"@id":"https:\/\/www.gossip.it\/#organization"},"image":{"@id":"https:\/\/www.gossip.it\/news\/bianca-balti-voglia-gelato-gravidanza\/#primaryimage"},"thumbnailUrl":"http:\/\/files.gossip.it\/immagini_news\/2015\/03\/1426258398_bianca_balti_voglie_incinta_gelato.jpg","keywords":["christian lucidi","dichiarazioni","ex marito","femmina","gelato","gravidanza","grazia","incinta","instagram","matilde","modella","social","top model","voglia"],"articleSection":["News"],"inLanguage":"it-IT"},{"@type":"WebPage","@id":"https:\/\/www.gossip.it\/news\/bianca-balti-voglia-gelato-gravidanza\/","url":"https:\/\/www.gossip.it\/news\/bianca-balti-voglia-gelato-gravidanza\/","name":"Bianca Balti, voglia di gelato in gravidanza - Gossip.it | News sul Gossip e VIP","isPartOf":{"@id":"https:\/\/www.gossip.it\/#website"},"primaryImageOfPage":{"@id":"https:\/\/www.gossip.it\/news\/bianca-balti-voglia-gelato-gravidanza\/#primaryimage"},"image":{"@id":"https:\/\/www.gossip.it\/news\/bianca-balti-voglia-gelato-gravidanza\/#primaryimage"},"thumbnailUrl":"http:\/\/files.gossip.it\/immagini_news\/2015\/03\/1426258398_bianca_balti_voglie_incinta_gelato.jpg","datePublished":"2015-03-12T23:00:00+00:00","dateModified":"2015-03-12T23:00:00+00:00","description":"Bianca Balti in gravidanza ha un'irrefrenabile voglia di gelato, come svelato sul suo profilo social, dove ha postato uno scatto in cui \u00e8 inquadrato il","breadcrumb":{"@id":"https:\/\/www.gossip.it\/news\/bianca-balti-voglia-gelato-gravidanza\/#breadcrumb"},"inLanguage":"it-IT","potentialAction":[{"@type":"ReadAction","target":["https:\/\/www.gossip.it\/news\/bianca-balti-voglia-gelato-gravidanza\/"]}]},{"@type":"ImageObject","inLanguage":"it-IT","@id":"https:\/\/www.gossip.it\/news\/bianca-balti-voglia-gelato-gravidanza\/#primaryimage","url":"http:\/\/files.gossip.it\/immagini_news\/2015\/03\/1426258398_bianca_balti_voglie_incinta_gelato.jpg","contentUrl":"http:\/\/files.gossip.it\/immagini_news\/2015\/03\/1426258398_bianca_balti_voglie_incinta_gelato.jpg"},{"@type":"BreadcrumbList","@id":"https:\/\/www.gossip.it\/news\/bianca-balti-voglia-gelato-gravidanza\/#breadcrumb","itemListElement":[{"@type":"ListItem","position":1,"name":"Home","item":"https:\/\/www.gossip.it\/"},{"@type":"ListItem","position":2,"name":"Bianca Balti, voglia di gelato in gravidanza"}]},{"@type":"WebSite","@id":"https:\/\/www.gossip.it\/#website","url":"https:\/\/www.gossip.it\/","name":"Gossip and VIP News","description":"Quotidiano di cronaca rosa, costume e societ\u00e0","publisher":{"@id":"https:\/\/www.gossip.it\/#organization"},"alternateName":"Gossip and VIP News","potentialAction":[{"@type":"SearchAction","target":{"@type":"EntryPoint","urlTemplate":"https:\/\/www.gossip.it\/?s={search_term_string}"},"query-input":{"@type":"PropertyValueSpecification","valueRequired":true,"valueName":"search_term_string"}}],"inLanguage":"it-IT"},{"@type":"Organization","@id":"https:\/\/www.gossip.it\/#organization","name":"Gossip and VIP News","alternateName":"Gossip News","url":"https:\/\/www.gossip.it\/","logo":{"@type":"ImageObject","inLanguage":"it-IT","@id":"https:\/\/www.gossip.it\/#\/schema\/logo\/image\/","url":"https:\/\/www.gossip.it\/wp-content\/uploads\/2022\/04\/cropped-corna-alta-tiny.png","contentUrl":"https:\/\/www.gossip.it\/wp-content\/uploads\/2022\/04\/cropped-corna-alta-tiny.png","width":512,"height":512,"caption":"Gossip and VIP News"},"image":{"@id":"https:\/\/www.gossip.it\/#\/schema\/logo\/image\/"},"sameAs":["https:\/\/www.facebook.com\/GossipIT","https:\/\/x.com\/gossinews_it","https:\/\/instagram.com\/gossip_it"]},{"@type":"Person","@id":"https:\/\/www.gossip.it\/#\/schema\/person\/488896f75158bff1cc83c6c39d141110","name":"La Redazione","image":{"@type":"ImageObject","inLanguage":"it-IT","@id":"https:\/\/www.gossip.it\/#\/schema\/person\/image\/","url":"https:\/\/secure.gravatar.com\/avatar\/5a5f5c6fa3e6700e4249abdad0263a1e94e927d9e0499b1cb09c1cd29c044d80?s=96&d=mm&r=g","contentUrl":"https:\/\/secure.gravatar.com\/avatar\/5a5f5c6fa3e6700e4249abdad0263a1e94e927d9e0499b1cb09c1cd29c044d80?s=96&d=mm&r=g","caption":"La Redazione"},"sameAs":["https:\/\/www.gossip.it"]}]}},"amp_enabled":true,"_links":{"self":[{"href":"https:\/\/www.gossip.it\/api\/wp\/v2\/posts\/50996","targetHints":{"allow":["GET"]}}],"collection":[{"href":"https:\/\/www.gossip.it\/api\/wp\/v2\/posts"}],"about":[{"href":"https:\/\/www.gossip.it\/api\/wp\/v2\/types\/post"}],"author":[{"embeddable":true,"href":"https:\/\/www.gossip.it\/api\/wp\/v2\/users\/1"}],"replies":[{"embeddable":true,"href":"https:\/\/www.gossip.it\/api\/wp\/v2\/comments?post=50996"}],"version-history":[{"count":0,"href":"https:\/\/www.gossip.it\/api\/wp\/v2\/posts\/50996\/revisions"}],"wp:featuredmedia":[{"embeddable":true,"href":"https:\/\/www.gossip.it\/api\/wp\/v2\/media\/107042"}],"wp:attachment":[{"href":"https:\/\/www.gossip.it\/api\/wp\/v2\/media?parent=50996"}],"wp:term":[{"taxonomy":"category","embeddable":true,"href":"https:\/\/www.gossip.it\/api\/wp\/v2\/categories?post=50996"},{"taxonomy":"post_tag","embeddable":true,"href":"https:\/\/www.gossip.it\/api\/wp\/v2\/tags?post=50996"},{"taxonomy":"vip","embeddable":true,"href":"https:\/\/www.gossip.it\/api\/wp\/v2\/vip?post=50996"}],"curies":[{"name":"wp","href":"https:\/\/api.w.org\/{rel}","templated":true}]}}