{"id":51019,"date":"2015-03-17T00:00:00","date_gmt":"2015-03-16T23:00:00","guid":{"rendered":"https:\/\/www.gossip.it\/senza-categoria\/vin-diesel-papa-terza-volta\/"},"modified":"2015-03-17T00:00:00","modified_gmt":"2015-03-16T23:00:00","slug":"vin-diesel-papa-terza-volta","status":"publish","type":"post","link":"https:\/\/www.gossip.it\/news\/vin-diesel-papa-terza-volta\/","title":{"rendered":"Vin Diesel \u00e8 diventato pap\u00e0 per la terza volta: guarda"},"content":{"rendered":"<p><a href=\"http:\/\/www.gossip.it\/vip\/vin-diesel\/\">Vin Diesel<\/a> <strong>pap\u00e0<\/strong> per la <strong>terza volta<\/strong>. L'attore ha dato la lieta novella sul social: ha pubblicato uno scatto che lo ritrae insieme al beb\u00e8 appena arrivato.<\/p>\n<figure class=\"caption\"><img decoding=\"async\" alt=\"\" height=\"419\" width=\"620\" src=\"http:\/\/files.gossip.it\/immagini_news\/2015\/03\/1426593550_vin_diesel_terzogenito.jpg\" \/><figcaption>Vin Diesel insieme al suo terzo figlio, l'attore ha postato la foto sul social<\/figcaption><\/figure>\n<p>La star di \"Fast & Furious\", 47 anni, e la compagna, la modella <a href=\"http:\/\/www.gossip.it\/vip\/paloma-jim\u00e9nez\/\">Paloma Jim\u00e9nez<\/a>, sono diventati genitori per la <strong>terza volta<\/strong>. <strong>Vin Diesel <\/strong>ha deciso di mostrare al mondo il viso del bimbo appena nato. Del beb\u00e8 non si sa molto altro, l'attore non ne svela il nome e non fa sapere ai <a href=\"http:\/\/www.gossip.it\/vip\/follower-\/\">follower <\/a>nemmeno se si tratta di un maschietto o di una femminuccia. Accanto all'immagine, per\u00f2, ha scritto una strofa di \"What a Wonderful World\": <em>\"Sento i bambini che piangono, li guardo crescere. Impareranno molto pi\u00f9 di quello che so io. E tra me penso: che mondo meraviglioso\"<\/em>. La notizia della gravidanza \u00e8 arrivata solo lo scorso febbraio. <strong>Vin Diesel<\/strong>, riservatissimo, non ha mai confermato i roumor: <em>\"E' un grande <strong>pap\u00e0<\/strong>, ma non ama parlarne\"<\/em>, hanno dichiarato i suoi amici.\u00a0<\/p>\n<figure class=\"caption\"><img decoding=\"async\" alt=\"\" src=\"http:\/\/files.gossip.it\/immagini_news\/2015\/03\/1426593605_paloma_jimenez_vin_diesel_genitori_tris.jpg\" \/><figcaption>Vin Diesel e la compagna Paoloma Jimenez hanno anche altri due figli, Vincent e Hania<\/figcaption><\/figure>\n<p>La star di Hollywood non ama raccontare i dettagli della sua vita privata, soprattutto quando di mezzo ci sono gli eredi. Solo una volta il protagonista di \"Fast & Furious\" ha parlato pubblicamente del suo ruolo di padre, lo ha fatto ricordando il suo amico e collega <a href=\"http:\/\/www.gossip.it\/vip\/paul-walker\/\">Paul Walker<\/a>, prematuramente scomparso.\u00a0 Ha rivelato come spesso guardasse i suoi figli che lo consideravano come uno zio: <em>\"Il giorno in cui \u00e8 nata Hania stavamo girando una scena e lui mi ha incoraggiato ad andare a tagliare il cordone ombelicale. Era una parte importante della mia vita, soprattutto quando sono diventato padre\"<strong>. \u00a0<\/strong><\/em><span style=\"line-height: 1.6em;\"><strong>Vin Diesel<\/strong> \u00e8 diventato <\/span><strong style=\"line-height: 1.6em;\">pap\u00e0<\/strong><span style=\"line-height: 1.6em;\"> per la <strong>terza volta<\/strong>. Dalla compagna Paloma, 31 anni, ha avuto altri due eredi, Vincent Sinclair, 4, e Hania Riley, 6.\u00a0<\/span><\/p>\n","protected":false},"excerpt":{"rendered":"<p>Vin Diesel pap\u00e0 per la terza volta. L'attore ha dato la lieta novella sul social: ha pubblicato uno scatto che lo ritrae insieme al beb\u00e8 appena arrivato. Vin Diesel insieme al suo terzo figlio, l'attore ha postato la foto sul social La star di \"Fast &#038; Furious\", 47 anni, e la compagna, la modella Paloma [&hellip;]<\/p>\n","protected":false},"author":1,"featured_media":107065,"comment_status":"closed","ping_status":"closed","sticky":false,"template":"","format":"standard","meta":{"footnotes":""},"categories":[54],"tags":[2137,4970,51954,28231,51953,1913,17600,1923,2152,27284],"vip":[1829],"class_list":["post-51019","post","type-post","status-publish","format-standard","has-post-thumbnail","hentry","category-news","tag-attore","tag-fast-and-furious","tag-hania","tag-jimenez","tag-paloma","tag-papa","tag-paul-walker","tag-social","tag-terza-volta","tag-vincent","vip-vin_diesel"],"yoast_head":"<title>Vin Diesel \u00e8 diventato pap\u00e0 per la terza volta: guarda - Gossip.it | News sul Gossip e VIP<\/title>\n<meta name=\"description\" content=\"Vin Diesel pap\u00e0 per la terza volta. L&#039;attore ha dato la lieta novella sul social: ha pubblicato uno scatto che lo ritrae insieme al beb\u00e8 appena\" \/>\n<meta name=\"robots\" content=\"index, follow, max-snippet:-1, max-image-preview:large, max-video-preview:-1\" \/>\n<link rel=\"canonical\" href=\"https:\/\/www.gossip.it\/news\/vin-diesel-papa-terza-volta\/\" \/>\n<meta property=\"og:locale\" content=\"it_IT\" \/>\n<meta property=\"og:type\" content=\"article\" \/>\n<meta property=\"og:title\" content=\"Vin Diesel \u00e8 diventato pap\u00e0 per la terza volta: guarda - Gossip.it | News sul Gossip e VIP\" \/>\n<meta property=\"og:description\" content=\"Vin Diesel pap\u00e0 per la terza volta. L&#039;attore ha dato la lieta novella sul social: ha pubblicato uno scatto che lo ritrae insieme al beb\u00e8 appena\" \/>\n<meta property=\"og:url\" content=\"https:\/\/www.gossip.it\/news\/vin-diesel-papa-terza-volta\/\" \/>\n<meta property=\"og:site_name\" content=\"Gossip.it | News sul Gossip e VIP\" \/>\n<meta property=\"article:publisher\" content=\"https:\/\/www.facebook.com\/GossipIT\" \/>\n<meta property=\"article:published_time\" content=\"2015-03-16T23:00:00+00:00\" \/>\n<meta property=\"og:image\" content=\"http:\/\/files.gossip.it\/immagini_news\/2015\/03\/1426593550_vin_diesel_terzogenito.jpg\" \/>\n<meta name=\"author\" content=\"La Redazione\" \/>\n<meta name=\"twitter:card\" content=\"summary_large_image\" \/>\n<meta name=\"twitter:image\" content=\"http:\/\/files.gossip.it\/immagini_news\/2015\/03\/1426593550_vin_diesel_terzogenito.jpg\" \/>\n<meta name=\"twitter:creator\" content=\"@gossinews_it\" \/>\n<meta name=\"twitter:site\" content=\"@gossinews_it\" \/>\n<meta name=\"twitter:label1\" content=\"Scritto da\" \/>\n\t<meta name=\"twitter:data1\" content=\"Francesca Romana Domenici\" \/>\n\t<meta name=\"twitter:label2\" content=\"Tempo di lettura stimato\" \/>\n\t<meta name=\"twitter:data2\" content=\"2 minuti\" \/>","yoast_head_json":{"title":"Vin Diesel \u00e8 diventato pap\u00e0 per la terza volta: guarda - Gossip.it | News sul Gossip e VIP","description":"Vin Diesel pap\u00e0 per la terza volta. L'attore ha dato la lieta novella sul social: ha pubblicato uno scatto che lo ritrae insieme al beb\u00e8 appena","robots":{"index":"index","follow":"follow","max-snippet":"max-snippet:-1","max-image-preview":"max-image-preview:large","max-video-preview":"max-video-preview:-1"},"canonical":"https:\/\/www.gossip.it\/news\/vin-diesel-papa-terza-volta\/","og_locale":"it_IT","og_type":"article","og_title":"Vin Diesel \u00e8 diventato pap\u00e0 per la terza volta: guarda - Gossip.it | News sul Gossip e VIP","og_description":"Vin Diesel pap\u00e0 per la terza volta. L'attore ha dato la lieta novella sul social: ha pubblicato uno scatto che lo ritrae insieme al beb\u00e8 appena","og_url":"https:\/\/www.gossip.it\/news\/vin-diesel-papa-terza-volta\/","og_site_name":"Gossip.it | News sul Gossip e VIP","article_publisher":"https:\/\/www.facebook.com\/GossipIT","article_published_time":"2015-03-16T23:00:00+00:00","og_image":[{"url":"http:\/\/files.gossip.it\/immagini_news\/2015\/03\/1426593550_vin_diesel_terzogenito.jpg"}],"author":"La Redazione","twitter_card":"summary_large_image","twitter_image":"http:\/\/files.gossip.it\/immagini_news\/2015\/03\/1426593550_vin_diesel_terzogenito.jpg","twitter_creator":"@gossinews_it","twitter_site":"@gossinews_it","twitter_misc":{"Scritto da":"Francesca Romana Domenici","Tempo di lettura stimato":"2 minuti"},"schema":{"@context":"https:\/\/schema.org","@graph":[{"@type":"Article","@id":"https:\/\/www.gossip.it\/news\/vin-diesel-papa-terza-volta\/#article","isPartOf":{"@id":"https:\/\/www.gossip.it\/news\/vin-diesel-papa-terza-volta\/"},"author":{"name":"La Redazione","@id":"https:\/\/www.gossip.it\/#\/schema\/person\/488896f75158bff1cc83c6c39d141110"},"headline":"Vin Diesel \u00e8 diventato pap\u00e0 per la terza volta: guarda","datePublished":"2015-03-16T23:00:00+00:00","dateModified":"2015-03-16T23:00:00+00:00","mainEntityOfPage":{"@id":"https:\/\/www.gossip.it\/news\/vin-diesel-papa-terza-volta\/"},"wordCount":320,"publisher":{"@id":"https:\/\/www.gossip.it\/#organization"},"image":{"@id":"https:\/\/www.gossip.it\/news\/vin-diesel-papa-terza-volta\/#primaryimage"},"thumbnailUrl":"http:\/\/files.gossip.it\/immagini_news\/2015\/03\/1426593550_vin_diesel_terzogenito.jpg","keywords":["attore","fast and furious","hania","jimenez","paloma","pap\u00e0","paul walker","social","terza volta","vincent"],"articleSection":["News"],"inLanguage":"it-IT"},{"@type":"WebPage","@id":"https:\/\/www.gossip.it\/news\/vin-diesel-papa-terza-volta\/","url":"https:\/\/www.gossip.it\/news\/vin-diesel-papa-terza-volta\/","name":"Vin Diesel \u00e8 diventato pap\u00e0 per la terza volta: guarda - Gossip.it | News sul Gossip e VIP","isPartOf":{"@id":"https:\/\/www.gossip.it\/#website"},"primaryImageOfPage":{"@id":"https:\/\/www.gossip.it\/news\/vin-diesel-papa-terza-volta\/#primaryimage"},"image":{"@id":"https:\/\/www.gossip.it\/news\/vin-diesel-papa-terza-volta\/#primaryimage"},"thumbnailUrl":"http:\/\/files.gossip.it\/immagini_news\/2015\/03\/1426593550_vin_diesel_terzogenito.jpg","datePublished":"2015-03-16T23:00:00+00:00","dateModified":"2015-03-16T23:00:00+00:00","description":"Vin Diesel pap\u00e0 per la terza volta. L'attore ha dato la lieta novella sul social: ha pubblicato uno scatto che lo ritrae insieme al beb\u00e8 appena","breadcrumb":{"@id":"https:\/\/www.gossip.it\/news\/vin-diesel-papa-terza-volta\/#breadcrumb"},"inLanguage":"it-IT","potentialAction":[{"@type":"ReadAction","target":["https:\/\/www.gossip.it\/news\/vin-diesel-papa-terza-volta\/"]}]},{"@type":"ImageObject","inLanguage":"it-IT","@id":"https:\/\/www.gossip.it\/news\/vin-diesel-papa-terza-volta\/#primaryimage","url":"http:\/\/files.gossip.it\/immagini_news\/2015\/03\/1426593550_vin_diesel_terzogenito.jpg","contentUrl":"http:\/\/files.gossip.it\/immagini_news\/2015\/03\/1426593550_vin_diesel_terzogenito.jpg"},{"@type":"BreadcrumbList","@id":"https:\/\/www.gossip.it\/news\/vin-diesel-papa-terza-volta\/#breadcrumb","itemListElement":[{"@type":"ListItem","position":1,"name":"Home","item":"https:\/\/www.gossip.it\/"},{"@type":"ListItem","position":2,"name":"Vin Diesel \u00e8 diventato pap\u00e0 per la terza volta: guarda"}]},{"@type":"WebSite","@id":"https:\/\/www.gossip.it\/#website","url":"https:\/\/www.gossip.it\/","name":"Gossip and VIP News","description":"Quotidiano di cronaca rosa, costume e societ\u00e0","publisher":{"@id":"https:\/\/www.gossip.it\/#organization"},"alternateName":"Gossip and VIP News","potentialAction":[{"@type":"SearchAction","target":{"@type":"EntryPoint","urlTemplate":"https:\/\/www.gossip.it\/?s={search_term_string}"},"query-input":{"@type":"PropertyValueSpecification","valueRequired":true,"valueName":"search_term_string"}}],"inLanguage":"it-IT"},{"@type":"Organization","@id":"https:\/\/www.gossip.it\/#organization","name":"Gossip and VIP News","alternateName":"Gossip News","url":"https:\/\/www.gossip.it\/","logo":{"@type":"ImageObject","inLanguage":"it-IT","@id":"https:\/\/www.gossip.it\/#\/schema\/logo\/image\/","url":"https:\/\/www.gossip.it\/wp-content\/uploads\/2022\/04\/cropped-corna-alta-tiny.png","contentUrl":"https:\/\/www.gossip.it\/wp-content\/uploads\/2022\/04\/cropped-corna-alta-tiny.png","width":512,"height":512,"caption":"Gossip and VIP News"},"image":{"@id":"https:\/\/www.gossip.it\/#\/schema\/logo\/image\/"},"sameAs":["https:\/\/www.facebook.com\/GossipIT","https:\/\/x.com\/gossinews_it","https:\/\/instagram.com\/gossip_it"]},{"@type":"Person","@id":"https:\/\/www.gossip.it\/#\/schema\/person\/488896f75158bff1cc83c6c39d141110","name":"La Redazione","image":{"@type":"ImageObject","inLanguage":"it-IT","@id":"https:\/\/www.gossip.it\/#\/schema\/person\/image\/","url":"https:\/\/secure.gravatar.com\/avatar\/5a5f5c6fa3e6700e4249abdad0263a1e94e927d9e0499b1cb09c1cd29c044d80?s=96&d=mm&r=g","contentUrl":"https:\/\/secure.gravatar.com\/avatar\/5a5f5c6fa3e6700e4249abdad0263a1e94e927d9e0499b1cb09c1cd29c044d80?s=96&d=mm&r=g","caption":"La Redazione"},"sameAs":["https:\/\/www.gossip.it"]}]}},"amp_enabled":true,"_links":{"self":[{"href":"https:\/\/www.gossip.it\/api\/wp\/v2\/posts\/51019","targetHints":{"allow":["GET"]}}],"collection":[{"href":"https:\/\/www.gossip.it\/api\/wp\/v2\/posts"}],"about":[{"href":"https:\/\/www.gossip.it\/api\/wp\/v2\/types\/post"}],"author":[{"embeddable":true,"href":"https:\/\/www.gossip.it\/api\/wp\/v2\/users\/1"}],"replies":[{"embeddable":true,"href":"https:\/\/www.gossip.it\/api\/wp\/v2\/comments?post=51019"}],"version-history":[{"count":0,"href":"https:\/\/www.gossip.it\/api\/wp\/v2\/posts\/51019\/revisions"}],"wp:featuredmedia":[{"embeddable":true,"href":"https:\/\/www.gossip.it\/api\/wp\/v2\/media\/107065"}],"wp:attachment":[{"href":"https:\/\/www.gossip.it\/api\/wp\/v2\/media?parent=51019"}],"wp:term":[{"taxonomy":"category","embeddable":true,"href":"https:\/\/www.gossip.it\/api\/wp\/v2\/categories?post=51019"},{"taxonomy":"post_tag","embeddable":true,"href":"https:\/\/www.gossip.it\/api\/wp\/v2\/tags?post=51019"},{"taxonomy":"vip","embeddable":true,"href":"https:\/\/www.gossip.it\/api\/wp\/v2\/vip?post=51019"}],"curies":[{"name":"wp","href":"https:\/\/api.w.org\/{rel}","templated":true}]}}