{"id":51055,"date":"2015-03-19T00:00:00","date_gmt":"2015-03-18T23:00:00","guid":{"rendered":"https:\/\/www.gossip.it\/senza-categoria\/belen-rodriguez-auguri-papa-stefano-de-martino\/"},"modified":"2015-03-19T00:00:00","modified_gmt":"2015-03-18T23:00:00","slug":"belen-rodriguez-auguri-papa-stefano-de-martino","status":"publish","type":"post","link":"https:\/\/www.gossip.it\/news\/belen-rodriguez-auguri-papa-stefano-de-martino\/","title":{"rendered":"Belen Rodriguez, i suoi auguri a pap\u00e0 Stefano De Martino"},"content":{"rendered":"<p><a href=\"http:\/\/www.gossip.it\/vip\/belen-rodriguez\/\">Belen Rodriguez<\/a>, nonostante la crisi, pubblica la foto del disegno che ha realizzato <a href=\"http:\/\/www.gossip.it\/vip\/santiago\/\">Santiago<\/a> per il <strong>pap\u00e0<\/strong> e fa i suoi <strong>auguri<\/strong> a <a href=\"http:\/\/www.gossip.it\/vip\/stefano-de martino\/\">Stefano De Martino<\/a> e a tutti gli altri padri del mondo, per un 19 marzo, San Giuseppe, super.<\/p>\n<figure class=\"caption\"><img decoding=\"async\" alt=\"\" width=\"620\" height=\"618\" src=\"http:\/\/files.gossip.it\/immagini_news\/2015\/03\/1426774024_disegno_santiago_festa_del_papa_de_martino_rodriguez.jpg\" \/><figcaption>Il disegno di Santiago mandato online da Belen Rodriguez per fare gli auguri a pap\u00e0 Stefano De Martino<\/figcaption><\/figure>\n<p><strong>Belen Rodriguez<\/strong> agli amici <a href=\"http:\/\/www.gossip.it\/vip\/social\/\">social<\/a> mostra il disegno fatto dal suo Santi, una serie di scarabocchi deliziosi coloratissimi, del resto il bimbo \u00e8 piccolissimo, il prossimo 9 aprile far\u00e0 2 anni. Sopra il disegno c'\u00e8 scritto:<em> \"Para el mejor <strong>pap\u00e0<\/strong> del mundo!\"<\/em>, tradotto dallo spagnolo: <em>\"Per il miglior <strong>pap\u00e0<\/strong> del mondo!\"<\/em>. E' una calligrafia da adulto, sar\u00e0 stata sicuramente la <a href=\"http:\/\/www.gossip.it\/vip\/showgirl\/\">showgirl<\/a> 30enne a scriverlo. A commento cinguetta: <em>\"Auguri a tutti i <strong>pap\u00e0<\/strong>!!!!! @stedemartino #santi\"<\/em>.<br \/><strong>Belen Rodriguez<\/strong>, anche se al momento le cose in coppia non vanno benissimo, anzi, vuole far sentire la sua vicinanza al marito <strong>Stefano De Martino<\/strong> e gli fa gli <strong>auguri<\/strong>.\u00a0Il ballerino ex Amici \u00e8 sempre stato un <strong>pap\u00e0<\/strong> entusiasta, genitore presente e tenero con il figlioletto, che non ha mai lasciato per molto tempo, a meno di impegni lavorativi o fughe romantiche proprio con l'argentina.<\/p>\n<figure class=\"caption\"><img decoding=\"async\" alt=\"\" width=\"620\" height=\"722\" src=\"http:\/\/files.gossip.it\/immagini_news\/2015\/03\/1426774048_stefano_de_martino_santiago.jpg\" \/><figcaption>Uno scatto social del ballerino e il figlioletto insieme nel lettone<\/figcaption><\/figure>\n<p>Anche <strong>Stefano De Martino<\/strong> stamane aveva mandato online l'immagine dello stesso disegno creato per lui da Santi e aveva cinguettato:<em> \"Capolavoro del mio artista preferito #amoredipap\u00e0 #lecosebelledellavita\"<\/em>. Vuole sorridere, vuole pensare che tutto si risolver\u00e0. E i followers, in tantissimi, sperano che questa crisi tra lui e <strong>Belen Rodriguez<\/strong>, ora al centro dei gossip, si appiani presto, dissolvendosi come una bolla di sapone, senza lasciare traccia. Il loro amore sembrava per sempre. E invece pare accaduto l'irreparabile dopo appena un anno e mezzo di <a href=\"http:\/\/www.gossip.it\/vip\/matrimonio\/\">matrimonio<\/a>. Incredibile ma vero. Anche se, per la festa del <strong>pap\u00e0<\/strong>, <strong>Belen Rodriguez<\/strong> non pu\u00f2 assolutamente dimenticare di fare gli <strong>auguri<\/strong> al marito.<\/p>\n<p>\u00a0<\/p>\n","protected":false},"excerpt":{"rendered":"<p>Belen Rodriguez, nonostante la crisi, pubblica la foto del disegno che ha realizzato Santiago per il pap\u00e0 e fa i suoi auguri a Stefano De Martino e a tutti gli altri padri del mondo, per un 19 marzo, San Giuseppe, super. Il disegno di Santiago mandato online da Belen Rodriguez per fare gli auguri a [&hellip;]<\/p>\n","protected":false},"author":1,"featured_media":107101,"comment_status":"closed","ping_status":"closed","sticky":false,"template":"","format":"standard","meta":{"footnotes":""},"categories":[54],"tags":[2350,1926,2504,2188,12241,1913,4144,1967],"vip":[396,1731],"class_list":["post-51055","post","type-post","status-publish","format-standard","has-post-thumbnail","hentry","category-news","tag-addio","tag-auguri","tag-ballerino","tag-crisi","tag-festa-del-papa","tag-papa","tag-separazione","tag-showgirl","vip-belen_rodriguez","vip-stefano_de_martino"],"yoast_head":"<title>Belen Rodriguez, i suoi auguri a pap\u00e0 Stefano De Martino - Gossip.it | News sul Gossip e VIP<\/title>\n<meta name=\"description\" content=\"Belen Rodriguez, nonostante la crisi, pubblica la foto del disegno che ha realizzato Santiago per il pap\u00e0 e fa i suoi auguri a Stefano De Martino e a\" \/>\n<meta name=\"robots\" content=\"index, follow, max-snippet:-1, max-image-preview:large, max-video-preview:-1\" \/>\n<link rel=\"canonical\" href=\"https:\/\/www.gossip.it\/news\/belen-rodriguez-auguri-papa-stefano-de-martino\/\" \/>\n<meta property=\"og:locale\" content=\"it_IT\" \/>\n<meta property=\"og:type\" content=\"article\" \/>\n<meta property=\"og:title\" content=\"Belen Rodriguez, i suoi auguri a pap\u00e0 Stefano De Martino - Gossip.it | News sul Gossip e VIP\" \/>\n<meta property=\"og:description\" content=\"Belen Rodriguez, nonostante la crisi, pubblica la foto del disegno che ha realizzato Santiago per il pap\u00e0 e fa i suoi auguri a Stefano De Martino e a\" \/>\n<meta property=\"og:url\" content=\"https:\/\/www.gossip.it\/news\/belen-rodriguez-auguri-papa-stefano-de-martino\/\" \/>\n<meta property=\"og:site_name\" content=\"Gossip.it | News sul Gossip e VIP\" \/>\n<meta property=\"article:publisher\" content=\"https:\/\/www.facebook.com\/GossipIT\" \/>\n<meta property=\"article:published_time\" content=\"2015-03-18T23:00:00+00:00\" \/>\n<meta property=\"og:image\" content=\"http:\/\/files.gossip.it\/immagini_news\/2015\/03\/1426774024_disegno_santiago_festa_del_papa_de_martino_rodriguez.jpg\" \/>\n<meta name=\"author\" content=\"La Redazione\" \/>\n<meta name=\"twitter:card\" content=\"summary_large_image\" \/>\n<meta name=\"twitter:image\" content=\"http:\/\/files.gossip.it\/immagini_news\/2015\/03\/1426774024_disegno_santiago_festa_del_papa_de_martino_rodriguez.jpg\" \/>\n<meta name=\"twitter:creator\" content=\"@gossinews_it\" \/>\n<meta name=\"twitter:site\" content=\"@gossinews_it\" \/>\n<meta name=\"twitter:label1\" content=\"Scritto da\" \/>\n\t<meta name=\"twitter:data1\" content=\"Annamaria Capozzi\" \/>\n\t<meta name=\"twitter:label2\" content=\"Tempo di lettura stimato\" \/>\n\t<meta name=\"twitter:data2\" content=\"2 minuti\" \/>","yoast_head_json":{"title":"Belen Rodriguez, i suoi auguri a pap\u00e0 Stefano De Martino - Gossip.it | News sul Gossip e VIP","description":"Belen Rodriguez, nonostante la crisi, pubblica la foto del disegno che ha realizzato Santiago per il pap\u00e0 e fa i suoi auguri a Stefano De Martino e a","robots":{"index":"index","follow":"follow","max-snippet":"max-snippet:-1","max-image-preview":"max-image-preview:large","max-video-preview":"max-video-preview:-1"},"canonical":"https:\/\/www.gossip.it\/news\/belen-rodriguez-auguri-papa-stefano-de-martino\/","og_locale":"it_IT","og_type":"article","og_title":"Belen Rodriguez, i suoi auguri a pap\u00e0 Stefano De Martino - Gossip.it | News sul Gossip e VIP","og_description":"Belen Rodriguez, nonostante la crisi, pubblica la foto del disegno che ha realizzato Santiago per il pap\u00e0 e fa i suoi auguri a Stefano De Martino e a","og_url":"https:\/\/www.gossip.it\/news\/belen-rodriguez-auguri-papa-stefano-de-martino\/","og_site_name":"Gossip.it | News sul Gossip e VIP","article_publisher":"https:\/\/www.facebook.com\/GossipIT","article_published_time":"2015-03-18T23:00:00+00:00","og_image":[{"url":"http:\/\/files.gossip.it\/immagini_news\/2015\/03\/1426774024_disegno_santiago_festa_del_papa_de_martino_rodriguez.jpg"}],"author":"La Redazione","twitter_card":"summary_large_image","twitter_image":"http:\/\/files.gossip.it\/immagini_news\/2015\/03\/1426774024_disegno_santiago_festa_del_papa_de_martino_rodriguez.jpg","twitter_creator":"@gossinews_it","twitter_site":"@gossinews_it","twitter_misc":{"Scritto da":"Annamaria Capozzi","Tempo di lettura stimato":"2 minuti"},"schema":{"@context":"https:\/\/schema.org","@graph":[{"@type":"Article","@id":"https:\/\/www.gossip.it\/news\/belen-rodriguez-auguri-papa-stefano-de-martino\/#article","isPartOf":{"@id":"https:\/\/www.gossip.it\/news\/belen-rodriguez-auguri-papa-stefano-de-martino\/"},"author":{"name":"La Redazione","@id":"https:\/\/www.gossip.it\/#\/schema\/person\/488896f75158bff1cc83c6c39d141110"},"headline":"Belen Rodriguez, i suoi auguri a pap\u00e0 Stefano De Martino","datePublished":"2015-03-18T23:00:00+00:00","dateModified":"2015-03-18T23:00:00+00:00","mainEntityOfPage":{"@id":"https:\/\/www.gossip.it\/news\/belen-rodriguez-auguri-papa-stefano-de-martino\/"},"wordCount":325,"publisher":{"@id":"https:\/\/www.gossip.it\/#organization"},"image":{"@id":"https:\/\/www.gossip.it\/news\/belen-rodriguez-auguri-papa-stefano-de-martino\/#primaryimage"},"thumbnailUrl":"http:\/\/files.gossip.it\/immagini_news\/2015\/03\/1426774024_disegno_santiago_festa_del_papa_de_martino_rodriguez.jpg","keywords":["addio","auguri","ballerino","crisi","festa del pap\u00e0","pap\u00e0","separazione","showgirl"],"articleSection":["News"],"inLanguage":"it-IT"},{"@type":"WebPage","@id":"https:\/\/www.gossip.it\/news\/belen-rodriguez-auguri-papa-stefano-de-martino\/","url":"https:\/\/www.gossip.it\/news\/belen-rodriguez-auguri-papa-stefano-de-martino\/","name":"Belen Rodriguez, i suoi auguri a pap\u00e0 Stefano De Martino - Gossip.it | News sul Gossip e VIP","isPartOf":{"@id":"https:\/\/www.gossip.it\/#website"},"primaryImageOfPage":{"@id":"https:\/\/www.gossip.it\/news\/belen-rodriguez-auguri-papa-stefano-de-martino\/#primaryimage"},"image":{"@id":"https:\/\/www.gossip.it\/news\/belen-rodriguez-auguri-papa-stefano-de-martino\/#primaryimage"},"thumbnailUrl":"http:\/\/files.gossip.it\/immagini_news\/2015\/03\/1426774024_disegno_santiago_festa_del_papa_de_martino_rodriguez.jpg","datePublished":"2015-03-18T23:00:00+00:00","dateModified":"2015-03-18T23:00:00+00:00","description":"Belen Rodriguez, nonostante la crisi, pubblica la foto del disegno che ha realizzato Santiago per il pap\u00e0 e fa i suoi auguri a Stefano De Martino e a","breadcrumb":{"@id":"https:\/\/www.gossip.it\/news\/belen-rodriguez-auguri-papa-stefano-de-martino\/#breadcrumb"},"inLanguage":"it-IT","potentialAction":[{"@type":"ReadAction","target":["https:\/\/www.gossip.it\/news\/belen-rodriguez-auguri-papa-stefano-de-martino\/"]}]},{"@type":"ImageObject","inLanguage":"it-IT","@id":"https:\/\/www.gossip.it\/news\/belen-rodriguez-auguri-papa-stefano-de-martino\/#primaryimage","url":"http:\/\/files.gossip.it\/immagini_news\/2015\/03\/1426774024_disegno_santiago_festa_del_papa_de_martino_rodriguez.jpg","contentUrl":"http:\/\/files.gossip.it\/immagini_news\/2015\/03\/1426774024_disegno_santiago_festa_del_papa_de_martino_rodriguez.jpg"},{"@type":"BreadcrumbList","@id":"https:\/\/www.gossip.it\/news\/belen-rodriguez-auguri-papa-stefano-de-martino\/#breadcrumb","itemListElement":[{"@type":"ListItem","position":1,"name":"Home","item":"https:\/\/www.gossip.it\/"},{"@type":"ListItem","position":2,"name":"Belen Rodriguez, i suoi auguri a pap\u00e0 Stefano De Martino"}]},{"@type":"WebSite","@id":"https:\/\/www.gossip.it\/#website","url":"https:\/\/www.gossip.it\/","name":"Gossip and VIP News","description":"Quotidiano di cronaca rosa, costume e societ\u00e0","publisher":{"@id":"https:\/\/www.gossip.it\/#organization"},"alternateName":"Gossip and VIP News","potentialAction":[{"@type":"SearchAction","target":{"@type":"EntryPoint","urlTemplate":"https:\/\/www.gossip.it\/?s={search_term_string}"},"query-input":{"@type":"PropertyValueSpecification","valueRequired":true,"valueName":"search_term_string"}}],"inLanguage":"it-IT"},{"@type":"Organization","@id":"https:\/\/www.gossip.it\/#organization","name":"Gossip and VIP News","alternateName":"Gossip News","url":"https:\/\/www.gossip.it\/","logo":{"@type":"ImageObject","inLanguage":"it-IT","@id":"https:\/\/www.gossip.it\/#\/schema\/logo\/image\/","url":"https:\/\/www.gossip.it\/wp-content\/uploads\/2022\/04\/cropped-corna-alta-tiny.png","contentUrl":"https:\/\/www.gossip.it\/wp-content\/uploads\/2022\/04\/cropped-corna-alta-tiny.png","width":512,"height":512,"caption":"Gossip and VIP News"},"image":{"@id":"https:\/\/www.gossip.it\/#\/schema\/logo\/image\/"},"sameAs":["https:\/\/www.facebook.com\/GossipIT","https:\/\/x.com\/gossinews_it","https:\/\/instagram.com\/gossip_it"]},{"@type":"Person","@id":"https:\/\/www.gossip.it\/#\/schema\/person\/488896f75158bff1cc83c6c39d141110","name":"La Redazione","image":{"@type":"ImageObject","inLanguage":"it-IT","@id":"https:\/\/www.gossip.it\/#\/schema\/person\/image\/","url":"https:\/\/secure.gravatar.com\/avatar\/5a5f5c6fa3e6700e4249abdad0263a1e94e927d9e0499b1cb09c1cd29c044d80?s=96&d=mm&r=g","contentUrl":"https:\/\/secure.gravatar.com\/avatar\/5a5f5c6fa3e6700e4249abdad0263a1e94e927d9e0499b1cb09c1cd29c044d80?s=96&d=mm&r=g","caption":"La Redazione"},"sameAs":["https:\/\/www.gossip.it"]}]}},"amp_enabled":true,"_links":{"self":[{"href":"https:\/\/www.gossip.it\/api\/wp\/v2\/posts\/51055","targetHints":{"allow":["GET"]}}],"collection":[{"href":"https:\/\/www.gossip.it\/api\/wp\/v2\/posts"}],"about":[{"href":"https:\/\/www.gossip.it\/api\/wp\/v2\/types\/post"}],"author":[{"embeddable":true,"href":"https:\/\/www.gossip.it\/api\/wp\/v2\/users\/1"}],"replies":[{"embeddable":true,"href":"https:\/\/www.gossip.it\/api\/wp\/v2\/comments?post=51055"}],"version-history":[{"count":0,"href":"https:\/\/www.gossip.it\/api\/wp\/v2\/posts\/51055\/revisions"}],"wp:featuredmedia":[{"embeddable":true,"href":"https:\/\/www.gossip.it\/api\/wp\/v2\/media\/107101"}],"wp:attachment":[{"href":"https:\/\/www.gossip.it\/api\/wp\/v2\/media?parent=51055"}],"wp:term":[{"taxonomy":"category","embeddable":true,"href":"https:\/\/www.gossip.it\/api\/wp\/v2\/categories?post=51055"},{"taxonomy":"post_tag","embeddable":true,"href":"https:\/\/www.gossip.it\/api\/wp\/v2\/tags?post=51055"},{"taxonomy":"vip","embeddable":true,"href":"https:\/\/www.gossip.it\/api\/wp\/v2\/vip?post=51055"}],"curies":[{"name":"wp","href":"https:\/\/api.w.org\/{rel}","templated":true}]}}