{"id":51187,"date":"2015-03-31T00:00:00","date_gmt":"2015-03-30T22:00:00","guid":{"rendered":"https:\/\/www.gossip.it\/senza-categoria\/aurora-ramazzotti-londra\/"},"modified":"2015-03-31T00:00:00","modified_gmt":"2015-03-30T22:00:00","slug":"aurora-ramazzotti-londra","status":"publish","type":"post","link":"https:\/\/www.gossip.it\/news\/aurora-ramazzotti-londra\/","title":{"rendered":"Aurora Ramazzotti \u00e8 volata a Londra"},"content":{"rendered":"<p><a href=\"http:\/\/www.gossip.it\/vip\/aurora-ramazzotti\/\">Aurora Ramazzotti<\/a> \u00e8 volata a <strong>Londra<\/strong>. La bella figlia di <a href=\"http:\/\/www.gossip.it\/vip\/michelle-hunziker\/\">Michelle Hunziker<\/a> ed <a href=\"http:\/\/www.gossip.it\/vip\/eros-ramazzotti\/\">Eros Ramazzotti<\/a>, prima di prendere l'aereo per la City da Milano, si \u00e8 lasciata immortalare ancora a casa accanto a una valigia enorme e a uno zaino, poggiato proprio sul bagaglio. Deliziosa con indosso pantaloni scuri slim, t-shirt con stampa e giacchina sempre scura, ai piedi sneaker griffate Adidas, ha cinguettato: <em>\"Valigia. Passaporto. Maglietta.? con mucca (@yesiam_official). #London here I come!\"<\/em>.<\/p>\n<figure class=\"caption\"><img decoding=\"async\" alt=\"\" height=\"620\" width=\"620\" src=\"http:\/\/files.gossip.it\/immagini_news\/2015\/03\/1427808155_aurora-ramazzotti-partenza-londra.JPG\" \/><figcaption>Aurora Ramazzotti ancora a casa pronta per andare in aeroporto e volare a Londra<\/figcaption><\/figure>\n<p>Forse una vacanza anticipata per <strong>Aurora Ramazzotti<\/strong>, volata a <strong>Londra<\/strong> presumibilmente per trascorrere la Pasqua. La 18enne adora la Gran Bretagna ed \u00e8 proprio l\u00ec che vuole studiare dopo aver concluso l'ultimo anno di scuola. Ospite per la prima volta in <a href=\"http:\/\/www.gossip.it\/vip\/tv\/\">tv<\/a> a <em>Verissimo<\/em> circa due settimane fa, Aurora aveva confessato, parlando del proprio futuro: <em>\"Non voglio fare la <\/em><a href=\"http:\/\/www.gossip.it\/vip\/cantante\/\">cantante<\/a><em>. Da bambina sognavo di fare la veterinaria. Adesso non lo so. C'\u00e8 chi \u00e8 fortunato e nasce gi\u00e0 con la consapevolezza del proprio futuro. Io sono una persona molto creativa, ma non ho ancora trovato la mia strada. Studio e poi studier\u00f2 anche dopo. Andr\u00f2 all'universit\u00e0 in Inghilterra\"<\/em>.<\/p>\n<figure class=\"caption\"><img decoding=\"async\" alt=\"\" height=\"620\" width=\"620\" src=\"http:\/\/files.gossip.it\/immagini_news\/2015\/03\/1427808170_aurora-ramazzotti-ciliegio-in-fiore.JPG\" \/><figcaption>Una 'doppia' Aury sotto un magnifico ciliegio in fiore<\/figcaption><\/figure>\n<p>Ed ora \u00e8 volata a <strong>Londra<\/strong>. <strong>Aurora Ramazzotti<\/strong> forse \u00e8 andata nella citt\u00e0 inglese per iniziare a prendere tutte le <em>'info'<\/em> prima di trasferirsi l\u00ec per proseguire i suoi studi. Nessuna traccia al momento del suo fidanzatino, <a href=\"http:\/\/www.gossip.it\/vip\/edoardo-gori\/\">Edoardo Gori<\/a>, con cui da una decina di giorni non \u00e8 pi\u00f9 stata avvistata. Alla <a href=\"http:\/\/www.gossip.it\/vip\/toffanin\/\">Toffanin<\/a>, quando le ha chiesto di come far\u00e0 a vederlo quando andr\u00e0 in Gran Bretagna all'universit\u00e0, Aurora ha risposto sicura e ironica: <em>\"Fatti i fatti tuoi Silvia\"<\/em>. Ma c'\u00e8 chi sospetta gi\u00e0 una rottura tra i due. Giovanissimi, forse sono solo in un momento di pausa oppure, stanchi di essere al centro dei riflettori, stanno semplicemente pi\u00f9 attenti a farsi sorprendere <em>'vicini, vicini'<\/em>...\u00a0<span style=\"line-height: 1.6em;\">Indipendente, sorridente, con la voglia di essere 'free', <strong>Aurora Ramazzotti<\/strong> ha deciso di andare a <strong>Londra<\/strong>. Intanto sul network stamane ha mandato online uno scatto in cui \u00e8 <em>'doppia'<\/em> sotto un albero di ciliegio in fiore. E ha scritto a commento della foto, citando un aforisma di <em>Osho Rajneesh<\/em>: <em>\"Cresci in consapevolezza e cresci in libert\u00e0. Fai di ogni passo una tua scelta. Crea te stesso e assumitene l'intera responsabilit\u00e0. #sbam \/ ph. @filopalma\"<\/em>. Lei lo sta gi\u00e0 facendo.<\/span><\/p>\n<p>\u00a0<\/p>\n","protected":false},"excerpt":{"rendered":"<p>Aurora Ramazzotti \u00e8 volata a Londra. La bella figlia di Michelle Hunziker ed Eros Ramazzotti, prima di prendere l'aereo per la City da Milano, si \u00e8 lasciata immortalare ancora a casa accanto a una valigia enorme e a uno zaino, poggiato proprio sul bagaglio. Deliziosa con indosso pantaloni scuri slim, t-shirt con stampa e giacchina [&hellip;]<\/p>\n","protected":false},"author":1,"featured_media":107233,"comment_status":"closed","ping_status":"closed","sticky":false,"template":"","format":"standard","meta":{"footnotes":""},"categories":[54],"tags":[1939,2405,2102,51810,2121,5466,51937,1923],"vip":[693],"class_list":["post-51187","post","type-post","status-publish","format-standard","has-post-thumbnail","hentry","category-news","tag-aurora-ramazzotti","tag-bacio","tag-dichiarazioni","tag-edoardo-gori","tag-instagram","tag-londra","tag-michelle-hunzker","tag-social","vip-eros_ramazzotti"],"yoast_head":"<title>Aurora Ramazzotti \u00e8 volata a Londra - Gossip.it | News sul Gossip e VIP<\/title>\n<meta name=\"description\" content=\"Aurora Ramazzotti \u00e8 volata a Londra. La bella figlia di Michelle Hunziker ed Eros Ramazzotti, prima di prendere l&#039;aereo per la City da Milano, si \u00e8\" \/>\n<meta name=\"robots\" content=\"index, follow, max-snippet:-1, max-image-preview:large, max-video-preview:-1\" \/>\n<link rel=\"canonical\" href=\"https:\/\/www.gossip.it\/news\/aurora-ramazzotti-londra\/\" \/>\n<meta property=\"og:locale\" content=\"it_IT\" \/>\n<meta property=\"og:type\" content=\"article\" \/>\n<meta property=\"og:title\" content=\"Aurora Ramazzotti \u00e8 volata a Londra - Gossip.it | News sul Gossip e VIP\" \/>\n<meta property=\"og:description\" content=\"Aurora Ramazzotti \u00e8 volata a Londra. La bella figlia di Michelle Hunziker ed Eros Ramazzotti, prima di prendere l&#039;aereo per la City da Milano, si \u00e8\" \/>\n<meta property=\"og:url\" content=\"https:\/\/www.gossip.it\/news\/aurora-ramazzotti-londra\/\" \/>\n<meta property=\"og:site_name\" content=\"Gossip.it | News sul Gossip e VIP\" \/>\n<meta property=\"article:publisher\" content=\"https:\/\/www.facebook.com\/GossipIT\" \/>\n<meta property=\"article:published_time\" content=\"2015-03-30T22:00:00+00:00\" \/>\n<meta property=\"og:image\" content=\"http:\/\/files.gossip.it\/immagini_news\/2015\/03\/1427808155_aurora-ramazzotti-partenza-londra.JPG\" \/>\n<meta name=\"author\" content=\"La Redazione\" \/>\n<meta name=\"twitter:card\" content=\"summary_large_image\" \/>\n<meta name=\"twitter:image\" content=\"http:\/\/files.gossip.it\/immagini_news\/2015\/03\/1427808155_aurora-ramazzotti-partenza-londra.JPG\" \/>\n<meta name=\"twitter:creator\" content=\"@gossinews_it\" \/>\n<meta name=\"twitter:site\" content=\"@gossinews_it\" \/>\n<meta name=\"twitter:label1\" content=\"Scritto da\" \/>\n\t<meta name=\"twitter:data1\" content=\"Annamaria Capozzi\" \/>\n\t<meta name=\"twitter:label2\" content=\"Tempo di lettura stimato\" \/>\n\t<meta name=\"twitter:data2\" content=\"2 minuti\" \/>","yoast_head_json":{"title":"Aurora Ramazzotti \u00e8 volata a Londra - Gossip.it | News sul Gossip e VIP","description":"Aurora Ramazzotti \u00e8 volata a Londra. La bella figlia di Michelle Hunziker ed Eros Ramazzotti, prima di prendere l'aereo per la City da Milano, si \u00e8","robots":{"index":"index","follow":"follow","max-snippet":"max-snippet:-1","max-image-preview":"max-image-preview:large","max-video-preview":"max-video-preview:-1"},"canonical":"https:\/\/www.gossip.it\/news\/aurora-ramazzotti-londra\/","og_locale":"it_IT","og_type":"article","og_title":"Aurora Ramazzotti \u00e8 volata a Londra - Gossip.it | News sul Gossip e VIP","og_description":"Aurora Ramazzotti \u00e8 volata a Londra. La bella figlia di Michelle Hunziker ed Eros Ramazzotti, prima di prendere l'aereo per la City da Milano, si \u00e8","og_url":"https:\/\/www.gossip.it\/news\/aurora-ramazzotti-londra\/","og_site_name":"Gossip.it | News sul Gossip e VIP","article_publisher":"https:\/\/www.facebook.com\/GossipIT","article_published_time":"2015-03-30T22:00:00+00:00","og_image":[{"url":"http:\/\/files.gossip.it\/immagini_news\/2015\/03\/1427808155_aurora-ramazzotti-partenza-londra.JPG"}],"author":"La Redazione","twitter_card":"summary_large_image","twitter_image":"http:\/\/files.gossip.it\/immagini_news\/2015\/03\/1427808155_aurora-ramazzotti-partenza-londra.JPG","twitter_creator":"@gossinews_it","twitter_site":"@gossinews_it","twitter_misc":{"Scritto da":"Annamaria Capozzi","Tempo di lettura stimato":"2 minuti"},"schema":{"@context":"https:\/\/schema.org","@graph":[{"@type":"Article","@id":"https:\/\/www.gossip.it\/news\/aurora-ramazzotti-londra\/#article","isPartOf":{"@id":"https:\/\/www.gossip.it\/news\/aurora-ramazzotti-londra\/"},"author":{"name":"La Redazione","@id":"https:\/\/www.gossip.it\/#\/schema\/person\/488896f75158bff1cc83c6c39d141110"},"headline":"Aurora Ramazzotti \u00e8 volata a Londra","datePublished":"2015-03-30T22:00:00+00:00","dateModified":"2015-03-30T22:00:00+00:00","mainEntityOfPage":{"@id":"https:\/\/www.gossip.it\/news\/aurora-ramazzotti-londra\/"},"wordCount":401,"publisher":{"@id":"https:\/\/www.gossip.it\/#organization"},"image":{"@id":"https:\/\/www.gossip.it\/news\/aurora-ramazzotti-londra\/#primaryimage"},"thumbnailUrl":"http:\/\/files.gossip.it\/immagini_news\/2015\/03\/1427808155_aurora-ramazzotti-partenza-londra.JPG","keywords":["aurora ramazzotti","bacio","dichiarazioni","edoardo gori","instagram","londra","michelle hunzker","social"],"articleSection":["News"],"inLanguage":"it-IT"},{"@type":"WebPage","@id":"https:\/\/www.gossip.it\/news\/aurora-ramazzotti-londra\/","url":"https:\/\/www.gossip.it\/news\/aurora-ramazzotti-londra\/","name":"Aurora Ramazzotti \u00e8 volata a Londra - Gossip.it | News sul Gossip e VIP","isPartOf":{"@id":"https:\/\/www.gossip.it\/#website"},"primaryImageOfPage":{"@id":"https:\/\/www.gossip.it\/news\/aurora-ramazzotti-londra\/#primaryimage"},"image":{"@id":"https:\/\/www.gossip.it\/news\/aurora-ramazzotti-londra\/#primaryimage"},"thumbnailUrl":"http:\/\/files.gossip.it\/immagini_news\/2015\/03\/1427808155_aurora-ramazzotti-partenza-londra.JPG","datePublished":"2015-03-30T22:00:00+00:00","dateModified":"2015-03-30T22:00:00+00:00","description":"Aurora Ramazzotti \u00e8 volata a Londra. La bella figlia di Michelle Hunziker ed Eros Ramazzotti, prima di prendere l'aereo per la City da Milano, si \u00e8","breadcrumb":{"@id":"https:\/\/www.gossip.it\/news\/aurora-ramazzotti-londra\/#breadcrumb"},"inLanguage":"it-IT","potentialAction":[{"@type":"ReadAction","target":["https:\/\/www.gossip.it\/news\/aurora-ramazzotti-londra\/"]}]},{"@type":"ImageObject","inLanguage":"it-IT","@id":"https:\/\/www.gossip.it\/news\/aurora-ramazzotti-londra\/#primaryimage","url":"http:\/\/files.gossip.it\/immagini_news\/2015\/03\/1427808155_aurora-ramazzotti-partenza-londra.JPG","contentUrl":"http:\/\/files.gossip.it\/immagini_news\/2015\/03\/1427808155_aurora-ramazzotti-partenza-londra.JPG"},{"@type":"BreadcrumbList","@id":"https:\/\/www.gossip.it\/news\/aurora-ramazzotti-londra\/#breadcrumb","itemListElement":[{"@type":"ListItem","position":1,"name":"Home","item":"https:\/\/www.gossip.it\/"},{"@type":"ListItem","position":2,"name":"Aurora Ramazzotti \u00e8 volata a Londra"}]},{"@type":"WebSite","@id":"https:\/\/www.gossip.it\/#website","url":"https:\/\/www.gossip.it\/","name":"Gossip and VIP News","description":"Quotidiano di cronaca rosa, costume e societ\u00e0","publisher":{"@id":"https:\/\/www.gossip.it\/#organization"},"alternateName":"Gossip and VIP News","potentialAction":[{"@type":"SearchAction","target":{"@type":"EntryPoint","urlTemplate":"https:\/\/www.gossip.it\/?s={search_term_string}"},"query-input":{"@type":"PropertyValueSpecification","valueRequired":true,"valueName":"search_term_string"}}],"inLanguage":"it-IT"},{"@type":"Organization","@id":"https:\/\/www.gossip.it\/#organization","name":"Gossip and VIP News","alternateName":"Gossip News","url":"https:\/\/www.gossip.it\/","logo":{"@type":"ImageObject","inLanguage":"it-IT","@id":"https:\/\/www.gossip.it\/#\/schema\/logo\/image\/","url":"https:\/\/www.gossip.it\/wp-content\/uploads\/2022\/04\/cropped-corna-alta-tiny.png","contentUrl":"https:\/\/www.gossip.it\/wp-content\/uploads\/2022\/04\/cropped-corna-alta-tiny.png","width":512,"height":512,"caption":"Gossip and VIP News"},"image":{"@id":"https:\/\/www.gossip.it\/#\/schema\/logo\/image\/"},"sameAs":["https:\/\/www.facebook.com\/GossipIT","https:\/\/x.com\/gossinews_it","https:\/\/instagram.com\/gossip_it"]},{"@type":"Person","@id":"https:\/\/www.gossip.it\/#\/schema\/person\/488896f75158bff1cc83c6c39d141110","name":"La Redazione","image":{"@type":"ImageObject","inLanguage":"it-IT","@id":"https:\/\/www.gossip.it\/#\/schema\/person\/image\/","url":"https:\/\/secure.gravatar.com\/avatar\/5a5f5c6fa3e6700e4249abdad0263a1e94e927d9e0499b1cb09c1cd29c044d80?s=96&d=mm&r=g","contentUrl":"https:\/\/secure.gravatar.com\/avatar\/5a5f5c6fa3e6700e4249abdad0263a1e94e927d9e0499b1cb09c1cd29c044d80?s=96&d=mm&r=g","caption":"La Redazione"},"sameAs":["https:\/\/www.gossip.it"]}]}},"amp_enabled":true,"_links":{"self":[{"href":"https:\/\/www.gossip.it\/api\/wp\/v2\/posts\/51187","targetHints":{"allow":["GET"]}}],"collection":[{"href":"https:\/\/www.gossip.it\/api\/wp\/v2\/posts"}],"about":[{"href":"https:\/\/www.gossip.it\/api\/wp\/v2\/types\/post"}],"author":[{"embeddable":true,"href":"https:\/\/www.gossip.it\/api\/wp\/v2\/users\/1"}],"replies":[{"embeddable":true,"href":"https:\/\/www.gossip.it\/api\/wp\/v2\/comments?post=51187"}],"version-history":[{"count":0,"href":"https:\/\/www.gossip.it\/api\/wp\/v2\/posts\/51187\/revisions"}],"wp:featuredmedia":[{"embeddable":true,"href":"https:\/\/www.gossip.it\/api\/wp\/v2\/media\/107233"}],"wp:attachment":[{"href":"https:\/\/www.gossip.it\/api\/wp\/v2\/media?parent=51187"}],"wp:term":[{"taxonomy":"category","embeddable":true,"href":"https:\/\/www.gossip.it\/api\/wp\/v2\/categories?post=51187"},{"taxonomy":"post_tag","embeddable":true,"href":"https:\/\/www.gossip.it\/api\/wp\/v2\/tags?post=51187"},{"taxonomy":"vip","embeddable":true,"href":"https:\/\/www.gossip.it\/api\/wp\/v2\/vip?post=51187"}],"curies":[{"name":"wp","href":"https:\/\/api.w.org\/{rel}","templated":true}]}}