{"id":51228,"date":"2015-04-03T00:00:00","date_gmt":"2015-04-02T22:00:00","guid":{"rendered":"https:\/\/www.gossip.it\/senza-categoria\/cristina-buccino-andrea-montovoli-pranzo\/"},"modified":"2015-04-03T00:00:00","modified_gmt":"2015-04-02T22:00:00","slug":"cristina-buccino-andrea-montovoli-pranzo","status":"publish","type":"post","link":"https:\/\/www.gossip.it\/news\/cristina-buccino-andrea-montovoli-pranzo\/","title":{"rendered":"Cristina Buccino a pranzo con Andrea Montovoli: foto"},"content":{"rendered":"<p><a href=\"http:\/\/www.gossip.it\/vip\/cristina-buccino\/\">Cristina Buccino<\/a> e <a href=\"http:\/\/www.gossip.it\/vip\/andrea-montovoli\/\">Andrea Montovoli<\/a> a <strong>pranzo<\/strong> insieme. I due ex naufraghi dell'\"Isola dei Famosi\", dopo aver patito per tanto tempo la fame, stanno recuperando:<em> \"E poi arrivo al bistr\u00f2 e incontro un altro mangione\"<\/em>, ha cinguettato la splendida mora sul suo profilo social. L'affascinante attore e la showgirl hanno consumato il lauto pausto in treno. Durante il viaggio si sono scattati un selfie da condividere con i follower:<em> \"Bellissimi\"<\/em>, ha commentato un'ammiratrice.<\/p>\n<figure class=\"caption\"><img decoding=\"async\" alt=\"\" height=\"617\" width=\"620\" src=\"http:\/\/files.gossip.it\/immagini_news\/2015\/04\/1428063900_andrea_montovoli_cristina_buccino_pranzo_insieme.jpg\" \/><figcaption>Cristina Buccino e Andrea Montovoli si sono scattati un selfie mentre si trovavano a pranzo insieme sul treno<\/figcaption><\/figure>\n<p><strong>Cristina Buccino<\/strong> durante il reality-show di Canale 5 inizialmente aveva instaurato con <strong>Andrea Montovoli <\/strong>una bella amicizia. Poi le cose sono cambiate: <em>\"Certo che vuole rimanere<\/em> - dichiarava l'ex fidanzata di <a href=\"http:\/\/www.gossip.it\/vip\/claudio-d'alessio\/\">Claudio D'Alessio<\/a> parlando della nomination dell'attore - <em>Da quando \u00e8 arrivata Cecilia, per\u00f2, perch\u00e9 prima era un morto che camminava per le spiagge. Era un'altra persona, burbero, introverso, sempre inca**ato. Si vede che \u00e8 attratto da lei\"<\/em>. La sorella minore di\u00a0<a href=\"http:\/\/www.gossip.it\/vip\/-belen rodriguez\/\">Belen Rodriguez<\/a> per\u00f2 \u00e8 tornata tra le braccia di <a href=\"http:\/\/www.gossip.it\/vip\/francesco-monte\/\">Francesco Monte<\/a>. Mentre <strong>Cristina Buccino<\/strong> e <strong>Andrea Montovoli<\/strong> sono pi\u00f9 amici di prima. Viaggiano insieme in treno e condividono il <strong>pranzo<\/strong>, felici di poter di nuovo mangiare liberamente. Pendolari per lavoro, si sono fatti compagnia e, tra un pietanza e l'altra, si sono pure scattati un bel selfie di coppia: <em>\"State bene insieme<\/em> - commenta una fan della Buccino - <em>Perch\u00e9 non ci fai un pensierino?\"<\/em>. Chiss\u00e0, magari potrebbe nascere anche una storia d'amore.<\/p>\n<figure class=\"caption\"><img decoding=\"async\" alt=\"\" height=\"618\" width=\"620\" src=\"http:\/\/files.gossip.it\/immagini_news\/2015\/04\/1428063966_andrea_montovoli_cristina_buccino_mattino_cinque.jpg\" \/><figcaption>Cristina Buccino e Andrea Montovoli sorridenti nel salotto di 'Mattino Cinque'<\/figcaption><\/figure>\n<p>I due ex naufraghi nei giorni scorsi sono stati ospiti di <a href=\"http:\/\/www.gossip.it\/vip\/federica-panicucci\/\">Federica Panicucci<\/a> nel salotto di \"Mattino Cinque\". Tra loro il clima era disteso, di fronte alle telecamere hanno riso e scherzato. Dimostrando di avere una bella affinit\u00e0. Se son rose fioriranno, intanto si godono la loro bella amicizia, ma soprattutto, grazie al <strong>pranzo<\/strong> in treno, il cibo che tanto gli \u00e8 mancato sulla spiaggia deserta dell'\"Isola dei Famosi\".<\/p>\n","protected":false},"excerpt":{"rendered":"<p>Cristina Buccino e Andrea Montovoli a pranzo insieme. I due ex naufraghi dell'\"Isola dei Famosi\", dopo aver patito per tanto tempo la fame, stanno recuperando: \"E poi arrivo al bistr\u00f2 e incontro un altro mangione\", ha cinguettato la splendida mora sul suo profilo social. L'affascinante attore e la showgirl hanno consumato il lauto pausto in [&hellip;]<\/p>\n","protected":false},"author":1,"featured_media":107274,"comment_status":"closed","ping_status":"closed","sticky":false,"template":"","format":"standard","meta":{"footnotes":""},"categories":[54],"tags":[2121,2095,5473,3085,6573,1923],"vip":[311,474,539,731],"class_list":["post-51228","post","type-post","status-publish","format-standard","has-post-thumbnail","hentry","category-news","tag-instagram","tag-isola-dei-famosi","tag-mattino-cinque","tag-naufraghi","tag-pranzo","tag-social","vip-andrea_montovoli","vip-cecilia_rodriguez","vip-cristina_buccino","vip-federica_panicucci"],"yoast_head":"<title>Cristina Buccino a pranzo con Andrea Montovoli: foto - Gossip.it | News sul Gossip e VIP<\/title>\n<meta name=\"description\" content=\"Cristina Buccino e Andrea Montovoli a pranzo insieme. I due ex naufraghi dell&#039;&quot;Isola dei Famosi&quot;, dopo aver patito per tanto tempo la fame, stanno\" \/>\n<meta name=\"robots\" content=\"index, follow, max-snippet:-1, max-image-preview:large, max-video-preview:-1\" \/>\n<link rel=\"canonical\" href=\"https:\/\/www.gossip.it\/news\/cristina-buccino-andrea-montovoli-pranzo\/\" \/>\n<meta property=\"og:locale\" content=\"it_IT\" \/>\n<meta property=\"og:type\" content=\"article\" \/>\n<meta property=\"og:title\" content=\"Cristina Buccino a pranzo con Andrea Montovoli: foto - Gossip.it | News sul Gossip e VIP\" \/>\n<meta property=\"og:description\" content=\"Cristina Buccino e Andrea Montovoli a pranzo insieme. I due ex naufraghi dell&#039;&quot;Isola dei Famosi&quot;, dopo aver patito per tanto tempo la fame, stanno\" \/>\n<meta property=\"og:url\" content=\"https:\/\/www.gossip.it\/news\/cristina-buccino-andrea-montovoli-pranzo\/\" \/>\n<meta property=\"og:site_name\" content=\"Gossip.it | News sul Gossip e VIP\" \/>\n<meta property=\"article:publisher\" content=\"https:\/\/www.facebook.com\/GossipIT\" \/>\n<meta property=\"article:published_time\" content=\"2015-04-02T22:00:00+00:00\" \/>\n<meta property=\"og:image\" content=\"http:\/\/files.gossip.it\/immagini_news\/2015\/04\/1428063900_andrea_montovoli_cristina_buccino_pranzo_insieme.jpg\" \/>\n<meta name=\"author\" content=\"La Redazione\" \/>\n<meta name=\"twitter:card\" content=\"summary_large_image\" \/>\n<meta name=\"twitter:image\" content=\"http:\/\/files.gossip.it\/immagini_news\/2015\/04\/1428063900_andrea_montovoli_cristina_buccino_pranzo_insieme.jpg\" \/>\n<meta name=\"twitter:creator\" content=\"@gossinews_it\" \/>\n<meta name=\"twitter:site\" content=\"@gossinews_it\" \/>\n<meta name=\"twitter:label1\" content=\"Scritto da\" \/>\n\t<meta name=\"twitter:data1\" content=\"Francesca Romana Domenici\" \/>\n\t<meta name=\"twitter:label2\" content=\"Tempo di lettura stimato\" \/>\n\t<meta name=\"twitter:data2\" content=\"2 minuti\" \/>","yoast_head_json":{"title":"Cristina Buccino a pranzo con Andrea Montovoli: foto - Gossip.it | News sul Gossip e VIP","description":"Cristina Buccino e Andrea Montovoli a pranzo insieme. I due ex naufraghi dell'\"Isola dei Famosi\", dopo aver patito per tanto tempo la fame, stanno","robots":{"index":"index","follow":"follow","max-snippet":"max-snippet:-1","max-image-preview":"max-image-preview:large","max-video-preview":"max-video-preview:-1"},"canonical":"https:\/\/www.gossip.it\/news\/cristina-buccino-andrea-montovoli-pranzo\/","og_locale":"it_IT","og_type":"article","og_title":"Cristina Buccino a pranzo con Andrea Montovoli: foto - Gossip.it | News sul Gossip e VIP","og_description":"Cristina Buccino e Andrea Montovoli a pranzo insieme. I due ex naufraghi dell'\"Isola dei Famosi\", dopo aver patito per tanto tempo la fame, stanno","og_url":"https:\/\/www.gossip.it\/news\/cristina-buccino-andrea-montovoli-pranzo\/","og_site_name":"Gossip.it | News sul Gossip e VIP","article_publisher":"https:\/\/www.facebook.com\/GossipIT","article_published_time":"2015-04-02T22:00:00+00:00","og_image":[{"url":"http:\/\/files.gossip.it\/immagini_news\/2015\/04\/1428063900_andrea_montovoli_cristina_buccino_pranzo_insieme.jpg"}],"author":"La Redazione","twitter_card":"summary_large_image","twitter_image":"http:\/\/files.gossip.it\/immagini_news\/2015\/04\/1428063900_andrea_montovoli_cristina_buccino_pranzo_insieme.jpg","twitter_creator":"@gossinews_it","twitter_site":"@gossinews_it","twitter_misc":{"Scritto da":"Francesca Romana Domenici","Tempo di lettura stimato":"2 minuti"},"schema":{"@context":"https:\/\/schema.org","@graph":[{"@type":"Article","@id":"https:\/\/www.gossip.it\/news\/cristina-buccino-andrea-montovoli-pranzo\/#article","isPartOf":{"@id":"https:\/\/www.gossip.it\/news\/cristina-buccino-andrea-montovoli-pranzo\/"},"author":{"name":"La Redazione","@id":"https:\/\/www.gossip.it\/#\/schema\/person\/488896f75158bff1cc83c6c39d141110"},"headline":"Cristina Buccino a pranzo con Andrea Montovoli: foto","datePublished":"2015-04-02T22:00:00+00:00","dateModified":"2015-04-02T22:00:00+00:00","mainEntityOfPage":{"@id":"https:\/\/www.gossip.it\/news\/cristina-buccino-andrea-montovoli-pranzo\/"},"wordCount":340,"publisher":{"@id":"https:\/\/www.gossip.it\/#organization"},"image":{"@id":"https:\/\/www.gossip.it\/news\/cristina-buccino-andrea-montovoli-pranzo\/#primaryimage"},"thumbnailUrl":"http:\/\/files.gossip.it\/immagini_news\/2015\/04\/1428063900_andrea_montovoli_cristina_buccino_pranzo_insieme.jpg","keywords":["instagram","isola dei famosi","mattino cinque","naufraghi","pranzo","social"],"articleSection":["News"],"inLanguage":"it-IT"},{"@type":"WebPage","@id":"https:\/\/www.gossip.it\/news\/cristina-buccino-andrea-montovoli-pranzo\/","url":"https:\/\/www.gossip.it\/news\/cristina-buccino-andrea-montovoli-pranzo\/","name":"Cristina Buccino a pranzo con Andrea Montovoli: foto - Gossip.it | News sul Gossip e VIP","isPartOf":{"@id":"https:\/\/www.gossip.it\/#website"},"primaryImageOfPage":{"@id":"https:\/\/www.gossip.it\/news\/cristina-buccino-andrea-montovoli-pranzo\/#primaryimage"},"image":{"@id":"https:\/\/www.gossip.it\/news\/cristina-buccino-andrea-montovoli-pranzo\/#primaryimage"},"thumbnailUrl":"http:\/\/files.gossip.it\/immagini_news\/2015\/04\/1428063900_andrea_montovoli_cristina_buccino_pranzo_insieme.jpg","datePublished":"2015-04-02T22:00:00+00:00","dateModified":"2015-04-02T22:00:00+00:00","description":"Cristina Buccino e Andrea Montovoli a pranzo insieme. I due ex naufraghi dell'\"Isola dei Famosi\", dopo aver patito per tanto tempo la fame, stanno","breadcrumb":{"@id":"https:\/\/www.gossip.it\/news\/cristina-buccino-andrea-montovoli-pranzo\/#breadcrumb"},"inLanguage":"it-IT","potentialAction":[{"@type":"ReadAction","target":["https:\/\/www.gossip.it\/news\/cristina-buccino-andrea-montovoli-pranzo\/"]}]},{"@type":"ImageObject","inLanguage":"it-IT","@id":"https:\/\/www.gossip.it\/news\/cristina-buccino-andrea-montovoli-pranzo\/#primaryimage","url":"http:\/\/files.gossip.it\/immagini_news\/2015\/04\/1428063900_andrea_montovoli_cristina_buccino_pranzo_insieme.jpg","contentUrl":"http:\/\/files.gossip.it\/immagini_news\/2015\/04\/1428063900_andrea_montovoli_cristina_buccino_pranzo_insieme.jpg"},{"@type":"BreadcrumbList","@id":"https:\/\/www.gossip.it\/news\/cristina-buccino-andrea-montovoli-pranzo\/#breadcrumb","itemListElement":[{"@type":"ListItem","position":1,"name":"Home","item":"https:\/\/www.gossip.it\/"},{"@type":"ListItem","position":2,"name":"Cristina Buccino a pranzo con Andrea Montovoli: foto"}]},{"@type":"WebSite","@id":"https:\/\/www.gossip.it\/#website","url":"https:\/\/www.gossip.it\/","name":"Gossip and VIP News","description":"Quotidiano di cronaca rosa, costume e societ\u00e0","publisher":{"@id":"https:\/\/www.gossip.it\/#organization"},"alternateName":"Gossip and VIP News","potentialAction":[{"@type":"SearchAction","target":{"@type":"EntryPoint","urlTemplate":"https:\/\/www.gossip.it\/?s={search_term_string}"},"query-input":{"@type":"PropertyValueSpecification","valueRequired":true,"valueName":"search_term_string"}}],"inLanguage":"it-IT"},{"@type":"Organization","@id":"https:\/\/www.gossip.it\/#organization","name":"Gossip and VIP News","alternateName":"Gossip News","url":"https:\/\/www.gossip.it\/","logo":{"@type":"ImageObject","inLanguage":"it-IT","@id":"https:\/\/www.gossip.it\/#\/schema\/logo\/image\/","url":"https:\/\/www.gossip.it\/wp-content\/uploads\/2022\/04\/cropped-corna-alta-tiny.png","contentUrl":"https:\/\/www.gossip.it\/wp-content\/uploads\/2022\/04\/cropped-corna-alta-tiny.png","width":512,"height":512,"caption":"Gossip and VIP News"},"image":{"@id":"https:\/\/www.gossip.it\/#\/schema\/logo\/image\/"},"sameAs":["https:\/\/www.facebook.com\/GossipIT","https:\/\/x.com\/gossinews_it","https:\/\/instagram.com\/gossip_it"]},{"@type":"Person","@id":"https:\/\/www.gossip.it\/#\/schema\/person\/488896f75158bff1cc83c6c39d141110","name":"La Redazione","image":{"@type":"ImageObject","inLanguage":"it-IT","@id":"https:\/\/www.gossip.it\/#\/schema\/person\/image\/","url":"https:\/\/secure.gravatar.com\/avatar\/5a5f5c6fa3e6700e4249abdad0263a1e94e927d9e0499b1cb09c1cd29c044d80?s=96&d=mm&r=g","contentUrl":"https:\/\/secure.gravatar.com\/avatar\/5a5f5c6fa3e6700e4249abdad0263a1e94e927d9e0499b1cb09c1cd29c044d80?s=96&d=mm&r=g","caption":"La Redazione"},"sameAs":["https:\/\/www.gossip.it"]}]}},"amp_enabled":true,"_links":{"self":[{"href":"https:\/\/www.gossip.it\/api\/wp\/v2\/posts\/51228","targetHints":{"allow":["GET"]}}],"collection":[{"href":"https:\/\/www.gossip.it\/api\/wp\/v2\/posts"}],"about":[{"href":"https:\/\/www.gossip.it\/api\/wp\/v2\/types\/post"}],"author":[{"embeddable":true,"href":"https:\/\/www.gossip.it\/api\/wp\/v2\/users\/1"}],"replies":[{"embeddable":true,"href":"https:\/\/www.gossip.it\/api\/wp\/v2\/comments?post=51228"}],"version-history":[{"count":0,"href":"https:\/\/www.gossip.it\/api\/wp\/v2\/posts\/51228\/revisions"}],"wp:featuredmedia":[{"embeddable":true,"href":"https:\/\/www.gossip.it\/api\/wp\/v2\/media\/107274"}],"wp:attachment":[{"href":"https:\/\/www.gossip.it\/api\/wp\/v2\/media?parent=51228"}],"wp:term":[{"taxonomy":"category","embeddable":true,"href":"https:\/\/www.gossip.it\/api\/wp\/v2\/categories?post=51228"},{"taxonomy":"post_tag","embeddable":true,"href":"https:\/\/www.gossip.it\/api\/wp\/v2\/tags?post=51228"},{"taxonomy":"vip","embeddable":true,"href":"https:\/\/www.gossip.it\/api\/wp\/v2\/vip?post=51228"}],"curies":[{"name":"wp","href":"https:\/\/api.w.org\/{rel}","templated":true}]}}