{"id":51246,"date":"2015-04-07T00:00:00","date_gmt":"2015-04-06T22:00:00","guid":{"rendered":"https:\/\/www.gossip.it\/senza-categoria\/aurora-ramazzotti-londra-dedica-edoardo-gori\/"},"modified":"2015-04-07T00:00:00","modified_gmt":"2015-04-06T22:00:00","slug":"aurora-ramazzotti-londra-dedica-edoardo-gori","status":"publish","type":"post","link":"https:\/\/www.gossip.it\/news\/aurora-ramazzotti-londra-dedica-edoardo-gori\/","title":{"rendered":"Aurora Ramazzotti, da Londra una dedica a Edoardo Gori"},"content":{"rendered":"<p><a href=\"http:\/\/www.gossip.it\/vip\/aurora-ramazzotti\/\">Aurora Ramazzotti<\/a> ama <strong>Londra<\/strong>, \u00e8 nella City che far\u00e0 l'universit\u00e0, appena finir\u00e0 l'anno di liceo, l'ultimo. E' gi\u00e0 volata l\u00ec da qualche giorno, tutto sembrerebbe perfetto, anche se un problemino c'\u00e8: alla 18enne manca il fidanzatino, <a href=\"http:\/\/www.gossip.it\/vip\/edoardo-gori\/\">Edoardo Gori<\/a>, a cui Aury ha fatto una <strong>dedica<\/strong> <a href=\"http:\/\/www.gossip.it\/vip\/social\/\">social<\/a> appassionata.<\/p>\n<figure class=\"caption\"><img decoding=\"async\" alt=\"\" height=\"617\" width=\"620\" src=\"http:\/\/files.gossip.it\/immagini_news\/2015\/04\/1428412497_aurora_ramazzotti_nostalgia_edoardo_gori.jpg\" \/><figcaption>Aurora Ramazzotti con al fianco il fidanzatino Edoardo Gori: a Londra da qualche giorno, la 18enne sente la mancanza del ragazzo<\/figcaption><\/figure>\n<p><strong>Aurora Ramazzotti<\/strong> direttamente da <strong>Londra<\/strong>, dove si trova da qualche giorno, manda un messaggio d'amore a <strong>Edoardo Gori<\/strong>, una <strong>dedica<\/strong> condivisa per il nipote di <a href=\"http:\/\/www.gossip.it\/vip\/giorgio-gori\/\">Giorgio Gori<\/a>, sindaco di Bergamo e marito della famosa <a href=\"http:\/\/www.gossip.it\/vip\/cristina-parodi\/\">Cristina Parodi<\/a>. Sul suo profilo sul network, postando uno scatto in cui <strong>Aurora Ramazzotti<\/strong> posa proprio con <strong>Edoardo Gori<\/strong>, la figlia di <a href=\"http:\/\/www.gossip.it\/vip\/michelle-hunziker\/\">Michelle Hunziker<\/a> ed <a href=\"http:\/\/www.gossip.it\/vip\/eros-ramazzotti\/\">Eros Ramazzotti<\/a> cinguetta: <em>\"Vorrei stare con te, \u00e8 cos\u00ec semplice e allo stesso modo cos\u00ec complicato\"<\/em>. Purtroppo \u00e8 la verit\u00e0. <strong>Edoardo Gori<\/strong> le manca e non potrebbe essere altrimenti, anche se <strong>Aurora Ramazzotti<\/strong> ha gi\u00e0 deciso: vuole proseguire gli studi in Gran Bretagna, a <strong>Londra<\/strong>. La <strong>dedica<\/strong> per Edo era immancabile e sicuramente ne arriveranno altre, ma difficilmente Aurora cambier\u00e0 idea.<\/p>\n<figure class=\"caption\"><img decoding=\"async\" alt=\"\" height=\"611\" width=\"620\" src=\"http:\/\/files.gossip.it\/immagini_news\/2015\/04\/1428412514_aurora_ramazzotti_londra.jpg\" \/><figcaption>La figlia di Michelle Hunziker ed Eros Ramazzotti cammina in strada per le vie della capitale inglese<\/figcaption><\/figure>\n<p>Del resto la 18enne ha le idee chiare ed \u00e8 pure convinta che gli stereotipi molte volte sbaglino. Come racconta la sua citazione, quella del libro scelto. Sempre sul social Aurora mostra una pagina con alcune parole sottolineate: <em>\"A me hanno sempre detto che non si pu\u00f2 amare una persona dopo due mesi. Ma mia madre mi ha amato dal primo giorno.<br \/>Mi hanno sempre detto che soffrire aiuta a crescere, ma mai che poi cresci soffrendo.<br \/>Mi hanno anche detto che l'amore a distanza non \u00e8 possibile, perch\u00e9 due persone lontane non possono amarsi. Io ho sempre creduto il contrario perch\u00e9 l'amore non sta negli occhi, ma nel cuore.<br \/>Mi ha detto che bisogna rispondere colpo su colpo, che se tratti come ti trattano non sbagli, ma il fuoco non si spegne con il fuoco ma con l'acqua\"<\/em>.\u00a0<span style=\"line-height: 1.6em;\">Giovane e cos\u00ec profonda, proprio per questo amata e gi\u00e0 a suo modo celebre. <strong>Aurora Ramazzotti<\/strong> con la dedica direttamente da Londra per <strong>Edoardo Gori<\/strong> conquista il popolo della Rete. Forse lei se ne compiace, e commenta con un'altra citazione: <em>\"Non farti mai dire dagli altri chi devi amare e chi devi odiare. Sbaglia sempre per conto tuo\"<\/em>. Piccola donna che sogna un futuro grandioso e libero.<\/span><\/p>\n<p>\u00a0<\/p>\n<p>\u00a0<\/p>\n","protected":false},"excerpt":{"rendered":"<p>Aurora Ramazzotti ama Londra, \u00e8 nella City che far\u00e0 l'universit\u00e0, appena finir\u00e0 l'anno di liceo, l'ultimo. E' gi\u00e0 volata l\u00ec da qualche giorno, tutto sembrerebbe perfetto, anche se un problemino c'\u00e8: alla 18enne manca il fidanzatino, Edoardo Gori, a cui Aury ha fatto una dedica social appassionata. Aurora Ramazzotti con al fianco il fidanzatino Edoardo [&hellip;]<\/p>\n","protected":false},"author":1,"featured_media":107292,"comment_status":"closed","ping_status":"closed","sticky":false,"template":"","format":"standard","meta":{"footnotes":""},"categories":[54],"tags":[1939,2178,51810,2298,2121,5466,1923],"vip":[693,1351],"class_list":["post-51246","post","type-post","status-publish","format-standard","has-post-thumbnail","hentry","category-news","tag-aurora-ramazzotti","tag-dedica","tag-edoardo-gori","tag-fidanzato","tag-instagram","tag-londra","tag-social","vip-eros_ramazzotti","vip-michelle_hunziker"],"yoast_head":"<title>Aurora Ramazzotti, da Londra una dedica a Edoardo Gori - Gossip.it | News sul Gossip e VIP<\/title>\n<meta name=\"description\" content=\"Aurora Ramazzotti ama Londra, \u00e8 nella City che far\u00e0 l&#039;universit\u00e0, appena finir\u00e0 l&#039;anno di liceo, l&#039;ultimo. E&#039; gi\u00e0 volata l\u00ec da qualche giorno, tutto\" \/>\n<meta name=\"robots\" content=\"index, follow, max-snippet:-1, max-image-preview:large, max-video-preview:-1\" \/>\n<link rel=\"canonical\" href=\"https:\/\/www.gossip.it\/news\/aurora-ramazzotti-londra-dedica-edoardo-gori\/\" \/>\n<meta property=\"og:locale\" content=\"it_IT\" \/>\n<meta property=\"og:type\" content=\"article\" \/>\n<meta property=\"og:title\" content=\"Aurora Ramazzotti, da Londra una dedica a Edoardo Gori - Gossip.it | News sul Gossip e VIP\" \/>\n<meta property=\"og:description\" content=\"Aurora Ramazzotti ama Londra, \u00e8 nella City che far\u00e0 l&#039;universit\u00e0, appena finir\u00e0 l&#039;anno di liceo, l&#039;ultimo. E&#039; gi\u00e0 volata l\u00ec da qualche giorno, tutto\" \/>\n<meta property=\"og:url\" content=\"https:\/\/www.gossip.it\/news\/aurora-ramazzotti-londra-dedica-edoardo-gori\/\" \/>\n<meta property=\"og:site_name\" content=\"Gossip.it | News sul Gossip e VIP\" \/>\n<meta property=\"article:publisher\" content=\"https:\/\/www.facebook.com\/GossipIT\" \/>\n<meta property=\"article:published_time\" content=\"2015-04-06T22:00:00+00:00\" \/>\n<meta property=\"og:image\" content=\"http:\/\/files.gossip.it\/immagini_news\/2015\/04\/1428412497_aurora_ramazzotti_nostalgia_edoardo_gori.jpg\" \/>\n<meta name=\"author\" content=\"La Redazione\" \/>\n<meta name=\"twitter:card\" content=\"summary_large_image\" \/>\n<meta name=\"twitter:image\" content=\"http:\/\/files.gossip.it\/immagini_news\/2015\/04\/1428412497_aurora_ramazzotti_nostalgia_edoardo_gori.jpg\" \/>\n<meta name=\"twitter:creator\" content=\"@gossinews_it\" \/>\n<meta name=\"twitter:site\" content=\"@gossinews_it\" \/>\n<meta name=\"twitter:label1\" content=\"Scritto da\" \/>\n\t<meta name=\"twitter:data1\" content=\"Annamaria Capozzi\" \/>\n\t<meta name=\"twitter:label2\" content=\"Tempo di lettura stimato\" \/>\n\t<meta name=\"twitter:data2\" content=\"2 minuti\" \/>","yoast_head_json":{"title":"Aurora Ramazzotti, da Londra una dedica a Edoardo Gori - Gossip.it | News sul Gossip e VIP","description":"Aurora Ramazzotti ama Londra, \u00e8 nella City che far\u00e0 l'universit\u00e0, appena finir\u00e0 l'anno di liceo, l'ultimo. E' gi\u00e0 volata l\u00ec da qualche giorno, tutto","robots":{"index":"index","follow":"follow","max-snippet":"max-snippet:-1","max-image-preview":"max-image-preview:large","max-video-preview":"max-video-preview:-1"},"canonical":"https:\/\/www.gossip.it\/news\/aurora-ramazzotti-londra-dedica-edoardo-gori\/","og_locale":"it_IT","og_type":"article","og_title":"Aurora Ramazzotti, da Londra una dedica a Edoardo Gori - Gossip.it | News sul Gossip e VIP","og_description":"Aurora Ramazzotti ama Londra, \u00e8 nella City che far\u00e0 l'universit\u00e0, appena finir\u00e0 l'anno di liceo, l'ultimo. E' gi\u00e0 volata l\u00ec da qualche giorno, tutto","og_url":"https:\/\/www.gossip.it\/news\/aurora-ramazzotti-londra-dedica-edoardo-gori\/","og_site_name":"Gossip.it | News sul Gossip e VIP","article_publisher":"https:\/\/www.facebook.com\/GossipIT","article_published_time":"2015-04-06T22:00:00+00:00","og_image":[{"url":"http:\/\/files.gossip.it\/immagini_news\/2015\/04\/1428412497_aurora_ramazzotti_nostalgia_edoardo_gori.jpg"}],"author":"La Redazione","twitter_card":"summary_large_image","twitter_image":"http:\/\/files.gossip.it\/immagini_news\/2015\/04\/1428412497_aurora_ramazzotti_nostalgia_edoardo_gori.jpg","twitter_creator":"@gossinews_it","twitter_site":"@gossinews_it","twitter_misc":{"Scritto da":"Annamaria Capozzi","Tempo di lettura stimato":"2 minuti"},"schema":{"@context":"https:\/\/schema.org","@graph":[{"@type":"Article","@id":"https:\/\/www.gossip.it\/news\/aurora-ramazzotti-londra-dedica-edoardo-gori\/#article","isPartOf":{"@id":"https:\/\/www.gossip.it\/news\/aurora-ramazzotti-londra-dedica-edoardo-gori\/"},"author":{"name":"La Redazione","@id":"https:\/\/www.gossip.it\/#\/schema\/person\/488896f75158bff1cc83c6c39d141110"},"headline":"Aurora Ramazzotti, da Londra una dedica a Edoardo Gori","datePublished":"2015-04-06T22:00:00+00:00","dateModified":"2015-04-06T22:00:00+00:00","mainEntityOfPage":{"@id":"https:\/\/www.gossip.it\/news\/aurora-ramazzotti-londra-dedica-edoardo-gori\/"},"wordCount":423,"publisher":{"@id":"https:\/\/www.gossip.it\/#organization"},"image":{"@id":"https:\/\/www.gossip.it\/news\/aurora-ramazzotti-londra-dedica-edoardo-gori\/#primaryimage"},"thumbnailUrl":"http:\/\/files.gossip.it\/immagini_news\/2015\/04\/1428412497_aurora_ramazzotti_nostalgia_edoardo_gori.jpg","keywords":["aurora ramazzotti","dedica","edoardo gori","fidanzato","instagram","londra","social"],"articleSection":["News"],"inLanguage":"it-IT"},{"@type":"WebPage","@id":"https:\/\/www.gossip.it\/news\/aurora-ramazzotti-londra-dedica-edoardo-gori\/","url":"https:\/\/www.gossip.it\/news\/aurora-ramazzotti-londra-dedica-edoardo-gori\/","name":"Aurora Ramazzotti, da Londra una dedica a Edoardo Gori - Gossip.it | News sul Gossip e VIP","isPartOf":{"@id":"https:\/\/www.gossip.it\/#website"},"primaryImageOfPage":{"@id":"https:\/\/www.gossip.it\/news\/aurora-ramazzotti-londra-dedica-edoardo-gori\/#primaryimage"},"image":{"@id":"https:\/\/www.gossip.it\/news\/aurora-ramazzotti-londra-dedica-edoardo-gori\/#primaryimage"},"thumbnailUrl":"http:\/\/files.gossip.it\/immagini_news\/2015\/04\/1428412497_aurora_ramazzotti_nostalgia_edoardo_gori.jpg","datePublished":"2015-04-06T22:00:00+00:00","dateModified":"2015-04-06T22:00:00+00:00","description":"Aurora Ramazzotti ama Londra, \u00e8 nella City che far\u00e0 l'universit\u00e0, appena finir\u00e0 l'anno di liceo, l'ultimo. E' gi\u00e0 volata l\u00ec da qualche giorno, tutto","breadcrumb":{"@id":"https:\/\/www.gossip.it\/news\/aurora-ramazzotti-londra-dedica-edoardo-gori\/#breadcrumb"},"inLanguage":"it-IT","potentialAction":[{"@type":"ReadAction","target":["https:\/\/www.gossip.it\/news\/aurora-ramazzotti-londra-dedica-edoardo-gori\/"]}]},{"@type":"ImageObject","inLanguage":"it-IT","@id":"https:\/\/www.gossip.it\/news\/aurora-ramazzotti-londra-dedica-edoardo-gori\/#primaryimage","url":"http:\/\/files.gossip.it\/immagini_news\/2015\/04\/1428412497_aurora_ramazzotti_nostalgia_edoardo_gori.jpg","contentUrl":"http:\/\/files.gossip.it\/immagini_news\/2015\/04\/1428412497_aurora_ramazzotti_nostalgia_edoardo_gori.jpg"},{"@type":"BreadcrumbList","@id":"https:\/\/www.gossip.it\/news\/aurora-ramazzotti-londra-dedica-edoardo-gori\/#breadcrumb","itemListElement":[{"@type":"ListItem","position":1,"name":"Home","item":"https:\/\/www.gossip.it\/"},{"@type":"ListItem","position":2,"name":"Aurora Ramazzotti, da Londra una dedica a Edoardo Gori"}]},{"@type":"WebSite","@id":"https:\/\/www.gossip.it\/#website","url":"https:\/\/www.gossip.it\/","name":"Gossip and VIP News","description":"Quotidiano di cronaca rosa, costume e societ\u00e0","publisher":{"@id":"https:\/\/www.gossip.it\/#organization"},"alternateName":"Gossip and VIP News","potentialAction":[{"@type":"SearchAction","target":{"@type":"EntryPoint","urlTemplate":"https:\/\/www.gossip.it\/?s={search_term_string}"},"query-input":{"@type":"PropertyValueSpecification","valueRequired":true,"valueName":"search_term_string"}}],"inLanguage":"it-IT"},{"@type":"Organization","@id":"https:\/\/www.gossip.it\/#organization","name":"Gossip and VIP News","alternateName":"Gossip News","url":"https:\/\/www.gossip.it\/","logo":{"@type":"ImageObject","inLanguage":"it-IT","@id":"https:\/\/www.gossip.it\/#\/schema\/logo\/image\/","url":"https:\/\/www.gossip.it\/wp-content\/uploads\/2022\/04\/cropped-corna-alta-tiny.png","contentUrl":"https:\/\/www.gossip.it\/wp-content\/uploads\/2022\/04\/cropped-corna-alta-tiny.png","width":512,"height":512,"caption":"Gossip and VIP News"},"image":{"@id":"https:\/\/www.gossip.it\/#\/schema\/logo\/image\/"},"sameAs":["https:\/\/www.facebook.com\/GossipIT","https:\/\/x.com\/gossinews_it","https:\/\/instagram.com\/gossip_it"]},{"@type":"Person","@id":"https:\/\/www.gossip.it\/#\/schema\/person\/488896f75158bff1cc83c6c39d141110","name":"La Redazione","image":{"@type":"ImageObject","inLanguage":"it-IT","@id":"https:\/\/www.gossip.it\/#\/schema\/person\/image\/","url":"https:\/\/secure.gravatar.com\/avatar\/5a5f5c6fa3e6700e4249abdad0263a1e94e927d9e0499b1cb09c1cd29c044d80?s=96&d=mm&r=g","contentUrl":"https:\/\/secure.gravatar.com\/avatar\/5a5f5c6fa3e6700e4249abdad0263a1e94e927d9e0499b1cb09c1cd29c044d80?s=96&d=mm&r=g","caption":"La Redazione"},"sameAs":["https:\/\/www.gossip.it"]}]}},"amp_enabled":true,"_links":{"self":[{"href":"https:\/\/www.gossip.it\/api\/wp\/v2\/posts\/51246","targetHints":{"allow":["GET"]}}],"collection":[{"href":"https:\/\/www.gossip.it\/api\/wp\/v2\/posts"}],"about":[{"href":"https:\/\/www.gossip.it\/api\/wp\/v2\/types\/post"}],"author":[{"embeddable":true,"href":"https:\/\/www.gossip.it\/api\/wp\/v2\/users\/1"}],"replies":[{"embeddable":true,"href":"https:\/\/www.gossip.it\/api\/wp\/v2\/comments?post=51246"}],"version-history":[{"count":0,"href":"https:\/\/www.gossip.it\/api\/wp\/v2\/posts\/51246\/revisions"}],"wp:featuredmedia":[{"embeddable":true,"href":"https:\/\/www.gossip.it\/api\/wp\/v2\/media\/107292"}],"wp:attachment":[{"href":"https:\/\/www.gossip.it\/api\/wp\/v2\/media?parent=51246"}],"wp:term":[{"taxonomy":"category","embeddable":true,"href":"https:\/\/www.gossip.it\/api\/wp\/v2\/categories?post=51246"},{"taxonomy":"post_tag","embeddable":true,"href":"https:\/\/www.gossip.it\/api\/wp\/v2\/tags?post=51246"},{"taxonomy":"vip","embeddable":true,"href":"https:\/\/www.gossip.it\/api\/wp\/v2\/vip?post=51246"}],"curies":[{"name":"wp","href":"https:\/\/api.w.org\/{rel}","templated":true}]}}