{"id":51268,"date":"2015-04-09T00:00:00","date_gmt":"2015-04-08T22:00:00","guid":{"rendered":"https:\/\/www.gossip.it\/senza-categoria\/eros-ramazzotti-scusa-aurora-questione-santiago\/"},"modified":"2015-04-09T00:00:00","modified_gmt":"2015-04-08T22:00:00","slug":"eros-ramazzotti-scusa-aurora-questione-santiago","status":"publish","type":"post","link":"https:\/\/www.gossip.it\/news\/eros-ramazzotti-scusa-aurora-questione-santiago\/","title":{"rendered":"Eros Ramazzotti si scusa per Aurora e la 'questione' Santiago"},"content":{"rendered":"<p><a href=\"http:\/\/www.gossip.it\/vip\/eros-ramazzotti\/\">Eros Ramazzotti<\/a> interviene nella <em>'<strong>questione<\/strong>'<\/em> <a href=\"http:\/\/www.gossip.it\/vip\/santiago\/\">Santiago<\/a> scatenata suo malgrado dalla figlia 18enne. <strong>Aurora<\/strong> nei giorni scorsi ha postato un video scherzoso in cui imitava <a href=\"http:\/\/www.gossip.it\/vip\/belen-rodriguez\/\">Belen Rodriguez<\/a> e, ironizzando con un amico, <a href=\"http:\/\/www.gossip.it\/news\/aurora-ramazzotti-scuse-belen-battuta-santiago-news.html\">definiva il bimbo della showgirl 30enne, che oggi compie 2 anni, 'brutto'<\/a>. Il filmato in questione ha scatenato una polemica infinita sul web. Prontamente sono arrivate le scuse di <a href=\"http:\/\/www.gossip.it\/vip\/tommaso-zorzi\/\">Tommaso Zorzi<\/a>, uno dei migliori amici di <a href=\"http:\/\/www.gossip.it\/vip\/aurora-ramazzotti\/\">Aurora Ramazzotti<\/a> che ha cercato di giustificare la ragazza. Come pure le parole di <a href=\"http:\/\/www.gossip.it\/vip\/sara-daniele\/\">Sara Daniele<\/a>, figlia di Pino, legatissima ad Aury: <em>\"Insultare\u00a0@therealauroragram\u00a0sui social per una frase sbagliata che ha detto e' una cosa esagerata. Ha sbagliato e ha chiesto scusa, l'attenzione mediatica deve essere rivolta a questioni piu' importanti. Attaccarsi a ogni singola parola non fa mai bene. Per finire, ogni 'scarrafon e'bell' a mamma soja.#SantiagoForPresident \u00a0#riderenoncostaniente\"<\/em>.\u00a0Poi quelle di <strong>Aurora<\/strong> stessa. Ora \u00e8 stato Eros a chiedere <strong>scusa<\/strong> per lei, sempre via <a href=\"http:\/\/www.gossip.it\/vip\/social\/\">social<\/a>, e cercare cos\u00ec di chiudere definitivamente la <em>'<strong>questione<\/strong>'<\/em> <strong>Santiago<\/strong>.\u00a0<\/p>\n<figure class=\"caption\"><img decoding=\"async\" alt=\"\" width=\"620\" height=\"617\" src=\"http:\/\/files.gossip.it\/immagini_news\/2015\/04\/1428572433_eros_ramazzotti_dichiarazioni.jpg\" \/><figcaption>Eros Ramazzotti si scusa per la figlia Aurora e cerca di chiudere la polemica che si \u00e8 scatenata in rete per una battuta su Santiago fatta dalla 18enne<\/figcaption><\/figure>\n<p><strong>Eros Ramazzotti<\/strong> si <strong>scusa<\/strong> per la sciocchezza commessa da <strong>Aurora<\/strong>. <em>\"Ragazzi, Auri ha commesso un ingenuit\u00e0 di cui si \u00e8 pentita amaramente, io e la madre l'abbiamo ripresa pesantemente ed anche lei \u00e8 distrutta da questa accaduto. Pu\u00f2 capitare a tutti di sbagliare e di fare un passo indietro scusandosi, lei lo ha fatto ed ora mi sembra il caso di chiudere l'argomento altrimenti non si finisce pi\u00f9. Grazie.\u00a0Un bacino a <strong>Santiago<\/strong> che \u00e8 bellissimo\"<\/em>, scrive.\u00a0<strong>Eros Ramazzotti<\/strong>\u00a0si <strong>scusa<\/strong> e chiude la <em>'<strong>questione<\/strong>'<\/em> sul bimbo di <a href=\"http:\/\/www.gossip.it\/vip\/belen\/\">Belen<\/a> e <a href=\"http:\/\/www.gossip.it\/vip\/stefano-de martino\/\">Stefano De Martino<\/a>. I follower apprezzano e guardano avanti. <strong>Aurora<\/strong>, invece, ora ci penser\u00e0 due volte prima di esagerare di nuovo.<\/p>\n<figure class=\"caption\"><img decoding=\"async\" alt=\"\" width=\"620\" height=\"418\" src=\"http:\/\/files.gossip.it\/immagini_news\/2015\/04\/1428573023_aurora_ramazzotti.jpg\" \/><figcaption>La ragazza in un video postato sul web, scherzando con un amico e imitando Belen Rodriguez, ha definito il bimbo 'brutto'<\/figcaption><\/figure>\n<p>Il <a href=\"http:\/\/www.gossip.it\/vip\/cantante\/\">cantante<\/a> 51enne, polemica a parte, vive un momento davvero felice. il 14 marzo \u00e8 diventato pap\u00e0 per la terza volta: <a href=\"http:\/\/www.gossip.it\/vip\/marica-pellegrinelli\/\">Marica Pellegrinelli<\/a> ha dato alla luce il primo maschietto di casa, dopo Aurora, che Eros ha avuto da <a href=\"http:\/\/www.gossip.it\/vip\/michelle-hunziker\/\">Michelle Hunziker<\/a>, e <em>Raffaela Maria<\/em>, 3 anni e mezzo. Ed \u00e8 proprio insieme a <em>Gabrio Tullio<\/em>, rigorosamente in carrozzina, che Ramazzotti ha augurato con uno scatto la buona Pasqua. <em>\"Buona Pasqua a tutti. Sogno una vita di pace e fratellanza, di amore e libert\u00e0... Non svegliatemi per favore\"<\/em>, ha scritto a commento dell'immagine.<\/p>\n<figure class=\"caption\"><img decoding=\"async\" alt=\"\" width=\"620\" height=\"617\" src=\"http:\/\/files.gossip.it\/immagini_news\/2015\/04\/1428572401_eros_ramazzotti_gabrio_tullio.jpg\" \/><figcaption>Il cantante salta felice: in carrozzina, vicino a lui, Gabrio Tullio, il bimbo nato il 14 marzo scorso<\/figcaption><\/figure>\n<figure class=\"caption\"><img decoding=\"async\" alt=\"\" width=\"620\" height=\"617\" src=\"http:\/\/files.gossip.it\/immagini_news\/2015\/04\/1428572416_eros_ramazzotti_perfetto_cover.jpg\" \/><figcaption>La copertina del nuovo disco dell'artista, in uscita il prossimo 12 maggio<\/figcaption><\/figure>\n<p>Oggi \u00e8 arrivata sempre via network in anteprima la cover del suo nuovo disco.<em> \"Questa \u00e8 la copertina di \"Perfetto\", il nuovo album che dopo quasi due anni di lavoro in studio, uscir\u00e0 il 12 Maggio in tutto il mondo e in preorder digitale gi\u00e0 dal 14 Aprile su iTunes. Il singolo #AllaFineDelMondo anticipa i 14 brani inediti realizzati tra l'Italia e gli Stati Uniti\"<\/em>, ha fatto sapere felice l'artista. Che, sbarrando la strada alla polemica, volta pagina e si gode tutto quel che di bello gli offre la vita.<\/p>\n<p>\u00a0<\/p>\n<p>\u00a0<\/p>\n","protected":false},"excerpt":{"rendered":"<p>Eros Ramazzotti interviene nella 'questione' Santiago scatenata suo malgrado dalla figlia 18enne. Aurora nei giorni scorsi ha postato un video scherzoso in cui imitava Belen Rodriguez e, ironizzando con un amico, definiva il bimbo della showgirl 30enne, che oggi compie 2 anni, 'brutto'. Il filmato in questione ha scatenato una polemica infinita sul web. Prontamente [&hellip;]<\/p>\n","protected":false},"author":1,"featured_media":107314,"comment_status":"closed","ping_status":"closed","sticky":false,"template":"","format":"standard","meta":{"footnotes":""},"categories":[54],"tags":[4668,1981,2102,8754,52097,7659,9584,7948,3342,2352],"vip":[396,693,1351],"class_list":["post-51268","post","type-post","status-publish","format-standard","has-post-thumbnail","hentry","category-news","tag-aurora","tag-cantante","tag-dichiarazioni","tag-marica-pellegrinelli","tag-questione-santiago","tag-santiago","tag-sara-daniele","tag-scusa","tag-scuse","tag-tommaso-zorzi","vip-belen_rodriguez","vip-eros_ramazzotti","vip-michelle_hunziker"],"yoast_head":"<title>Eros Ramazzotti si scusa per Aurora e la &#039;questione&#039; Santiago - Gossip.it | News sul Gossip e VIP<\/title>\n<meta name=\"description\" content=\"Eros Ramazzotti interviene nella &#039;questione&#039; Santiago scatenata suo malgrado dalla figlia 18enne. Aurora nei giorni scorsi ha postato un video scherzoso\" \/>\n<meta name=\"robots\" content=\"index, follow, max-snippet:-1, max-image-preview:large, max-video-preview:-1\" \/>\n<link rel=\"canonical\" href=\"https:\/\/www.gossip.it\/news\/eros-ramazzotti-scusa-aurora-questione-santiago\/\" \/>\n<meta property=\"og:locale\" content=\"it_IT\" \/>\n<meta property=\"og:type\" content=\"article\" \/>\n<meta property=\"og:title\" content=\"Eros Ramazzotti si scusa per Aurora e la &#039;questione&#039; Santiago - Gossip.it | News sul Gossip e VIP\" \/>\n<meta property=\"og:description\" content=\"Eros Ramazzotti interviene nella &#039;questione&#039; Santiago scatenata suo malgrado dalla figlia 18enne. Aurora nei giorni scorsi ha postato un video scherzoso\" \/>\n<meta property=\"og:url\" content=\"https:\/\/www.gossip.it\/news\/eros-ramazzotti-scusa-aurora-questione-santiago\/\" \/>\n<meta property=\"og:site_name\" content=\"Gossip.it | News sul Gossip e VIP\" \/>\n<meta property=\"article:publisher\" content=\"https:\/\/www.facebook.com\/GossipIT\" \/>\n<meta property=\"article:published_time\" content=\"2015-04-08T22:00:00+00:00\" \/>\n<meta property=\"og:image\" content=\"http:\/\/files.gossip.it\/immagini_news\/2015\/04\/1428572433_eros_ramazzotti_dichiarazioni.jpg\" \/>\n<meta name=\"author\" content=\"La Redazione\" \/>\n<meta name=\"twitter:card\" content=\"summary_large_image\" \/>\n<meta name=\"twitter:image\" content=\"http:\/\/files.gossip.it\/immagini_news\/2015\/04\/1428572433_eros_ramazzotti_dichiarazioni.jpg\" \/>\n<meta name=\"twitter:creator\" content=\"@gossinews_it\" \/>\n<meta name=\"twitter:site\" content=\"@gossinews_it\" \/>\n<meta name=\"twitter:label1\" content=\"Scritto da\" \/>\n\t<meta name=\"twitter:data1\" content=\"Annamaria Capozzi\" \/>\n\t<meta name=\"twitter:label2\" content=\"Tempo di lettura stimato\" \/>\n\t<meta name=\"twitter:data2\" content=\"3 minuti\" \/>","yoast_head_json":{"title":"Eros Ramazzotti si scusa per Aurora e la 'questione' Santiago - Gossip.it | News sul Gossip e VIP","description":"Eros Ramazzotti interviene nella 'questione' Santiago scatenata suo malgrado dalla figlia 18enne. Aurora nei giorni scorsi ha postato un video scherzoso","robots":{"index":"index","follow":"follow","max-snippet":"max-snippet:-1","max-image-preview":"max-image-preview:large","max-video-preview":"max-video-preview:-1"},"canonical":"https:\/\/www.gossip.it\/news\/eros-ramazzotti-scusa-aurora-questione-santiago\/","og_locale":"it_IT","og_type":"article","og_title":"Eros Ramazzotti si scusa per Aurora e la 'questione' Santiago - Gossip.it | News sul Gossip e VIP","og_description":"Eros Ramazzotti interviene nella 'questione' Santiago scatenata suo malgrado dalla figlia 18enne. Aurora nei giorni scorsi ha postato un video scherzoso","og_url":"https:\/\/www.gossip.it\/news\/eros-ramazzotti-scusa-aurora-questione-santiago\/","og_site_name":"Gossip.it | News sul Gossip e VIP","article_publisher":"https:\/\/www.facebook.com\/GossipIT","article_published_time":"2015-04-08T22:00:00+00:00","og_image":[{"url":"http:\/\/files.gossip.it\/immagini_news\/2015\/04\/1428572433_eros_ramazzotti_dichiarazioni.jpg"}],"author":"La Redazione","twitter_card":"summary_large_image","twitter_image":"http:\/\/files.gossip.it\/immagini_news\/2015\/04\/1428572433_eros_ramazzotti_dichiarazioni.jpg","twitter_creator":"@gossinews_it","twitter_site":"@gossinews_it","twitter_misc":{"Scritto da":"Annamaria Capozzi","Tempo di lettura stimato":"3 minuti"},"schema":{"@context":"https:\/\/schema.org","@graph":[{"@type":"Article","@id":"https:\/\/www.gossip.it\/news\/eros-ramazzotti-scusa-aurora-questione-santiago\/#article","isPartOf":{"@id":"https:\/\/www.gossip.it\/news\/eros-ramazzotti-scusa-aurora-questione-santiago\/"},"author":{"name":"La Redazione","@id":"https:\/\/www.gossip.it\/#\/schema\/person\/488896f75158bff1cc83c6c39d141110"},"headline":"Eros Ramazzotti si scusa per Aurora e la 'questione' Santiago","datePublished":"2015-04-08T22:00:00+00:00","dateModified":"2015-04-08T22:00:00+00:00","mainEntityOfPage":{"@id":"https:\/\/www.gossip.it\/news\/eros-ramazzotti-scusa-aurora-questione-santiago\/"},"wordCount":537,"publisher":{"@id":"https:\/\/www.gossip.it\/#organization"},"image":{"@id":"https:\/\/www.gossip.it\/news\/eros-ramazzotti-scusa-aurora-questione-santiago\/#primaryimage"},"thumbnailUrl":"http:\/\/files.gossip.it\/immagini_news\/2015\/04\/1428572433_eros_ramazzotti_dichiarazioni.jpg","keywords":["aurora","cantante","dichiarazioni","marica pellegrinelli","questione santiago","santiago","sara daniele","scusa","scuse","tommaso zorzi"],"articleSection":["News"],"inLanguage":"it-IT"},{"@type":"WebPage","@id":"https:\/\/www.gossip.it\/news\/eros-ramazzotti-scusa-aurora-questione-santiago\/","url":"https:\/\/www.gossip.it\/news\/eros-ramazzotti-scusa-aurora-questione-santiago\/","name":"Eros Ramazzotti si scusa per Aurora e la 'questione' Santiago - Gossip.it | News sul Gossip e VIP","isPartOf":{"@id":"https:\/\/www.gossip.it\/#website"},"primaryImageOfPage":{"@id":"https:\/\/www.gossip.it\/news\/eros-ramazzotti-scusa-aurora-questione-santiago\/#primaryimage"},"image":{"@id":"https:\/\/www.gossip.it\/news\/eros-ramazzotti-scusa-aurora-questione-santiago\/#primaryimage"},"thumbnailUrl":"http:\/\/files.gossip.it\/immagini_news\/2015\/04\/1428572433_eros_ramazzotti_dichiarazioni.jpg","datePublished":"2015-04-08T22:00:00+00:00","dateModified":"2015-04-08T22:00:00+00:00","description":"Eros Ramazzotti interviene nella 'questione' Santiago scatenata suo malgrado dalla figlia 18enne. Aurora nei giorni scorsi ha postato un video scherzoso","breadcrumb":{"@id":"https:\/\/www.gossip.it\/news\/eros-ramazzotti-scusa-aurora-questione-santiago\/#breadcrumb"},"inLanguage":"it-IT","potentialAction":[{"@type":"ReadAction","target":["https:\/\/www.gossip.it\/news\/eros-ramazzotti-scusa-aurora-questione-santiago\/"]}]},{"@type":"ImageObject","inLanguage":"it-IT","@id":"https:\/\/www.gossip.it\/news\/eros-ramazzotti-scusa-aurora-questione-santiago\/#primaryimage","url":"http:\/\/files.gossip.it\/immagini_news\/2015\/04\/1428572433_eros_ramazzotti_dichiarazioni.jpg","contentUrl":"http:\/\/files.gossip.it\/immagini_news\/2015\/04\/1428572433_eros_ramazzotti_dichiarazioni.jpg"},{"@type":"BreadcrumbList","@id":"https:\/\/www.gossip.it\/news\/eros-ramazzotti-scusa-aurora-questione-santiago\/#breadcrumb","itemListElement":[{"@type":"ListItem","position":1,"name":"Home","item":"https:\/\/www.gossip.it\/"},{"@type":"ListItem","position":2,"name":"Eros Ramazzotti si scusa per Aurora e la 'questione' Santiago"}]},{"@type":"WebSite","@id":"https:\/\/www.gossip.it\/#website","url":"https:\/\/www.gossip.it\/","name":"Gossip and VIP News","description":"Quotidiano di cronaca rosa, costume e societ\u00e0","publisher":{"@id":"https:\/\/www.gossip.it\/#organization"},"alternateName":"Gossip and VIP News","potentialAction":[{"@type":"SearchAction","target":{"@type":"EntryPoint","urlTemplate":"https:\/\/www.gossip.it\/?s={search_term_string}"},"query-input":{"@type":"PropertyValueSpecification","valueRequired":true,"valueName":"search_term_string"}}],"inLanguage":"it-IT"},{"@type":"Organization","@id":"https:\/\/www.gossip.it\/#organization","name":"Gossip and VIP News","alternateName":"Gossip News","url":"https:\/\/www.gossip.it\/","logo":{"@type":"ImageObject","inLanguage":"it-IT","@id":"https:\/\/www.gossip.it\/#\/schema\/logo\/image\/","url":"https:\/\/www.gossip.it\/wp-content\/uploads\/2022\/04\/cropped-corna-alta-tiny.png","contentUrl":"https:\/\/www.gossip.it\/wp-content\/uploads\/2022\/04\/cropped-corna-alta-tiny.png","width":512,"height":512,"caption":"Gossip and VIP News"},"image":{"@id":"https:\/\/www.gossip.it\/#\/schema\/logo\/image\/"},"sameAs":["https:\/\/www.facebook.com\/GossipIT","https:\/\/x.com\/gossinews_it","https:\/\/instagram.com\/gossip_it"]},{"@type":"Person","@id":"https:\/\/www.gossip.it\/#\/schema\/person\/488896f75158bff1cc83c6c39d141110","name":"La Redazione","image":{"@type":"ImageObject","inLanguage":"it-IT","@id":"https:\/\/www.gossip.it\/#\/schema\/person\/image\/","url":"https:\/\/secure.gravatar.com\/avatar\/5a5f5c6fa3e6700e4249abdad0263a1e94e927d9e0499b1cb09c1cd29c044d80?s=96&d=mm&r=g","contentUrl":"https:\/\/secure.gravatar.com\/avatar\/5a5f5c6fa3e6700e4249abdad0263a1e94e927d9e0499b1cb09c1cd29c044d80?s=96&d=mm&r=g","caption":"La Redazione"},"sameAs":["https:\/\/www.gossip.it"]}]}},"amp_enabled":true,"_links":{"self":[{"href":"https:\/\/www.gossip.it\/api\/wp\/v2\/posts\/51268","targetHints":{"allow":["GET"]}}],"collection":[{"href":"https:\/\/www.gossip.it\/api\/wp\/v2\/posts"}],"about":[{"href":"https:\/\/www.gossip.it\/api\/wp\/v2\/types\/post"}],"author":[{"embeddable":true,"href":"https:\/\/www.gossip.it\/api\/wp\/v2\/users\/1"}],"replies":[{"embeddable":true,"href":"https:\/\/www.gossip.it\/api\/wp\/v2\/comments?post=51268"}],"version-history":[{"count":0,"href":"https:\/\/www.gossip.it\/api\/wp\/v2\/posts\/51268\/revisions"}],"wp:featuredmedia":[{"embeddable":true,"href":"https:\/\/www.gossip.it\/api\/wp\/v2\/media\/107314"}],"wp:attachment":[{"href":"https:\/\/www.gossip.it\/api\/wp\/v2\/media?parent=51268"}],"wp:term":[{"taxonomy":"category","embeddable":true,"href":"https:\/\/www.gossip.it\/api\/wp\/v2\/categories?post=51268"},{"taxonomy":"post_tag","embeddable":true,"href":"https:\/\/www.gossip.it\/api\/wp\/v2\/tags?post=51268"},{"taxonomy":"vip","embeddable":true,"href":"https:\/\/www.gossip.it\/api\/wp\/v2\/vip?post=51268"}],"curies":[{"name":"wp","href":"https:\/\/api.w.org\/{rel}","templated":true}]}}