{"id":51326,"date":"2015-04-14T00:00:00","date_gmt":"2015-04-13T22:00:00","guid":{"rendered":"https:\/\/www.gossip.it\/senza-categoria\/ireland-baldwin-rehab-trauma-emotivo\/"},"modified":"2015-04-14T00:00:00","modified_gmt":"2015-04-13T22:00:00","slug":"ireland-baldwin-rehab-trauma-emotivo","status":"publish","type":"post","link":"https:\/\/www.gossip.it\/news\/ireland-baldwin-rehab-trauma-emotivo\/","title":{"rendered":"Ireland Baldwin: 'Ma quali party, sono in rehab per un trauma emotivo'"},"content":{"rendered":"<p><a href=\"http:\/\/www.gossip.it\/vip\/ireland-baldwin\/\">Ireland Baldwin<\/a> in <strong>rehab<\/strong>. La modella, figlia di <a href=\"http:\/\/www.gossip.it\/vip\/alec-baldwin\/\">Alec Baldwin<\/a> e <a href=\"http:\/\/www.gossip.it\/vip\/kim-basinger\/\">Kim Basinger<\/a>, \u00e8 stata ricoverata in un centro di riabilitazione per un <strong>trauma emotivo<\/strong>. Lo ha cinguettato lei stessa su Twitter il 13 aprile.<\/p>\n<figure class=\"caption\"><img decoding=\"async\" alt=\"\" height=\"606\" width=\"620\" src=\"http:\/\/files.gossip.it\/immagini_news\/2015\/04\/1429023546_ireland_baldwin_alec_padre.jpg\" \/><figcaption>Ireland con il padre, il celebre attore Alec Baldwin<\/figcaption><\/figure>\n<p>La bionda 19enne figlia d'arte si trova al SOBA Recovery Center di Malibu, in California. Domenica scorsa, ha cinguettato: <em>\"Dio... concedimi un po' di serenit\u00e0 stanotte\"<\/em>. Il giorno dopo, \u00e8 arrivata la notizia del suo ricovero per abuso di sostanze stupefacenti<em>: \"A quanto pare, sono in <strong>rehab<\/strong> perch\u00e9 ho partecipato a troppe feste. Me ne star\u00f2 buona per un po' e manger\u00f2 del frozen yogurt\"<\/em>, ha scritto la ragazza sul social.<em> \"Star\u00f2 al Soba per due settimane. Ma non per i party, ma per un <strong>trauma emotivo<\/strong> e sto seguendo una terapia intensiva di cui avevo bisogno per recuperare<\/em> - ha sottolineato - <em>Un giorno sar\u00f2 pronta per condividere la mia storia apertamente. In questo momento ho solo bisogno di un attimo di respiro. Sentivo la necessit\u00e0 di poter lavorare su me stessa e raccogliere tutti gli strumenti necessari... Ho bisogno di superare tutto quello che ho vissuto e liberarmi di tutto il dolore che ho represso, mettendolo in luoghi irraggiungibili\"<\/em>.<\/p>\n<figure class=\"caption\"><img decoding=\"async\" alt=\"\" height=\"551\" width=\"620\" src=\"http:\/\/files.gossip.it\/immagini_news\/2015\/04\/1429023591_ireland_baldwin_6_anni.jpg\" \/><figcaption>Ireland, malinconica, ha pubblicato sul social questa sua foto da piccola\u00a0<\/figcaption><\/figure>\n<p><strong>Ireland Baldwin<\/strong> smentisce cos\u00ec di essere finita in <strong>rehab<\/strong> a causa di una vita fatta di feste a base di alcol e droghe. Una fonte per\u00f2 ha raccontato al <em>Radar Online<\/em> che i celebri genitori hanno dovuto letteralmente trascinarla via, perch\u00e9 urlava, piangeva e non voleva recarsi nel centro di riabilitazione: <em>\"Ormai passava da un party all'altro facendo preoccupare tutta la sua famiglia<\/em> - ha raccontato un<em> insider <\/em>- <em>Il problema dell'alcolismo non \u00e8 nuovo ai Baldwin. In passato due suoi parenti sono stati ricoverati nella stessa struttura e l'operato della clinica \u00e8 tenuto in alta considerazione dai membri della famiglia. I pazienti possono usare i telefoni, anche andare online. Inoltre viene servito dell'ottimo cibo\"<\/em>. Ma <strong>Ireland<\/strong>\u00a0<strong>Baldwin<\/strong> assicura\u00a0 che il suo ricovero non ha niente a che vedere con le dipendenze.<\/p>\n<figure class=\"caption\"><img decoding=\"async\" alt=\"\" height=\"657\" width=\"620\" src=\"http:\/\/files.gossip.it\/immagini_news\/2015\/04\/1429023647_ireland_baldwin_rehab.jpg\" \/><figcaption>Ireland in ospedale durante il recente riocovero, \u00e8 stata operata d'urgenza di appendicite<\/figcaption><\/figure>\n<p>Il suo, afferma, \u00e8 un disagio che nasce dall'anima, un <strong>trauma emotivo<\/strong> che non riesce a superare. All'inizio del mese la figlia di Alec Baldwin e Kim Basinger \u00e8 stata operata d'urgenza per un'appendicite. Sempre su Twitter ha condiviso uno scatto che la ritraeva sulla sedia a rotelle. Un periodo non facile quello che sta attraversando, chiss\u00e0 se la sua fidanzata, la rapper Angel Haze, la sta supportando in questo momento cos\u00ec particolare.<\/p>\n","protected":false},"excerpt":{"rendered":"<p>Ireland Baldwin in rehab. La modella, figlia di Alec Baldwin e Kim Basinger, \u00e8 stata ricoverata in un centro di riabilitazione per un trauma emotivo. Lo ha cinguettato lei stessa su Twitter il 13 aprile. Ireland con il padre, il celebre attore Alec Baldwin La bionda 19enne figlia d'arte si trova al SOBA Recovery Center [&hellip;]<\/p>\n","protected":false},"author":1,"featured_media":107372,"comment_status":"closed","ping_status":"closed","sticky":false,"template":"","format":"standard","meta":{"footnotes":""},"categories":[54],"tags":[38808,14369,8161,52141],"vip":[245],"class_list":["post-51326","post","type-post","status-publish","format-standard","has-post-thumbnail","hentry","category-news","tag-ireland-baldwin","tag-kim-basinger","tag-rehab","tag-trauma-emotivo","vip-alec_baldwin"],"yoast_head":"<title>Ireland Baldwin: &#039;Ma quali party, sono in rehab per un trauma emotivo&#039; - Gossip.it | News sul Gossip e VIP<\/title>\n<meta name=\"description\" content=\"Ireland Baldwin in rehab. La modella, figlia di Alec Baldwin e Kim Basinger, \u00e8 stata ricoverata in un centro di riabilitazione per un trauma emotivo. Lo\" \/>\n<meta name=\"robots\" content=\"index, follow, max-snippet:-1, max-image-preview:large, max-video-preview:-1\" \/>\n<link rel=\"canonical\" href=\"https:\/\/www.gossip.it\/news\/ireland-baldwin-rehab-trauma-emotivo\/\" \/>\n<meta property=\"og:locale\" content=\"it_IT\" \/>\n<meta property=\"og:type\" content=\"article\" \/>\n<meta property=\"og:title\" content=\"Ireland Baldwin: &#039;Ma quali party, sono in rehab per un trauma emotivo&#039; - Gossip.it | News sul Gossip e VIP\" \/>\n<meta property=\"og:description\" content=\"Ireland Baldwin in rehab. La modella, figlia di Alec Baldwin e Kim Basinger, \u00e8 stata ricoverata in un centro di riabilitazione per un trauma emotivo. Lo\" \/>\n<meta property=\"og:url\" content=\"https:\/\/www.gossip.it\/news\/ireland-baldwin-rehab-trauma-emotivo\/\" \/>\n<meta property=\"og:site_name\" content=\"Gossip.it | News sul Gossip e VIP\" \/>\n<meta property=\"article:publisher\" content=\"https:\/\/www.facebook.com\/GossipIT\" \/>\n<meta property=\"article:published_time\" content=\"2015-04-13T22:00:00+00:00\" \/>\n<meta property=\"og:image\" content=\"http:\/\/files.gossip.it\/immagini_news\/2015\/04\/1429023546_ireland_baldwin_alec_padre.jpg\" \/>\n<meta name=\"author\" content=\"La Redazione\" \/>\n<meta name=\"twitter:card\" content=\"summary_large_image\" \/>\n<meta name=\"twitter:image\" content=\"http:\/\/files.gossip.it\/immagini_news\/2015\/04\/1429023546_ireland_baldwin_alec_padre.jpg\" \/>\n<meta name=\"twitter:creator\" content=\"@gossinews_it\" \/>\n<meta name=\"twitter:site\" content=\"@gossinews_it\" \/>\n<meta name=\"twitter:label1\" content=\"Scritto da\" \/>\n\t<meta name=\"twitter:data1\" content=\"Francesca Romana Domenici\" \/>\n\t<meta name=\"twitter:label2\" content=\"Tempo di lettura stimato\" \/>\n\t<meta name=\"twitter:data2\" content=\"2 minuti\" \/>","yoast_head_json":{"title":"Ireland Baldwin: 'Ma quali party, sono in rehab per un trauma emotivo' - Gossip.it | News sul Gossip e VIP","description":"Ireland Baldwin in rehab. La modella, figlia di Alec Baldwin e Kim Basinger, \u00e8 stata ricoverata in un centro di riabilitazione per un trauma emotivo. Lo","robots":{"index":"index","follow":"follow","max-snippet":"max-snippet:-1","max-image-preview":"max-image-preview:large","max-video-preview":"max-video-preview:-1"},"canonical":"https:\/\/www.gossip.it\/news\/ireland-baldwin-rehab-trauma-emotivo\/","og_locale":"it_IT","og_type":"article","og_title":"Ireland Baldwin: 'Ma quali party, sono in rehab per un trauma emotivo' - Gossip.it | News sul Gossip e VIP","og_description":"Ireland Baldwin in rehab. La modella, figlia di Alec Baldwin e Kim Basinger, \u00e8 stata ricoverata in un centro di riabilitazione per un trauma emotivo. Lo","og_url":"https:\/\/www.gossip.it\/news\/ireland-baldwin-rehab-trauma-emotivo\/","og_site_name":"Gossip.it | News sul Gossip e VIP","article_publisher":"https:\/\/www.facebook.com\/GossipIT","article_published_time":"2015-04-13T22:00:00+00:00","og_image":[{"url":"http:\/\/files.gossip.it\/immagini_news\/2015\/04\/1429023546_ireland_baldwin_alec_padre.jpg"}],"author":"La Redazione","twitter_card":"summary_large_image","twitter_image":"http:\/\/files.gossip.it\/immagini_news\/2015\/04\/1429023546_ireland_baldwin_alec_padre.jpg","twitter_creator":"@gossinews_it","twitter_site":"@gossinews_it","twitter_misc":{"Scritto da":"Francesca Romana Domenici","Tempo di lettura stimato":"2 minuti"},"schema":{"@context":"https:\/\/schema.org","@graph":[{"@type":"Article","@id":"https:\/\/www.gossip.it\/news\/ireland-baldwin-rehab-trauma-emotivo\/#article","isPartOf":{"@id":"https:\/\/www.gossip.it\/news\/ireland-baldwin-rehab-trauma-emotivo\/"},"author":{"name":"La Redazione","@id":"https:\/\/www.gossip.it\/#\/schema\/person\/488896f75158bff1cc83c6c39d141110"},"headline":"Ireland Baldwin: 'Ma quali party, sono in rehab per un trauma emotivo'","datePublished":"2015-04-13T22:00:00+00:00","dateModified":"2015-04-13T22:00:00+00:00","mainEntityOfPage":{"@id":"https:\/\/www.gossip.it\/news\/ireland-baldwin-rehab-trauma-emotivo\/"},"wordCount":448,"publisher":{"@id":"https:\/\/www.gossip.it\/#organization"},"image":{"@id":"https:\/\/www.gossip.it\/news\/ireland-baldwin-rehab-trauma-emotivo\/#primaryimage"},"thumbnailUrl":"http:\/\/files.gossip.it\/immagini_news\/2015\/04\/1429023546_ireland_baldwin_alec_padre.jpg","keywords":["ireland baldwin","kim basinger","rehab","trauma emotivo"],"articleSection":["News"],"inLanguage":"it-IT"},{"@type":"WebPage","@id":"https:\/\/www.gossip.it\/news\/ireland-baldwin-rehab-trauma-emotivo\/","url":"https:\/\/www.gossip.it\/news\/ireland-baldwin-rehab-trauma-emotivo\/","name":"Ireland Baldwin: 'Ma quali party, sono in rehab per un trauma emotivo' - Gossip.it | News sul Gossip e VIP","isPartOf":{"@id":"https:\/\/www.gossip.it\/#website"},"primaryImageOfPage":{"@id":"https:\/\/www.gossip.it\/news\/ireland-baldwin-rehab-trauma-emotivo\/#primaryimage"},"image":{"@id":"https:\/\/www.gossip.it\/news\/ireland-baldwin-rehab-trauma-emotivo\/#primaryimage"},"thumbnailUrl":"http:\/\/files.gossip.it\/immagini_news\/2015\/04\/1429023546_ireland_baldwin_alec_padre.jpg","datePublished":"2015-04-13T22:00:00+00:00","dateModified":"2015-04-13T22:00:00+00:00","description":"Ireland Baldwin in rehab. La modella, figlia di Alec Baldwin e Kim Basinger, \u00e8 stata ricoverata in un centro di riabilitazione per un trauma emotivo. Lo","breadcrumb":{"@id":"https:\/\/www.gossip.it\/news\/ireland-baldwin-rehab-trauma-emotivo\/#breadcrumb"},"inLanguage":"it-IT","potentialAction":[{"@type":"ReadAction","target":["https:\/\/www.gossip.it\/news\/ireland-baldwin-rehab-trauma-emotivo\/"]}]},{"@type":"ImageObject","inLanguage":"it-IT","@id":"https:\/\/www.gossip.it\/news\/ireland-baldwin-rehab-trauma-emotivo\/#primaryimage","url":"http:\/\/files.gossip.it\/immagini_news\/2015\/04\/1429023546_ireland_baldwin_alec_padre.jpg","contentUrl":"http:\/\/files.gossip.it\/immagini_news\/2015\/04\/1429023546_ireland_baldwin_alec_padre.jpg"},{"@type":"BreadcrumbList","@id":"https:\/\/www.gossip.it\/news\/ireland-baldwin-rehab-trauma-emotivo\/#breadcrumb","itemListElement":[{"@type":"ListItem","position":1,"name":"Home","item":"https:\/\/www.gossip.it\/"},{"@type":"ListItem","position":2,"name":"Ireland Baldwin: 'Ma quali party, sono in rehab per un trauma emotivo'"}]},{"@type":"WebSite","@id":"https:\/\/www.gossip.it\/#website","url":"https:\/\/www.gossip.it\/","name":"Gossip and VIP News","description":"Quotidiano di cronaca rosa, costume e societ\u00e0","publisher":{"@id":"https:\/\/www.gossip.it\/#organization"},"alternateName":"Gossip and VIP News","potentialAction":[{"@type":"SearchAction","target":{"@type":"EntryPoint","urlTemplate":"https:\/\/www.gossip.it\/?s={search_term_string}"},"query-input":{"@type":"PropertyValueSpecification","valueRequired":true,"valueName":"search_term_string"}}],"inLanguage":"it-IT"},{"@type":"Organization","@id":"https:\/\/www.gossip.it\/#organization","name":"Gossip and VIP News","alternateName":"Gossip News","url":"https:\/\/www.gossip.it\/","logo":{"@type":"ImageObject","inLanguage":"it-IT","@id":"https:\/\/www.gossip.it\/#\/schema\/logo\/image\/","url":"https:\/\/www.gossip.it\/wp-content\/uploads\/2022\/04\/cropped-corna-alta-tiny.png","contentUrl":"https:\/\/www.gossip.it\/wp-content\/uploads\/2022\/04\/cropped-corna-alta-tiny.png","width":512,"height":512,"caption":"Gossip and VIP News"},"image":{"@id":"https:\/\/www.gossip.it\/#\/schema\/logo\/image\/"},"sameAs":["https:\/\/www.facebook.com\/GossipIT","https:\/\/x.com\/gossinews_it","https:\/\/instagram.com\/gossip_it"]},{"@type":"Person","@id":"https:\/\/www.gossip.it\/#\/schema\/person\/488896f75158bff1cc83c6c39d141110","name":"La Redazione","image":{"@type":"ImageObject","inLanguage":"it-IT","@id":"https:\/\/www.gossip.it\/#\/schema\/person\/image\/","url":"https:\/\/secure.gravatar.com\/avatar\/5a5f5c6fa3e6700e4249abdad0263a1e94e927d9e0499b1cb09c1cd29c044d80?s=96&d=mm&r=g","contentUrl":"https:\/\/secure.gravatar.com\/avatar\/5a5f5c6fa3e6700e4249abdad0263a1e94e927d9e0499b1cb09c1cd29c044d80?s=96&d=mm&r=g","caption":"La Redazione"},"sameAs":["https:\/\/www.gossip.it"]}]}},"amp_enabled":true,"_links":{"self":[{"href":"https:\/\/www.gossip.it\/api\/wp\/v2\/posts\/51326","targetHints":{"allow":["GET"]}}],"collection":[{"href":"https:\/\/www.gossip.it\/api\/wp\/v2\/posts"}],"about":[{"href":"https:\/\/www.gossip.it\/api\/wp\/v2\/types\/post"}],"author":[{"embeddable":true,"href":"https:\/\/www.gossip.it\/api\/wp\/v2\/users\/1"}],"replies":[{"embeddable":true,"href":"https:\/\/www.gossip.it\/api\/wp\/v2\/comments?post=51326"}],"version-history":[{"count":0,"href":"https:\/\/www.gossip.it\/api\/wp\/v2\/posts\/51326\/revisions"}],"wp:featuredmedia":[{"embeddable":true,"href":"https:\/\/www.gossip.it\/api\/wp\/v2\/media\/107372"}],"wp:attachment":[{"href":"https:\/\/www.gossip.it\/api\/wp\/v2\/media?parent=51326"}],"wp:term":[{"taxonomy":"category","embeddable":true,"href":"https:\/\/www.gossip.it\/api\/wp\/v2\/categories?post=51326"},{"taxonomy":"post_tag","embeddable":true,"href":"https:\/\/www.gossip.it\/api\/wp\/v2\/tags?post=51326"},{"taxonomy":"vip","embeddable":true,"href":"https:\/\/www.gossip.it\/api\/wp\/v2\/vip?post=51326"}],"curies":[{"name":"wp","href":"https:\/\/api.w.org\/{rel}","templated":true}]}}