{"id":51338,"date":"2015-04-15T00:00:00","date_gmt":"2015-04-14T22:00:00","guid":{"rendered":"https:\/\/www.gossip.it\/senza-categoria\/bianca-balti-mamma-bis-foto-mia\/"},"modified":"2015-04-15T00:00:00","modified_gmt":"2015-04-14T22:00:00","slug":"bianca-balti-mamma-bis-foto-mia","status":"publish","type":"post","link":"https:\/\/www.gossip.it\/news\/bianca-balti-mamma-bis-foto-mia\/","title":{"rendered":"Bianca Balti, una altra foto da mamma bis con la piccola Mia"},"content":{"rendered":"<p><a href=\"http:\/\/www.gossip.it\/vip\/bianca-balti\/\">Bianca Balti<\/a> sul <a href=\"http:\/\/www.gossip.it\/vip\/social\/\">social<\/a> ha condiviso un'altra <strong>foto<\/strong> da mamma bis. La <a href=\"http:\/\/www.gossip.it\/vip\/modella\/\">modella<\/a> davanti all'obiettivo dello smartphone, ancora nel letto d'ospedale, posa tenendo in braccio teneramente la sua piccola <strong>Mia<\/strong>, venuta al mondo ieri, marted\u00ec 14 aprile, alle 9,05 del mattino, per la felicit\u00e0 del compagno, <a href=\"http:\/\/www.gossip.it\/vip\/matthew-mcrae\/\">Matthew McRae<\/a>.<br \/>Lo scatto condiviso sul profilo sul web \u00e8 stato realizzato da <em>George Papidze<\/em>, rappresentante della Brave Models Management e Social Media Assistant di <strong>Bianca Balti<\/strong>, come si legge sul network.<\/p>\n<figure class=\"caption\"><img decoding=\"async\" alt=\"\" width=\"620\" height=\"627\" src=\"http:\/\/files.gossip.it\/immagini_news\/2015\/04\/1429104408_bianca_balti_mamma_bis.jpg\" \/><figcaption>Un'altra foto da mamma bis per Bianca Balti, con in braccio la piccola Mia<\/figcaption><\/figure>\n<p><strong>Bianca Balti<\/strong> fa impazzire. <strong>Mamma bis<\/strong> di <strong>Mia<\/strong> nella <strong>foto<\/strong> \u00e8 radiosa: il suo viso, senza un filo di trucco, lascia trasparire la grande gioia provata per l'arrivo della sua seconda cicogna. E, sempre via social, arrivano gli auguri di tanti amici vip, tra i quali <a href=\"http:\/\/www.gossip.it\/vip\/stefano-gabbana\/\">Stefano Gabbana<\/a> che ha cinguettato: <em>\"Congratulation my sweet Bianca!!! #madeinitaly #dgfamily #dgmamma\"<\/em>. Musa assoluta del brand, <strong>Bianca Balti<\/strong> <a href=\"http:\/\/www.gossip.it\/news\/bianca-balti-incinta-dolce-e-gabbana-news.html\">ha pure sfilato con il pancione in passerella<\/a> per <a href=\"http:\/\/www.gossip.it\/vip\/dolce-e gabbana\/\">Dolce e Gabbana<\/a> nell'ultima Fashion Week milanese.<br \/><em>\"Ho la fortuna di annunciare annunciare la nascita di Mia McRae, 14 April 2015 ore 9.05, 2.8kg. Sar\u00e0 amatissima da me, dal suo pap\u00e0 orgoglioso, Matthew e dalla sorellona Matilde! Sono letteralmente la persona pi\u00f9 felice del mondo! Grazie Dio!\"<\/em>, ha scritto ieri <strong>Bianca Balti<\/strong> quando ha annunciato l'avvenuto parto. Da <strong>mamma bis<\/strong> di Mia si sente benissimo, come testimonia la <strong>foto<\/strong> online: non potrebbe desiderare di pi\u00f9.<br \/>Andata a <a href=\"http:\/\/www.gossip.it\/vip\/nozze\/\">nozze<\/a> con il fotografo <em>Christian Lucidi<\/em> il 17 giugno 2006, nella primavera del 2007 era diventata <strong>mamma<\/strong> per la prima volta della piccola <em>Matilde<\/em>, nel 2009 era arrivato il crack dal marito. Poi per lei una lunga storia con <a href=\"http:\/\/www.gossip.it\/vip\/fracesco-mele\/\">Fracesco Mele<\/a>. I due si sono detti addio senza clamori mediatici. Ora a 31 anni \u00e8 diventata genitore con accanto <a href=\"http:\/\/www.gossip.it\/vip\/matthew-mcrae\/\">Matthew McRae<\/a>. <em>\"Non c\u2019entra con il mondo della moda e non \u00e8 un miliardario. Non farebbe proprio per me. E' un uomo normale e lavora negli Stati Uniti\"<\/em>, aveva detto quando aveva annunciato di essere incinta. Per lei potrebbe finalmente essere quello da desiderate <em>'per sempre'<\/em>.<\/p>\n<p>\u00a0<\/p>\n","protected":false},"excerpt":{"rendered":"<p>Bianca Balti sul social ha condiviso un'altra foto da mamma bis. La modella davanti all'obiettivo dello smartphone, ancora nel letto d'ospedale, posa tenendo in braccio teneramente la sua piccola Mia, venuta al mondo ieri, marted\u00ec 14 aprile, alle 9,05 del mattino, per la felicit\u00e0 del compagno, Matthew McRae.Lo scatto condiviso sul profilo sul web \u00e8 [&hellip;]<\/p>\n","protected":false},"author":1,"featured_media":107384,"comment_status":"closed","ping_status":"closed","sticky":false,"template":"","format":"standard","meta":{"footnotes":""},"categories":[54],"tags":[1905,2118,2121,10019,52145,1997,2283,2187,1923],"vip":[414,1735],"class_list":["post-51338","post","type-post","status-publish","format-standard","has-post-thumbnail","hentry","category-news","tag-figlia","tag-foto","tag-instagram","tag-matilde","tag-mia-matthew-mcrae","tag-modella","tag-nata","tag-parto","tag-social","vip-bianca_balti","vip-stefano_gabbana"],"yoast_head":"<title>Bianca Balti, una altra foto da mamma bis con la piccola Mia - Gossip.it | News sul Gossip e VIP<\/title>\n<meta name=\"description\" content=\"Bianca Balti sul social ha condiviso un&#039;altra foto da mamma bis. La modella davanti all&#039;obiettivo dello smartphone, ancora nel letto d&#039;ospedale, posa\" \/>\n<meta name=\"robots\" content=\"index, follow, max-snippet:-1, max-image-preview:large, max-video-preview:-1\" \/>\n<link rel=\"canonical\" href=\"https:\/\/www.gossip.it\/news\/bianca-balti-mamma-bis-foto-mia\/\" \/>\n<meta property=\"og:locale\" content=\"it_IT\" \/>\n<meta property=\"og:type\" content=\"article\" \/>\n<meta property=\"og:title\" content=\"Bianca Balti, una altra foto da mamma bis con la piccola Mia - Gossip.it | News sul Gossip e VIP\" \/>\n<meta property=\"og:description\" content=\"Bianca Balti sul social ha condiviso un&#039;altra foto da mamma bis. La modella davanti all&#039;obiettivo dello smartphone, ancora nel letto d&#039;ospedale, posa\" \/>\n<meta property=\"og:url\" content=\"https:\/\/www.gossip.it\/news\/bianca-balti-mamma-bis-foto-mia\/\" \/>\n<meta property=\"og:site_name\" content=\"Gossip.it | News sul Gossip e VIP\" \/>\n<meta property=\"article:publisher\" content=\"https:\/\/www.facebook.com\/GossipIT\" \/>\n<meta property=\"article:published_time\" content=\"2015-04-14T22:00:00+00:00\" \/>\n<meta property=\"og:image\" content=\"http:\/\/files.gossip.it\/immagini_news\/2015\/04\/1429104408_bianca_balti_mamma_bis.jpg\" \/>\n<meta name=\"author\" content=\"La Redazione\" \/>\n<meta name=\"twitter:card\" content=\"summary_large_image\" \/>\n<meta name=\"twitter:image\" content=\"http:\/\/files.gossip.it\/immagini_news\/2015\/04\/1429104408_bianca_balti_mamma_bis.jpg\" \/>\n<meta name=\"twitter:creator\" content=\"@gossinews_it\" \/>\n<meta name=\"twitter:site\" content=\"@gossinews_it\" \/>\n<meta name=\"twitter:label1\" content=\"Scritto da\" \/>\n\t<meta name=\"twitter:data1\" content=\"Annamaria Capozzi\" \/>\n\t<meta name=\"twitter:label2\" content=\"Tempo di lettura stimato\" \/>\n\t<meta name=\"twitter:data2\" content=\"2 minuti\" \/>","yoast_head_json":{"title":"Bianca Balti, una altra foto da mamma bis con la piccola Mia - Gossip.it | News sul Gossip e VIP","description":"Bianca Balti sul social ha condiviso un'altra foto da mamma bis. La modella davanti all'obiettivo dello smartphone, ancora nel letto d'ospedale, posa","robots":{"index":"index","follow":"follow","max-snippet":"max-snippet:-1","max-image-preview":"max-image-preview:large","max-video-preview":"max-video-preview:-1"},"canonical":"https:\/\/www.gossip.it\/news\/bianca-balti-mamma-bis-foto-mia\/","og_locale":"it_IT","og_type":"article","og_title":"Bianca Balti, una altra foto da mamma bis con la piccola Mia - Gossip.it | News sul Gossip e VIP","og_description":"Bianca Balti sul social ha condiviso un'altra foto da mamma bis. La modella davanti all'obiettivo dello smartphone, ancora nel letto d'ospedale, posa","og_url":"https:\/\/www.gossip.it\/news\/bianca-balti-mamma-bis-foto-mia\/","og_site_name":"Gossip.it | News sul Gossip e VIP","article_publisher":"https:\/\/www.facebook.com\/GossipIT","article_published_time":"2015-04-14T22:00:00+00:00","og_image":[{"url":"http:\/\/files.gossip.it\/immagini_news\/2015\/04\/1429104408_bianca_balti_mamma_bis.jpg"}],"author":"La Redazione","twitter_card":"summary_large_image","twitter_image":"http:\/\/files.gossip.it\/immagini_news\/2015\/04\/1429104408_bianca_balti_mamma_bis.jpg","twitter_creator":"@gossinews_it","twitter_site":"@gossinews_it","twitter_misc":{"Scritto da":"Annamaria Capozzi","Tempo di lettura stimato":"2 minuti"},"schema":{"@context":"https:\/\/schema.org","@graph":[{"@type":"Article","@id":"https:\/\/www.gossip.it\/news\/bianca-balti-mamma-bis-foto-mia\/#article","isPartOf":{"@id":"https:\/\/www.gossip.it\/news\/bianca-balti-mamma-bis-foto-mia\/"},"author":{"name":"La Redazione","@id":"https:\/\/www.gossip.it\/#\/schema\/person\/488896f75158bff1cc83c6c39d141110"},"headline":"Bianca Balti, una altra foto da mamma bis con la piccola Mia","datePublished":"2015-04-14T22:00:00+00:00","dateModified":"2015-04-14T22:00:00+00:00","mainEntityOfPage":{"@id":"https:\/\/www.gossip.it\/news\/bianca-balti-mamma-bis-foto-mia\/"},"wordCount":353,"publisher":{"@id":"https:\/\/www.gossip.it\/#organization"},"image":{"@id":"https:\/\/www.gossip.it\/news\/bianca-balti-mamma-bis-foto-mia\/#primaryimage"},"thumbnailUrl":"http:\/\/files.gossip.it\/immagini_news\/2015\/04\/1429104408_bianca_balti_mamma_bis.jpg","keywords":["figlia","foto","instagram","matilde","mia matthew mcrae","modella","nata","parto","social"],"articleSection":["News"],"inLanguage":"it-IT"},{"@type":"WebPage","@id":"https:\/\/www.gossip.it\/news\/bianca-balti-mamma-bis-foto-mia\/","url":"https:\/\/www.gossip.it\/news\/bianca-balti-mamma-bis-foto-mia\/","name":"Bianca Balti, una altra foto da mamma bis con la piccola Mia - Gossip.it | News sul Gossip e VIP","isPartOf":{"@id":"https:\/\/www.gossip.it\/#website"},"primaryImageOfPage":{"@id":"https:\/\/www.gossip.it\/news\/bianca-balti-mamma-bis-foto-mia\/#primaryimage"},"image":{"@id":"https:\/\/www.gossip.it\/news\/bianca-balti-mamma-bis-foto-mia\/#primaryimage"},"thumbnailUrl":"http:\/\/files.gossip.it\/immagini_news\/2015\/04\/1429104408_bianca_balti_mamma_bis.jpg","datePublished":"2015-04-14T22:00:00+00:00","dateModified":"2015-04-14T22:00:00+00:00","description":"Bianca Balti sul social ha condiviso un'altra foto da mamma bis. La modella davanti all'obiettivo dello smartphone, ancora nel letto d'ospedale, posa","breadcrumb":{"@id":"https:\/\/www.gossip.it\/news\/bianca-balti-mamma-bis-foto-mia\/#breadcrumb"},"inLanguage":"it-IT","potentialAction":[{"@type":"ReadAction","target":["https:\/\/www.gossip.it\/news\/bianca-balti-mamma-bis-foto-mia\/"]}]},{"@type":"ImageObject","inLanguage":"it-IT","@id":"https:\/\/www.gossip.it\/news\/bianca-balti-mamma-bis-foto-mia\/#primaryimage","url":"http:\/\/files.gossip.it\/immagini_news\/2015\/04\/1429104408_bianca_balti_mamma_bis.jpg","contentUrl":"http:\/\/files.gossip.it\/immagini_news\/2015\/04\/1429104408_bianca_balti_mamma_bis.jpg"},{"@type":"BreadcrumbList","@id":"https:\/\/www.gossip.it\/news\/bianca-balti-mamma-bis-foto-mia\/#breadcrumb","itemListElement":[{"@type":"ListItem","position":1,"name":"Home","item":"https:\/\/www.gossip.it\/"},{"@type":"ListItem","position":2,"name":"Bianca Balti, una altra foto da mamma bis con la piccola Mia"}]},{"@type":"WebSite","@id":"https:\/\/www.gossip.it\/#website","url":"https:\/\/www.gossip.it\/","name":"Gossip and VIP News","description":"Quotidiano di cronaca rosa, costume e societ\u00e0","publisher":{"@id":"https:\/\/www.gossip.it\/#organization"},"alternateName":"Gossip and VIP News","potentialAction":[{"@type":"SearchAction","target":{"@type":"EntryPoint","urlTemplate":"https:\/\/www.gossip.it\/?s={search_term_string}"},"query-input":{"@type":"PropertyValueSpecification","valueRequired":true,"valueName":"search_term_string"}}],"inLanguage":"it-IT"},{"@type":"Organization","@id":"https:\/\/www.gossip.it\/#organization","name":"Gossip and VIP News","alternateName":"Gossip News","url":"https:\/\/www.gossip.it\/","logo":{"@type":"ImageObject","inLanguage":"it-IT","@id":"https:\/\/www.gossip.it\/#\/schema\/logo\/image\/","url":"https:\/\/www.gossip.it\/wp-content\/uploads\/2022\/04\/cropped-corna-alta-tiny.png","contentUrl":"https:\/\/www.gossip.it\/wp-content\/uploads\/2022\/04\/cropped-corna-alta-tiny.png","width":512,"height":512,"caption":"Gossip and VIP News"},"image":{"@id":"https:\/\/www.gossip.it\/#\/schema\/logo\/image\/"},"sameAs":["https:\/\/www.facebook.com\/GossipIT","https:\/\/x.com\/gossinews_it","https:\/\/instagram.com\/gossip_it"]},{"@type":"Person","@id":"https:\/\/www.gossip.it\/#\/schema\/person\/488896f75158bff1cc83c6c39d141110","name":"La Redazione","image":{"@type":"ImageObject","inLanguage":"it-IT","@id":"https:\/\/www.gossip.it\/#\/schema\/person\/image\/","url":"https:\/\/secure.gravatar.com\/avatar\/5a5f5c6fa3e6700e4249abdad0263a1e94e927d9e0499b1cb09c1cd29c044d80?s=96&d=mm&r=g","contentUrl":"https:\/\/secure.gravatar.com\/avatar\/5a5f5c6fa3e6700e4249abdad0263a1e94e927d9e0499b1cb09c1cd29c044d80?s=96&d=mm&r=g","caption":"La Redazione"},"sameAs":["https:\/\/www.gossip.it"]}]}},"amp_enabled":true,"_links":{"self":[{"href":"https:\/\/www.gossip.it\/api\/wp\/v2\/posts\/51338","targetHints":{"allow":["GET"]}}],"collection":[{"href":"https:\/\/www.gossip.it\/api\/wp\/v2\/posts"}],"about":[{"href":"https:\/\/www.gossip.it\/api\/wp\/v2\/types\/post"}],"author":[{"embeddable":true,"href":"https:\/\/www.gossip.it\/api\/wp\/v2\/users\/1"}],"replies":[{"embeddable":true,"href":"https:\/\/www.gossip.it\/api\/wp\/v2\/comments?post=51338"}],"version-history":[{"count":0,"href":"https:\/\/www.gossip.it\/api\/wp\/v2\/posts\/51338\/revisions"}],"wp:featuredmedia":[{"embeddable":true,"href":"https:\/\/www.gossip.it\/api\/wp\/v2\/media\/107384"}],"wp:attachment":[{"href":"https:\/\/www.gossip.it\/api\/wp\/v2\/media?parent=51338"}],"wp:term":[{"taxonomy":"category","embeddable":true,"href":"https:\/\/www.gossip.it\/api\/wp\/v2\/categories?post=51338"},{"taxonomy":"post_tag","embeddable":true,"href":"https:\/\/www.gossip.it\/api\/wp\/v2\/tags?post=51338"},{"taxonomy":"vip","embeddable":true,"href":"https:\/\/www.gossip.it\/api\/wp\/v2\/vip?post=51338"}],"curies":[{"name":"wp","href":"https:\/\/api.w.org\/{rel}","templated":true}]}}