{"id":51349,"date":"2015-04-16T00:00:00","date_gmt":"2015-04-15T22:00:00","guid":{"rendered":"https:\/\/www.gossip.it\/senza-categoria\/marco-carta-dedica-social-mamma\/"},"modified":"2015-04-16T00:00:00","modified_gmt":"2015-04-15T22:00:00","slug":"marco-carta-dedica-social-mamma","status":"publish","type":"post","link":"https:\/\/www.gossip.it\/news\/marco-carta-dedica-social-mamma\/","title":{"rendered":"Marco Carta, dedica social alla mamma scomparsa"},"content":{"rendered":"<p><a href=\"http:\/\/www.gossip.it\/vip\/marco-carta\/\">Marco Carta<\/a> fa una <strong>dedica<\/strong> sul <a href=\"http:\/\/www.gossip.it\/vip\/social\/\">social<\/a> alla <strong>mamma<\/strong> scomparsa, il <a href=\"http:\/\/www.gossip.it\/vip\/cantante\/\">cantante<\/a>, che ha vinto <a href=\"http:\/\/www.gossip.it\/vip\/amici\/\">Amici<\/a> e nel 2009 <a href=\"http:\/\/www.gossip.it\/vip\/sanremo\/\">Sanremo<\/a>, non ha mai nascosto il suo dolore per la perdita prematura del genitore. Ieri, 15 aprile, la donna avrebbe compiuto 48 anni. Marco in un giorno tanto speciale non ha potuto fare a meno di pensare a lei e scriverle parole dolci, condividendole con i fan che lo seguono su <em>Facebook<\/em>.<\/p>\n<figure class=\"caption\"><img decoding=\"async\" alt=\"\" width=\"620\" height=\"821\" src=\"http:\/\/files.gossip.it\/immagini_news\/2015\/04\/1429182836_marco_carta_dedica_compleanno_mamma.jpg\" \/><figcaption>Marco Carta sul social ha ricordato la mamma scomparsa, che ieri avrebbe compiuto 48 anni<\/figcaption><\/figure>\n<p><em>\"<strong>Mamma<\/strong>... Tanti auguri per i tuoi 48... Il tempo \u00e8 un po' bastardo, cerca di offuscare i ricordi e le mente, ma io non lo permetter\u00f2, per me #SeiViva. Non mi stancher\u00f2 mai di portarti nel cuore, nella pelle e nel mondo... So che un giorno ci rincontreremo. #TiVoglioBene\"<\/em>, ha scritto <strong>Marco Carta<\/strong> sul <strong>social<\/strong>. La sua <strong>dedica<\/strong> alla <strong>mamma<\/strong> scomparsa riempie il cuore di malinconia. In poche ore il post dell'artista ha raccolto centinaia di migliaia di <em>'like'<\/em> e non poteva essere altrimenti.<br \/>La <strong>mamma<\/strong> di <strong>Marco Carta<\/strong> \u00e8 morta a causa di un tumore quando lui, che il prossimo 21 maggio compir\u00e0 30 anni, aveva solo 10 anni.\u00a0<br \/><em>\"<strong>Mamma<\/strong> aveva 26 anni, quanti ne ho io ora, e la domenica mattina mi portava a messa. Partivamo da casa di buon\u2019ora e ci fermavamo a prendere una pastarella: mi piaceva cantare nel coro con in bocca il sapore di zucchero a velo e crema, e sognavo lo Zecchino d\u2019oro. Di l\u00ec a poco, lei sarebbe morta\"<\/em>, ha raccontato in passato intervistato da <em>Vanity Fair<\/em>. Tornato sulle scene nel 2012 dopo un paio d'anni di <em>'buio'<\/em>, Marco aveva raccontato del suo 'squarcio', quello che <em>\"lascia una <strong>mamma<\/strong> quando va via troppo presto: non c\u2019\u00e8 niente da fare, sta l\u00ec nello stomaco, non si riassorbe\"<\/em>, e del <em>'lampo' \"di un successo che arriva e di colpo, e da cui a un certo punto serve riparo\"<\/em>. <em>\"Non riuscivo pi\u00f9 a vivere bene. Mi vedevo ovunque. Mi specchiavo, in bagno, e provavo come un\u2019asfissia, una nausea. Mi dicevo: \u201cAncora tu?\u201d<\/em> - ha spiegato - <em>Non riuscivo neanche a trovare un paio di giorni per andare ad abbracciare mia nonna in Sardegna. Ero pieno di domande. Avevo bisogno di risposte\"<\/em>. Le ha trovate dentro se stesso. Ora, maturo e pi\u00f9 consapevole, \u00e8 pure pi\u00f9 sereno, ma la perdita della <strong>mamma<\/strong> \u00e8 stata un buco nero impossibile da colmare. E <strong>Marco Carta<\/strong>, nel giorno di quello che sarebbe stato il suo 48\u00b0 compleanno, ha sentito il bisogno di farle una <strong>dedica<\/strong> sul <strong>social<\/strong>, un modo per mettere nero su bianco il suo profondo ancora tutto per lei.<\/p>\n<p>\u00a0<\/p>\n","protected":false},"excerpt":{"rendered":"<p>Marco Carta fa una dedica sul social alla mamma scomparsa, il cantante, che ha vinto Amici e nel 2009 Sanremo, non ha mai nascosto il suo dolore per la perdita prematura del genitore. Ieri, 15 aprile, la donna avrebbe compiuto 48 anni. Marco in un giorno tanto speciale non ha potuto fare a meno di [&hellip;]<\/p>\n","protected":false},"author":1,"featured_media":107395,"comment_status":"closed","ping_status":"closed","sticky":false,"template":"","format":"standard","meta":{"footnotes":""},"categories":[54],"tags":[1909,2161,1981,2178,4790,1900,8879,1923],"vip":[1204],"class_list":["post-51349","post","type-post","status-publish","format-standard","has-post-thumbnail","hentry","category-news","tag-amici","tag-artista","tag-cantante","tag-dedica","tag-facebook","tag-mamma","tag-morta","tag-social","vip-marco_carta"],"yoast_head":"<title>Marco Carta, dedica social alla mamma scomparsa - Gossip.it | News sul Gossip e VIP<\/title>\n<meta name=\"description\" content=\"Marco Carta fa una dedica sul social alla mamma scomparsa, il cantante, che ha vinto Amici e nel 2009 Sanremo, non ha mai nascosto il suo dolore per la\" \/>\n<meta name=\"robots\" content=\"index, follow, max-snippet:-1, max-image-preview:large, max-video-preview:-1\" \/>\n<link rel=\"canonical\" href=\"https:\/\/www.gossip.it\/news\/marco-carta-dedica-social-mamma\/\" \/>\n<meta property=\"og:locale\" content=\"it_IT\" \/>\n<meta property=\"og:type\" content=\"article\" \/>\n<meta property=\"og:title\" content=\"Marco Carta, dedica social alla mamma scomparsa - Gossip.it | News sul Gossip e VIP\" \/>\n<meta property=\"og:description\" content=\"Marco Carta fa una dedica sul social alla mamma scomparsa, il cantante, che ha vinto Amici e nel 2009 Sanremo, non ha mai nascosto il suo dolore per la\" \/>\n<meta property=\"og:url\" content=\"https:\/\/www.gossip.it\/news\/marco-carta-dedica-social-mamma\/\" \/>\n<meta property=\"og:site_name\" content=\"Gossip.it | News sul Gossip e VIP\" \/>\n<meta property=\"article:publisher\" content=\"https:\/\/www.facebook.com\/GossipIT\" \/>\n<meta property=\"article:published_time\" content=\"2015-04-15T22:00:00+00:00\" \/>\n<meta property=\"og:image\" content=\"http:\/\/files.gossip.it\/immagini_news\/2015\/04\/1429182836_marco_carta_dedica_compleanno_mamma.jpg\" \/>\n<meta name=\"author\" content=\"La Redazione\" \/>\n<meta name=\"twitter:card\" content=\"summary_large_image\" \/>\n<meta name=\"twitter:image\" content=\"http:\/\/files.gossip.it\/immagini_news\/2015\/04\/1429182836_marco_carta_dedica_compleanno_mamma.jpg\" \/>\n<meta name=\"twitter:creator\" content=\"@gossinews_it\" \/>\n<meta name=\"twitter:site\" content=\"@gossinews_it\" \/>\n<meta name=\"twitter:label1\" content=\"Scritto da\" \/>\n\t<meta name=\"twitter:data1\" content=\"Annamaria Capozzi\" \/>\n\t<meta name=\"twitter:label2\" content=\"Tempo di lettura stimato\" \/>\n\t<meta name=\"twitter:data2\" content=\"2 minuti\" \/>","yoast_head_json":{"title":"Marco Carta, dedica social alla mamma scomparsa - Gossip.it | News sul Gossip e VIP","description":"Marco Carta fa una dedica sul social alla mamma scomparsa, il cantante, che ha vinto Amici e nel 2009 Sanremo, non ha mai nascosto il suo dolore per la","robots":{"index":"index","follow":"follow","max-snippet":"max-snippet:-1","max-image-preview":"max-image-preview:large","max-video-preview":"max-video-preview:-1"},"canonical":"https:\/\/www.gossip.it\/news\/marco-carta-dedica-social-mamma\/","og_locale":"it_IT","og_type":"article","og_title":"Marco Carta, dedica social alla mamma scomparsa - Gossip.it | News sul Gossip e VIP","og_description":"Marco Carta fa una dedica sul social alla mamma scomparsa, il cantante, che ha vinto Amici e nel 2009 Sanremo, non ha mai nascosto il suo dolore per la","og_url":"https:\/\/www.gossip.it\/news\/marco-carta-dedica-social-mamma\/","og_site_name":"Gossip.it | News sul Gossip e VIP","article_publisher":"https:\/\/www.facebook.com\/GossipIT","article_published_time":"2015-04-15T22:00:00+00:00","og_image":[{"url":"http:\/\/files.gossip.it\/immagini_news\/2015\/04\/1429182836_marco_carta_dedica_compleanno_mamma.jpg"}],"author":"La Redazione","twitter_card":"summary_large_image","twitter_image":"http:\/\/files.gossip.it\/immagini_news\/2015\/04\/1429182836_marco_carta_dedica_compleanno_mamma.jpg","twitter_creator":"@gossinews_it","twitter_site":"@gossinews_it","twitter_misc":{"Scritto da":"Annamaria Capozzi","Tempo di lettura stimato":"2 minuti"},"schema":{"@context":"https:\/\/schema.org","@graph":[{"@type":"Article","@id":"https:\/\/www.gossip.it\/news\/marco-carta-dedica-social-mamma\/#article","isPartOf":{"@id":"https:\/\/www.gossip.it\/news\/marco-carta-dedica-social-mamma\/"},"author":{"name":"La Redazione","@id":"https:\/\/www.gossip.it\/#\/schema\/person\/488896f75158bff1cc83c6c39d141110"},"headline":"Marco Carta, dedica social alla mamma scomparsa","datePublished":"2015-04-15T22:00:00+00:00","dateModified":"2015-04-15T22:00:00+00:00","mainEntityOfPage":{"@id":"https:\/\/www.gossip.it\/news\/marco-carta-dedica-social-mamma\/"},"wordCount":435,"publisher":{"@id":"https:\/\/www.gossip.it\/#organization"},"image":{"@id":"https:\/\/www.gossip.it\/news\/marco-carta-dedica-social-mamma\/#primaryimage"},"thumbnailUrl":"http:\/\/files.gossip.it\/immagini_news\/2015\/04\/1429182836_marco_carta_dedica_compleanno_mamma.jpg","keywords":["amici","artista","cantante","dedica","facebook","mamma","morta","social"],"articleSection":["News"],"inLanguage":"it-IT"},{"@type":"WebPage","@id":"https:\/\/www.gossip.it\/news\/marco-carta-dedica-social-mamma\/","url":"https:\/\/www.gossip.it\/news\/marco-carta-dedica-social-mamma\/","name":"Marco Carta, dedica social alla mamma scomparsa - Gossip.it | News sul Gossip e VIP","isPartOf":{"@id":"https:\/\/www.gossip.it\/#website"},"primaryImageOfPage":{"@id":"https:\/\/www.gossip.it\/news\/marco-carta-dedica-social-mamma\/#primaryimage"},"image":{"@id":"https:\/\/www.gossip.it\/news\/marco-carta-dedica-social-mamma\/#primaryimage"},"thumbnailUrl":"http:\/\/files.gossip.it\/immagini_news\/2015\/04\/1429182836_marco_carta_dedica_compleanno_mamma.jpg","datePublished":"2015-04-15T22:00:00+00:00","dateModified":"2015-04-15T22:00:00+00:00","description":"Marco Carta fa una dedica sul social alla mamma scomparsa, il cantante, che ha vinto Amici e nel 2009 Sanremo, non ha mai nascosto il suo dolore per la","breadcrumb":{"@id":"https:\/\/www.gossip.it\/news\/marco-carta-dedica-social-mamma\/#breadcrumb"},"inLanguage":"it-IT","potentialAction":[{"@type":"ReadAction","target":["https:\/\/www.gossip.it\/news\/marco-carta-dedica-social-mamma\/"]}]},{"@type":"ImageObject","inLanguage":"it-IT","@id":"https:\/\/www.gossip.it\/news\/marco-carta-dedica-social-mamma\/#primaryimage","url":"http:\/\/files.gossip.it\/immagini_news\/2015\/04\/1429182836_marco_carta_dedica_compleanno_mamma.jpg","contentUrl":"http:\/\/files.gossip.it\/immagini_news\/2015\/04\/1429182836_marco_carta_dedica_compleanno_mamma.jpg"},{"@type":"BreadcrumbList","@id":"https:\/\/www.gossip.it\/news\/marco-carta-dedica-social-mamma\/#breadcrumb","itemListElement":[{"@type":"ListItem","position":1,"name":"Home","item":"https:\/\/www.gossip.it\/"},{"@type":"ListItem","position":2,"name":"Marco Carta, dedica social alla mamma scomparsa"}]},{"@type":"WebSite","@id":"https:\/\/www.gossip.it\/#website","url":"https:\/\/www.gossip.it\/","name":"Gossip and VIP News","description":"Quotidiano di cronaca rosa, costume e societ\u00e0","publisher":{"@id":"https:\/\/www.gossip.it\/#organization"},"alternateName":"Gossip and VIP News","potentialAction":[{"@type":"SearchAction","target":{"@type":"EntryPoint","urlTemplate":"https:\/\/www.gossip.it\/?s={search_term_string}"},"query-input":{"@type":"PropertyValueSpecification","valueRequired":true,"valueName":"search_term_string"}}],"inLanguage":"it-IT"},{"@type":"Organization","@id":"https:\/\/www.gossip.it\/#organization","name":"Gossip and VIP News","alternateName":"Gossip News","url":"https:\/\/www.gossip.it\/","logo":{"@type":"ImageObject","inLanguage":"it-IT","@id":"https:\/\/www.gossip.it\/#\/schema\/logo\/image\/","url":"https:\/\/www.gossip.it\/wp-content\/uploads\/2022\/04\/cropped-corna-alta-tiny.png","contentUrl":"https:\/\/www.gossip.it\/wp-content\/uploads\/2022\/04\/cropped-corna-alta-tiny.png","width":512,"height":512,"caption":"Gossip and VIP News"},"image":{"@id":"https:\/\/www.gossip.it\/#\/schema\/logo\/image\/"},"sameAs":["https:\/\/www.facebook.com\/GossipIT","https:\/\/x.com\/gossinews_it","https:\/\/instagram.com\/gossip_it"]},{"@type":"Person","@id":"https:\/\/www.gossip.it\/#\/schema\/person\/488896f75158bff1cc83c6c39d141110","name":"La Redazione","image":{"@type":"ImageObject","inLanguage":"it-IT","@id":"https:\/\/www.gossip.it\/#\/schema\/person\/image\/","url":"https:\/\/secure.gravatar.com\/avatar\/5a5f5c6fa3e6700e4249abdad0263a1e94e927d9e0499b1cb09c1cd29c044d80?s=96&d=mm&r=g","contentUrl":"https:\/\/secure.gravatar.com\/avatar\/5a5f5c6fa3e6700e4249abdad0263a1e94e927d9e0499b1cb09c1cd29c044d80?s=96&d=mm&r=g","caption":"La Redazione"},"sameAs":["https:\/\/www.gossip.it"]}]}},"amp_enabled":true,"_links":{"self":[{"href":"https:\/\/www.gossip.it\/api\/wp\/v2\/posts\/51349","targetHints":{"allow":["GET"]}}],"collection":[{"href":"https:\/\/www.gossip.it\/api\/wp\/v2\/posts"}],"about":[{"href":"https:\/\/www.gossip.it\/api\/wp\/v2\/types\/post"}],"author":[{"embeddable":true,"href":"https:\/\/www.gossip.it\/api\/wp\/v2\/users\/1"}],"replies":[{"embeddable":true,"href":"https:\/\/www.gossip.it\/api\/wp\/v2\/comments?post=51349"}],"version-history":[{"count":0,"href":"https:\/\/www.gossip.it\/api\/wp\/v2\/posts\/51349\/revisions"}],"wp:featuredmedia":[{"embeddable":true,"href":"https:\/\/www.gossip.it\/api\/wp\/v2\/media\/107395"}],"wp:attachment":[{"href":"https:\/\/www.gossip.it\/api\/wp\/v2\/media?parent=51349"}],"wp:term":[{"taxonomy":"category","embeddable":true,"href":"https:\/\/www.gossip.it\/api\/wp\/v2\/categories?post=51349"},{"taxonomy":"post_tag","embeddable":true,"href":"https:\/\/www.gossip.it\/api\/wp\/v2\/tags?post=51349"},{"taxonomy":"vip","embeddable":true,"href":"https:\/\/www.gossip.it\/api\/wp\/v2\/vip?post=51349"}],"curies":[{"name":"wp","href":"https:\/\/api.w.org\/{rel}","templated":true}]}}