{"id":51410,"date":"2015-04-22T00:00:00","date_gmt":"2015-04-21T22:00:00","guid":{"rendered":"https:\/\/www.gossip.it\/senza-categoria\/mara-venier-insieme-lamberto-sposini\/"},"modified":"2015-04-22T00:00:00","modified_gmt":"2015-04-21T22:00:00","slug":"mara-venier-insieme-lamberto-sposini","status":"publish","type":"post","link":"https:\/\/www.gossip.it\/news\/mara-venier-insieme-lamberto-sposini\/","title":{"rendered":"Mara Venier ancora insieme a Lamberto Sposini"},"content":{"rendered":"<p><a href=\"http:\/\/www.gossip.it\/vip\/mara-venier\/\">Mara Venier<\/a> \u00e8 tornata a far visita all'amico <a href=\"http:\/\/www.gossip.it\/vip\/lamberto-sposini\/\">Lamberto Sposini<\/a> e <strong>insieme<\/strong> a lui, ancora una volta, si \u00e8 fatta scattare una foto che ha poi condiviso sul suo profilo sul <a href=\"http:\/\/www.gossip.it\/vip\/social\/\">social<\/a>. La conduttrice e opinionista 64enne nell'immagine posa al fianco del giornalista 63enne, ex volto del Tg5 e collega di Mara stessa a <em>\"La vita in diretta\"<\/em>, insieme pure ai fisioterapisti e soprattutto alla dolcissima <em>Matilde<\/em>, la figlia 13enne che <strong>Lamberto Sposini<\/strong> ha avuto dall'ex compagna <a href=\"http:\/\/www.gossip.it\/vip\/sabina-donadio\/\">Sabina Donadio<\/a>.<\/p>\n<figure class=\"caption\"><img decoding=\"async\" alt=\"\" width=\"620\" height=\"624\" src=\"http:\/\/files.gossip.it\/immagini_news\/2015\/04\/1429710909_lamberto_sposini_mara_venier.jpg\" \/><figcaption>Mara Venier \u00e8 andata a trovare ancora una volta l'amico Lamberto Sposini. Posa in foto con il giornalisti, i fisioterapisti e la figlia 13enne di Lamberto, Matilde<\/figcaption><\/figure>\n<p><strong>Mara Venier<\/strong>, ancora una volta in foto <strong>insieme<\/strong> a <strong>Lamberto Sposini<\/strong>, da cui \u00e8 stata in visita, nel commentare lo scatto, tenerissima, ha scritto: <em>\"Grande Lamberto e'sempre bello stare con te....\"<\/em>. Tantissimi i messaggi del followers che adorano la bionda e sono conquistati dalla sua grande umanit\u00e0 e dalla semplicit\u00e0 coinvolgente con cui affronta l'esistenza, rispettando valori imprescindibili, come, appunto, l'amore, il rispetto e l'amicizia. <strong>Mara Venier<\/strong>, dal momento che Lamberto fu colpito da un'emorragia cerebrale il 29 aprile 2011 proprio negli studi di <em>\"La vita in diretta\"<\/em>, programma che conduceva in coppia con lei, non lo ha mai lasciato solo. Gli \u00e8 sempre rimasta accanto. E una delle poche amiche rimaste, come sottolineato dalla Donadio, che recentemente ha detto: <em>\"Purtroppo vede meno i nipoti, i figli della primogenita Francesca, perch\u00e9 vive lontano, a Roma. La sua quotidianit\u00e0 \u00e8 fatta di Matilde e i pochi amici che sono rimasti vicini. Il suo \u00e8 un equilibrio fatto di tante piccole cose e sarebbe bello se lui potesse avere vicini anche gli amici. Ma dopo quattro anni, non mi va pi\u00f9 di fare battaglie in questo senso: se non c\u2019\u00e8 il desiderio di stare con Lamberto, non posso farci niente. Non posso certo obbligare la gente. Mi rendo conto che \u00e8 difficile stare vicino ad una persona malata: lui non \u00e8 pi\u00f9 lo stesso. Un grumo di sangue di 7 centimetri per quattro ore ha lasciato dei segni. Quando dico che ora sta meglio, \u00e8 vero, ma il pubblico non deve pensare che possa tornare in tv domani\"<\/em>.<br \/>A met\u00e0 marzo <strong>Lamberto Sposini<\/strong> si \u00e8 fratturato l'omero cadendo, ha dovuto interrompere la fisioterapia, ma ora \u00e8 di nuovo in ripresa e Mara sta <strong>insieme<\/strong> a lui.<\/p>\n<p>\u00a0<\/p>\n","protected":false},"excerpt":{"rendered":"<p>Mara Venier \u00e8 tornata a far visita all'amico Lamberto Sposini e insieme a lui, ancora una volta, si \u00e8 fatta scattare una foto che ha poi condiviso sul suo profilo sul social. La conduttrice e opinionista 64enne nell'immagine posa al fianco del giornalista 63enne, ex volto del Tg5 e collega di Mara stessa a \"La [&hellip;]<\/p>\n","protected":false},"author":1,"featured_media":107456,"comment_status":"closed","ping_status":"closed","sticky":false,"template":"","format":"standard","meta":{"footnotes":""},"categories":[54],"tags":[2176,1992,2168,2121,7573,12282,6818,10019,6274,1923],"vip":[1195],"class_list":["post-51410","post","type-post","status-publish","format-standard","has-post-thumbnail","hentry","category-news","tag-conduttore","tag-conduttrice","tag-giornalista","tag-instagram","tag-la-vita-in-diretta","tag-lamberto-sposini","tag-malore","tag-matilde","tag-opinionista","tag-social","vip-mara_venier"],"yoast_head":"<title>Mara Venier ancora insieme a Lamberto Sposini - Gossip.it | News sul Gossip e VIP<\/title>\n<meta name=\"description\" content=\"Mara Venier \u00e8 tornata a far visita all&#039;amico Lamberto Sposini e insieme a lui, ancora una volta, si \u00e8 fatta scattare una foto che ha poi condiviso sul suo\" \/>\n<meta name=\"robots\" content=\"index, follow, max-snippet:-1, max-image-preview:large, max-video-preview:-1\" \/>\n<link rel=\"canonical\" href=\"https:\/\/www.gossip.it\/news\/mara-venier-insieme-lamberto-sposini\/\" \/>\n<meta property=\"og:locale\" content=\"it_IT\" \/>\n<meta property=\"og:type\" content=\"article\" \/>\n<meta property=\"og:title\" content=\"Mara Venier ancora insieme a Lamberto Sposini - Gossip.it | News sul Gossip e VIP\" \/>\n<meta property=\"og:description\" content=\"Mara Venier \u00e8 tornata a far visita all&#039;amico Lamberto Sposini e insieme a lui, ancora una volta, si \u00e8 fatta scattare una foto che ha poi condiviso sul suo\" \/>\n<meta property=\"og:url\" content=\"https:\/\/www.gossip.it\/news\/mara-venier-insieme-lamberto-sposini\/\" \/>\n<meta property=\"og:site_name\" content=\"Gossip.it | News sul Gossip e VIP\" \/>\n<meta property=\"article:publisher\" content=\"https:\/\/www.facebook.com\/GossipIT\" \/>\n<meta property=\"article:published_time\" content=\"2015-04-21T22:00:00+00:00\" \/>\n<meta property=\"og:image\" content=\"http:\/\/files.gossip.it\/immagini_news\/2015\/04\/1429710909_lamberto_sposini_mara_venier.jpg\" \/>\n<meta name=\"author\" content=\"La Redazione\" \/>\n<meta name=\"twitter:card\" content=\"summary_large_image\" \/>\n<meta name=\"twitter:image\" content=\"http:\/\/files.gossip.it\/immagini_news\/2015\/04\/1429710909_lamberto_sposini_mara_venier.jpg\" \/>\n<meta name=\"twitter:creator\" content=\"@gossinews_it\" \/>\n<meta name=\"twitter:site\" content=\"@gossinews_it\" \/>\n<meta name=\"twitter:label1\" content=\"Scritto da\" \/>\n\t<meta name=\"twitter:data1\" content=\"Annamaria Capozzi\" \/>\n\t<meta name=\"twitter:label2\" content=\"Tempo di lettura stimato\" \/>\n\t<meta name=\"twitter:data2\" content=\"2 minuti\" \/>","yoast_head_json":{"title":"Mara Venier ancora insieme a Lamberto Sposini - Gossip.it | News sul Gossip e VIP","description":"Mara Venier \u00e8 tornata a far visita all'amico Lamberto Sposini e insieme a lui, ancora una volta, si \u00e8 fatta scattare una foto che ha poi condiviso sul suo","robots":{"index":"index","follow":"follow","max-snippet":"max-snippet:-1","max-image-preview":"max-image-preview:large","max-video-preview":"max-video-preview:-1"},"canonical":"https:\/\/www.gossip.it\/news\/mara-venier-insieme-lamberto-sposini\/","og_locale":"it_IT","og_type":"article","og_title":"Mara Venier ancora insieme a Lamberto Sposini - Gossip.it | News sul Gossip e VIP","og_description":"Mara Venier \u00e8 tornata a far visita all'amico Lamberto Sposini e insieme a lui, ancora una volta, si \u00e8 fatta scattare una foto che ha poi condiviso sul suo","og_url":"https:\/\/www.gossip.it\/news\/mara-venier-insieme-lamberto-sposini\/","og_site_name":"Gossip.it | News sul Gossip e VIP","article_publisher":"https:\/\/www.facebook.com\/GossipIT","article_published_time":"2015-04-21T22:00:00+00:00","og_image":[{"url":"http:\/\/files.gossip.it\/immagini_news\/2015\/04\/1429710909_lamberto_sposini_mara_venier.jpg"}],"author":"La Redazione","twitter_card":"summary_large_image","twitter_image":"http:\/\/files.gossip.it\/immagini_news\/2015\/04\/1429710909_lamberto_sposini_mara_venier.jpg","twitter_creator":"@gossinews_it","twitter_site":"@gossinews_it","twitter_misc":{"Scritto da":"Annamaria Capozzi","Tempo di lettura stimato":"2 minuti"},"schema":{"@context":"https:\/\/schema.org","@graph":[{"@type":"Article","@id":"https:\/\/www.gossip.it\/news\/mara-venier-insieme-lamberto-sposini\/#article","isPartOf":{"@id":"https:\/\/www.gossip.it\/news\/mara-venier-insieme-lamberto-sposini\/"},"author":{"name":"La Redazione","@id":"https:\/\/www.gossip.it\/#\/schema\/person\/488896f75158bff1cc83c6c39d141110"},"headline":"Mara Venier ancora insieme a Lamberto Sposini","datePublished":"2015-04-21T22:00:00+00:00","dateModified":"2015-04-21T22:00:00+00:00","mainEntityOfPage":{"@id":"https:\/\/www.gossip.it\/news\/mara-venier-insieme-lamberto-sposini\/"},"wordCount":392,"publisher":{"@id":"https:\/\/www.gossip.it\/#organization"},"image":{"@id":"https:\/\/www.gossip.it\/news\/mara-venier-insieme-lamberto-sposini\/#primaryimage"},"thumbnailUrl":"http:\/\/files.gossip.it\/immagini_news\/2015\/04\/1429710909_lamberto_sposini_mara_venier.jpg","keywords":["conduttore","conduttrice","giornalista","instagram","la vita in diretta","lamberto sposini","malore","matilde","opinionista","social"],"articleSection":["News"],"inLanguage":"it-IT"},{"@type":"WebPage","@id":"https:\/\/www.gossip.it\/news\/mara-venier-insieme-lamberto-sposini\/","url":"https:\/\/www.gossip.it\/news\/mara-venier-insieme-lamberto-sposini\/","name":"Mara Venier ancora insieme a Lamberto Sposini - Gossip.it | News sul Gossip e VIP","isPartOf":{"@id":"https:\/\/www.gossip.it\/#website"},"primaryImageOfPage":{"@id":"https:\/\/www.gossip.it\/news\/mara-venier-insieme-lamberto-sposini\/#primaryimage"},"image":{"@id":"https:\/\/www.gossip.it\/news\/mara-venier-insieme-lamberto-sposini\/#primaryimage"},"thumbnailUrl":"http:\/\/files.gossip.it\/immagini_news\/2015\/04\/1429710909_lamberto_sposini_mara_venier.jpg","datePublished":"2015-04-21T22:00:00+00:00","dateModified":"2015-04-21T22:00:00+00:00","description":"Mara Venier \u00e8 tornata a far visita all'amico Lamberto Sposini e insieme a lui, ancora una volta, si \u00e8 fatta scattare una foto che ha poi condiviso sul suo","breadcrumb":{"@id":"https:\/\/www.gossip.it\/news\/mara-venier-insieme-lamberto-sposini\/#breadcrumb"},"inLanguage":"it-IT","potentialAction":[{"@type":"ReadAction","target":["https:\/\/www.gossip.it\/news\/mara-venier-insieme-lamberto-sposini\/"]}]},{"@type":"ImageObject","inLanguage":"it-IT","@id":"https:\/\/www.gossip.it\/news\/mara-venier-insieme-lamberto-sposini\/#primaryimage","url":"http:\/\/files.gossip.it\/immagini_news\/2015\/04\/1429710909_lamberto_sposini_mara_venier.jpg","contentUrl":"http:\/\/files.gossip.it\/immagini_news\/2015\/04\/1429710909_lamberto_sposini_mara_venier.jpg"},{"@type":"BreadcrumbList","@id":"https:\/\/www.gossip.it\/news\/mara-venier-insieme-lamberto-sposini\/#breadcrumb","itemListElement":[{"@type":"ListItem","position":1,"name":"Home","item":"https:\/\/www.gossip.it\/"},{"@type":"ListItem","position":2,"name":"Mara Venier ancora insieme a Lamberto Sposini"}]},{"@type":"WebSite","@id":"https:\/\/www.gossip.it\/#website","url":"https:\/\/www.gossip.it\/","name":"Gossip and VIP News","description":"Quotidiano di cronaca rosa, costume e societ\u00e0","publisher":{"@id":"https:\/\/www.gossip.it\/#organization"},"alternateName":"Gossip and VIP News","potentialAction":[{"@type":"SearchAction","target":{"@type":"EntryPoint","urlTemplate":"https:\/\/www.gossip.it\/?s={search_term_string}"},"query-input":{"@type":"PropertyValueSpecification","valueRequired":true,"valueName":"search_term_string"}}],"inLanguage":"it-IT"},{"@type":"Organization","@id":"https:\/\/www.gossip.it\/#organization","name":"Gossip and VIP News","alternateName":"Gossip News","url":"https:\/\/www.gossip.it\/","logo":{"@type":"ImageObject","inLanguage":"it-IT","@id":"https:\/\/www.gossip.it\/#\/schema\/logo\/image\/","url":"https:\/\/www.gossip.it\/wp-content\/uploads\/2022\/04\/cropped-corna-alta-tiny.png","contentUrl":"https:\/\/www.gossip.it\/wp-content\/uploads\/2022\/04\/cropped-corna-alta-tiny.png","width":512,"height":512,"caption":"Gossip and VIP News"},"image":{"@id":"https:\/\/www.gossip.it\/#\/schema\/logo\/image\/"},"sameAs":["https:\/\/www.facebook.com\/GossipIT","https:\/\/x.com\/gossinews_it","https:\/\/instagram.com\/gossip_it"]},{"@type":"Person","@id":"https:\/\/www.gossip.it\/#\/schema\/person\/488896f75158bff1cc83c6c39d141110","name":"La Redazione","image":{"@type":"ImageObject","inLanguage":"it-IT","@id":"https:\/\/www.gossip.it\/#\/schema\/person\/image\/","url":"https:\/\/secure.gravatar.com\/avatar\/5a5f5c6fa3e6700e4249abdad0263a1e94e927d9e0499b1cb09c1cd29c044d80?s=96&d=mm&r=g","contentUrl":"https:\/\/secure.gravatar.com\/avatar\/5a5f5c6fa3e6700e4249abdad0263a1e94e927d9e0499b1cb09c1cd29c044d80?s=96&d=mm&r=g","caption":"La Redazione"},"sameAs":["https:\/\/www.gossip.it"]}]}},"amp_enabled":true,"_links":{"self":[{"href":"https:\/\/www.gossip.it\/api\/wp\/v2\/posts\/51410","targetHints":{"allow":["GET"]}}],"collection":[{"href":"https:\/\/www.gossip.it\/api\/wp\/v2\/posts"}],"about":[{"href":"https:\/\/www.gossip.it\/api\/wp\/v2\/types\/post"}],"author":[{"embeddable":true,"href":"https:\/\/www.gossip.it\/api\/wp\/v2\/users\/1"}],"replies":[{"embeddable":true,"href":"https:\/\/www.gossip.it\/api\/wp\/v2\/comments?post=51410"}],"version-history":[{"count":0,"href":"https:\/\/www.gossip.it\/api\/wp\/v2\/posts\/51410\/revisions"}],"wp:featuredmedia":[{"embeddable":true,"href":"https:\/\/www.gossip.it\/api\/wp\/v2\/media\/107456"}],"wp:attachment":[{"href":"https:\/\/www.gossip.it\/api\/wp\/v2\/media?parent=51410"}],"wp:term":[{"taxonomy":"category","embeddable":true,"href":"https:\/\/www.gossip.it\/api\/wp\/v2\/categories?post=51410"},{"taxonomy":"post_tag","embeddable":true,"href":"https:\/\/www.gossip.it\/api\/wp\/v2\/tags?post=51410"},{"taxonomy":"vip","embeddable":true,"href":"https:\/\/www.gossip.it\/api\/wp\/v2\/vip?post=51410"}],"curies":[{"name":"wp","href":"https:\/\/api.w.org\/{rel}","templated":true}]}}