{"id":51499,"date":"2015-05-04T00:00:00","date_gmt":"2015-05-03T22:00:00","guid":{"rendered":"https:\/\/www.gossip.it\/senza-categoria\/francesca-pascale-roberta-corongiu-cognate-mondane\/"},"modified":"2015-05-04T00:00:00","modified_gmt":"2015-05-03T22:00:00","slug":"francesca-pascale-roberta-corongiu-cognate-mondane","status":"publish","type":"post","link":"https:\/\/www.gossip.it\/news\/francesca-pascale-roberta-corongiu-cognate-mondane\/","title":{"rendered":"Francesca Pascale e Roberta Corongiu, le 'cognate' mondane in coppia"},"content":{"rendered":"<p><a href=\"http:\/\/www.gossip.it\/vip\/francesca-pascale\/\">Francesca Pascale<\/a> e l'avvocato <a href=\"http:\/\/www.gossip.it\/vip\/roberta-corongiu\/\">Roberta Corongiu<\/a> insieme: le <em>'<strong>cognate<\/strong>'<\/em> diventano <strong>mondane<\/strong> in coppia a Milano, senza i rispettivi fidanzati al seguito, <a href=\"http:\/\/www.gossip.it\/vip\/silvio-berlusconi\/\">Silvio Berlusconi<\/a>, assente perch\u00e9 impegnato nelle trattative di cessione di una parte delle quote del <em>Milan<\/em>, e <a href=\"http:\/\/www.gossip.it\/vip\/paolo-berlusconi\/\">Paolo Berlusconi<\/a>, fratello dell'ex premier. Le due sono arrivate al Sushi B, nel centro del capoluogo lombardo, per festeggiare il primo compleanno del Centro Medico Lombardo, il poliambulatorio dove lavora il dottor <em>Luca Lecciso<\/em>, fratello di <a href=\"http:\/\/www.gossip.it\/vip\/loredana-lecciso\/\">Loredana Lecciso<\/a>, compagna di <a href=\"http:\/\/www.gossip.it\/vip\/al-bano\/\">Al Bano<\/a>. Alla cena anche la moglie di Luca, <em>Katerina<\/em>, il dottor <em>Riccardo Testa<\/em> e una delle assistenti dell'ex Cavaliere, <em>Alessia Ardesi<\/em>.<\/p>\n<figure class=\"caption\"><img decoding=\"async\" alt=\"\" height=\"481\" width=\"620\" src=\"http:\/\/files.gossip.it\/immagini_news\/2015\/05\/1430750523_francesca_pascale_roberta_corongiu_inaugurazione_milano.jpg\" \/><figcaption>Francesca Pascale, fidanzata di Silvio Berlusconi, mondana e felice insieme all'avvocato Francesca Corongiu, fidanzata a sua volta con Paolo Berlusconi<\/figcaption><\/figure>\n<p><strong>Mondane<\/strong> e sorridenti in coppia, <strong>Francesca Pascale<\/strong> e <strong>Roberta Corongiu<\/strong>, entrambe con un look accattivante con il nero a farla da padrone, hanno mostrato feeling e sintonia, da <strong>cognate<\/strong> perfette.\u00a0<br \/><strong>Francesca Pascale<\/strong>, sempre pi\u00f9 bionda e con la pelle gi\u00e0 colorata dal sole, con indosso un tailleur scollato e ai piedi decolt\u00e8 chiare, ha conquistato tutti. Impossibile non notare il nome del suo Silvio tatuato sul braccio.\u00a0Mise pi\u00f9 'aggressive per <strong>Roberta Corongiu<\/strong> con il giubbino di pelle, i capelli scuri sciolti e un trucco minimal.\u00a0<br \/>Le <strong>cognate<\/strong>, felici, assolutamente gioiose, nel vedere i fotografi, si sono messe a favore d'obiettivo e si sono abbracciate calorosamente. Vederle insieme \u00e8 una vera rarit\u00e0, <strong>mondane<\/strong> assolutamente una chicca.<\/p>\n<p><span style=\"line-height: 1.6em;\">E' stata una serata piacevole quella trascorsa da <\/span><strong style=\"line-height: 1.6em;\">Francesca Pascale<\/strong><span style=\"line-height: 1.6em;\"> e <\/span><strong style=\"line-height: 1.6em;\">Roberta Corongiu<\/strong><span style=\"line-height: 1.6em;\">, assolutamente diversa. Entrambe schive e riservate, hanno fatto conoscere al mondo la sintonia che le lega. Francesca, poi, se ce ne fosse stato ancora bisogno, con il tattoo ha messo fine alle periodiche voci che la vorrebbero in crisi con Berlusconi. I due filano d'amore e d'accordo.<\/span><\/p>\n<figure class=\"caption\"><img decoding=\"async\" alt=\"\" height=\"502\" width=\"620\" src=\"http:\/\/files.gossip.it\/immagini_news\/2015\/05\/1430745197_francesca_pascale_roberta_corongiu_luca_lecciso_brindisi.jpg\" \/><figcaption>Francesca e Roberta brindano con il dottor Luca Lecciso, fratello di Loredana Lecciso<\/figcaption><\/figure>\n<p>Ora, a vivacizzare ancor pi\u00f9 il quotidiano, a Villa San Martino \u00e8 arrivata anche <em>Hurley<\/em>, una cucciola di Golden Retriever, ricevuta in dono da <a href=\"http:\/\/www.gossip.it\/vip\/michela-vittoria brambilla\/\">Michela Vittoria Brambilla<\/a>. Sembra che la cagnolina sia davvero una giocherellona e si scateni con <em>Dud\u00f9<\/em> e <em>Dudina<\/em>, i due barboncini di casa.<\/p>\n<figure class=\"caption\"><img decoding=\"async\" alt=\"\" height=\"413\" width=\"620\" src=\"http:\/\/files.gossip.it\/immagini_news\/2015\/05\/1430745251_francesca_pascale_roberta_corongiu_luca_lecciso_inaugurazione.jpg\" \/><figcaption>Le due 'cognate' con Luca Lecciso, Riccardo Testa e Katerina<\/figcaption><\/figure>\n<p>I gossip raccontano di una Pascale entusiasta, nonostante il caos, al punto da accarezzare l'idea, insieme alla stessa Brambilla, di fondare un canile per cani abbandonati, proprio all'interno dell'immenso parco che circonda Arcore. Intanto, per una notte, meglio prendersi una pausa e dedicarsi alla <a href=\"http:\/\/www.gossip.it\/vip\/mondanit\u00e0\/\">mondanit\u00e0<\/a>.<\/p>\n<p>\u00a0<\/p>\n<p>\u00a0<\/p>\n","protected":false},"excerpt":{"rendered":"<p>Francesca Pascale e l'avvocato Roberta Corongiu insieme: le 'cognate' diventano mondane in coppia a Milano, senza i rispettivi fidanzati al seguito, Silvio Berlusconi, assente perch\u00e9 impegnato nelle trattative di cessione di una parte delle quote del Milan, e Paolo Berlusconi, fratello dell'ex premier. Le due sono arrivate al Sushi B, nel centro del capoluogo lombardo, [&hellip;]<\/p>\n","protected":false},"author":1,"featured_media":107545,"comment_status":"closed","ping_status":"closed","sticky":false,"template":"","format":"standard","meta":{"footnotes":""},"categories":[54],"tags":[52271,38326,8207,52270,12512,2654,9914,45051,6458],"vip":[],"class_list":["post-51499","post","type-post","status-publish","format-standard","has-post-thumbnail","hentry","category-news","tag-centro-medico-lombardo","tag-cognate","tag-francesca-pascale","tag-luca-lecciso","tag-mondane","tag-mondanita","tag-paolo-berlusconi","tag-roberta-corongiu","tag-silvio-berlusconi"],"yoast_head":"<title>Francesca Pascale e Roberta Corongiu, le &#039;cognate&#039; mondane in coppia - Gossip.it | News sul Gossip e VIP<\/title>\n<meta name=\"description\" content=\"Francesca Pascale e l&#039;avvocato Roberta Corongiu insieme: le &#039;cognate&#039; diventano mondane in coppia a Milano, senza i rispettivi fidanzati al seguito,\" \/>\n<meta name=\"robots\" content=\"index, follow, max-snippet:-1, max-image-preview:large, max-video-preview:-1\" \/>\n<link rel=\"canonical\" href=\"https:\/\/www.gossip.it\/news\/francesca-pascale-roberta-corongiu-cognate-mondane\/\" \/>\n<meta property=\"og:locale\" content=\"it_IT\" \/>\n<meta property=\"og:type\" content=\"article\" \/>\n<meta property=\"og:title\" content=\"Francesca Pascale e Roberta Corongiu, le &#039;cognate&#039; mondane in coppia - Gossip.it | News sul Gossip e VIP\" \/>\n<meta property=\"og:description\" content=\"Francesca Pascale e l&#039;avvocato Roberta Corongiu insieme: le &#039;cognate&#039; diventano mondane in coppia a Milano, senza i rispettivi fidanzati al seguito,\" \/>\n<meta property=\"og:url\" content=\"https:\/\/www.gossip.it\/news\/francesca-pascale-roberta-corongiu-cognate-mondane\/\" \/>\n<meta property=\"og:site_name\" content=\"Gossip.it | News sul Gossip e VIP\" \/>\n<meta property=\"article:publisher\" content=\"https:\/\/www.facebook.com\/GossipIT\" \/>\n<meta property=\"article:published_time\" content=\"2015-05-03T22:00:00+00:00\" \/>\n<meta property=\"og:image\" content=\"http:\/\/files.gossip.it\/immagini_news\/2015\/05\/1430750523_francesca_pascale_roberta_corongiu_inaugurazione_milano.jpg\" \/>\n<meta name=\"author\" content=\"La Redazione\" \/>\n<meta name=\"twitter:card\" content=\"summary_large_image\" \/>\n<meta name=\"twitter:image\" content=\"http:\/\/files.gossip.it\/immagini_news\/2015\/05\/1430750523_francesca_pascale_roberta_corongiu_inaugurazione_milano.jpg\" \/>\n<meta name=\"twitter:creator\" content=\"@gossinews_it\" \/>\n<meta name=\"twitter:site\" content=\"@gossinews_it\" \/>\n<meta name=\"twitter:label1\" content=\"Scritto da\" \/>\n\t<meta name=\"twitter:data1\" content=\"Annamaria Capozzi\" \/>\n\t<meta name=\"twitter:label2\" content=\"Tempo di lettura stimato\" \/>\n\t<meta name=\"twitter:data2\" content=\"2 minuti\" \/>","yoast_head_json":{"title":"Francesca Pascale e Roberta Corongiu, le 'cognate' mondane in coppia - Gossip.it | News sul Gossip e VIP","description":"Francesca Pascale e l'avvocato Roberta Corongiu insieme: le 'cognate' diventano mondane in coppia a Milano, senza i rispettivi fidanzati al seguito,","robots":{"index":"index","follow":"follow","max-snippet":"max-snippet:-1","max-image-preview":"max-image-preview:large","max-video-preview":"max-video-preview:-1"},"canonical":"https:\/\/www.gossip.it\/news\/francesca-pascale-roberta-corongiu-cognate-mondane\/","og_locale":"it_IT","og_type":"article","og_title":"Francesca Pascale e Roberta Corongiu, le 'cognate' mondane in coppia - Gossip.it | News sul Gossip e VIP","og_description":"Francesca Pascale e l'avvocato Roberta Corongiu insieme: le 'cognate' diventano mondane in coppia a Milano, senza i rispettivi fidanzati al seguito,","og_url":"https:\/\/www.gossip.it\/news\/francesca-pascale-roberta-corongiu-cognate-mondane\/","og_site_name":"Gossip.it | News sul Gossip e VIP","article_publisher":"https:\/\/www.facebook.com\/GossipIT","article_published_time":"2015-05-03T22:00:00+00:00","og_image":[{"url":"http:\/\/files.gossip.it\/immagini_news\/2015\/05\/1430750523_francesca_pascale_roberta_corongiu_inaugurazione_milano.jpg"}],"author":"La Redazione","twitter_card":"summary_large_image","twitter_image":"http:\/\/files.gossip.it\/immagini_news\/2015\/05\/1430750523_francesca_pascale_roberta_corongiu_inaugurazione_milano.jpg","twitter_creator":"@gossinews_it","twitter_site":"@gossinews_it","twitter_misc":{"Scritto da":"Annamaria Capozzi","Tempo di lettura stimato":"2 minuti"},"schema":{"@context":"https:\/\/schema.org","@graph":[{"@type":"Article","@id":"https:\/\/www.gossip.it\/news\/francesca-pascale-roberta-corongiu-cognate-mondane\/#article","isPartOf":{"@id":"https:\/\/www.gossip.it\/news\/francesca-pascale-roberta-corongiu-cognate-mondane\/"},"author":{"name":"La Redazione","@id":"https:\/\/www.gossip.it\/#\/schema\/person\/488896f75158bff1cc83c6c39d141110"},"headline":"Francesca Pascale e Roberta Corongiu, le 'cognate' mondane in coppia","datePublished":"2015-05-03T22:00:00+00:00","dateModified":"2015-05-03T22:00:00+00:00","mainEntityOfPage":{"@id":"https:\/\/www.gossip.it\/news\/francesca-pascale-roberta-corongiu-cognate-mondane\/"},"wordCount":429,"publisher":{"@id":"https:\/\/www.gossip.it\/#organization"},"image":{"@id":"https:\/\/www.gossip.it\/news\/francesca-pascale-roberta-corongiu-cognate-mondane\/#primaryimage"},"thumbnailUrl":"http:\/\/files.gossip.it\/immagini_news\/2015\/05\/1430750523_francesca_pascale_roberta_corongiu_inaugurazione_milano.jpg","keywords":["centro medico lombardo","cognate","francesca pascale","luca lecciso","mondane","mondanita","paolo berlusconi","roberta corongiu","silvio berlusconi"],"articleSection":["News"],"inLanguage":"it-IT"},{"@type":"WebPage","@id":"https:\/\/www.gossip.it\/news\/francesca-pascale-roberta-corongiu-cognate-mondane\/","url":"https:\/\/www.gossip.it\/news\/francesca-pascale-roberta-corongiu-cognate-mondane\/","name":"Francesca Pascale e Roberta Corongiu, le 'cognate' mondane in coppia - Gossip.it | News sul Gossip e VIP","isPartOf":{"@id":"https:\/\/www.gossip.it\/#website"},"primaryImageOfPage":{"@id":"https:\/\/www.gossip.it\/news\/francesca-pascale-roberta-corongiu-cognate-mondane\/#primaryimage"},"image":{"@id":"https:\/\/www.gossip.it\/news\/francesca-pascale-roberta-corongiu-cognate-mondane\/#primaryimage"},"thumbnailUrl":"http:\/\/files.gossip.it\/immagini_news\/2015\/05\/1430750523_francesca_pascale_roberta_corongiu_inaugurazione_milano.jpg","datePublished":"2015-05-03T22:00:00+00:00","dateModified":"2015-05-03T22:00:00+00:00","description":"Francesca Pascale e l'avvocato Roberta Corongiu insieme: le 'cognate' diventano mondane in coppia a Milano, senza i rispettivi fidanzati al seguito,","breadcrumb":{"@id":"https:\/\/www.gossip.it\/news\/francesca-pascale-roberta-corongiu-cognate-mondane\/#breadcrumb"},"inLanguage":"it-IT","potentialAction":[{"@type":"ReadAction","target":["https:\/\/www.gossip.it\/news\/francesca-pascale-roberta-corongiu-cognate-mondane\/"]}]},{"@type":"ImageObject","inLanguage":"it-IT","@id":"https:\/\/www.gossip.it\/news\/francesca-pascale-roberta-corongiu-cognate-mondane\/#primaryimage","url":"http:\/\/files.gossip.it\/immagini_news\/2015\/05\/1430750523_francesca_pascale_roberta_corongiu_inaugurazione_milano.jpg","contentUrl":"http:\/\/files.gossip.it\/immagini_news\/2015\/05\/1430750523_francesca_pascale_roberta_corongiu_inaugurazione_milano.jpg"},{"@type":"BreadcrumbList","@id":"https:\/\/www.gossip.it\/news\/francesca-pascale-roberta-corongiu-cognate-mondane\/#breadcrumb","itemListElement":[{"@type":"ListItem","position":1,"name":"Home","item":"https:\/\/www.gossip.it\/"},{"@type":"ListItem","position":2,"name":"Francesca Pascale e Roberta Corongiu, le 'cognate' mondane in coppia"}]},{"@type":"WebSite","@id":"https:\/\/www.gossip.it\/#website","url":"https:\/\/www.gossip.it\/","name":"Gossip and VIP News","description":"Quotidiano di cronaca rosa, costume e societ\u00e0","publisher":{"@id":"https:\/\/www.gossip.it\/#organization"},"alternateName":"Gossip and VIP News","potentialAction":[{"@type":"SearchAction","target":{"@type":"EntryPoint","urlTemplate":"https:\/\/www.gossip.it\/?s={search_term_string}"},"query-input":{"@type":"PropertyValueSpecification","valueRequired":true,"valueName":"search_term_string"}}],"inLanguage":"it-IT"},{"@type":"Organization","@id":"https:\/\/www.gossip.it\/#organization","name":"Gossip and VIP News","alternateName":"Gossip News","url":"https:\/\/www.gossip.it\/","logo":{"@type":"ImageObject","inLanguage":"it-IT","@id":"https:\/\/www.gossip.it\/#\/schema\/logo\/image\/","url":"https:\/\/www.gossip.it\/wp-content\/uploads\/2022\/04\/cropped-corna-alta-tiny.png","contentUrl":"https:\/\/www.gossip.it\/wp-content\/uploads\/2022\/04\/cropped-corna-alta-tiny.png","width":512,"height":512,"caption":"Gossip and VIP News"},"image":{"@id":"https:\/\/www.gossip.it\/#\/schema\/logo\/image\/"},"sameAs":["https:\/\/www.facebook.com\/GossipIT","https:\/\/x.com\/gossinews_it","https:\/\/instagram.com\/gossip_it"]},{"@type":"Person","@id":"https:\/\/www.gossip.it\/#\/schema\/person\/488896f75158bff1cc83c6c39d141110","name":"La Redazione","image":{"@type":"ImageObject","inLanguage":"it-IT","@id":"https:\/\/www.gossip.it\/#\/schema\/person\/image\/","url":"https:\/\/secure.gravatar.com\/avatar\/5a5f5c6fa3e6700e4249abdad0263a1e94e927d9e0499b1cb09c1cd29c044d80?s=96&d=mm&r=g","contentUrl":"https:\/\/secure.gravatar.com\/avatar\/5a5f5c6fa3e6700e4249abdad0263a1e94e927d9e0499b1cb09c1cd29c044d80?s=96&d=mm&r=g","caption":"La Redazione"},"sameAs":["https:\/\/www.gossip.it"]}]}},"amp_enabled":true,"_links":{"self":[{"href":"https:\/\/www.gossip.it\/api\/wp\/v2\/posts\/51499","targetHints":{"allow":["GET"]}}],"collection":[{"href":"https:\/\/www.gossip.it\/api\/wp\/v2\/posts"}],"about":[{"href":"https:\/\/www.gossip.it\/api\/wp\/v2\/types\/post"}],"author":[{"embeddable":true,"href":"https:\/\/www.gossip.it\/api\/wp\/v2\/users\/1"}],"replies":[{"embeddable":true,"href":"https:\/\/www.gossip.it\/api\/wp\/v2\/comments?post=51499"}],"version-history":[{"count":0,"href":"https:\/\/www.gossip.it\/api\/wp\/v2\/posts\/51499\/revisions"}],"wp:featuredmedia":[{"embeddable":true,"href":"https:\/\/www.gossip.it\/api\/wp\/v2\/media\/107545"}],"wp:attachment":[{"href":"https:\/\/www.gossip.it\/api\/wp\/v2\/media?parent=51499"}],"wp:term":[{"taxonomy":"category","embeddable":true,"href":"https:\/\/www.gossip.it\/api\/wp\/v2\/categories?post=51499"},{"taxonomy":"post_tag","embeddable":true,"href":"https:\/\/www.gossip.it\/api\/wp\/v2\/tags?post=51499"},{"taxonomy":"vip","embeddable":true,"href":"https:\/\/www.gossip.it\/api\/wp\/v2\/vip?post=51499"}],"curies":[{"name":"wp","href":"https:\/\/api.w.org\/{rel}","templated":true}]}}