{"id":51535,"date":"2015-05-07T00:00:00","date_gmt":"2015-05-06T22:00:00","guid":{"rendered":"https:\/\/www.gossip.it\/senza-categoria\/aurora-ramazzotti-cinque-mesi-edoardo-gori\/"},"modified":"2015-05-07T00:00:00","modified_gmt":"2015-05-06T22:00:00","slug":"aurora-ramazzotti-cinque-mesi-edoardo-gori","status":"publish","type":"post","link":"https:\/\/www.gossip.it\/news\/aurora-ramazzotti-cinque-mesi-edoardo-gori\/","title":{"rendered":"Aurora Ramazzotti, cinque mesi con Edoardo Gori"},"content":{"rendered":"<p><a href=\"http:\/\/www.gossip.it\/vip\/aurora-ramazzotti\/\">Aurora Ramazzotti<\/a> festeggia i <strong>cinque mesi<\/strong> d'amore con <a href=\"http:\/\/www.gossip.it\/vip\/edoardo-gori\/\">Edoardo Gori<\/a>, nipote del sindaco di Bergamo e marito di <a href=\"http:\/\/www.gossip.it\/vip\/cristina-parodi\/\">Cristina Parodi<\/a> <a href=\"http:\/\/www.gossip.it\/vip\/giorgio-gori\/\">Giorgio Gori<\/a>. Per la deliziosa figlia di <a href=\"http:\/\/www.gossip.it\/vip\/michelle-hunziker\/\">Michelle Hunziker<\/a> ed <a href=\"http:\/\/www.gossip.it\/vip\/eros-ramazzotti\/\">Eros Ramazzotti<\/a> questo periodo al fianco del ragazzo dei suoi sogni \u00e8 letteralmente volato. A dicembre sono stati pizzicati insieme per la prima paparazzata e proprio a dicembre devono aver iniziato la loro storia sentimentale.<\/p>\n<figure class=\"caption\"><img decoding=\"async\" alt=\"\" height=\"368\" width=\"620\" src=\"http:\/\/files.gossip.it\/immagini_news\/2015\/05\/1431007451_aurora_ramazzotti_post(1).jpg\" \/><figcaption>Aurora Ramazzotti ha festeggiato i cinque mesi insieme a Edoardo Gori<\/figcaption><\/figure>\n<p><strong>Aurora Ramazzotti<\/strong> per celebrare i <strong>cinque mesi<\/strong> con <strong>Edoardo Gori<\/strong> sul suo profilo sul <a href=\"http:\/\/www.gossip.it\/vip\/social\/\">social<\/a> ha condiviso una bella immagine che la vede in coppia con lo studente universitario, sorridente e spensierata, anche se molto elegante, e ha cinguettato: <em>\"#TB - #5 \"<\/em>, accompagnando il tutto con un cuoricino che vuol dire molto.<br \/>Tanti i commenti dei followers. Uno di questi ha notato una grande somiglianza tra <strong>Edoardo Gori<\/strong> e <a href=\"http:\/\/www.gossip.it\/vip\/andrea-ranocchia\/\">Andrea Ranocchia<\/a>, difensore dell'<em>Inter<\/em>. Il paragone non ha fatto piacere al fidanzatino di <strong>Aurora Ramazzotti<\/strong>, che, intervenendo nei commenti, ha replicato: <em>\"Ti prego Ranocchia no!\"<\/em>. E ha aggiunto: <em>\"Peggio di lui \u00e8 dura, da milanista mi ritengo profondamente offeso!\"<\/em>. <em>\"Spero per te per\u00f2 che te la cavi meglio anche dei difensori attuali del Milan! E in ogni caso fisicamente...meglio assomigliare a Ranocchia che a Mexes!\",<\/em> ha replicato <em>Vito<\/em>, il ragazzo che aveva iniziato la conversazione.<\/p>\n<figure class=\"caption\"><img decoding=\"async\" alt=\"\" height=\"776\" width=\"620\" src=\"http:\/\/files.gossip.it\/immagini_news\/2015\/05\/1431007469_aurora_ramazzotti_edoardo_gori_5_mesi.jpg\" \/><figcaption>La 18enne \u00e8 felice, innamorata e piena di speranze per un futuro 'da grande' appena iniziato<\/figcaption><\/figure>\n<p><strong>Cinque mesi<\/strong> insieme a Edo e una grande gioia nel cuore. <strong>Aurora Ramazzotti<\/strong> anche stamani ha voluto regalarsi uno scatto con il sorriso sulle labbra e una citazione di <em>Massimo Bisotti<\/em>: <em>\"Toccare una mente \u00e8 assai pi\u00f9 complicato che toccare un corpo, perch\u00e9 un corpo puoi stringerlo in un letto ma una mente no. Una mente va dove vuole. Quando resta, una mente, vuole darti tutto, vuole darsi davvero. Oltre presenze e assenze, oltre distanze e vicinanze, oltre quello che puoi dire o non dire, fare o non fare. E' ubiquamente tua. Sa sorriderti pi\u00f9 delle labbra, quando si accorge che non vuoi possederla ma prendertene cura. Possesso \u00e8 l'esatto contrario del prendersi cura. Ed \u00e8 questo il miracolo profondo, il senso denso di un vero incontro. Questo l\u2019apice di ogni corrispondenza d\u2019anima. Questo il senso di vera appartenenza. Partire per restare. Viaggiare senza spostarsi ma andare insieme dappertutto. Mantenersi forse sempre un po\u2019 selvatici ma farsi attraversare oltre i limiti dei propri confini. E lasciarsi finalmente contaminare gli occhi da radici felici\"<\/em>.<\/p>\n<figure class=\"caption\"><img decoding=\"async\" alt=\"\" height=\"442\" width=\"620\" src=\"http:\/\/files.gossip.it\/immagini_news\/2015\/05\/1431007487_aurora_ramazzotti_social_generation.jpg\" \/><figcaption>La figlia di Michelle Hunziker ed Eros Ramazzotti \u00e8 tra i protagonisti del video di Marco Ferrero SocialGeneration<\/figcaption><\/figure>\n<p>Niente pu\u00f2 scalfirla. A pochi giorni dalla maturit\u00e0, per Aury anche un video: \u00e8 tra i protagonisti di <em>#SocialGeneration<\/em>, girato dall'amico <a href=\"http:\/\/www.gossip.it\/vip\/marco-ferrero\/\">Marco Ferrero<\/a>, in arte <em>Iconize<\/em>, videomaker, fotografo e art director. E' un filmato sull\u2019importanza di andare oltre un numero. Tutti gli<em> 'attori'<\/em>, suoi amici, hanno un numero sulla fronte, quello in teoria che ormai influenza i rapporti. Se hai tanti follower, vali qualcosa, se no, no. Ma non \u00e8 cos\u00ec e, nonostante <strong>Aurora Ramazzotti<\/strong> ne abbia circa 300 mila, lo sa bene pure lei.<\/p>\n<p>\u00a0<\/p>\n<p>\u00a0<\/p>\n","protected":false},"excerpt":{"rendered":"<p>Aurora Ramazzotti festeggia i cinque mesi d'amore con Edoardo Gori, nipote del sindaco di Bergamo e marito di Cristina Parodi Giorgio Gori. Per la deliziosa figlia di Michelle Hunziker ed Eros Ramazzotti questo periodo al fianco del ragazzo dei suoi sogni \u00e8 letteralmente volato. A dicembre sono stati pizzicati insieme per la prima paparazzata e [&hellip;]<\/p>\n","protected":false},"author":1,"featured_media":107581,"comment_status":"closed","ping_status":"closed","sticky":false,"template":"","format":"standard","meta":{"footnotes":""},"categories":[54],"tags":[1939,11807,2102,51810,2298,2140,2121,3075,8905,1923,1867],"vip":[],"class_list":["post-51535","post","type-post","status-publish","format-standard","has-post-thumbnail","hentry","category-news","tag-aurora-ramazzotti","tag-cinque-mesi","tag-dichiarazioni","tag-edoardo-gori","tag-fidanzato","tag-flirt","tag-instagram","tag-liaison","tag-marco-ferrero","tag-social","tag-video"],"yoast_head":"<title>Aurora Ramazzotti, cinque mesi con Edoardo Gori - Gossip.it | News sul Gossip e VIP<\/title>\n<meta name=\"description\" content=\"Aurora Ramazzotti festeggia i cinque mesi d&#039;amore con Edoardo Gori, nipote del sindaco di Bergamo e marito di Cristina Parodi Giorgio Gori. Per la\" \/>\n<meta name=\"robots\" content=\"index, follow, max-snippet:-1, max-image-preview:large, max-video-preview:-1\" \/>\n<link rel=\"canonical\" href=\"https:\/\/www.gossip.it\/news\/aurora-ramazzotti-cinque-mesi-edoardo-gori\/\" \/>\n<meta property=\"og:locale\" content=\"it_IT\" \/>\n<meta property=\"og:type\" content=\"article\" \/>\n<meta property=\"og:title\" content=\"Aurora Ramazzotti, cinque mesi con Edoardo Gori - Gossip.it | News sul Gossip e VIP\" \/>\n<meta property=\"og:description\" content=\"Aurora Ramazzotti festeggia i cinque mesi d&#039;amore con Edoardo Gori, nipote del sindaco di Bergamo e marito di Cristina Parodi Giorgio Gori. Per la\" \/>\n<meta property=\"og:url\" content=\"https:\/\/www.gossip.it\/news\/aurora-ramazzotti-cinque-mesi-edoardo-gori\/\" \/>\n<meta property=\"og:site_name\" content=\"Gossip.it | News sul Gossip e VIP\" \/>\n<meta property=\"article:publisher\" content=\"https:\/\/www.facebook.com\/GossipIT\" \/>\n<meta property=\"article:published_time\" content=\"2015-05-06T22:00:00+00:00\" \/>\n<meta property=\"og:image\" content=\"http:\/\/files.gossip.it\/immagini_news\/2015\/05\/1431007451_aurora_ramazzotti_post(1).jpg\" \/>\n<meta name=\"author\" content=\"La Redazione\" \/>\n<meta name=\"twitter:card\" content=\"summary_large_image\" \/>\n<meta name=\"twitter:image\" content=\"http:\/\/files.gossip.it\/immagini_news\/2015\/05\/1431007451_aurora_ramazzotti_post(1).jpg\" \/>\n<meta name=\"twitter:creator\" content=\"@gossinews_it\" \/>\n<meta name=\"twitter:site\" content=\"@gossinews_it\" \/>\n<meta name=\"twitter:label1\" content=\"Scritto da\" \/>\n\t<meta name=\"twitter:data1\" content=\"Annamaria Capozzi\" \/>\n\t<meta name=\"twitter:label2\" content=\"Tempo di lettura stimato\" \/>\n\t<meta name=\"twitter:data2\" content=\"3 minuti\" \/>","yoast_head_json":{"title":"Aurora Ramazzotti, cinque mesi con Edoardo Gori - Gossip.it | News sul Gossip e VIP","description":"Aurora Ramazzotti festeggia i cinque mesi d'amore con Edoardo Gori, nipote del sindaco di Bergamo e marito di Cristina Parodi Giorgio Gori. Per la","robots":{"index":"index","follow":"follow","max-snippet":"max-snippet:-1","max-image-preview":"max-image-preview:large","max-video-preview":"max-video-preview:-1"},"canonical":"https:\/\/www.gossip.it\/news\/aurora-ramazzotti-cinque-mesi-edoardo-gori\/","og_locale":"it_IT","og_type":"article","og_title":"Aurora Ramazzotti, cinque mesi con Edoardo Gori - Gossip.it | News sul Gossip e VIP","og_description":"Aurora Ramazzotti festeggia i cinque mesi d'amore con Edoardo Gori, nipote del sindaco di Bergamo e marito di Cristina Parodi Giorgio Gori. Per la","og_url":"https:\/\/www.gossip.it\/news\/aurora-ramazzotti-cinque-mesi-edoardo-gori\/","og_site_name":"Gossip.it | News sul Gossip e VIP","article_publisher":"https:\/\/www.facebook.com\/GossipIT","article_published_time":"2015-05-06T22:00:00+00:00","og_image":[{"url":"http:\/\/files.gossip.it\/immagini_news\/2015\/05\/1431007451_aurora_ramazzotti_post(1).jpg"}],"author":"La Redazione","twitter_card":"summary_large_image","twitter_image":"http:\/\/files.gossip.it\/immagini_news\/2015\/05\/1431007451_aurora_ramazzotti_post(1).jpg","twitter_creator":"@gossinews_it","twitter_site":"@gossinews_it","twitter_misc":{"Scritto da":"Annamaria Capozzi","Tempo di lettura stimato":"3 minuti"},"schema":{"@context":"https:\/\/schema.org","@graph":[{"@type":"Article","@id":"https:\/\/www.gossip.it\/news\/aurora-ramazzotti-cinque-mesi-edoardo-gori\/#article","isPartOf":{"@id":"https:\/\/www.gossip.it\/news\/aurora-ramazzotti-cinque-mesi-edoardo-gori\/"},"author":{"name":"La Redazione","@id":"https:\/\/www.gossip.it\/#\/schema\/person\/488896f75158bff1cc83c6c39d141110"},"headline":"Aurora Ramazzotti, cinque mesi con Edoardo Gori","datePublished":"2015-05-06T22:00:00+00:00","dateModified":"2015-05-06T22:00:00+00:00","mainEntityOfPage":{"@id":"https:\/\/www.gossip.it\/news\/aurora-ramazzotti-cinque-mesi-edoardo-gori\/"},"wordCount":516,"publisher":{"@id":"https:\/\/www.gossip.it\/#organization"},"image":{"@id":"https:\/\/www.gossip.it\/news\/aurora-ramazzotti-cinque-mesi-edoardo-gori\/#primaryimage"},"thumbnailUrl":"http:\/\/files.gossip.it\/immagini_news\/2015\/05\/1431007451_aurora_ramazzotti_post(1).jpg","keywords":["aurora ramazzotti","cinque mesi","dichiarazioni","edoardo gori","fidanzato","flirt","instagram","liaison","marco ferrero","social","video"],"articleSection":["News"],"inLanguage":"it-IT"},{"@type":"WebPage","@id":"https:\/\/www.gossip.it\/news\/aurora-ramazzotti-cinque-mesi-edoardo-gori\/","url":"https:\/\/www.gossip.it\/news\/aurora-ramazzotti-cinque-mesi-edoardo-gori\/","name":"Aurora Ramazzotti, cinque mesi con Edoardo Gori - Gossip.it | News sul Gossip e VIP","isPartOf":{"@id":"https:\/\/www.gossip.it\/#website"},"primaryImageOfPage":{"@id":"https:\/\/www.gossip.it\/news\/aurora-ramazzotti-cinque-mesi-edoardo-gori\/#primaryimage"},"image":{"@id":"https:\/\/www.gossip.it\/news\/aurora-ramazzotti-cinque-mesi-edoardo-gori\/#primaryimage"},"thumbnailUrl":"http:\/\/files.gossip.it\/immagini_news\/2015\/05\/1431007451_aurora_ramazzotti_post(1).jpg","datePublished":"2015-05-06T22:00:00+00:00","dateModified":"2015-05-06T22:00:00+00:00","description":"Aurora Ramazzotti festeggia i cinque mesi d'amore con Edoardo Gori, nipote del sindaco di Bergamo e marito di Cristina Parodi Giorgio Gori. Per la","breadcrumb":{"@id":"https:\/\/www.gossip.it\/news\/aurora-ramazzotti-cinque-mesi-edoardo-gori\/#breadcrumb"},"inLanguage":"it-IT","potentialAction":[{"@type":"ReadAction","target":["https:\/\/www.gossip.it\/news\/aurora-ramazzotti-cinque-mesi-edoardo-gori\/"]}]},{"@type":"ImageObject","inLanguage":"it-IT","@id":"https:\/\/www.gossip.it\/news\/aurora-ramazzotti-cinque-mesi-edoardo-gori\/#primaryimage","url":"http:\/\/files.gossip.it\/immagini_news\/2015\/05\/1431007451_aurora_ramazzotti_post(1).jpg","contentUrl":"http:\/\/files.gossip.it\/immagini_news\/2015\/05\/1431007451_aurora_ramazzotti_post(1).jpg"},{"@type":"BreadcrumbList","@id":"https:\/\/www.gossip.it\/news\/aurora-ramazzotti-cinque-mesi-edoardo-gori\/#breadcrumb","itemListElement":[{"@type":"ListItem","position":1,"name":"Home","item":"https:\/\/www.gossip.it\/"},{"@type":"ListItem","position":2,"name":"Aurora Ramazzotti, cinque mesi con Edoardo Gori"}]},{"@type":"WebSite","@id":"https:\/\/www.gossip.it\/#website","url":"https:\/\/www.gossip.it\/","name":"Gossip and VIP News","description":"Quotidiano di cronaca rosa, costume e societ\u00e0","publisher":{"@id":"https:\/\/www.gossip.it\/#organization"},"alternateName":"Gossip and VIP News","potentialAction":[{"@type":"SearchAction","target":{"@type":"EntryPoint","urlTemplate":"https:\/\/www.gossip.it\/?s={search_term_string}"},"query-input":{"@type":"PropertyValueSpecification","valueRequired":true,"valueName":"search_term_string"}}],"inLanguage":"it-IT"},{"@type":"Organization","@id":"https:\/\/www.gossip.it\/#organization","name":"Gossip and VIP News","alternateName":"Gossip News","url":"https:\/\/www.gossip.it\/","logo":{"@type":"ImageObject","inLanguage":"it-IT","@id":"https:\/\/www.gossip.it\/#\/schema\/logo\/image\/","url":"https:\/\/www.gossip.it\/wp-content\/uploads\/2022\/04\/cropped-corna-alta-tiny.png","contentUrl":"https:\/\/www.gossip.it\/wp-content\/uploads\/2022\/04\/cropped-corna-alta-tiny.png","width":512,"height":512,"caption":"Gossip and VIP News"},"image":{"@id":"https:\/\/www.gossip.it\/#\/schema\/logo\/image\/"},"sameAs":["https:\/\/www.facebook.com\/GossipIT","https:\/\/x.com\/gossinews_it","https:\/\/instagram.com\/gossip_it"]},{"@type":"Person","@id":"https:\/\/www.gossip.it\/#\/schema\/person\/488896f75158bff1cc83c6c39d141110","name":"La Redazione","image":{"@type":"ImageObject","inLanguage":"it-IT","@id":"https:\/\/www.gossip.it\/#\/schema\/person\/image\/","url":"https:\/\/secure.gravatar.com\/avatar\/5a5f5c6fa3e6700e4249abdad0263a1e94e927d9e0499b1cb09c1cd29c044d80?s=96&d=mm&r=g","contentUrl":"https:\/\/secure.gravatar.com\/avatar\/5a5f5c6fa3e6700e4249abdad0263a1e94e927d9e0499b1cb09c1cd29c044d80?s=96&d=mm&r=g","caption":"La Redazione"},"sameAs":["https:\/\/www.gossip.it"]}]}},"amp_enabled":true,"_links":{"self":[{"href":"https:\/\/www.gossip.it\/api\/wp\/v2\/posts\/51535","targetHints":{"allow":["GET"]}}],"collection":[{"href":"https:\/\/www.gossip.it\/api\/wp\/v2\/posts"}],"about":[{"href":"https:\/\/www.gossip.it\/api\/wp\/v2\/types\/post"}],"author":[{"embeddable":true,"href":"https:\/\/www.gossip.it\/api\/wp\/v2\/users\/1"}],"replies":[{"embeddable":true,"href":"https:\/\/www.gossip.it\/api\/wp\/v2\/comments?post=51535"}],"version-history":[{"count":0,"href":"https:\/\/www.gossip.it\/api\/wp\/v2\/posts\/51535\/revisions"}],"wp:featuredmedia":[{"embeddable":true,"href":"https:\/\/www.gossip.it\/api\/wp\/v2\/media\/107581"}],"wp:attachment":[{"href":"https:\/\/www.gossip.it\/api\/wp\/v2\/media?parent=51535"}],"wp:term":[{"taxonomy":"category","embeddable":true,"href":"https:\/\/www.gossip.it\/api\/wp\/v2\/categories?post=51535"},{"taxonomy":"post_tag","embeddable":true,"href":"https:\/\/www.gossip.it\/api\/wp\/v2\/tags?post=51535"},{"taxonomy":"vip","embeddable":true,"href":"https:\/\/www.gossip.it\/api\/wp\/v2\/vip?post=51535"}],"curies":[{"name":"wp","href":"https:\/\/api.w.org\/{rel}","templated":true}]}}