{"id":51586,"date":"2015-05-13T00:00:00","date_gmt":"2015-05-12T22:00:00","guid":{"rendered":"https:\/\/www.gossip.it\/senza-categoria\/francesca-de-andre-pomeriggio-5\/"},"modified":"2015-05-13T00:00:00","modified_gmt":"2015-05-12T22:00:00","slug":"francesca-de-andre-pomeriggio-5","status":"publish","type":"post","link":"https:\/\/www.gossip.it\/news\/francesca-de-andre-pomeriggio-5\/","title":{"rendered":"Francesca De Andr\u00e8 a ruota libera nel salotto di 'Pomeriggio 5'"},"content":{"rendered":"<p><a href=\"http:\/\/www.gossip.it\/vip\/francesca-de andr\u00e8\/\">Francesca De Andr\u00e8<\/a> ospite di <a href=\"http:\/\/www.gossip.it\/vip\/barbara-d'urso\/\">Barbara D'Urso<\/a> a \"<strong>Pomeriggio 5<\/strong>\"<em>.<\/em> Commossa e quasi con le lacrime agli occhi ha parlato del suo rapporto con il padre <a href=\"http:\/\/www.gossip.it\/vip\/cristinano-de andr\u00e8\/\">Cristinano De Andr\u00e8<\/a>. Un padre che ha definito assente. La ragazza ha rivelato pure di non essersi mai sentita accettata da <a href=\"http:\/\/www.gossip.it\/vip\/dori-ghezzi\/\">Dori Ghezzi<\/a>, la seconda moglie del nonno <em>Fabrizio De Andr\u00e9<\/em>. A fine intervista, poi, \u00e8 arrivata anche la stoccata a<em> Guendalina Canessa<\/em>, ex moglie del fidanzato\u00a0<a href=\"http:\/\/www.gossip.it\/vip\/-daniele interrante\/\">Daniele Interrante<\/a>.<\/p>\n<figure class=\"caption\"><img decoding=\"async\" alt=\"\" height=\"352\" width=\"620\" src=\"http:\/\/files.gossip.it\/immagini_news\/2015\/05\/1431519164_francesca_de_andre_barbara_d_urso_pomeriggio_cinque.jpg\" \/><figcaption>Francesca De Andr\u00e9 intervistata da Barbbara D'Urso<\/figcaption><\/figure>\n<p><em>\"Quello che mio padre mi trasmette quando canta, non sa darmelo come genitore, per questo mi commuovo quando lo vedo\"<\/em>. Ha esordito <strong>Francesca<\/strong> <strong>De Andr\u00e9<\/strong> di fronte alle telecamere di \"<strong>Pomeriggio 5<\/strong>\". La ragazza ha raccontato che il padre non gli risponde al telefono: \"<em>Mi vive quasi come un fastidio\"<\/em>, ha detto. <em>\"Ho sempre cercato di recuperare il rapporto con lui <\/em>- ha aggiunto - <em>ma arrivi a un certo punto che dici basta ma chi me lo fa fare\"<\/em>.<br \/><strong>Francesca De Andr\u00e8<\/strong> ha anche ripercorso quanto raccontato 8 mesi fa sempre nel salotto di \"<strong>Pomeriggio 5<\/strong>\" ovvero quando a 16 anni se n'\u00e8 andata via di casa perch\u00e9 aveva litigato con la madre. Ha provato a stare con il padre ma le cose non sono andate bene. E' stata cos\u00ec affidata al Comune di Milano e poi accompagnata da <em>Dori Ghezzi<\/em> in orfanotrofio: <em>\"N\u00e8 io n\u00e9 i miei fratelli siamo stati mai considerati<\/em> - ha affermato - <em>La stessa Dori Ghezzi che io vedevo come una figura familiare, quasi come una nonna, essendo la seconda moglie di mio nonno, ci ha sempre trattato come se fossimo persone non gradite in famiglia\"<\/em>.<\/p>\n<figure class=\"caption\"><img decoding=\"async\" alt=\"\" height=\"352\" width=\"620\" src=\"http:\/\/files.gossip.it\/immagini_news\/2015\/05\/1431519204_francesca_de_andre_pomeriggio_cinque.jpg\" \/><figcaption>La ragazza commossa ha parlato del suo rapporto inesistente con il padre\u00a0<\/figcaption><\/figure>\n<p><em style=\"line-height: 1.6em;\">\"Nessuno mi ha preso in affidamento<\/em><span style=\"line-height: 1.6em;\"> - ha proseguito <\/span><strong style=\"line-height: 1.6em;\">Francesca<\/strong><span style=\"line-height: 1.6em;\"> - <em>e nessuno mi ha pagato un collegio privato. Sia mio padre che Dori Ghezzi se lo sarebbero potuto permettere. Mi hanno lasciato abbandonata a me stessa, in un anno che sono stata in orfanotrofio non \u00e8 mai venuto nessuno a trovarmi.<\/em><\/span><em style=\"line-height: 1.6em;\"> Ad oggi nessuno di loro si rende conto di tutto quello che mi \u00e8 stato fatto. L'unica con cui sto ricostruendo un rapporto \u00e8 mia madre\"<\/em><span style=\"line-height: 1.6em;\">. La ragazza ha poi aggiunto:\u00a0<\/span><em style=\"line-height: 1.6em;\">\"Sta uscendo un documentario su mio nonno e io l'ho saputo dal Tg5\".<\/em><\/p>\n<figure class=\"caption\"><img decoding=\"async\" alt=\"\" height=\"624\" width=\"620\" src=\"http:\/\/files.gossip.it\/immagini_news\/2015\/05\/1431519244_francesca_de_andre_barbara_d_urso.jpg\" \/><figcaption>Francesca insieme a Barbara D'Urso dietro le quinte del programma<\/figcaption><\/figure>\n<p><em>Barbara D'Urso<\/em> verso la fine dell'intervista ha voltato pagina e ha mandato delle immagini che mostravano la <strong>De Andr\u00e8 <\/strong>con<em> Daniele Interrante<\/em> e la piccola <em>Chloe<\/em>, la figlia che il fidanzato ha avuto dal matrimonio con <em>Guendalina Canessa<\/em>. La D'Urso ha chiesto a <strong>Francesca<\/strong> cosa ne pensa <a href=\"http:\/\/www.gossip.it\/news\/guendalina-canessa-dedica-daniele-interrante-news.html\">delle dediche social<\/a> di <em>Guenda <\/em>a <em>Daniele<\/em>: <em>\"Guendalina non si mette l'animo in pace. Non si rassegna al fatto che io e Daniele stiamo insieme. Con lei non riesco ad avere rapporti. Anche Daniele \u00e8 indispettito perch\u00e9 non gli fa piacere che pubblichi queste foto. Glielo dice. Ma non so perch\u00e9 lei continui a farlo. Non accetta\"<\/em>, ha risposto. La stessa conduttrice \u00e8 rimasta a bocca aperta, nei mesi scorsi <a href=\"http:\/\/www.gossip.it\/news\/guendalina-canessa-francesca-de-andre-amiche-news.html\">sembrava essere nata una bella amicizia<\/a> tra la sua ospite e la Canessa. \u00a0A quanto pare non \u00e8 cos\u00ec.<\/p>\n","protected":false},"excerpt":{"rendered":"<p>Francesca De Andr\u00e8 ospite di Barbara D'Urso a \"Pomeriggio 5\". Commossa e quasi con le lacrime agli occhi ha parlato del suo rapporto con il padre Cristinano De Andr\u00e8. Un padre che ha definito assente. La ragazza ha rivelato pure di non essersi mai sentita accettata da Dori Ghezzi, la seconda moglie del nonno Fabrizio [&hellip;]<\/p>\n","protected":false},"author":1,"featured_media":107632,"comment_status":"closed","ping_status":"closed","sticky":false,"template":"","format":"standard","meta":{"footnotes":""},"categories":[54],"tags":[32667,2102,8593,7988],"vip":[383,558,774,925],"class_list":["post-51586","post","type-post","status-publish","format-standard","has-post-thumbnail","hentry","category-news","tag-cristiano-de-andre","tag-dichiarazioni","tag-fabrizio-de-andre","tag-pomeriggio-5","vip-barbara_durso","vip-daniele_interrante","vip-francesca_de_andre","vip-guendalina_canessa"],"yoast_head":"<title>Francesca De Andr\u00e8 a ruota libera nel salotto di &#039;Pomeriggio 5&#039; - Gossip.it | News sul Gossip e VIP<\/title>\n<meta name=\"description\" content=\"Francesca De Andr\u00e8 ospite di Barbara D&#039;Urso a &quot;Pomeriggio 5&quot;. Commossa e quasi con le lacrime agli occhi ha parlato del suo rapporto con il padre\" \/>\n<meta name=\"robots\" content=\"index, follow, max-snippet:-1, max-image-preview:large, max-video-preview:-1\" \/>\n<link rel=\"canonical\" href=\"https:\/\/www.gossip.it\/news\/francesca-de-andre-pomeriggio-5\/\" \/>\n<meta property=\"og:locale\" content=\"it_IT\" \/>\n<meta property=\"og:type\" content=\"article\" \/>\n<meta property=\"og:title\" content=\"Francesca De Andr\u00e8 a ruota libera nel salotto di &#039;Pomeriggio 5&#039; - Gossip.it | News sul Gossip e VIP\" \/>\n<meta property=\"og:description\" content=\"Francesca De Andr\u00e8 ospite di Barbara D&#039;Urso a &quot;Pomeriggio 5&quot;. Commossa e quasi con le lacrime agli occhi ha parlato del suo rapporto con il padre\" \/>\n<meta property=\"og:url\" content=\"https:\/\/www.gossip.it\/news\/francesca-de-andre-pomeriggio-5\/\" \/>\n<meta property=\"og:site_name\" content=\"Gossip.it | News sul Gossip e VIP\" \/>\n<meta property=\"article:publisher\" content=\"https:\/\/www.facebook.com\/GossipIT\" \/>\n<meta property=\"article:published_time\" content=\"2015-05-12T22:00:00+00:00\" \/>\n<meta property=\"og:image\" content=\"http:\/\/files.gossip.it\/immagini_news\/2015\/05\/1431519164_francesca_de_andre_barbara_d_urso_pomeriggio_cinque.jpg\" \/>\n<meta name=\"author\" content=\"La Redazione\" \/>\n<meta name=\"twitter:card\" content=\"summary_large_image\" \/>\n<meta name=\"twitter:image\" content=\"http:\/\/files.gossip.it\/immagini_news\/2015\/05\/1431519164_francesca_de_andre_barbara_d_urso_pomeriggio_cinque.jpg\" \/>\n<meta name=\"twitter:creator\" content=\"@gossinews_it\" \/>\n<meta name=\"twitter:site\" content=\"@gossinews_it\" \/>\n<meta name=\"twitter:label1\" content=\"Scritto da\" \/>\n\t<meta name=\"twitter:data1\" content=\"Francesca Romana Domenici\" \/>\n\t<meta name=\"twitter:label2\" content=\"Tempo di lettura stimato\" \/>\n\t<meta name=\"twitter:data2\" content=\"3 minuti\" \/>","yoast_head_json":{"title":"Francesca De Andr\u00e8 a ruota libera nel salotto di 'Pomeriggio 5' - Gossip.it | News sul Gossip e VIP","description":"Francesca De Andr\u00e8 ospite di Barbara D'Urso a \"Pomeriggio 5\". Commossa e quasi con le lacrime agli occhi ha parlato del suo rapporto con il padre","robots":{"index":"index","follow":"follow","max-snippet":"max-snippet:-1","max-image-preview":"max-image-preview:large","max-video-preview":"max-video-preview:-1"},"canonical":"https:\/\/www.gossip.it\/news\/francesca-de-andre-pomeriggio-5\/","og_locale":"it_IT","og_type":"article","og_title":"Francesca De Andr\u00e8 a ruota libera nel salotto di 'Pomeriggio 5' - Gossip.it | News sul Gossip e VIP","og_description":"Francesca De Andr\u00e8 ospite di Barbara D'Urso a \"Pomeriggio 5\". Commossa e quasi con le lacrime agli occhi ha parlato del suo rapporto con il padre","og_url":"https:\/\/www.gossip.it\/news\/francesca-de-andre-pomeriggio-5\/","og_site_name":"Gossip.it | News sul Gossip e VIP","article_publisher":"https:\/\/www.facebook.com\/GossipIT","article_published_time":"2015-05-12T22:00:00+00:00","og_image":[{"url":"http:\/\/files.gossip.it\/immagini_news\/2015\/05\/1431519164_francesca_de_andre_barbara_d_urso_pomeriggio_cinque.jpg"}],"author":"La Redazione","twitter_card":"summary_large_image","twitter_image":"http:\/\/files.gossip.it\/immagini_news\/2015\/05\/1431519164_francesca_de_andre_barbara_d_urso_pomeriggio_cinque.jpg","twitter_creator":"@gossinews_it","twitter_site":"@gossinews_it","twitter_misc":{"Scritto da":"Francesca Romana Domenici","Tempo di lettura stimato":"3 minuti"},"schema":{"@context":"https:\/\/schema.org","@graph":[{"@type":"Article","@id":"https:\/\/www.gossip.it\/news\/francesca-de-andre-pomeriggio-5\/#article","isPartOf":{"@id":"https:\/\/www.gossip.it\/news\/francesca-de-andre-pomeriggio-5\/"},"author":{"name":"La Redazione","@id":"https:\/\/www.gossip.it\/#\/schema\/person\/488896f75158bff1cc83c6c39d141110"},"headline":"Francesca De Andr\u00e8 a ruota libera nel salotto di 'Pomeriggio 5'","datePublished":"2015-05-12T22:00:00+00:00","dateModified":"2015-05-12T22:00:00+00:00","mainEntityOfPage":{"@id":"https:\/\/www.gossip.it\/news\/francesca-de-andre-pomeriggio-5\/"},"wordCount":535,"publisher":{"@id":"https:\/\/www.gossip.it\/#organization"},"image":{"@id":"https:\/\/www.gossip.it\/news\/francesca-de-andre-pomeriggio-5\/#primaryimage"},"thumbnailUrl":"http:\/\/files.gossip.it\/immagini_news\/2015\/05\/1431519164_francesca_de_andre_barbara_d_urso_pomeriggio_cinque.jpg","keywords":["cristiano de andr\u00e8","dichiarazioni","fabrizio de andr\u00e8","pomeriggio 5"],"articleSection":["News"],"inLanguage":"it-IT"},{"@type":"WebPage","@id":"https:\/\/www.gossip.it\/news\/francesca-de-andre-pomeriggio-5\/","url":"https:\/\/www.gossip.it\/news\/francesca-de-andre-pomeriggio-5\/","name":"Francesca De Andr\u00e8 a ruota libera nel salotto di 'Pomeriggio 5' - Gossip.it | News sul Gossip e VIP","isPartOf":{"@id":"https:\/\/www.gossip.it\/#website"},"primaryImageOfPage":{"@id":"https:\/\/www.gossip.it\/news\/francesca-de-andre-pomeriggio-5\/#primaryimage"},"image":{"@id":"https:\/\/www.gossip.it\/news\/francesca-de-andre-pomeriggio-5\/#primaryimage"},"thumbnailUrl":"http:\/\/files.gossip.it\/immagini_news\/2015\/05\/1431519164_francesca_de_andre_barbara_d_urso_pomeriggio_cinque.jpg","datePublished":"2015-05-12T22:00:00+00:00","dateModified":"2015-05-12T22:00:00+00:00","description":"Francesca De Andr\u00e8 ospite di Barbara D'Urso a \"Pomeriggio 5\". Commossa e quasi con le lacrime agli occhi ha parlato del suo rapporto con il padre","breadcrumb":{"@id":"https:\/\/www.gossip.it\/news\/francesca-de-andre-pomeriggio-5\/#breadcrumb"},"inLanguage":"it-IT","potentialAction":[{"@type":"ReadAction","target":["https:\/\/www.gossip.it\/news\/francesca-de-andre-pomeriggio-5\/"]}]},{"@type":"ImageObject","inLanguage":"it-IT","@id":"https:\/\/www.gossip.it\/news\/francesca-de-andre-pomeriggio-5\/#primaryimage","url":"http:\/\/files.gossip.it\/immagini_news\/2015\/05\/1431519164_francesca_de_andre_barbara_d_urso_pomeriggio_cinque.jpg","contentUrl":"http:\/\/files.gossip.it\/immagini_news\/2015\/05\/1431519164_francesca_de_andre_barbara_d_urso_pomeriggio_cinque.jpg"},{"@type":"BreadcrumbList","@id":"https:\/\/www.gossip.it\/news\/francesca-de-andre-pomeriggio-5\/#breadcrumb","itemListElement":[{"@type":"ListItem","position":1,"name":"Home","item":"https:\/\/www.gossip.it\/"},{"@type":"ListItem","position":2,"name":"Francesca De Andr\u00e8 a ruota libera nel salotto di 'Pomeriggio 5'"}]},{"@type":"WebSite","@id":"https:\/\/www.gossip.it\/#website","url":"https:\/\/www.gossip.it\/","name":"Gossip and VIP News","description":"Quotidiano di cronaca rosa, costume e societ\u00e0","publisher":{"@id":"https:\/\/www.gossip.it\/#organization"},"alternateName":"Gossip and VIP News","potentialAction":[{"@type":"SearchAction","target":{"@type":"EntryPoint","urlTemplate":"https:\/\/www.gossip.it\/?s={search_term_string}"},"query-input":{"@type":"PropertyValueSpecification","valueRequired":true,"valueName":"search_term_string"}}],"inLanguage":"it-IT"},{"@type":"Organization","@id":"https:\/\/www.gossip.it\/#organization","name":"Gossip and VIP News","alternateName":"Gossip News","url":"https:\/\/www.gossip.it\/","logo":{"@type":"ImageObject","inLanguage":"it-IT","@id":"https:\/\/www.gossip.it\/#\/schema\/logo\/image\/","url":"https:\/\/www.gossip.it\/wp-content\/uploads\/2022\/04\/cropped-corna-alta-tiny.png","contentUrl":"https:\/\/www.gossip.it\/wp-content\/uploads\/2022\/04\/cropped-corna-alta-tiny.png","width":512,"height":512,"caption":"Gossip and VIP News"},"image":{"@id":"https:\/\/www.gossip.it\/#\/schema\/logo\/image\/"},"sameAs":["https:\/\/www.facebook.com\/GossipIT","https:\/\/x.com\/gossinews_it","https:\/\/instagram.com\/gossip_it"]},{"@type":"Person","@id":"https:\/\/www.gossip.it\/#\/schema\/person\/488896f75158bff1cc83c6c39d141110","name":"La Redazione","image":{"@type":"ImageObject","inLanguage":"it-IT","@id":"https:\/\/www.gossip.it\/#\/schema\/person\/image\/","url":"https:\/\/secure.gravatar.com\/avatar\/5a5f5c6fa3e6700e4249abdad0263a1e94e927d9e0499b1cb09c1cd29c044d80?s=96&d=mm&r=g","contentUrl":"https:\/\/secure.gravatar.com\/avatar\/5a5f5c6fa3e6700e4249abdad0263a1e94e927d9e0499b1cb09c1cd29c044d80?s=96&d=mm&r=g","caption":"La Redazione"},"sameAs":["https:\/\/www.gossip.it"]}]}},"amp_enabled":true,"_links":{"self":[{"href":"https:\/\/www.gossip.it\/api\/wp\/v2\/posts\/51586","targetHints":{"allow":["GET"]}}],"collection":[{"href":"https:\/\/www.gossip.it\/api\/wp\/v2\/posts"}],"about":[{"href":"https:\/\/www.gossip.it\/api\/wp\/v2\/types\/post"}],"author":[{"embeddable":true,"href":"https:\/\/www.gossip.it\/api\/wp\/v2\/users\/1"}],"replies":[{"embeddable":true,"href":"https:\/\/www.gossip.it\/api\/wp\/v2\/comments?post=51586"}],"version-history":[{"count":0,"href":"https:\/\/www.gossip.it\/api\/wp\/v2\/posts\/51586\/revisions"}],"wp:featuredmedia":[{"embeddable":true,"href":"https:\/\/www.gossip.it\/api\/wp\/v2\/media\/107632"}],"wp:attachment":[{"href":"https:\/\/www.gossip.it\/api\/wp\/v2\/media?parent=51586"}],"wp:term":[{"taxonomy":"category","embeddable":true,"href":"https:\/\/www.gossip.it\/api\/wp\/v2\/categories?post=51586"},{"taxonomy":"post_tag","embeddable":true,"href":"https:\/\/www.gossip.it\/api\/wp\/v2\/tags?post=51586"},{"taxonomy":"vip","embeddable":true,"href":"https:\/\/www.gossip.it\/api\/wp\/v2\/vip?post=51586"}],"curies":[{"name":"wp","href":"https:\/\/api.w.org\/{rel}","templated":true}]}}