{"id":51599,"date":"2015-05-14T00:00:00","date_gmt":"2015-05-13T22:00:00","guid":{"rendered":"https:\/\/www.gossip.it\/senza-categoria\/bobo-vieri-cristina-buccino-madrid-juve\/"},"modified":"2015-05-14T00:00:00","modified_gmt":"2015-05-13T22:00:00","slug":"bobo-vieri-cristina-buccino-madrid-juve","status":"publish","type":"post","link":"https:\/\/www.gossip.it\/news\/bobo-vieri-cristina-buccino-madrid-juve\/","title":{"rendered":"Bobo Vieri, Cristina Buccino and Co. a Madrid per la Juve"},"content":{"rendered":"<p><a href=\"http:\/\/www.gossip.it\/vip\/bobo-vieri\/\">Bobo Vieri<\/a> ha preso un aereo privato insieme ad altri amici vip per volare in Spagna, a <strong>Madrid<\/strong> e gustare l'attesissima semifinale di Champions League che ha visto la <strong>Juve<\/strong> impegnata in campo contro il Real del <em>'galacticos'<\/em> guidato da <a href=\"http:\/\/www.gossip.it\/vip\/carlo-ancelotti\/\">Carlo Ancelotti<\/a>. Con l'ex <a href=\"http:\/\/www.gossip.it\/vip\/calciatore\/\">calciatore<\/a>, come svelano i selfie mandati online sui social sia al momentto del decollo che sul volo di ritorno a Milano, <a href=\"http:\/\/www.gossip.it\/vip\/cristina-buccino\/\">Cristina Buccino<\/a>, ultimamente sempre insieme a <strong>Bobo Vieri<\/strong>, <a href=\"http:\/\/www.gossip.it\/vip\/gianluca-vacchi\/\">Gianluca Vacchi<\/a>, la fidanzata <a href=\"http:\/\/www.gossip.it\/vip\/giorgia-gabriele\/\">Giorgia Gabriele<\/a>, <em>Mimmo Gravino<\/em>, <em>Luca Boesso<\/em> e un altro <em>Mimmo<\/em>, tutti entusiasti del viaggio.<\/p>\n<figure class=\"caption\"><img decoding=\"async\" alt=\"\" height=\"620\" width=\"620\" src=\"http:\/\/files.gossip.it\/immagini_news\/2015\/05\/1431602813_vieri_buccino_amici_aereo_selfie_madrid.jpg\" \/><figcaption>Bobo Vieri, Cristina Buccino, Gianluca Vacchi, Giorgia Gabriele, Luca Boesso, Mimmo Gravino, Mimmo al decollo per Madrid sul volo privato<\/figcaption><\/figure>\n<p><strong>Bobo Vieri<\/strong>, <strong>Cristina Buccino<\/strong> e compagnia a <strong>Madrid<\/strong> per la <strong>Juve<\/strong> si sono divertiti moltissimo. Emozioni forti allo stadio, nonostante l'afa: in citt\u00e0 il termometro ha segnato quaranta gradi... Al Santiago Bernabeu, uno dei monumenti del calcio mondiale, si sono accomodati in tribuna e tifato a pi\u00f9 non posso per i bianconeri in campo, in mezzo a molti altri vip arrivati dall'Italia per il match. Il risultato gli ha dato ragione: la <strong>Juve<\/strong> ha bloccato il Real <strong>Madrid<\/strong> sull'1-1. In virt\u00f9 del risultato dell'andata, quando a Torino aveva battuto gli spagnoli per 2-1, si \u00e8 qualificata per la finalissima in programma a Berlino il prossimo 6 giugno contro il Barcellona. <strong>Bobo Vieri<\/strong>, <strong>Cristina Buccino<\/strong>, <em>Gianluca Vacchi<\/em> e gli altri, come fatto sapere sul network, partiranno ancora una volta e andranno a vedere la partita in Germania.<\/p>\n<figure class=\"caption\"><img decoding=\"async\" alt=\"\" height=\"620\" width=\"620\" src=\"http:\/\/files.gossip.it\/immagini_news\/2015\/05\/1431602863_vieri_buccino_amici_aereo_selfie_berlino.jpg\" \/><figcaption>L'allegra combriccola sul volo di ritorno entusiasta per la finale di Champions League conquistata dalla Juve<\/figcaption><\/figure>\n<p><em>\"Next step Berlino\"<\/em>, ha cinguettato <strong>Bobo Vieri<\/strong>. <strong>Cristina Buccino<\/strong> sicuramente far\u00e0 parte della brigata. Ufficialmente single, preferisce divertirsi con gli amici e godersi il tempo cos\u00ec, tra sport e risate, senza pensare all'amore. Reduce dall'<a href=\"http:\/\/www.gossip.it\/vip\/isola-dei famosi 10\/\">Isola dei Famosi 10<\/a>, ha trovato in Vieri e negli altri persone su cui contare e farsi quattro risate.<\/p>\n<figure class=\"caption\"><img decoding=\"async\" alt=\"\" height=\"620\" width=\"620\" src=\"http:\/\/files.gossip.it\/immagini_news\/2015\/05\/1431602923_cristina_buccino_aereo.jpg\" \/><figcaption>Cri Buccino sensuale e ammiccante in aereo<\/figcaption><\/figure>\n<figure class=\"caption\"><img decoding=\"async\" alt=\"\" height=\"617\" width=\"620\" src=\"http:\/\/files.gossip.it\/immagini_news\/2015\/05\/1431602965_cristina_buccino_stadio_real_madrid_juventus.jpg\" \/><figcaption>La modella con Mimmo gravino al Bernabeu<\/figcaption><\/figure>\n<p>Viaggiare su un aereo privato, tra l'altro, non \u00e8 da tutti e questi amici possono permettersi non solo il jet, ma molto di pi\u00f9. La vita, cos\u00ec, diventa meravigliosa e senza grossi pensieri. Condividerla \u00e8 un piacere, chi la osserva sul web pu\u00f2 solo sospirare, visti i tempi difficili, invidiando un bel po' chi<em> 'pu\u00f2'<\/em> in mezzo a tanti che, invece, possono molto poco...<\/p>\n<p>\u00a0<\/p>\n","protected":false},"excerpt":{"rendered":"<p>Bobo Vieri ha preso un aereo privato insieme ad altri amici vip per volare in Spagna, a Madrid e gustare l'attesissima semifinale di Champions League che ha visto la Juve impegnata in campo contro il Real del 'galacticos' guidato da Carlo Ancelotti. Con l'ex calciatore, come svelano i selfie mandati online sui social sia al [&hellip;]<\/p>\n","protected":false},"author":1,"featured_media":107645,"comment_status":"closed","ping_status":"closed","sticky":false,"template":"","format":"standard","meta":{"footnotes":""},"categories":[54],"tags":[9490,6560,10108,10406,2121,11761,8530,52345,9113,10408,9098,8631],"vip":[419,539],"class_list":["post-51599","post","type-post","status-publish","format-standard","has-post-thumbnail","hentry","category-news","tag-champions-league","tag-christian-vieri","tag-gianluca-vacchi","tag-giorgia-gabriele","tag-instagram","tag-juve","tag-juventus","tag-luca-boesso","tag-madrid","tag-mimmo-gravino","tag-real-madrid","tag-selfie","vip-bobo_vieri","vip-cristina_buccino"],"yoast_head":"<title>Bobo Vieri, Cristina Buccino and Co. a Madrid per la Juve - Gossip.it | News sul Gossip e VIP<\/title>\n<meta name=\"description\" content=\"Bobo Vieri ha preso un aereo privato insieme ad altri amici vip per volare in Spagna, a Madrid e gustare l&#039;attesissima semifinale di Champions League che\" \/>\n<meta name=\"robots\" content=\"index, follow, max-snippet:-1, max-image-preview:large, max-video-preview:-1\" \/>\n<link rel=\"canonical\" href=\"https:\/\/www.gossip.it\/news\/bobo-vieri-cristina-buccino-madrid-juve\/\" \/>\n<meta property=\"og:locale\" content=\"it_IT\" \/>\n<meta property=\"og:type\" content=\"article\" \/>\n<meta property=\"og:title\" content=\"Bobo Vieri, Cristina Buccino and Co. a Madrid per la Juve - Gossip.it | News sul Gossip e VIP\" \/>\n<meta property=\"og:description\" content=\"Bobo Vieri ha preso un aereo privato insieme ad altri amici vip per volare in Spagna, a Madrid e gustare l&#039;attesissima semifinale di Champions League che\" \/>\n<meta property=\"og:url\" content=\"https:\/\/www.gossip.it\/news\/bobo-vieri-cristina-buccino-madrid-juve\/\" \/>\n<meta property=\"og:site_name\" content=\"Gossip.it | News sul Gossip e VIP\" \/>\n<meta property=\"article:publisher\" content=\"https:\/\/www.facebook.com\/GossipIT\" \/>\n<meta property=\"article:published_time\" content=\"2015-05-13T22:00:00+00:00\" \/>\n<meta property=\"og:image\" content=\"http:\/\/files.gossip.it\/immagini_news\/2015\/05\/1431602813_vieri_buccino_amici_aereo_selfie_madrid.jpg\" \/>\n<meta name=\"author\" content=\"La Redazione\" \/>\n<meta name=\"twitter:card\" content=\"summary_large_image\" \/>\n<meta name=\"twitter:image\" content=\"http:\/\/files.gossip.it\/immagini_news\/2015\/05\/1431602813_vieri_buccino_amici_aereo_selfie_madrid.jpg\" \/>\n<meta name=\"twitter:creator\" content=\"@gossinews_it\" \/>\n<meta name=\"twitter:site\" content=\"@gossinews_it\" \/>\n<meta name=\"twitter:label1\" content=\"Scritto da\" \/>\n\t<meta name=\"twitter:data1\" content=\"Annamaria Capozzi\" \/>\n\t<meta name=\"twitter:label2\" content=\"Tempo di lettura stimato\" \/>\n\t<meta name=\"twitter:data2\" content=\"2 minuti\" \/>","yoast_head_json":{"title":"Bobo Vieri, Cristina Buccino and Co. a Madrid per la Juve - Gossip.it | News sul Gossip e VIP","description":"Bobo Vieri ha preso un aereo privato insieme ad altri amici vip per volare in Spagna, a Madrid e gustare l'attesissima semifinale di Champions League che","robots":{"index":"index","follow":"follow","max-snippet":"max-snippet:-1","max-image-preview":"max-image-preview:large","max-video-preview":"max-video-preview:-1"},"canonical":"https:\/\/www.gossip.it\/news\/bobo-vieri-cristina-buccino-madrid-juve\/","og_locale":"it_IT","og_type":"article","og_title":"Bobo Vieri, Cristina Buccino and Co. a Madrid per la Juve - Gossip.it | News sul Gossip e VIP","og_description":"Bobo Vieri ha preso un aereo privato insieme ad altri amici vip per volare in Spagna, a Madrid e gustare l'attesissima semifinale di Champions League che","og_url":"https:\/\/www.gossip.it\/news\/bobo-vieri-cristina-buccino-madrid-juve\/","og_site_name":"Gossip.it | News sul Gossip e VIP","article_publisher":"https:\/\/www.facebook.com\/GossipIT","article_published_time":"2015-05-13T22:00:00+00:00","og_image":[{"url":"http:\/\/files.gossip.it\/immagini_news\/2015\/05\/1431602813_vieri_buccino_amici_aereo_selfie_madrid.jpg"}],"author":"La Redazione","twitter_card":"summary_large_image","twitter_image":"http:\/\/files.gossip.it\/immagini_news\/2015\/05\/1431602813_vieri_buccino_amici_aereo_selfie_madrid.jpg","twitter_creator":"@gossinews_it","twitter_site":"@gossinews_it","twitter_misc":{"Scritto da":"Annamaria Capozzi","Tempo di lettura stimato":"2 minuti"},"schema":{"@context":"https:\/\/schema.org","@graph":[{"@type":"Article","@id":"https:\/\/www.gossip.it\/news\/bobo-vieri-cristina-buccino-madrid-juve\/#article","isPartOf":{"@id":"https:\/\/www.gossip.it\/news\/bobo-vieri-cristina-buccino-madrid-juve\/"},"author":{"name":"La Redazione","@id":"https:\/\/www.gossip.it\/#\/schema\/person\/488896f75158bff1cc83c6c39d141110"},"headline":"Bobo Vieri, Cristina Buccino and Co. a Madrid per la Juve","datePublished":"2015-05-13T22:00:00+00:00","dateModified":"2015-05-13T22:00:00+00:00","mainEntityOfPage":{"@id":"https:\/\/www.gossip.it\/news\/bobo-vieri-cristina-buccino-madrid-juve\/"},"wordCount":410,"publisher":{"@id":"https:\/\/www.gossip.it\/#organization"},"image":{"@id":"https:\/\/www.gossip.it\/news\/bobo-vieri-cristina-buccino-madrid-juve\/#primaryimage"},"thumbnailUrl":"http:\/\/files.gossip.it\/immagini_news\/2015\/05\/1431602813_vieri_buccino_amici_aereo_selfie_madrid.jpg","keywords":["champions league","christian vieri","gianluca vacchi","Giorgia Gabriele","instagram","juve","juventus","luca boesso","madrid","Mimmo Gravino","real madrid","selfie"],"articleSection":["News"],"inLanguage":"it-IT"},{"@type":"WebPage","@id":"https:\/\/www.gossip.it\/news\/bobo-vieri-cristina-buccino-madrid-juve\/","url":"https:\/\/www.gossip.it\/news\/bobo-vieri-cristina-buccino-madrid-juve\/","name":"Bobo Vieri, Cristina Buccino and Co. a Madrid per la Juve - Gossip.it | News sul Gossip e VIP","isPartOf":{"@id":"https:\/\/www.gossip.it\/#website"},"primaryImageOfPage":{"@id":"https:\/\/www.gossip.it\/news\/bobo-vieri-cristina-buccino-madrid-juve\/#primaryimage"},"image":{"@id":"https:\/\/www.gossip.it\/news\/bobo-vieri-cristina-buccino-madrid-juve\/#primaryimage"},"thumbnailUrl":"http:\/\/files.gossip.it\/immagini_news\/2015\/05\/1431602813_vieri_buccino_amici_aereo_selfie_madrid.jpg","datePublished":"2015-05-13T22:00:00+00:00","dateModified":"2015-05-13T22:00:00+00:00","description":"Bobo Vieri ha preso un aereo privato insieme ad altri amici vip per volare in Spagna, a Madrid e gustare l'attesissima semifinale di Champions League che","breadcrumb":{"@id":"https:\/\/www.gossip.it\/news\/bobo-vieri-cristina-buccino-madrid-juve\/#breadcrumb"},"inLanguage":"it-IT","potentialAction":[{"@type":"ReadAction","target":["https:\/\/www.gossip.it\/news\/bobo-vieri-cristina-buccino-madrid-juve\/"]}]},{"@type":"ImageObject","inLanguage":"it-IT","@id":"https:\/\/www.gossip.it\/news\/bobo-vieri-cristina-buccino-madrid-juve\/#primaryimage","url":"http:\/\/files.gossip.it\/immagini_news\/2015\/05\/1431602813_vieri_buccino_amici_aereo_selfie_madrid.jpg","contentUrl":"http:\/\/files.gossip.it\/immagini_news\/2015\/05\/1431602813_vieri_buccino_amici_aereo_selfie_madrid.jpg"},{"@type":"BreadcrumbList","@id":"https:\/\/www.gossip.it\/news\/bobo-vieri-cristina-buccino-madrid-juve\/#breadcrumb","itemListElement":[{"@type":"ListItem","position":1,"name":"Home","item":"https:\/\/www.gossip.it\/"},{"@type":"ListItem","position":2,"name":"Bobo Vieri, Cristina Buccino and Co. a Madrid per la Juve"}]},{"@type":"WebSite","@id":"https:\/\/www.gossip.it\/#website","url":"https:\/\/www.gossip.it\/","name":"Gossip and VIP News","description":"Quotidiano di cronaca rosa, costume e societ\u00e0","publisher":{"@id":"https:\/\/www.gossip.it\/#organization"},"alternateName":"Gossip and VIP News","potentialAction":[{"@type":"SearchAction","target":{"@type":"EntryPoint","urlTemplate":"https:\/\/www.gossip.it\/?s={search_term_string}"},"query-input":{"@type":"PropertyValueSpecification","valueRequired":true,"valueName":"search_term_string"}}],"inLanguage":"it-IT"},{"@type":"Organization","@id":"https:\/\/www.gossip.it\/#organization","name":"Gossip and VIP News","alternateName":"Gossip News","url":"https:\/\/www.gossip.it\/","logo":{"@type":"ImageObject","inLanguage":"it-IT","@id":"https:\/\/www.gossip.it\/#\/schema\/logo\/image\/","url":"https:\/\/www.gossip.it\/wp-content\/uploads\/2022\/04\/cropped-corna-alta-tiny.png","contentUrl":"https:\/\/www.gossip.it\/wp-content\/uploads\/2022\/04\/cropped-corna-alta-tiny.png","width":512,"height":512,"caption":"Gossip and VIP News"},"image":{"@id":"https:\/\/www.gossip.it\/#\/schema\/logo\/image\/"},"sameAs":["https:\/\/www.facebook.com\/GossipIT","https:\/\/x.com\/gossinews_it","https:\/\/instagram.com\/gossip_it"]},{"@type":"Person","@id":"https:\/\/www.gossip.it\/#\/schema\/person\/488896f75158bff1cc83c6c39d141110","name":"La Redazione","image":{"@type":"ImageObject","inLanguage":"it-IT","@id":"https:\/\/www.gossip.it\/#\/schema\/person\/image\/","url":"https:\/\/secure.gravatar.com\/avatar\/5a5f5c6fa3e6700e4249abdad0263a1e94e927d9e0499b1cb09c1cd29c044d80?s=96&d=mm&r=g","contentUrl":"https:\/\/secure.gravatar.com\/avatar\/5a5f5c6fa3e6700e4249abdad0263a1e94e927d9e0499b1cb09c1cd29c044d80?s=96&d=mm&r=g","caption":"La Redazione"},"sameAs":["https:\/\/www.gossip.it"]}]}},"amp_enabled":true,"_links":{"self":[{"href":"https:\/\/www.gossip.it\/api\/wp\/v2\/posts\/51599","targetHints":{"allow":["GET"]}}],"collection":[{"href":"https:\/\/www.gossip.it\/api\/wp\/v2\/posts"}],"about":[{"href":"https:\/\/www.gossip.it\/api\/wp\/v2\/types\/post"}],"author":[{"embeddable":true,"href":"https:\/\/www.gossip.it\/api\/wp\/v2\/users\/1"}],"replies":[{"embeddable":true,"href":"https:\/\/www.gossip.it\/api\/wp\/v2\/comments?post=51599"}],"version-history":[{"count":0,"href":"https:\/\/www.gossip.it\/api\/wp\/v2\/posts\/51599\/revisions"}],"wp:featuredmedia":[{"embeddable":true,"href":"https:\/\/www.gossip.it\/api\/wp\/v2\/media\/107645"}],"wp:attachment":[{"href":"https:\/\/www.gossip.it\/api\/wp\/v2\/media?parent=51599"}],"wp:term":[{"taxonomy":"category","embeddable":true,"href":"https:\/\/www.gossip.it\/api\/wp\/v2\/categories?post=51599"},{"taxonomy":"post_tag","embeddable":true,"href":"https:\/\/www.gossip.it\/api\/wp\/v2\/tags?post=51599"},{"taxonomy":"vip","embeddable":true,"href":"https:\/\/www.gossip.it\/api\/wp\/v2\/vip?post=51599"}],"curies":[{"name":"wp","href":"https:\/\/api.w.org\/{rel}","templated":true}]}}