{"id":51641,"date":"2015-05-19T00:00:00","date_gmt":"2015-05-18T22:00:00","guid":{"rendered":"https:\/\/www.gossip.it\/senza-categoria\/claudia-galanti-sardegna-spiaggia\/"},"modified":"2015-05-19T00:00:00","modified_gmt":"2015-05-18T22:00:00","slug":"claudia-galanti-sardegna-spiaggia","status":"publish","type":"post","link":"https:\/\/www.gossip.it\/news\/claudia-galanti-sardegna-spiaggia\/","title":{"rendered":"Claudia Galanti in Sardegna, le prime foto in spiaggia: foto"},"content":{"rendered":"<p><a href=\"http:\/\/www.gossip.it\/vip\/claudia-galanti\/\">Claudia Galanti<\/a> cammina sulla <strong>spiaggia<\/strong>\u00a0semi deserta cinta da un copricostume bianco. La sua vacanza in <strong>Sardegna<\/strong> prosegue all'insegna del relax. In questo periodo dell'anno pu\u00f2 godersi il sole e il mare in completa solitudine, immersa nei suoi pensieri. Non ci sono tanti bagnanti, i vacanzieri non hanno ancora invaso la <em>Costa Smeralda<\/em>.<\/p>\n<figure class=\"caption\"><img decoding=\"async\" alt=\"\" height=\"615\" width=\"620\" src=\"http:\/\/files.gossip.it\/immagini_news\/2015\/05\/1432041724_claudia_galanti_spiaggia_sardegna.jpg\" \/><figcaption>Claudia Galanti passeggia sulla spiaggia in Sardegna<\/figcaption><\/figure>\n<p><em>\"Il ricordo unisce ci\u00f2 che la realt\u00e0 separa\"<\/em>, ha cinguettato\u00a0<strong>Claudia Galanti <\/strong>accanto uno scatto pubblicato sul social. Di certo il ricordo della figlia pi\u00f9 piccola\u00a0<a href=\"http:\/\/www.gossip.it\/vip\/-indila carolina\/\">Indila Carolina<\/a> l'ha accompagnata anche durante questa passeggiata sulla <strong>spiaggia<\/strong>. La bimba \u00e8 morta lo scorso dicembre, lasciando nel suo cuore una ferita indelebile. <strong>Claudia<\/strong> ha passato un periodo buio, davvero difficile. Prima della tragedia ha anche messo la parola fine alla relazione con\u00a0<a href=\"http:\/\/www.gossip.it\/vip\/-arnaud mimran\/\">Arnaud Mimran<\/a> da cui ha avuto altri due bambini, <em>Liam<\/em> e <em>Tal<\/em>.<br \/>Il ricco uomo d'affari francese a gennaio \u00e8\u00a0 finito in manette e, <a href=\"http:\/\/www.gossip.it\/news\/tamara-pisnoli-arnaud-mimran-insieme-social-news.html\">come anticipato da Gossip.it nei giorni scorsi<\/a>, dovrebbe essere stato scarcerato.<\/p>\n<figure class=\"caption\"><img decoding=\"async\" alt=\"\" height=\"431\" width=\"620\" src=\"http:\/\/files.gossip.it\/immagini_news\/2015\/05\/1432042044_claudia_galanti_sardegna.jpg\" \/><figcaption>Claudia Galanti passeggia pensierosa in riva al mare<\/figcaption><\/figure>\n<p><span style=\"line-height: 1.6em;\">La<strong> Galanti<\/strong> ha ritrovato l'amore tra le braccia di\u00a0<\/span><a href=\"http:\/\/www.gossip.it\/vip\/-tommaso buti\/\">Tommaso Buti<\/a><span style=\"line-height: 1.6em;\"> che le \u00e8 stato accanto nei mesi pi\u00f9 cupi della sua vita. Sul social per\u00f2 pubblica scatti che la ritraggano sempre da sola. Lei scrive <em>\"alone\"<\/em>, quasi a voler sottolineare che il suo <em>break<\/em><strong>\u00a0<\/strong>in<strong> Sardegna<\/strong> \u00e8 all'insegna della solitudine. Ma c'\u00e8 comunque qualcuno al suo fianco che le fa le foto.\u00a0<\/span><br \/><span style=\"line-height: 1.6em;\">La modella paraguaiana \u00e8 partita per la<strong> Sardegna<\/strong> regalandosi un anticipo d'estate e lo ha fatto con tutti i comfort: alloggia in una bellissima villa con piscina, circondata dalla natura, lontano da occhi indiscreti. Per un soggiorno<strong>\u00a0<\/strong>rigenerante, fatto di lunghe passeggiate sulla <strong>spiaggia<\/strong>, senza stress e senza mondanit\u00e0. Almeno per ora.<\/span><\/p>\n","protected":false},"excerpt":{"rendered":"<p>Claudia Galanti cammina sulla spiaggia\u00a0semi deserta cinta da un copricostume bianco. La sua vacanza in Sardegna prosegue all'insegna del relax. In questo periodo dell'anno pu\u00f2 godersi il sole e il mare in completa solitudine, immersa nei suoi pensieri. Non ci sono tanti bagnanti, i vacanzieri non hanno ancora invaso la Costa Smeralda. Claudia Galanti passeggia [&hellip;]<\/p>\n","protected":false},"author":1,"featured_media":107687,"comment_status":"closed","ping_status":"closed","sticky":false,"template":"","format":"standard","meta":{"footnotes":""},"categories":[54],"tags":[8588,2121,3220,1923,2952],"vip":[368,502,1776],"class_list":["post-51641","post","type-post","status-publish","format-standard","has-post-thumbnail","hentry","category-news","tag-indila-carolina","tag-instagram","tag-sardegna","tag-social","tag-spiaggia","vip-arnaud_mimran","vip-claudia_galanti","vip-tommaso_buti"],"yoast_head":"<title>Claudia Galanti in Sardegna, le prime foto in spiaggia: foto - Gossip.it | News sul Gossip e VIP<\/title>\n<meta name=\"description\" content=\"Claudia Galanti cammina sulla spiaggia\u00a0semi deserta cinta da un copricostume bianco. La sua vacanza in Sardegna prosegue all&#039;insegna del relax. In questo\" \/>\n<meta name=\"robots\" content=\"index, follow, max-snippet:-1, max-image-preview:large, max-video-preview:-1\" \/>\n<link rel=\"canonical\" href=\"https:\/\/www.gossip.it\/news\/claudia-galanti-sardegna-spiaggia\/\" \/>\n<meta property=\"og:locale\" content=\"it_IT\" \/>\n<meta property=\"og:type\" content=\"article\" \/>\n<meta property=\"og:title\" content=\"Claudia Galanti in Sardegna, le prime foto in spiaggia: foto - Gossip.it | News sul Gossip e VIP\" \/>\n<meta property=\"og:description\" content=\"Claudia Galanti cammina sulla spiaggia\u00a0semi deserta cinta da un copricostume bianco. La sua vacanza in Sardegna prosegue all&#039;insegna del relax. In questo\" \/>\n<meta property=\"og:url\" content=\"https:\/\/www.gossip.it\/news\/claudia-galanti-sardegna-spiaggia\/\" \/>\n<meta property=\"og:site_name\" content=\"Gossip.it | News sul Gossip e VIP\" \/>\n<meta property=\"article:publisher\" content=\"https:\/\/www.facebook.com\/GossipIT\" \/>\n<meta property=\"article:published_time\" content=\"2015-05-18T22:00:00+00:00\" \/>\n<meta property=\"og:image\" content=\"http:\/\/files.gossip.it\/immagini_news\/2015\/05\/1432041724_claudia_galanti_spiaggia_sardegna.jpg\" \/>\n<meta name=\"author\" content=\"La Redazione\" \/>\n<meta name=\"twitter:card\" content=\"summary_large_image\" \/>\n<meta name=\"twitter:image\" content=\"http:\/\/files.gossip.it\/immagini_news\/2015\/05\/1432041724_claudia_galanti_spiaggia_sardegna.jpg\" \/>\n<meta name=\"twitter:creator\" content=\"@gossinews_it\" \/>\n<meta name=\"twitter:site\" content=\"@gossinews_it\" \/>\n<meta name=\"twitter:label1\" content=\"Scritto da\" \/>\n\t<meta name=\"twitter:data1\" content=\"Francesca Romana Domenici\" \/>\n\t<meta name=\"twitter:label2\" content=\"Tempo di lettura stimato\" \/>\n\t<meta name=\"twitter:data2\" content=\"1 minuto\" \/>","yoast_head_json":{"title":"Claudia Galanti in Sardegna, le prime foto in spiaggia: foto - Gossip.it | News sul Gossip e VIP","description":"Claudia Galanti cammina sulla spiaggia\u00a0semi deserta cinta da un copricostume bianco. La sua vacanza in Sardegna prosegue all'insegna del relax. In questo","robots":{"index":"index","follow":"follow","max-snippet":"max-snippet:-1","max-image-preview":"max-image-preview:large","max-video-preview":"max-video-preview:-1"},"canonical":"https:\/\/www.gossip.it\/news\/claudia-galanti-sardegna-spiaggia\/","og_locale":"it_IT","og_type":"article","og_title":"Claudia Galanti in Sardegna, le prime foto in spiaggia: foto - Gossip.it | News sul Gossip e VIP","og_description":"Claudia Galanti cammina sulla spiaggia\u00a0semi deserta cinta da un copricostume bianco. La sua vacanza in Sardegna prosegue all'insegna del relax. In questo","og_url":"https:\/\/www.gossip.it\/news\/claudia-galanti-sardegna-spiaggia\/","og_site_name":"Gossip.it | News sul Gossip e VIP","article_publisher":"https:\/\/www.facebook.com\/GossipIT","article_published_time":"2015-05-18T22:00:00+00:00","og_image":[{"url":"http:\/\/files.gossip.it\/immagini_news\/2015\/05\/1432041724_claudia_galanti_spiaggia_sardegna.jpg"}],"author":"La Redazione","twitter_card":"summary_large_image","twitter_image":"http:\/\/files.gossip.it\/immagini_news\/2015\/05\/1432041724_claudia_galanti_spiaggia_sardegna.jpg","twitter_creator":"@gossinews_it","twitter_site":"@gossinews_it","twitter_misc":{"Scritto da":"Francesca Romana Domenici","Tempo di lettura stimato":"1 minuto"},"schema":{"@context":"https:\/\/schema.org","@graph":[{"@type":"Article","@id":"https:\/\/www.gossip.it\/news\/claudia-galanti-sardegna-spiaggia\/#article","isPartOf":{"@id":"https:\/\/www.gossip.it\/news\/claudia-galanti-sardegna-spiaggia\/"},"author":{"name":"La Redazione","@id":"https:\/\/www.gossip.it\/#\/schema\/person\/488896f75158bff1cc83c6c39d141110"},"headline":"Claudia Galanti in Sardegna, le prime foto in spiaggia: foto","datePublished":"2015-05-18T22:00:00+00:00","dateModified":"2015-05-18T22:00:00+00:00","mainEntityOfPage":{"@id":"https:\/\/www.gossip.it\/news\/claudia-galanti-sardegna-spiaggia\/"},"wordCount":301,"publisher":{"@id":"https:\/\/www.gossip.it\/#organization"},"image":{"@id":"https:\/\/www.gossip.it\/news\/claudia-galanti-sardegna-spiaggia\/#primaryimage"},"thumbnailUrl":"http:\/\/files.gossip.it\/immagini_news\/2015\/05\/1432041724_claudia_galanti_spiaggia_sardegna.jpg","keywords":["indila carolina","instagram","sardegna","social","spiaggia"],"articleSection":["News"],"inLanguage":"it-IT"},{"@type":"WebPage","@id":"https:\/\/www.gossip.it\/news\/claudia-galanti-sardegna-spiaggia\/","url":"https:\/\/www.gossip.it\/news\/claudia-galanti-sardegna-spiaggia\/","name":"Claudia Galanti in Sardegna, le prime foto in spiaggia: foto - Gossip.it | News sul Gossip e VIP","isPartOf":{"@id":"https:\/\/www.gossip.it\/#website"},"primaryImageOfPage":{"@id":"https:\/\/www.gossip.it\/news\/claudia-galanti-sardegna-spiaggia\/#primaryimage"},"image":{"@id":"https:\/\/www.gossip.it\/news\/claudia-galanti-sardegna-spiaggia\/#primaryimage"},"thumbnailUrl":"http:\/\/files.gossip.it\/immagini_news\/2015\/05\/1432041724_claudia_galanti_spiaggia_sardegna.jpg","datePublished":"2015-05-18T22:00:00+00:00","dateModified":"2015-05-18T22:00:00+00:00","description":"Claudia Galanti cammina sulla spiaggia\u00a0semi deserta cinta da un copricostume bianco. La sua vacanza in Sardegna prosegue all'insegna del relax. In questo","breadcrumb":{"@id":"https:\/\/www.gossip.it\/news\/claudia-galanti-sardegna-spiaggia\/#breadcrumb"},"inLanguage":"it-IT","potentialAction":[{"@type":"ReadAction","target":["https:\/\/www.gossip.it\/news\/claudia-galanti-sardegna-spiaggia\/"]}]},{"@type":"ImageObject","inLanguage":"it-IT","@id":"https:\/\/www.gossip.it\/news\/claudia-galanti-sardegna-spiaggia\/#primaryimage","url":"http:\/\/files.gossip.it\/immagini_news\/2015\/05\/1432041724_claudia_galanti_spiaggia_sardegna.jpg","contentUrl":"http:\/\/files.gossip.it\/immagini_news\/2015\/05\/1432041724_claudia_galanti_spiaggia_sardegna.jpg"},{"@type":"BreadcrumbList","@id":"https:\/\/www.gossip.it\/news\/claudia-galanti-sardegna-spiaggia\/#breadcrumb","itemListElement":[{"@type":"ListItem","position":1,"name":"Home","item":"https:\/\/www.gossip.it\/"},{"@type":"ListItem","position":2,"name":"Claudia Galanti in Sardegna, le prime foto in spiaggia: foto"}]},{"@type":"WebSite","@id":"https:\/\/www.gossip.it\/#website","url":"https:\/\/www.gossip.it\/","name":"Gossip and VIP News","description":"Quotidiano di cronaca rosa, costume e societ\u00e0","publisher":{"@id":"https:\/\/www.gossip.it\/#organization"},"alternateName":"Gossip and VIP News","potentialAction":[{"@type":"SearchAction","target":{"@type":"EntryPoint","urlTemplate":"https:\/\/www.gossip.it\/?s={search_term_string}"},"query-input":{"@type":"PropertyValueSpecification","valueRequired":true,"valueName":"search_term_string"}}],"inLanguage":"it-IT"},{"@type":"Organization","@id":"https:\/\/www.gossip.it\/#organization","name":"Gossip and VIP News","alternateName":"Gossip News","url":"https:\/\/www.gossip.it\/","logo":{"@type":"ImageObject","inLanguage":"it-IT","@id":"https:\/\/www.gossip.it\/#\/schema\/logo\/image\/","url":"https:\/\/www.gossip.it\/wp-content\/uploads\/2022\/04\/cropped-corna-alta-tiny.png","contentUrl":"https:\/\/www.gossip.it\/wp-content\/uploads\/2022\/04\/cropped-corna-alta-tiny.png","width":512,"height":512,"caption":"Gossip and VIP News"},"image":{"@id":"https:\/\/www.gossip.it\/#\/schema\/logo\/image\/"},"sameAs":["https:\/\/www.facebook.com\/GossipIT","https:\/\/x.com\/gossinews_it","https:\/\/instagram.com\/gossip_it"]},{"@type":"Person","@id":"https:\/\/www.gossip.it\/#\/schema\/person\/488896f75158bff1cc83c6c39d141110","name":"La Redazione","image":{"@type":"ImageObject","inLanguage":"it-IT","@id":"https:\/\/www.gossip.it\/#\/schema\/person\/image\/","url":"https:\/\/secure.gravatar.com\/avatar\/5a5f5c6fa3e6700e4249abdad0263a1e94e927d9e0499b1cb09c1cd29c044d80?s=96&d=mm&r=g","contentUrl":"https:\/\/secure.gravatar.com\/avatar\/5a5f5c6fa3e6700e4249abdad0263a1e94e927d9e0499b1cb09c1cd29c044d80?s=96&d=mm&r=g","caption":"La Redazione"},"sameAs":["https:\/\/www.gossip.it"]}]}},"amp_enabled":true,"_links":{"self":[{"href":"https:\/\/www.gossip.it\/api\/wp\/v2\/posts\/51641","targetHints":{"allow":["GET"]}}],"collection":[{"href":"https:\/\/www.gossip.it\/api\/wp\/v2\/posts"}],"about":[{"href":"https:\/\/www.gossip.it\/api\/wp\/v2\/types\/post"}],"author":[{"embeddable":true,"href":"https:\/\/www.gossip.it\/api\/wp\/v2\/users\/1"}],"replies":[{"embeddable":true,"href":"https:\/\/www.gossip.it\/api\/wp\/v2\/comments?post=51641"}],"version-history":[{"count":0,"href":"https:\/\/www.gossip.it\/api\/wp\/v2\/posts\/51641\/revisions"}],"wp:featuredmedia":[{"embeddable":true,"href":"https:\/\/www.gossip.it\/api\/wp\/v2\/media\/107687"}],"wp:attachment":[{"href":"https:\/\/www.gossip.it\/api\/wp\/v2\/media?parent=51641"}],"wp:term":[{"taxonomy":"category","embeddable":true,"href":"https:\/\/www.gossip.it\/api\/wp\/v2\/categories?post=51641"},{"taxonomy":"post_tag","embeddable":true,"href":"https:\/\/www.gossip.it\/api\/wp\/v2\/tags?post=51641"},{"taxonomy":"vip","embeddable":true,"href":"https:\/\/www.gossip.it\/api\/wp\/v2\/vip?post=51641"}],"curies":[{"name":"wp","href":"https:\/\/api.w.org\/{rel}","templated":true}]}}