{"id":51651,"date":"2015-05-20T00:00:00","date_gmt":"2015-05-19T22:00:00","guid":{"rendered":"https:\/\/www.gossip.it\/senza-categoria\/nina-moric-tribunale-dei-minori-carlos-avvocato\/"},"modified":"2015-05-20T00:00:00","modified_gmt":"2015-05-19T22:00:00","slug":"nina-moric-tribunale-dei-minori-carlos-avvocato","status":"publish","type":"post","link":"https:\/\/www.gossip.it\/news\/nina-moric-tribunale-dei-minori-carlos-avvocato\/","title":{"rendered":"Nina Moric al Tribunale dei minori per Carlos con l'avvocato"},"content":{"rendered":"<p><a href=\"http:\/\/www.gossip.it\/vip\/nina-moric\/\">Nina Moric<\/a> il 7 maggio scorso si \u00e8 recata al <strong>Tribunale dei minori<\/strong> a Milano insieme al suo <strong>avvocato<\/strong>, <em>Daniela Missaglia<\/em>. L\u00ec \u00e8 arrivato, scortato dagli agenti di sicurezza, anche l'ex marito, <a href=\"http:\/\/www.gossip.it\/vip\/fabrizio-corona\/\">Fabrizio Corona<\/a>, tornato in buona forma fisica, seppur smagrito, come hanno svelato le foto pubblicate da <em>Chi<\/em> nel numero in edicola. E' stato condotto al <strong>Tribunale dei minori<\/strong> direttamente da Opera il carcere in cui \u00e8 rinchiuso da oltre due anni e mezzo e dove sta scontando una pena complessiva di circa dieci anni di reclusione. I due si sono visti per parlare del figlio <strong>Carlos<\/strong> e del suo affido.<\/p>\n<figure class=\"caption\"><img decoding=\"async\" alt=\"\" width=\"620\" height=\"953\" src=\"http:\/\/files.gossip.it\/immagini_news\/2015\/05\/1432123015_nina_moric_tribunale_affidamento_carlos_corona.jpg\" \/><figcaption>Nina Moric arriva in tribunale accompagnata dal suo avvocato<\/figcaption><\/figure>\n<p><strong>Carlos<\/strong> dal 15 aprile scorso vive con <a href=\"http:\/\/www.gossip.it\/vip\/gabriella-corona\/\">Gabriella Corona<\/a>, la nonna paterna. Il 12 aprile la mamma del bambino, <strong>Nina Moric<\/strong>, \u00e8 finita in ospedale. Tutti hanno parlato di un tentato suicidio per la paura di perdere l'affiamento proprio di <strong>Carlos<\/strong>, anche se la <a href=\"http:\/\/www.gossip.it\/vip\/showgirl\/\">showgirl<\/a> croata ha smentito. Ora a smentirlo arrivano pure le parole definitive di <em>Ludovico Lucibello<\/em>, <strong>avvocato<\/strong> di Fabrizio Corona, con lui al <strong>Tribunale dei minori<\/strong> proprio nel giorno in cui \u00e8 arrivata anche <strong>Nina Moric<\/strong> per parlare di <strong>Carlos<\/strong>.<br \/><em>\"Ci tengo a precisare che non si \u00e8 trattato di un tentativo di suicidio e che nessuno ha mai cercato di portare via <strong>Carlos<\/strong> dalla madre. Il bambino vive temporaneamente dalla nonna per le condizioni di salute di Nina, che sta passando un momento non particolarmente felice, come ha confermato anche il suo avvocato nei giorni scorsi<\/em> - ha spiegato il legale - <em>L\u2019augurio di tutti\u00e8 che la Moric ritrovi presto la serenit\u00e0 e possa tornare a occuparsi a tempo pieno di <strong>Carlos<\/strong>. Per il momento pu\u00f2 andarlo a\u00a0trovare ogni giorno e trascorrere del tempo con lui\"<\/em>.<\/p>\n<figure class=\"caption\"><img decoding=\"async\" alt=\"\" width=\"620\" height=\"459\" src=\"http:\/\/files.gossip.it\/immagini_news\/2015\/05\/1432123064_fabrizio_corona_tribunale.jpg\" \/><figcaption>Fabrizio Corona scortato da quattro agenti viene tradotto in tribunale per un udienza di affido del figlio Carlos<\/figcaption><\/figure>\n<p>Nina Moric con il suo <strong>avvocato<\/strong> ha incontrato al <strong>Tribunale dei minori<\/strong> Fabrizio Corona per parlare di <strong>Carlos<\/strong>. L'incontro \u00e8 stato assolutamente cordiale.L'ex re dei paparazzi si preoccupa per il benessere del figlio, ma pure per Nina, vuole capire cosa sta succedendo. Come chiarito da Lucibello, quando sar\u00e0 <em>'libero'<\/em>, vuole occuparsi non solo di <strong>Carlos<\/strong>, ma pure di Nina. <em>\"C'\u00e8 piena collaborazione fra tutti i protagonisti\"<\/em>, ha detto il legale a <em>Chi<\/em>. Ma allora cosa si \u00a0definito esattamente in questa udienza in <strong>tribunale<\/strong>?<br \/><strong>Carlos<\/strong> sta dalla nonna, la mamma lo adora e nessuno ha mai messo in dubbio quanto sia stata brava da genitore. Corona \u00e8 <em>\"provato, ma fiducioso\"<\/em>, vorrebbe uscire, stare ai domiciliari, tornare a lavorare. La vicenda \u00e8 complicata, racconta di vite spezzate e della vita di un bambino che, inconsapevolmente, paga un prezzo alto. Per fortuna tutti gli attori hanno come obiettivo primario il suo interesse e tutti si augurano venga prima di ogni cosa.<\/p>\n<p>\u00a0<\/p>\n<p>\u00a0<\/p>\n","protected":false},"excerpt":{"rendered":"<p>Nina Moric il 7 maggio scorso si \u00e8 recata al Tribunale dei minori a Milano insieme al suo avvocato, Daniela Missaglia. L\u00ec \u00e8 arrivato, scortato dagli agenti di sicurezza, anche l'ex marito, Fabrizio Corona, tornato in buona forma fisica, seppur smagrito, come hanno svelato le foto pubblicate da Chi nel numero in edicola. E' stato [&hellip;]<\/p>\n","protected":false},"author":1,"featured_media":107697,"comment_status":"closed","ping_status":"closed","sticky":false,"template":"","format":"standard","meta":{"footnotes":""},"categories":[54],"tags":[29878,8259,7308,6772,2104,2102,1942,40720,8734,1997,2964,49711,1967,49109],"vip":[719,1426],"class_list":["post-51651","post","type-post","status-publish","format-standard","has-post-thumbnail","hentry","category-news","tag-affido","tag-avvocato","tag-carcere","tag-carlos","tag-chi","tag-dichiarazioni","tag-figlio","tag-gabriella-corona","tag-luigi-mario-favoloso","tag-modella","tag-opera","tag-preoccupato","tag-showgirl","tag-tribunale-dei-minori","vip-fabrizio_corona","vip-nina_moric"],"yoast_head":"<title>Nina Moric al Tribunale dei minori per Carlos con l&#039;avvocato - Gossip.it | News sul Gossip e VIP<\/title>\n<meta name=\"description\" content=\"Nina Moric il 7 maggio scorso si \u00e8 recata al Tribunale dei minori a Milano insieme al suo avvocato, Daniela Missaglia. L\u00ec \u00e8 arrivato, scortato dagli\" \/>\n<meta name=\"robots\" content=\"index, follow, max-snippet:-1, max-image-preview:large, max-video-preview:-1\" \/>\n<link rel=\"canonical\" href=\"https:\/\/www.gossip.it\/news\/nina-moric-tribunale-dei-minori-carlos-avvocato\/\" \/>\n<meta property=\"og:locale\" content=\"it_IT\" \/>\n<meta property=\"og:type\" content=\"article\" \/>\n<meta property=\"og:title\" content=\"Nina Moric al Tribunale dei minori per Carlos con l&#039;avvocato - Gossip.it | News sul Gossip e VIP\" \/>\n<meta property=\"og:description\" content=\"Nina Moric il 7 maggio scorso si \u00e8 recata al Tribunale dei minori a Milano insieme al suo avvocato, Daniela Missaglia. L\u00ec \u00e8 arrivato, scortato dagli\" \/>\n<meta property=\"og:url\" content=\"https:\/\/www.gossip.it\/news\/nina-moric-tribunale-dei-minori-carlos-avvocato\/\" \/>\n<meta property=\"og:site_name\" content=\"Gossip.it | News sul Gossip e VIP\" \/>\n<meta property=\"article:publisher\" content=\"https:\/\/www.facebook.com\/GossipIT\" \/>\n<meta property=\"article:published_time\" content=\"2015-05-19T22:00:00+00:00\" \/>\n<meta property=\"og:image\" content=\"http:\/\/files.gossip.it\/immagini_news\/2015\/05\/1432123015_nina_moric_tribunale_affidamento_carlos_corona.jpg\" \/>\n<meta name=\"author\" content=\"La Redazione\" \/>\n<meta name=\"twitter:card\" content=\"summary_large_image\" \/>\n<meta name=\"twitter:image\" content=\"http:\/\/files.gossip.it\/immagini_news\/2015\/05\/1432123015_nina_moric_tribunale_affidamento_carlos_corona.jpg\" \/>\n<meta name=\"twitter:creator\" content=\"@gossinews_it\" \/>\n<meta name=\"twitter:site\" content=\"@gossinews_it\" \/>\n<meta name=\"twitter:label1\" content=\"Scritto da\" \/>\n\t<meta name=\"twitter:data1\" content=\"Annamaria Capozzi\" \/>\n\t<meta name=\"twitter:label2\" content=\"Tempo di lettura stimato\" \/>\n\t<meta name=\"twitter:data2\" content=\"2 minuti\" \/>","yoast_head_json":{"title":"Nina Moric al Tribunale dei minori per Carlos con l'avvocato - Gossip.it | News sul Gossip e VIP","description":"Nina Moric il 7 maggio scorso si \u00e8 recata al Tribunale dei minori a Milano insieme al suo avvocato, Daniela Missaglia. L\u00ec \u00e8 arrivato, scortato dagli","robots":{"index":"index","follow":"follow","max-snippet":"max-snippet:-1","max-image-preview":"max-image-preview:large","max-video-preview":"max-video-preview:-1"},"canonical":"https:\/\/www.gossip.it\/news\/nina-moric-tribunale-dei-minori-carlos-avvocato\/","og_locale":"it_IT","og_type":"article","og_title":"Nina Moric al Tribunale dei minori per Carlos con l'avvocato - Gossip.it | News sul Gossip e VIP","og_description":"Nina Moric il 7 maggio scorso si \u00e8 recata al Tribunale dei minori a Milano insieme al suo avvocato, Daniela Missaglia. L\u00ec \u00e8 arrivato, scortato dagli","og_url":"https:\/\/www.gossip.it\/news\/nina-moric-tribunale-dei-minori-carlos-avvocato\/","og_site_name":"Gossip.it | News sul Gossip e VIP","article_publisher":"https:\/\/www.facebook.com\/GossipIT","article_published_time":"2015-05-19T22:00:00+00:00","og_image":[{"url":"http:\/\/files.gossip.it\/immagini_news\/2015\/05\/1432123015_nina_moric_tribunale_affidamento_carlos_corona.jpg"}],"author":"La Redazione","twitter_card":"summary_large_image","twitter_image":"http:\/\/files.gossip.it\/immagini_news\/2015\/05\/1432123015_nina_moric_tribunale_affidamento_carlos_corona.jpg","twitter_creator":"@gossinews_it","twitter_site":"@gossinews_it","twitter_misc":{"Scritto da":"Annamaria Capozzi","Tempo di lettura stimato":"2 minuti"},"schema":{"@context":"https:\/\/schema.org","@graph":[{"@type":"Article","@id":"https:\/\/www.gossip.it\/news\/nina-moric-tribunale-dei-minori-carlos-avvocato\/#article","isPartOf":{"@id":"https:\/\/www.gossip.it\/news\/nina-moric-tribunale-dei-minori-carlos-avvocato\/"},"author":{"name":"La Redazione","@id":"https:\/\/www.gossip.it\/#\/schema\/person\/488896f75158bff1cc83c6c39d141110"},"headline":"Nina Moric al Tribunale dei minori per Carlos con l'avvocato","datePublished":"2015-05-19T22:00:00+00:00","dateModified":"2015-05-19T22:00:00+00:00","mainEntityOfPage":{"@id":"https:\/\/www.gossip.it\/news\/nina-moric-tribunale-dei-minori-carlos-avvocato\/"},"wordCount":473,"publisher":{"@id":"https:\/\/www.gossip.it\/#organization"},"image":{"@id":"https:\/\/www.gossip.it\/news\/nina-moric-tribunale-dei-minori-carlos-avvocato\/#primaryimage"},"thumbnailUrl":"http:\/\/files.gossip.it\/immagini_news\/2015\/05\/1432123015_nina_moric_tribunale_affidamento_carlos_corona.jpg","keywords":["affido","avvocato","carcere","carlos","chi","dichiarazioni","figlio","gabriella corona","luigi mario favoloso","modella","opera","preoccupato","showgirl","tribunale dei minori"],"articleSection":["News"],"inLanguage":"it-IT"},{"@type":"WebPage","@id":"https:\/\/www.gossip.it\/news\/nina-moric-tribunale-dei-minori-carlos-avvocato\/","url":"https:\/\/www.gossip.it\/news\/nina-moric-tribunale-dei-minori-carlos-avvocato\/","name":"Nina Moric al Tribunale dei minori per Carlos con l'avvocato - Gossip.it | News sul Gossip e VIP","isPartOf":{"@id":"https:\/\/www.gossip.it\/#website"},"primaryImageOfPage":{"@id":"https:\/\/www.gossip.it\/news\/nina-moric-tribunale-dei-minori-carlos-avvocato\/#primaryimage"},"image":{"@id":"https:\/\/www.gossip.it\/news\/nina-moric-tribunale-dei-minori-carlos-avvocato\/#primaryimage"},"thumbnailUrl":"http:\/\/files.gossip.it\/immagini_news\/2015\/05\/1432123015_nina_moric_tribunale_affidamento_carlos_corona.jpg","datePublished":"2015-05-19T22:00:00+00:00","dateModified":"2015-05-19T22:00:00+00:00","description":"Nina Moric il 7 maggio scorso si \u00e8 recata al Tribunale dei minori a Milano insieme al suo avvocato, Daniela Missaglia. L\u00ec \u00e8 arrivato, scortato dagli","breadcrumb":{"@id":"https:\/\/www.gossip.it\/news\/nina-moric-tribunale-dei-minori-carlos-avvocato\/#breadcrumb"},"inLanguage":"it-IT","potentialAction":[{"@type":"ReadAction","target":["https:\/\/www.gossip.it\/news\/nina-moric-tribunale-dei-minori-carlos-avvocato\/"]}]},{"@type":"ImageObject","inLanguage":"it-IT","@id":"https:\/\/www.gossip.it\/news\/nina-moric-tribunale-dei-minori-carlos-avvocato\/#primaryimage","url":"http:\/\/files.gossip.it\/immagini_news\/2015\/05\/1432123015_nina_moric_tribunale_affidamento_carlos_corona.jpg","contentUrl":"http:\/\/files.gossip.it\/immagini_news\/2015\/05\/1432123015_nina_moric_tribunale_affidamento_carlos_corona.jpg"},{"@type":"BreadcrumbList","@id":"https:\/\/www.gossip.it\/news\/nina-moric-tribunale-dei-minori-carlos-avvocato\/#breadcrumb","itemListElement":[{"@type":"ListItem","position":1,"name":"Home","item":"https:\/\/www.gossip.it\/"},{"@type":"ListItem","position":2,"name":"Nina Moric al Tribunale dei minori per Carlos con l'avvocato"}]},{"@type":"WebSite","@id":"https:\/\/www.gossip.it\/#website","url":"https:\/\/www.gossip.it\/","name":"Gossip and VIP News","description":"Quotidiano di cronaca rosa, costume e societ\u00e0","publisher":{"@id":"https:\/\/www.gossip.it\/#organization"},"alternateName":"Gossip and VIP News","potentialAction":[{"@type":"SearchAction","target":{"@type":"EntryPoint","urlTemplate":"https:\/\/www.gossip.it\/?s={search_term_string}"},"query-input":{"@type":"PropertyValueSpecification","valueRequired":true,"valueName":"search_term_string"}}],"inLanguage":"it-IT"},{"@type":"Organization","@id":"https:\/\/www.gossip.it\/#organization","name":"Gossip and VIP News","alternateName":"Gossip News","url":"https:\/\/www.gossip.it\/","logo":{"@type":"ImageObject","inLanguage":"it-IT","@id":"https:\/\/www.gossip.it\/#\/schema\/logo\/image\/","url":"https:\/\/www.gossip.it\/wp-content\/uploads\/2022\/04\/cropped-corna-alta-tiny.png","contentUrl":"https:\/\/www.gossip.it\/wp-content\/uploads\/2022\/04\/cropped-corna-alta-tiny.png","width":512,"height":512,"caption":"Gossip and VIP News"},"image":{"@id":"https:\/\/www.gossip.it\/#\/schema\/logo\/image\/"},"sameAs":["https:\/\/www.facebook.com\/GossipIT","https:\/\/x.com\/gossinews_it","https:\/\/instagram.com\/gossip_it"]},{"@type":"Person","@id":"https:\/\/www.gossip.it\/#\/schema\/person\/488896f75158bff1cc83c6c39d141110","name":"La Redazione","image":{"@type":"ImageObject","inLanguage":"it-IT","@id":"https:\/\/www.gossip.it\/#\/schema\/person\/image\/","url":"https:\/\/secure.gravatar.com\/avatar\/5a5f5c6fa3e6700e4249abdad0263a1e94e927d9e0499b1cb09c1cd29c044d80?s=96&d=mm&r=g","contentUrl":"https:\/\/secure.gravatar.com\/avatar\/5a5f5c6fa3e6700e4249abdad0263a1e94e927d9e0499b1cb09c1cd29c044d80?s=96&d=mm&r=g","caption":"La Redazione"},"sameAs":["https:\/\/www.gossip.it"]}]}},"amp_enabled":true,"_links":{"self":[{"href":"https:\/\/www.gossip.it\/api\/wp\/v2\/posts\/51651","targetHints":{"allow":["GET"]}}],"collection":[{"href":"https:\/\/www.gossip.it\/api\/wp\/v2\/posts"}],"about":[{"href":"https:\/\/www.gossip.it\/api\/wp\/v2\/types\/post"}],"author":[{"embeddable":true,"href":"https:\/\/www.gossip.it\/api\/wp\/v2\/users\/1"}],"replies":[{"embeddable":true,"href":"https:\/\/www.gossip.it\/api\/wp\/v2\/comments?post=51651"}],"version-history":[{"count":0,"href":"https:\/\/www.gossip.it\/api\/wp\/v2\/posts\/51651\/revisions"}],"wp:featuredmedia":[{"embeddable":true,"href":"https:\/\/www.gossip.it\/api\/wp\/v2\/media\/107697"}],"wp:attachment":[{"href":"https:\/\/www.gossip.it\/api\/wp\/v2\/media?parent=51651"}],"wp:term":[{"taxonomy":"category","embeddable":true,"href":"https:\/\/www.gossip.it\/api\/wp\/v2\/categories?post=51651"},{"taxonomy":"post_tag","embeddable":true,"href":"https:\/\/www.gossip.it\/api\/wp\/v2\/tags?post=51651"},{"taxonomy":"vip","embeddable":true,"href":"https:\/\/www.gossip.it\/api\/wp\/v2\/vip?post=51651"}],"curies":[{"name":"wp","href":"https:\/\/api.w.org\/{rel}","templated":true}]}}