{"id":51744,"date":"2015-05-29T00:00:00","date_gmt":"2015-05-28T22:00:00","guid":{"rendered":"https:\/\/www.gossip.it\/senza-categoria\/eva-herzigova-partenza-tre-figli\/"},"modified":"2015-05-29T00:00:00","modified_gmt":"2015-05-28T22:00:00","slug":"eva-herzigova-partenza-tre-figli","status":"publish","type":"post","link":"https:\/\/www.gossip.it\/news\/eva-herzigova-partenza-tre-figli\/","title":{"rendered":"Eva Herzigova, in partenza con i tre figli"},"content":{"rendered":"<p><a href=\"http:\/\/www.gossip.it\/vip\/eva-herzigova\/\">Eva Herzigova<\/a> \u00e8 <em>'on the road'<\/em> e in <strong>partenza<\/strong> insieme ai suoi stupendi <strong>tre figli<\/strong>, <em>George<\/em>, che a giugno prossimo compir\u00e0 8 anni, <em>Philip<\/em>, 4 anni fatti lo scorso marzo, e l'ultimogenito <em>Edward<\/em>, che ad aprile ha compiuto appena due anni. La <a href=\"http:\/\/www.gossip.it\/vip\/modella\/\">modella<\/a> 42enne \u00e8 felice, i suoi ometti, avuti dal marito, l'imprenditore torinese <a href=\"http:\/\/www.gossip.it\/vip\/gregorio-marsiaj\/\">Gregorio Marsiaj<\/a>, sposato nel 2006, le riempiono il cuore di gioia.<\/p>\n<figure class=\"caption\"><img decoding=\"async\" alt=\"\" height=\"622\" width=\"620\" src=\"http:\/\/files.gossip.it\/immagini_news\/2015\/05\/1432908472_eva_herzigova_figli.jpg\" \/><figcaption>Eva Herzigova in partenza seduta sulla panchina insieme ai tre figli, Geroge, Philip ed Edward<\/figcaption><\/figure>\n<p>Nello scatto condiviso sul suo profilo <a href=\"http:\/\/www.gossip.it\/vip\/social\/\">social<\/a> <strong>Eva Herzigova<\/strong> svela di essere in <strong>partenza<\/strong> mandando online uno scatto che la immortala con indosso un outfit casual seduta su una panchina insieme ai <strong>tre figli<\/strong> e con vicino un voluminoso trolley rosso, al cui manico si appoggia il <em>'piccoletto'<\/em> di casa, Edward, un vero tesoro biondo e pieno di boccoli, con la faccina angelica e lo sguardo vispo da monello. Incantevoli pure gli altri pargoli di Eva, il pi\u00f9 grande intento a mettersi a posto la chioma, quello di mezzo, l'unico castano, con il pallone sotto il braccio, quasi fosse un campione di serie A. La Herzigova a commento cinguetta semplicemente: <em>\"On the road...\"<\/em>.<\/p>\n<figure class=\"caption\"><img decoding=\"async\" alt=\"\" height=\"667\" width=\"620\" src=\"http:\/\/files.gossip.it\/immagini_news\/2015\/05\/1432908491_eva_herzigova_greogorio_marsiaj_alexander.jpg\" \/><figcaption>La 42enne bellissima accanto al marito Gregorio Marsiaj<\/figcaption><\/figure>\n<p><strong>Eva Herzigova<\/strong>, anche senza essere super fashion, come ad esempio all'ultimo <a href=\"http:\/\/www.gossip.it\/vip\/festival-di cannes\/\">Festival di Cannes<\/a>, dove ha sfoggiato ha sfoggiato un abito sui toni del rosso con top a righe e gonna midi a fiori, abbinando al tutto un paio di scarpe a scacchi bianche e nere con cinturino alla caviglia, rimane una vera bellezza, una delle poche a essere perfetta senza trucco.<br \/>La ceca, pur non rinunciando mai a una vita piena zeppa di impegni mondani e professionali, ha sempre mantenuto la sua famiglia al primo posto. E in pi\u00f9 di un'occasione ha detto che la sua forma fisica \u00e8 tutta merito loro: <em>\"Sono i bambini che ti fanno correre\"<\/em>. In <strong>partenza<\/strong> o no, i <strong>tre figli<\/strong>, se possono, le sono accanto<br \/>Intervistata da <em>Grazia<\/em> dopo essere diventata mamma per la terza volta, aveva detto della sua vita nel privato: <em>\"Cucinare e cenare tutti insieme, \u00e8 un'occasione per sedersi a tavola con tutta la famiglia riunita. E comprare libri di cucina. Ne avr\u00f2 almeno duecento. La pi\u00f9 brava in questo campo secondo me \u00e8 <\/em><a href=\"http:\/\/www.gossip.it\/vip\/gwyneth-paltrow\/\">Gwyneth Paltrow<\/a><em>, perch\u00e9 \u00e8 molto concentrata sulla salute e sul mangiare sano senza essere una maniaca salutista\"<\/em>.<\/p>\n<p>\u00a0<\/p>\n<p>\u00a0<\/p>\n","protected":false},"excerpt":{"rendered":"<p>Eva Herzigova \u00e8 'on the road' e in partenza insieme ai suoi stupendi tre figli, George, che a giugno prossimo compir\u00e0 8 anni, Philip, 4 anni fatti lo scorso marzo, e l'ultimogenito Edward, che ad aprile ha compiuto appena due anni. La modella 42enne \u00e8 felice, i suoi ometti, avuti dal marito, l'imprenditore torinese Gregorio [&hellip;]<\/p>\n","protected":false},"author":1,"featured_media":107790,"comment_status":"closed","ping_status":"closed","sticky":false,"template":"","format":"standard","meta":{"footnotes":""},"categories":[54],"tags":[1983,2410,1992,34031,2000,11905,24708,2121,1997,34173,1923,2097],"vip":[700],"class_list":["post-51744","post","type-post","status-publish","format-standard","has-post-thumbnail","hentry","category-news","tag-attrice","tag-cinema","tag-conduttrice","tag-edward","tag-figli","tag-george","tag-gregorio-marsiaj","tag-instagram","tag-modella","tag-philip","tag-social","tag-tv","vip-eva_herzigova"],"yoast_head":"<title>Eva Herzigova, in partenza con i tre figli - Gossip.it | News sul Gossip e VIP<\/title>\n<meta name=\"description\" content=\"Eva Herzigova \u00e8 &#039;on the road&#039; e in partenza insieme ai suoi stupendi tre figli, George, che a giugno prossimo compir\u00e0 8 anni, Philip, 4 anni fatti lo\" \/>\n<meta name=\"robots\" content=\"index, follow, max-snippet:-1, max-image-preview:large, max-video-preview:-1\" \/>\n<link rel=\"canonical\" href=\"https:\/\/www.gossip.it\/news\/eva-herzigova-partenza-tre-figli\/\" \/>\n<meta property=\"og:locale\" content=\"it_IT\" \/>\n<meta property=\"og:type\" content=\"article\" \/>\n<meta property=\"og:title\" content=\"Eva Herzigova, in partenza con i tre figli - Gossip.it | News sul Gossip e VIP\" \/>\n<meta property=\"og:description\" content=\"Eva Herzigova \u00e8 &#039;on the road&#039; e in partenza insieme ai suoi stupendi tre figli, George, che a giugno prossimo compir\u00e0 8 anni, Philip, 4 anni fatti lo\" \/>\n<meta property=\"og:url\" content=\"https:\/\/www.gossip.it\/news\/eva-herzigova-partenza-tre-figli\/\" \/>\n<meta property=\"og:site_name\" content=\"Gossip.it | News sul Gossip e VIP\" \/>\n<meta property=\"article:publisher\" content=\"https:\/\/www.facebook.com\/GossipIT\" \/>\n<meta property=\"article:published_time\" content=\"2015-05-28T22:00:00+00:00\" \/>\n<meta property=\"og:image\" content=\"http:\/\/files.gossip.it\/immagini_news\/2015\/05\/1432908472_eva_herzigova_figli.jpg\" \/>\n<meta name=\"author\" content=\"La Redazione\" \/>\n<meta name=\"twitter:card\" content=\"summary_large_image\" \/>\n<meta name=\"twitter:image\" content=\"http:\/\/files.gossip.it\/immagini_news\/2015\/05\/1432908472_eva_herzigova_figli.jpg\" \/>\n<meta name=\"twitter:creator\" content=\"@gossinews_it\" \/>\n<meta name=\"twitter:site\" content=\"@gossinews_it\" \/>\n<meta name=\"twitter:label1\" content=\"Scritto da\" \/>\n\t<meta name=\"twitter:data1\" content=\"Annamaria Capozzi\" \/>\n\t<meta name=\"twitter:label2\" content=\"Tempo di lettura stimato\" \/>\n\t<meta name=\"twitter:data2\" content=\"2 minuti\" \/>","yoast_head_json":{"title":"Eva Herzigova, in partenza con i tre figli - Gossip.it | News sul Gossip e VIP","description":"Eva Herzigova \u00e8 'on the road' e in partenza insieme ai suoi stupendi tre figli, George, che a giugno prossimo compir\u00e0 8 anni, Philip, 4 anni fatti lo","robots":{"index":"index","follow":"follow","max-snippet":"max-snippet:-1","max-image-preview":"max-image-preview:large","max-video-preview":"max-video-preview:-1"},"canonical":"https:\/\/www.gossip.it\/news\/eva-herzigova-partenza-tre-figli\/","og_locale":"it_IT","og_type":"article","og_title":"Eva Herzigova, in partenza con i tre figli - Gossip.it | News sul Gossip e VIP","og_description":"Eva Herzigova \u00e8 'on the road' e in partenza insieme ai suoi stupendi tre figli, George, che a giugno prossimo compir\u00e0 8 anni, Philip, 4 anni fatti lo","og_url":"https:\/\/www.gossip.it\/news\/eva-herzigova-partenza-tre-figli\/","og_site_name":"Gossip.it | News sul Gossip e VIP","article_publisher":"https:\/\/www.facebook.com\/GossipIT","article_published_time":"2015-05-28T22:00:00+00:00","og_image":[{"url":"http:\/\/files.gossip.it\/immagini_news\/2015\/05\/1432908472_eva_herzigova_figli.jpg"}],"author":"La Redazione","twitter_card":"summary_large_image","twitter_image":"http:\/\/files.gossip.it\/immagini_news\/2015\/05\/1432908472_eva_herzigova_figli.jpg","twitter_creator":"@gossinews_it","twitter_site":"@gossinews_it","twitter_misc":{"Scritto da":"Annamaria Capozzi","Tempo di lettura stimato":"2 minuti"},"schema":{"@context":"https:\/\/schema.org","@graph":[{"@type":"Article","@id":"https:\/\/www.gossip.it\/news\/eva-herzigova-partenza-tre-figli\/#article","isPartOf":{"@id":"https:\/\/www.gossip.it\/news\/eva-herzigova-partenza-tre-figli\/"},"author":{"name":"La Redazione","@id":"https:\/\/www.gossip.it\/#\/schema\/person\/488896f75158bff1cc83c6c39d141110"},"headline":"Eva Herzigova, in partenza con i tre figli","datePublished":"2015-05-28T22:00:00+00:00","dateModified":"2015-05-28T22:00:00+00:00","mainEntityOfPage":{"@id":"https:\/\/www.gossip.it\/news\/eva-herzigova-partenza-tre-figli\/"},"wordCount":396,"publisher":{"@id":"https:\/\/www.gossip.it\/#organization"},"image":{"@id":"https:\/\/www.gossip.it\/news\/eva-herzigova-partenza-tre-figli\/#primaryimage"},"thumbnailUrl":"http:\/\/files.gossip.it\/immagini_news\/2015\/05\/1432908472_eva_herzigova_figli.jpg","keywords":["attrice","cinema","conduttrice","edward","figli","george","Gregorio Marsiaj","instagram","modella","philip","social","tv"],"articleSection":["News"],"inLanguage":"it-IT"},{"@type":"WebPage","@id":"https:\/\/www.gossip.it\/news\/eva-herzigova-partenza-tre-figli\/","url":"https:\/\/www.gossip.it\/news\/eva-herzigova-partenza-tre-figli\/","name":"Eva Herzigova, in partenza con i tre figli - Gossip.it | News sul Gossip e VIP","isPartOf":{"@id":"https:\/\/www.gossip.it\/#website"},"primaryImageOfPage":{"@id":"https:\/\/www.gossip.it\/news\/eva-herzigova-partenza-tre-figli\/#primaryimage"},"image":{"@id":"https:\/\/www.gossip.it\/news\/eva-herzigova-partenza-tre-figli\/#primaryimage"},"thumbnailUrl":"http:\/\/files.gossip.it\/immagini_news\/2015\/05\/1432908472_eva_herzigova_figli.jpg","datePublished":"2015-05-28T22:00:00+00:00","dateModified":"2015-05-28T22:00:00+00:00","description":"Eva Herzigova \u00e8 'on the road' e in partenza insieme ai suoi stupendi tre figli, George, che a giugno prossimo compir\u00e0 8 anni, Philip, 4 anni fatti lo","breadcrumb":{"@id":"https:\/\/www.gossip.it\/news\/eva-herzigova-partenza-tre-figli\/#breadcrumb"},"inLanguage":"it-IT","potentialAction":[{"@type":"ReadAction","target":["https:\/\/www.gossip.it\/news\/eva-herzigova-partenza-tre-figli\/"]}]},{"@type":"ImageObject","inLanguage":"it-IT","@id":"https:\/\/www.gossip.it\/news\/eva-herzigova-partenza-tre-figli\/#primaryimage","url":"http:\/\/files.gossip.it\/immagini_news\/2015\/05\/1432908472_eva_herzigova_figli.jpg","contentUrl":"http:\/\/files.gossip.it\/immagini_news\/2015\/05\/1432908472_eva_herzigova_figli.jpg"},{"@type":"BreadcrumbList","@id":"https:\/\/www.gossip.it\/news\/eva-herzigova-partenza-tre-figli\/#breadcrumb","itemListElement":[{"@type":"ListItem","position":1,"name":"Home","item":"https:\/\/www.gossip.it\/"},{"@type":"ListItem","position":2,"name":"Eva Herzigova, in partenza con i tre figli"}]},{"@type":"WebSite","@id":"https:\/\/www.gossip.it\/#website","url":"https:\/\/www.gossip.it\/","name":"Gossip and VIP News","description":"Quotidiano di cronaca rosa, costume e societ\u00e0","publisher":{"@id":"https:\/\/www.gossip.it\/#organization"},"alternateName":"Gossip and VIP News","potentialAction":[{"@type":"SearchAction","target":{"@type":"EntryPoint","urlTemplate":"https:\/\/www.gossip.it\/?s={search_term_string}"},"query-input":{"@type":"PropertyValueSpecification","valueRequired":true,"valueName":"search_term_string"}}],"inLanguage":"it-IT"},{"@type":"Organization","@id":"https:\/\/www.gossip.it\/#organization","name":"Gossip and VIP News","alternateName":"Gossip News","url":"https:\/\/www.gossip.it\/","logo":{"@type":"ImageObject","inLanguage":"it-IT","@id":"https:\/\/www.gossip.it\/#\/schema\/logo\/image\/","url":"https:\/\/www.gossip.it\/wp-content\/uploads\/2022\/04\/cropped-corna-alta-tiny.png","contentUrl":"https:\/\/www.gossip.it\/wp-content\/uploads\/2022\/04\/cropped-corna-alta-tiny.png","width":512,"height":512,"caption":"Gossip and VIP News"},"image":{"@id":"https:\/\/www.gossip.it\/#\/schema\/logo\/image\/"},"sameAs":["https:\/\/www.facebook.com\/GossipIT","https:\/\/x.com\/gossinews_it","https:\/\/instagram.com\/gossip_it"]},{"@type":"Person","@id":"https:\/\/www.gossip.it\/#\/schema\/person\/488896f75158bff1cc83c6c39d141110","name":"La Redazione","image":{"@type":"ImageObject","inLanguage":"it-IT","@id":"https:\/\/www.gossip.it\/#\/schema\/person\/image\/","url":"https:\/\/secure.gravatar.com\/avatar\/5a5f5c6fa3e6700e4249abdad0263a1e94e927d9e0499b1cb09c1cd29c044d80?s=96&d=mm&r=g","contentUrl":"https:\/\/secure.gravatar.com\/avatar\/5a5f5c6fa3e6700e4249abdad0263a1e94e927d9e0499b1cb09c1cd29c044d80?s=96&d=mm&r=g","caption":"La Redazione"},"sameAs":["https:\/\/www.gossip.it"]}]}},"amp_enabled":true,"_links":{"self":[{"href":"https:\/\/www.gossip.it\/api\/wp\/v2\/posts\/51744","targetHints":{"allow":["GET"]}}],"collection":[{"href":"https:\/\/www.gossip.it\/api\/wp\/v2\/posts"}],"about":[{"href":"https:\/\/www.gossip.it\/api\/wp\/v2\/types\/post"}],"author":[{"embeddable":true,"href":"https:\/\/www.gossip.it\/api\/wp\/v2\/users\/1"}],"replies":[{"embeddable":true,"href":"https:\/\/www.gossip.it\/api\/wp\/v2\/comments?post=51744"}],"version-history":[{"count":0,"href":"https:\/\/www.gossip.it\/api\/wp\/v2\/posts\/51744\/revisions"}],"wp:featuredmedia":[{"embeddable":true,"href":"https:\/\/www.gossip.it\/api\/wp\/v2\/media\/107790"}],"wp:attachment":[{"href":"https:\/\/www.gossip.it\/api\/wp\/v2\/media?parent=51744"}],"wp:term":[{"taxonomy":"category","embeddable":true,"href":"https:\/\/www.gossip.it\/api\/wp\/v2\/categories?post=51744"},{"taxonomy":"post_tag","embeddable":true,"href":"https:\/\/www.gossip.it\/api\/wp\/v2\/tags?post=51744"},{"taxonomy":"vip","embeddable":true,"href":"https:\/\/www.gossip.it\/api\/wp\/v2\/vip?post=51744"}],"curies":[{"name":"wp","href":"https:\/\/api.w.org\/{rel}","templated":true}]}}